{"id":31160,"date":"2019-05-08T15:34:15","date_gmt":"2019-05-08T18:34:15","guid":{"rendered":"http:\/\/www.noticiasradioreflejos.com.ar\/noticias\/?p=31160"},"modified":"2019-05-08T15:34:15","modified_gmt":"2019-05-08T18:34:15","slug":"tornquist-presente-en-el-rimer-congreso-provincial-de-profesionales-en-turismo","status":"publish","type":"post","link":"https:\/\/www.noticiasradioreflejos.com.ar\/2021\/tornquist-presente-en-el-rimer-congreso-provincial-de-profesionales-en-turismo\/","title":{"rendered":"Tornquist presente en el Primer Congreso Provincial de Profesionales en Turismo"},"content":{"rendered":"<p>Tornquist Municipio particip\u00f3 del Primer Congreso Provincial de Profesionales en Turismo, que se desarroll\u00f3 en Tandil.<!--more--><br \/>\nEl Director de Turismo, Mart\u00edn Olhaberry particip\u00f3 del evento que congreg\u00f3 a 200 profesionales y trabajadores del sector tur\u00edstico, y que tuvo como objetivo generar un espacio de encuentro, intercambio, debate y capacitaci\u00f3n, mejores est\u00e1ndares, articular esfuerzos y avanzar en la profesionalizaci\u00f3n de la actividad.<br \/>\nEl Congreso estuvo organizado en forma conjunta por el Colegio de Profesionales en Turismo de la Provincia de Buenos Aires y la Asociaci\u00f3n de Gu\u00edas de Turismo de Tandil y con el acompa\u00f1amiento del Municipio de Tandil y la Universidad Nacional del Centro de la Provincia de Buenos Aires,<br \/>\nDurante las jornadas se abordaron cuatro tem\u00e1ticas principales: Sustentabilidad y sostenibilidad ambiental del turismo y las acciones profesionales; Gesti\u00f3n de la calidad y accesibilidad en los servicios tur\u00edsticos; Comercializaci\u00f3n Digital y nuevas tendencias y Regulaci\u00f3n y control del ejercicio profesional.<br \/>\nLa apertura cont\u00f3 con la participaci\u00f3n del intendente Miguel Lunghi, la Subsecretaria de Turismo de la Provincia de Buenos Aires, Martina Pikielny, la Vicedecana de la Facultad de Ciencias Humanas UNICEN, Cecilia Di Marco, el Presidente de la C\u00e1mara de Turismo de la Provincia de Buenos Aires, Gustavo Hani, el Presidente del Colegio de Profesionales en Turismo de la Provincia de Buenos Aires, Esteban Zaballa, el Presidente de la Asociaci\u00f3n de Gu\u00edas de Tandil, Mauricio Ferrari, y el Director de Turismo de Tandil, Alejandro Bonadeo.<br \/>\nLos funcionarios destacaron la importancia del turismo como generador de fuentes de empleo y el impacto positivo que tiene en el \u00e1mbito econ\u00f3mico.<br \/>\nParticiparon concejales, integrantes de instituciones del sector, funcionarios comunales y provinciales, los responsables de Turismo de los Municipios de General Pueyrred\u00f3n, Partido de la Costa, Lincoln, Chascom\u00fas, Lujan y Olavarr\u00eda,  y representantes de diferentes universidades nacionales.<\/p>\n","protected":false},"excerpt":{"rendered":"<p>Tornquist Municipio particip\u00f3 del Primer Congreso Provincial de Profesionales en Turismo, que se desarroll\u00f3 en Tandil.<\/p>\n","protected":false},"author":3,"featured_media":0,"comment_status":"closed","ping_status":"open","sticky":false,"template":"","format":"standard","meta":{"footnotes":""},"categories":[33],"tags":[],"class_list":["post-31160","post","type-post","status-publish","format-standard","hentry","category-turismo"],"yoast_head":"<!-- This site is optimized with the Yoast SEO plugin v25.9 - https:\/\/yoast.com\/wordpress\/plugins\/seo\/ -->\n<title>Tornquist presente en el Primer Congreso Provincial de Profesionales en Turismo - Noticias Radio Reflejos<\/title>\n<meta name=\"robots\" content=\"index, follow, max-snippet:-1, max-image-preview:large, max-video-preview:-1\" \/>\n<link rel=\"canonical\" href=\"https:\/\/www.noticiasradioreflejos.com.ar\/2021\/tornquist-presente-en-el-rimer-congreso-provincial-de-profesionales-en-turismo\/\" \/>\n<meta property=\"og:locale\" content=\"es_ES\" \/>\n<meta property=\"og:type\" content=\"article\" \/>\n<meta property=\"og:title\" content=\"Tornquist presente en el Primer Congreso Provincial de Profesionales en Turismo - Noticias Radio Reflejos\" \/>\n<meta property=\"og:description\" content=\"Tornquist Municipio particip\u00f3 del Primer Congreso Provincial de Profesionales en Turismo, que se desarroll\u00f3 en Tandil.\" \/>\n<meta property=\"og:url\" content=\"https:\/\/www.noticiasradioreflejos.com.ar\/2021\/tornquist-presente-en-el-rimer-congreso-provincial-de-profesionales-en-turismo\/\" \/>\n<meta property=\"og:site_name\" content=\"Noticias Radio Reflejos\" \/>\n<meta property=\"article:published_time\" content=\"2019-05-08T18:34:15+00:00\" \/>\n<meta property=\"og:image\" content=\"https:\/\/www.noticiasradioreflejos.com.ar\/2021\/wp-content\/uploads\/2021\/07\/logosol300x200.png\" \/>\n\t<meta property=\"og:image:width\" content=\"300\" \/>\n\t<meta property=\"og:image:height\" content=\"200\" \/>\n\t<meta property=\"og:image:type\" content=\"image\/png\" \/>\n<meta name=\"author\" content=\"Arnaldo Botto\" \/>\n<meta name=\"twitter:card\" content=\"summary_large_image\" \/>\n<script type=\"application\/ld+json\" class=\"yoast-schema-graph\">{\"@context\":\"https:\/\/schema.org\",\"@graph\":[{\"@type\":\"WebPage\",\"@id\":\"https:\/\/www.noticiasradioreflejos.com.ar\/2021\/tornquist-presente-en-el-rimer-congreso-provincial-de-profesionales-en-turismo\/\",\"url\":\"https:\/\/www.noticiasradioreflejos.com.ar\/2021\/tornquist-presente-en-el-rimer-congreso-provincial-de-profesionales-en-turismo\/\",\"name\":\"Tornquist presente en el Primer Congreso Provincial de Profesionales en Turismo - Noticias Radio Reflejos\",\"isPartOf\":{\"@id\":\"https:\/\/www.noticiasradioreflejos.com.ar\/2021\/#website\"},\"datePublished\":\"2019-05-08T18:34:15+00:00\",\"author\":{\"@id\":\"https:\/\/www.noticiasradioreflejos.com.ar\/2021\/#\/schema\/person\/ad82545263dcc5ec0996818884fd5fb1\"},\"breadcrumb\":{\"@id\":\"https:\/\/www.noticiasradioreflejos.com.ar\/2021\/tornquist-presente-en-el-rimer-congreso-provincial-de-profesionales-en-turismo\/#breadcrumb\"},\"inLanguage\":\"es\",\"potentialAction\":[{\"@type\":\"ReadAction\",\"target\":[\"https:\/\/www.noticiasradioreflejos.com.ar\/2021\/tornquist-presente-en-el-rimer-congreso-provincial-de-profesionales-en-turismo\/\"]}]},{\"@type\":\"BreadcrumbList\",\"@id\":\"https:\/\/www.noticiasradioreflejos.com.ar\/2021\/tornquist-presente-en-el-rimer-congreso-provincial-de-profesionales-en-turismo\/#breadcrumb\",\"itemListElement\":[{\"@type\":\"ListItem\",\"position\":1,\"name\":\"Portada\",\"item\":\"https:\/\/www.noticiasradioreflejos.com.ar\/2021\/\"},{\"@type\":\"ListItem\",\"position\":2,\"name\":\"Tornquist presente en el Primer Congreso Provincial de Profesionales en Turismo\"}]},{\"@type\":\"WebSite\",\"@id\":\"https:\/\/www.noticiasradioreflejos.com.ar\/2021\/#website\",\"url\":\"https:\/\/www.noticiasradioreflejos.com.ar\/2021\/\",\"name\":\"Noticias Radio Reflejos\",\"description\":\"Las noticias de mi comarca\",\"potentialAction\":[{\"@type\":\"SearchAction\",\"target\":{\"@type\":\"EntryPoint\",\"urlTemplate\":\"https:\/\/www.noticiasradioreflejos.com.ar\/2021\/?s={search_term_string}\"},\"query-input\":{\"@type\":\"PropertyValueSpecification\",\"valueRequired\":true,\"valueName\":\"search_term_string\"}}],\"inLanguage\":\"es\"},{\"@type\":\"Person\",\"@id\":\"https:\/\/www.noticiasradioreflejos.com.ar\/2021\/#\/schema\/person\/ad82545263dcc5ec0996818884fd5fb1\",\"name\":\"Arnaldo Botto\",\"image\":{\"@type\":\"ImageObject\",\"inLanguage\":\"es\",\"@id\":\"https:\/\/www.noticiasradioreflejos.com.ar\/2021\/#\/schema\/person\/image\/\",\"url\":\"https:\/\/secure.gravatar.com\/avatar\/55cb5e37c1efa326397366e6974cb338056df65cb50e7d64d1cf314e87504837?s=96&d=mm&r=g\",\"contentUrl\":\"https:\/\/secure.gravatar.com\/avatar\/55cb5e37c1efa326397366e6974cb338056df65cb50e7d64d1cf314e87504837?s=96&d=mm&r=g\",\"caption\":\"Arnaldo Botto\"},\"url\":\"https:\/\/www.noticiasradioreflejos.com.ar\/2021\/author\/arnaldo\/\"}]}<\/script>\n<!-- \/ Yoast SEO plugin. -->","yoast_head_json":{"title":"Tornquist presente en el Primer Congreso Provincial de Profesionales en Turismo - Noticias Radio Reflejos","robots":{"index":"index","follow":"follow","max-snippet":"max-snippet:-1","max-image-preview":"max-image-preview:large","max-video-preview":"max-video-preview:-1"},"canonical":"https:\/\/www.noticiasradioreflejos.com.ar\/2021\/tornquist-presente-en-el-rimer-congreso-provincial-de-profesionales-en-turismo\/","og_locale":"es_ES","og_type":"article","og_title":"Tornquist presente en el Primer Congreso Provincial de Profesionales en Turismo - Noticias Radio Reflejos","og_description":"Tornquist Municipio particip\u00f3 del Primer Congreso Provincial de Profesionales en Turismo, que se desarroll\u00f3 en Tandil.","og_url":"https:\/\/www.noticiasradioreflejos.com.ar\/2021\/tornquist-presente-en-el-rimer-congreso-provincial-de-profesionales-en-turismo\/","og_site_name":"Noticias Radio Reflejos","article_published_time":"2019-05-08T18:34:15+00:00","og_image":[{"width":300,"height":200,"url":"https:\/\/www.noticiasradioreflejos.com.ar\/2021\/wp-content\/uploads\/2021\/07\/logosol300x200.png","type":"image\/png"}],"author":"Arnaldo Botto","twitter_card":"summary_large_image","schema":{"@context":"https:\/\/schema.org","@graph":[{"@type":"WebPage","@id":"https:\/\/www.noticiasradioreflejos.com.ar\/2021\/tornquist-presente-en-el-rimer-congreso-provincial-de-profesionales-en-turismo\/","url":"https:\/\/www.noticiasradioreflejos.com.ar\/2021\/tornquist-presente-en-el-rimer-congreso-provincial-de-profesionales-en-turismo\/","name":"Tornquist presente en el Primer Congreso Provincial de Profesionales en Turismo - Noticias Radio Reflejos","isPartOf":{"@id":"https:\/\/www.noticiasradioreflejos.com.ar\/2021\/#website"},"datePublished":"2019-05-08T18:34:15+00:00","author":{"@id":"https:\/\/www.noticiasradioreflejos.com.ar\/2021\/#\/schema\/person\/ad82545263dcc5ec0996818884fd5fb1"},"breadcrumb":{"@id":"https:\/\/www.noticiasradioreflejos.com.ar\/2021\/tornquist-presente-en-el-rimer-congreso-provincial-de-profesionales-en-turismo\/#breadcrumb"},"inLanguage":"es","potentialAction":[{"@type":"ReadAction","target":["https:\/\/www.noticiasradioreflejos.com.ar\/2021\/tornquist-presente-en-el-rimer-congreso-provincial-de-profesionales-en-turismo\/"]}]},{"@type":"BreadcrumbList","@id":"https:\/\/www.noticiasradioreflejos.com.ar\/2021\/tornquist-presente-en-el-rimer-congreso-provincial-de-profesionales-en-turismo\/#breadcrumb","itemListElement":[{"@type":"ListItem","position":1,"name":"Portada","item":"https:\/\/www.noticiasradioreflejos.com.ar\/2021\/"},{"@type":"ListItem","position":2,"name":"Tornquist presente en el Primer Congreso Provincial de Profesionales en Turismo"}]},{"@type":"WebSite","@id":"https:\/\/www.noticiasradioreflejos.com.ar\/2021\/#website","url":"https:\/\/www.noticiasradioreflejos.com.ar\/2021\/","name":"Noticias Radio Reflejos","description":"Las noticias de mi comarca","potentialAction":[{"@type":"SearchAction","target":{"@type":"EntryPoint","urlTemplate":"https:\/\/www.noticiasradioreflejos.com.ar\/2021\/?s={search_term_string}"},"query-input":{"@type":"PropertyValueSpecification","valueRequired":true,"valueName":"search_term_string"}}],"inLanguage":"es"},{"@type":"Person","@id":"https:\/\/www.noticiasradioreflejos.com.ar\/2021\/#\/schema\/person\/ad82545263dcc5ec0996818884fd5fb1","name":"Arnaldo Botto","image":{"@type":"ImageObject","inLanguage":"es","@id":"https:\/\/www.noticiasradioreflejos.com.ar\/2021\/#\/schema\/person\/image\/","url":"https:\/\/secure.gravatar.com\/avatar\/55cb5e37c1efa326397366e6974cb338056df65cb50e7d64d1cf314e87504837?s=96&d=mm&r=g","contentUrl":"https:\/\/secure.gravatar.com\/avatar\/55cb5e37c1efa326397366e6974cb338056df65cb50e7d64d1cf314e87504837?s=96&d=mm&r=g","caption":"Arnaldo Botto"},"url":"https:\/\/www.noticiasradioreflejos.com.ar\/2021\/author\/arnaldo\/"}]}},"_links":{"self":[{"href":"https:\/\/www.noticiasradioreflejos.com.ar\/2021\/wp-json\/wp\/v2\/posts\/31160","targetHints":{"allow":["GET"]}}],"collection":[{"href":"https:\/\/www.noticiasradioreflejos.com.ar\/2021\/wp-json\/wp\/v2\/posts"}],"about":[{"href":"https:\/\/www.noticiasradioreflejos.com.ar\/2021\/wp-json\/wp\/v2\/types\/post"}],"author":[{"embeddable":true,"href":"https:\/\/www.noticiasradioreflejos.com.ar\/2021\/wp-json\/wp\/v2\/users\/3"}],"replies":[{"embeddable":true,"href":"https:\/\/www.noticiasradioreflejos.com.ar\/2021\/wp-json\/wp\/v2\/comments?post=31160"}],"version-history":[{"count":0,"href":"https:\/\/www.noticiasradioreflejos.com.ar\/2021\/wp-json\/wp\/v2\/posts\/31160\/revisions"}],"wp:attachment":[{"href":"https:\/\/www.noticiasradioreflejos.com.ar\/2021\/wp-json\/wp\/v2\/media?parent=31160"}],"wp:term":[{"taxonomy":"category","embeddable":true,"href":"https:\/\/www.noticiasradioreflejos.com.ar\/2021\/wp-json\/wp\/v2\/categories?post=31160"},{"taxonomy":"post_tag","embeddable":true,"href":"https:\/\/www.noticiasradioreflejos.com.ar\/2021\/wp-json\/wp\/v2\/tags?post=31160"}],"curies":[{"name":"wp","href":"https:\/\/api.w.org\/{rel}","templated":true}]}}