{"id":30856,"date":"2019-04-25T19:44:11","date_gmt":"2019-04-25T22:44:11","guid":{"rendered":"http:\/\/www.noticiasradioreflejos.com.ar\/noticias\/?p=30856"},"modified":"2019-04-25T19:44:11","modified_gmt":"2019-04-25T22:44:11","slug":"afip-amplio-hasta-el-30-de-abril-el-plazo-para-informar-las-deducciones-del-impuesto-a-las-ganancias-correspondientes-al-periodo-2018","status":"publish","type":"post","link":"https:\/\/www.noticiasradioreflejos.com.ar\/2021\/afip-amplio-hasta-el-30-de-abril-el-plazo-para-informar-las-deducciones-del-impuesto-a-las-ganancias-correspondientes-al-periodo-2018\/","title":{"rendered":"AFIP ampli\u00f3 hasta el 30 de abril el plazo para informar las deducciones del impuesto a las Ganancias correspondientes al per\u00edodo 2018"},"content":{"rendered":"<p>La Administraci\u00f3n Federal de Ingresos P\u00fablicos (AFIP) ampli\u00f3 hasta el 30 de abril el plazo para informar las deducciones del impuesto a las Ganancias correspondientes al per\u00edodo 2018.<br \/>\nEn caso de que los empleados informan nuevas deducciones, los empleadores deber\u00e1n presentar nuevamente la declaraci\u00f3n jurada (F 1357) hasta el 17 de mayo inclusive.<!--more--><br \/>\nLas deducciones deber\u00e1n realizarla quienes reciban ingresos por el ejercicio de cargos p\u00fablicos nacionales, provinciales, municipales y de la Ciudad de Buenos Aires, empleados en relaci\u00f3n de dependencia, jubilados y pensionados que posean subsidios, retiros de cualquier especie o rentas de seguros privados y socios de cooperativas de trabajo, entre otros.<br \/>\nLos importes a deducir deber\u00e1n ser informados a trav\u00e9s de la p\u00e1gina web del organismo, utilizando el servicio Siradig \u2013Trabajador.<br \/>\n\u00bfQu\u00e9 se puede deducir de Ganancias?<br \/>\nSe podr\u00e1n informar las deducciones vinculadas a cargas de familia, con montos establecidos en $ 62.385 para c\u00f3nyuge o $31.461 para hijo\/a o hijastro\/a menor de 18 a\u00f1os o incapacitado\/a para el trabajo.<br \/>\nOtros de los \u00edtems sujetos a ser deducidos son los gastos m\u00e9dicos asistenciales, vinculados a los importes abonados en concepto de cuota o abono extra de la medicina prepaga. El importe a deducir no podr\u00e1 superar el 5% de la ganancia neta del ejercicio acumulado.<br \/>\nDe los pr\u00e9stamos hipotecarios se podr\u00e1n descontar los intereses hasta $ 20.000 anuales, mientras que por gastos de sepelio el tope es de $996,23, \u00fanicamente cuando ocurran en el pa\u00eds y sean por el fallecimiento del empleado o de alguna de las personas informadas como carga de familia.<br \/>\nPor otra parte, se podr\u00e1 deducir hasta el 40% del alquiler de vivienda, siempre que este monto no supere el m\u00ednimo no imponible de $ 66.917 y que el contribuyente no posea otra propiedad a su nombre, ya sea en forma parcial o total.<br \/>\nAdem\u00e1s, quienes cuenten con personal de casas particulares a su cargo, pueden deducir la remuneraci\u00f3n y las contribuciones patronales abonadas e incluidas en la cotizaci\u00f3n fija mensual, en tanto el monto anual deducible no supere la ganancia no imponible anual mencionada previamente.<br \/>\nDonaciones<br \/>\nTambi\u00e9n se podr\u00e1n deducir las donaciones realizadas al fisco nacional, provincias y municipios, instituciones religiosas, asociaciones, fundaciones y entidades civiles reconocidas por la AFIP como exentas del impuesto.<br \/>\nEsta deducci\u00f3n se podr\u00e1 realizar hasta el l\u00edmite del 5% de la ganancia neta del ejercicio acumulada.<br \/>\nLos contribuyentes podr\u00e1n ver m\u00e1s informaci\u00f3n ingresando a: http:\/\/www.afip.gob.ar\/572web\/carga-datos\/deducciones.asp<\/p>\n","protected":false},"excerpt":{"rendered":"<p>La Administraci\u00f3n Federal de Ingresos P\u00fablicos (AFIP) ampli\u00f3 hasta el 30 de abril el plazo para informar las deducciones del impuesto a las Ganancias correspondientes al per\u00edodo 2018. En caso de que los empleados informan nuevas deducciones, los empleadores deber\u00e1n presentar nuevamente la declaraci\u00f3n jurada (F 1357) hasta el 17 de mayo inclusive.<\/p>\n","protected":false},"author":3,"featured_media":0,"comment_status":"closed","ping_status":"open","sticky":false,"template":"","format":"standard","meta":{"footnotes":""},"categories":[36],"tags":[],"class_list":["post-30856","post","type-post","status-publish","format-standard","hentry","category-economia"],"yoast_head":"<!-- This site is optimized with the Yoast SEO plugin v25.9 - https:\/\/yoast.com\/wordpress\/plugins\/seo\/ -->\n<title>AFIP ampli\u00f3 hasta el 30 de abril el plazo para informar las deducciones del impuesto a las Ganancias correspondientes al per\u00edodo 2018 - Noticias Radio Reflejos<\/title>\n<meta name=\"robots\" content=\"index, follow, max-snippet:-1, max-image-preview:large, max-video-preview:-1\" \/>\n<link rel=\"canonical\" href=\"https:\/\/www.noticiasradioreflejos.com.ar\/2021\/afip-amplio-hasta-el-30-de-abril-el-plazo-para-informar-las-deducciones-del-impuesto-a-las-ganancias-correspondientes-al-periodo-2018\/\" \/>\n<meta property=\"og:locale\" content=\"es_ES\" \/>\n<meta property=\"og:type\" content=\"article\" \/>\n<meta property=\"og:title\" content=\"AFIP ampli\u00f3 hasta el 30 de abril el plazo para informar las deducciones del impuesto a las Ganancias correspondientes al per\u00edodo 2018 - Noticias Radio Reflejos\" \/>\n<meta property=\"og:description\" content=\"La Administraci\u00f3n Federal de Ingresos P\u00fablicos (AFIP) ampli\u00f3 hasta el 30 de abril el plazo para informar las deducciones del impuesto a las Ganancias correspondientes al per\u00edodo 2018. En caso de que los empleados informan nuevas deducciones, los empleadores deber\u00e1n presentar nuevamente la declaraci\u00f3n jurada (F 1357) hasta el 17 de mayo inclusive.\" \/>\n<meta property=\"og:url\" content=\"https:\/\/www.noticiasradioreflejos.com.ar\/2021\/afip-amplio-hasta-el-30-de-abril-el-plazo-para-informar-las-deducciones-del-impuesto-a-las-ganancias-correspondientes-al-periodo-2018\/\" \/>\n<meta property=\"og:site_name\" content=\"Noticias Radio Reflejos\" \/>\n<meta property=\"article:published_time\" content=\"2019-04-25T22:44:11+00:00\" \/>\n<meta property=\"og:image\" content=\"https:\/\/www.noticiasradioreflejos.com.ar\/2021\/wp-content\/uploads\/2021\/07\/logosol300x200.png\" \/>\n\t<meta property=\"og:image:width\" content=\"300\" \/>\n\t<meta property=\"og:image:height\" content=\"200\" \/>\n\t<meta property=\"og:image:type\" content=\"image\/png\" \/>\n<meta name=\"author\" content=\"Arnaldo Botto\" \/>\n<meta name=\"twitter:card\" content=\"summary_large_image\" \/>\n<script type=\"application\/ld+json\" class=\"yoast-schema-graph\">{\"@context\":\"https:\/\/schema.org\",\"@graph\":[{\"@type\":\"WebPage\",\"@id\":\"https:\/\/www.noticiasradioreflejos.com.ar\/2021\/afip-amplio-hasta-el-30-de-abril-el-plazo-para-informar-las-deducciones-del-impuesto-a-las-ganancias-correspondientes-al-periodo-2018\/\",\"url\":\"https:\/\/www.noticiasradioreflejos.com.ar\/2021\/afip-amplio-hasta-el-30-de-abril-el-plazo-para-informar-las-deducciones-del-impuesto-a-las-ganancias-correspondientes-al-periodo-2018\/\",\"name\":\"AFIP ampli\u00f3 hasta el 30 de abril el plazo para informar las deducciones del impuesto a las Ganancias correspondientes al per\u00edodo 2018 - Noticias Radio Reflejos\",\"isPartOf\":{\"@id\":\"https:\/\/www.noticiasradioreflejos.com.ar\/2021\/#website\"},\"datePublished\":\"2019-04-25T22:44:11+00:00\",\"author\":{\"@id\":\"https:\/\/www.noticiasradioreflejos.com.ar\/2021\/#\/schema\/person\/ad82545263dcc5ec0996818884fd5fb1\"},\"breadcrumb\":{\"@id\":\"https:\/\/www.noticiasradioreflejos.com.ar\/2021\/afip-amplio-hasta-el-30-de-abril-el-plazo-para-informar-las-deducciones-del-impuesto-a-las-ganancias-correspondientes-al-periodo-2018\/#breadcrumb\"},\"inLanguage\":\"es\",\"potentialAction\":[{\"@type\":\"ReadAction\",\"target\":[\"https:\/\/www.noticiasradioreflejos.com.ar\/2021\/afip-amplio-hasta-el-30-de-abril-el-plazo-para-informar-las-deducciones-del-impuesto-a-las-ganancias-correspondientes-al-periodo-2018\/\"]}]},{\"@type\":\"BreadcrumbList\",\"@id\":\"https:\/\/www.noticiasradioreflejos.com.ar\/2021\/afip-amplio-hasta-el-30-de-abril-el-plazo-para-informar-las-deducciones-del-impuesto-a-las-ganancias-correspondientes-al-periodo-2018\/#breadcrumb\",\"itemListElement\":[{\"@type\":\"ListItem\",\"position\":1,\"name\":\"Portada\",\"item\":\"https:\/\/www.noticiasradioreflejos.com.ar\/2021\/\"},{\"@type\":\"ListItem\",\"position\":2,\"name\":\"AFIP ampli\u00f3 hasta el 30 de abril el plazo para informar las deducciones del impuesto a las Ganancias correspondientes al per\u00edodo 2018\"}]},{\"@type\":\"WebSite\",\"@id\":\"https:\/\/www.noticiasradioreflejos.com.ar\/2021\/#website\",\"url\":\"https:\/\/www.noticiasradioreflejos.com.ar\/2021\/\",\"name\":\"Noticias Radio Reflejos\",\"description\":\"Las noticias de mi comarca\",\"potentialAction\":[{\"@type\":\"SearchAction\",\"target\":{\"@type\":\"EntryPoint\",\"urlTemplate\":\"https:\/\/www.noticiasradioreflejos.com.ar\/2021\/?s={search_term_string}\"},\"query-input\":{\"@type\":\"PropertyValueSpecification\",\"valueRequired\":true,\"valueName\":\"search_term_string\"}}],\"inLanguage\":\"es\"},{\"@type\":\"Person\",\"@id\":\"https:\/\/www.noticiasradioreflejos.com.ar\/2021\/#\/schema\/person\/ad82545263dcc5ec0996818884fd5fb1\",\"name\":\"Arnaldo Botto\",\"image\":{\"@type\":\"ImageObject\",\"inLanguage\":\"es\",\"@id\":\"https:\/\/www.noticiasradioreflejos.com.ar\/2021\/#\/schema\/person\/image\/\",\"url\":\"https:\/\/secure.gravatar.com\/avatar\/55cb5e37c1efa326397366e6974cb338056df65cb50e7d64d1cf314e87504837?s=96&d=mm&r=g\",\"contentUrl\":\"https:\/\/secure.gravatar.com\/avatar\/55cb5e37c1efa326397366e6974cb338056df65cb50e7d64d1cf314e87504837?s=96&d=mm&r=g\",\"caption\":\"Arnaldo Botto\"},\"url\":\"https:\/\/www.noticiasradioreflejos.com.ar\/2021\/author\/arnaldo\/\"}]}<\/script>\n<!-- \/ Yoast SEO plugin. -->","yoast_head_json":{"title":"AFIP ampli\u00f3 hasta el 30 de abril el plazo para informar las deducciones del impuesto a las Ganancias correspondientes al per\u00edodo 2018 - Noticias Radio Reflejos","robots":{"index":"index","follow":"follow","max-snippet":"max-snippet:-1","max-image-preview":"max-image-preview:large","max-video-preview":"max-video-preview:-1"},"canonical":"https:\/\/www.noticiasradioreflejos.com.ar\/2021\/afip-amplio-hasta-el-30-de-abril-el-plazo-para-informar-las-deducciones-del-impuesto-a-las-ganancias-correspondientes-al-periodo-2018\/","og_locale":"es_ES","og_type":"article","og_title":"AFIP ampli\u00f3 hasta el 30 de abril el plazo para informar las deducciones del impuesto a las Ganancias correspondientes al per\u00edodo 2018 - Noticias Radio Reflejos","og_description":"La Administraci\u00f3n Federal de Ingresos P\u00fablicos (AFIP) ampli\u00f3 hasta el 30 de abril el plazo para informar las deducciones del impuesto a las Ganancias correspondientes al per\u00edodo 2018. En caso de que los empleados informan nuevas deducciones, los empleadores deber\u00e1n presentar nuevamente la declaraci\u00f3n jurada (F 1357) hasta el 17 de mayo inclusive.","og_url":"https:\/\/www.noticiasradioreflejos.com.ar\/2021\/afip-amplio-hasta-el-30-de-abril-el-plazo-para-informar-las-deducciones-del-impuesto-a-las-ganancias-correspondientes-al-periodo-2018\/","og_site_name":"Noticias Radio Reflejos","article_published_time":"2019-04-25T22:44:11+00:00","og_image":[{"width":300,"height":200,"url":"https:\/\/www.noticiasradioreflejos.com.ar\/2021\/wp-content\/uploads\/2021\/07\/logosol300x200.png","type":"image\/png"}],"author":"Arnaldo Botto","twitter_card":"summary_large_image","schema":{"@context":"https:\/\/schema.org","@graph":[{"@type":"WebPage","@id":"https:\/\/www.noticiasradioreflejos.com.ar\/2021\/afip-amplio-hasta-el-30-de-abril-el-plazo-para-informar-las-deducciones-del-impuesto-a-las-ganancias-correspondientes-al-periodo-2018\/","url":"https:\/\/www.noticiasradioreflejos.com.ar\/2021\/afip-amplio-hasta-el-30-de-abril-el-plazo-para-informar-las-deducciones-del-impuesto-a-las-ganancias-correspondientes-al-periodo-2018\/","name":"AFIP ampli\u00f3 hasta el 30 de abril el plazo para informar las deducciones del impuesto a las Ganancias correspondientes al per\u00edodo 2018 - Noticias Radio Reflejos","isPartOf":{"@id":"https:\/\/www.noticiasradioreflejos.com.ar\/2021\/#website"},"datePublished":"2019-04-25T22:44:11+00:00","author":{"@id":"https:\/\/www.noticiasradioreflejos.com.ar\/2021\/#\/schema\/person\/ad82545263dcc5ec0996818884fd5fb1"},"breadcrumb":{"@id":"https:\/\/www.noticiasradioreflejos.com.ar\/2021\/afip-amplio-hasta-el-30-de-abril-el-plazo-para-informar-las-deducciones-del-impuesto-a-las-ganancias-correspondientes-al-periodo-2018\/#breadcrumb"},"inLanguage":"es","potentialAction":[{"@type":"ReadAction","target":["https:\/\/www.noticiasradioreflejos.com.ar\/2021\/afip-amplio-hasta-el-30-de-abril-el-plazo-para-informar-las-deducciones-del-impuesto-a-las-ganancias-correspondientes-al-periodo-2018\/"]}]},{"@type":"BreadcrumbList","@id":"https:\/\/www.noticiasradioreflejos.com.ar\/2021\/afip-amplio-hasta-el-30-de-abril-el-plazo-para-informar-las-deducciones-del-impuesto-a-las-ganancias-correspondientes-al-periodo-2018\/#breadcrumb","itemListElement":[{"@type":"ListItem","position":1,"name":"Portada","item":"https:\/\/www.noticiasradioreflejos.com.ar\/2021\/"},{"@type":"ListItem","position":2,"name":"AFIP ampli\u00f3 hasta el 30 de abril el plazo para informar las deducciones del impuesto a las Ganancias correspondientes al per\u00edodo 2018"}]},{"@type":"WebSite","@id":"https:\/\/www.noticiasradioreflejos.com.ar\/2021\/#website","url":"https:\/\/www.noticiasradioreflejos.com.ar\/2021\/","name":"Noticias Radio Reflejos","description":"Las noticias de mi comarca","potentialAction":[{"@type":"SearchAction","target":{"@type":"EntryPoint","urlTemplate":"https:\/\/www.noticiasradioreflejos.com.ar\/2021\/?s={search_term_string}"},"query-input":{"@type":"PropertyValueSpecification","valueRequired":true,"valueName":"search_term_string"}}],"inLanguage":"es"},{"@type":"Person","@id":"https:\/\/www.noticiasradioreflejos.com.ar\/2021\/#\/schema\/person\/ad82545263dcc5ec0996818884fd5fb1","name":"Arnaldo Botto","image":{"@type":"ImageObject","inLanguage":"es","@id":"https:\/\/www.noticiasradioreflejos.com.ar\/2021\/#\/schema\/person\/image\/","url":"https:\/\/secure.gravatar.com\/avatar\/55cb5e37c1efa326397366e6974cb338056df65cb50e7d64d1cf314e87504837?s=96&d=mm&r=g","contentUrl":"https:\/\/secure.gravatar.com\/avatar\/55cb5e37c1efa326397366e6974cb338056df65cb50e7d64d1cf314e87504837?s=96&d=mm&r=g","caption":"Arnaldo Botto"},"url":"https:\/\/www.noticiasradioreflejos.com.ar\/2021\/author\/arnaldo\/"}]}},"_links":{"self":[{"href":"https:\/\/www.noticiasradioreflejos.com.ar\/2021\/wp-json\/wp\/v2\/posts\/30856","targetHints":{"allow":["GET"]}}],"collection":[{"href":"https:\/\/www.noticiasradioreflejos.com.ar\/2021\/wp-json\/wp\/v2\/posts"}],"about":[{"href":"https:\/\/www.noticiasradioreflejos.com.ar\/2021\/wp-json\/wp\/v2\/types\/post"}],"author":[{"embeddable":true,"href":"https:\/\/www.noticiasradioreflejos.com.ar\/2021\/wp-json\/wp\/v2\/users\/3"}],"replies":[{"embeddable":true,"href":"https:\/\/www.noticiasradioreflejos.com.ar\/2021\/wp-json\/wp\/v2\/comments?post=30856"}],"version-history":[{"count":0,"href":"https:\/\/www.noticiasradioreflejos.com.ar\/2021\/wp-json\/wp\/v2\/posts\/30856\/revisions"}],"wp:attachment":[{"href":"https:\/\/www.noticiasradioreflejos.com.ar\/2021\/wp-json\/wp\/v2\/media?parent=30856"}],"wp:term":[{"taxonomy":"category","embeddable":true,"href":"https:\/\/www.noticiasradioreflejos.com.ar\/2021\/wp-json\/wp\/v2\/categories?post=30856"},{"taxonomy":"post_tag","embeddable":true,"href":"https:\/\/www.noticiasradioreflejos.com.ar\/2021\/wp-json\/wp\/v2\/tags?post=30856"}],"curies":[{"name":"wp","href":"https:\/\/api.w.org\/{rel}","templated":true}]}}