{"id":30828,"date":"2019-04-25T07:50:05","date_gmt":"2019-04-25T10:50:05","guid":{"rendered":"http:\/\/www.noticiasradioreflejos.com.ar\/noticias\/?p=30828"},"modified":"2019-04-25T07:50:05","modified_gmt":"2019-04-25T10:50:05","slug":"el-regreso-del-rugby-ya-es-una-realidad-en-automoto","status":"publish","type":"post","link":"https:\/\/www.noticiasradioreflejos.com.ar\/2021\/el-regreso-del-rugby-ya-es-una-realidad-en-automoto\/","title":{"rendered":"El regreso del rugby ya es una realidad en Automoto"},"content":{"rendered":"<p>Una de las decisiones m\u00e1s importantes adoptada por la dirigencia del Automoto Club Deportivo en el presente a\u00f1o fue el regreso del rugby a la instituci\u00f3n. A partir de la inquietud de un grupo de jugadores, impulsados por el entrenador Hugo Dorregaray, Los Jabal\u00edes no s\u00f3lo volvieron a cobrar vida, sino que lo hicieron con los colores azulgranas.<!--more--><br \/>\nUn muy buen n\u00famero de interesados se present\u00f3 el pasado s\u00e1bado en una de las canchas auxiliares de la entidad, donde se desarroll\u00f3 la primera pr\u00e1ctica formal de la actividad, que busca recuperar el terreno perdido y convertirse en una opci\u00f3n factible.<br \/>\n   \u201cLa respuesta fue impresionante. No esper\u00e1bamos tanto. Iniciamos con 22-25 jugadores, que es muy buen n\u00famero, y ya tenemos consultas y pedidos como para llegar a cerca de 40. Tener un grupo grande facilita las cosas. La idea es empezar de cero porque la mayor\u00eda de los chicos son nuevos\u201d, coment\u00f3 Dorregaray.<br \/>\n   \u201cPor el transcurso de este a\u00f1o, la idea es hacer seven, para que los chicos tengan un contacto menor. Nos vamos preparar en ese aspecto y una vez que estemos afianzados pegar el salto a la modalidad de 15 jugadores\u201d, agreg\u00f3.<br \/>\n   Aquellos interesados en practicar este deporte pueden anotarse en la secretar\u00eda que funciona en el fog\u00f3n de la instituci\u00f3n, de lunes a viernes de 17 a 21, o bien comunic\u00e1ndose con el tel\u00e9fono 291-5739193. Las inscripciones se encuentran abiertas para chicos a partir de los 10 a\u00f1os.<br \/>\n   \u201cEstamos felices de que el rugby vuelva a Tornquist y que Automoto sea la casa donde se practica la disciplina\u201d, confi\u00f3 el presidente Gabriel Artola.<br \/>\n   \u201cEs bueno que el club sirva como herramienta para brindar este deporte, que tiene algunos condimentos especiales en cuanto al desarrollo tanto adentro como afuera de la cancha\u201d, se\u00f1al\u00f3.<br \/>\n   Sin dudas que se trata de una m\u00e1s que interesante apuesta del club, que busca expandir sus lazos, continuar con su intensa labor social y brindar un espacio para todos aquellos interesados en practicar los diferentes deportes.<br \/>\n   Esta es tu oportunidad. No te la pierdas. Sumate.<br \/>\n<a href=\"http:\/\/live.staticflickr.com\/65535\/47642083112_99d907b1c1_s.jpg\" title=\"014\" rel=\"\"><img loading=\"lazy\" decoding=\"async\" src=\"http:\/\/live.staticflickr.com\/65535\/47642083112_99d907b1c1_z.jpg\" width=\"640\" height=\"480\" alt=\"014\" title=\"014\" class=\"aligncenter\"><\/a><br \/>\nDepartamento de Prensa \u2013 Automoto Club Deportivo<br \/>\nwww.clubautomotopasion.com.ar<br \/>\nFacebook: \/automototornquist<br \/>\nTwitter: @ClubAutomoto<br \/>\nYouTube: acdtvideos<\/p>\n","protected":false},"excerpt":{"rendered":"<p>Una de las decisiones m\u00e1s importantes adoptada por la dirigencia del Automoto Club Deportivo en el presente a\u00f1o fue el regreso del rugby a la instituci\u00f3n. A partir de la inquietud de un grupo de jugadores, impulsados por el entrenador Hugo Dorregaray, Los Jabal\u00edes no s\u00f3lo volvieron a cobrar vida, sino que lo hicieron con [&hellip;]<\/p>\n","protected":false},"author":3,"featured_media":0,"comment_status":"closed","ping_status":"open","sticky":false,"template":"","format":"standard","meta":{"footnotes":""},"categories":[27],"tags":[],"class_list":["post-30828","post","type-post","status-publish","format-standard","hentry","category-deportes"],"yoast_head":"<!-- This site is optimized with the Yoast SEO plugin v25.9 - https:\/\/yoast.com\/wordpress\/plugins\/seo\/ -->\n<title>El regreso del rugby ya es una realidad en Automoto - Noticias Radio Reflejos<\/title>\n<meta name=\"robots\" content=\"index, follow, max-snippet:-1, max-image-preview:large, max-video-preview:-1\" \/>\n<link rel=\"canonical\" href=\"https:\/\/www.noticiasradioreflejos.com.ar\/2021\/el-regreso-del-rugby-ya-es-una-realidad-en-automoto\/\" \/>\n<meta property=\"og:locale\" content=\"es_ES\" \/>\n<meta property=\"og:type\" content=\"article\" \/>\n<meta property=\"og:title\" content=\"El regreso del rugby ya es una realidad en Automoto - Noticias Radio Reflejos\" \/>\n<meta property=\"og:description\" content=\"Una de las decisiones m\u00e1s importantes adoptada por la dirigencia del Automoto Club Deportivo en el presente a\u00f1o fue el regreso del rugby a la instituci\u00f3n. A partir de la inquietud de un grupo de jugadores, impulsados por el entrenador Hugo Dorregaray, Los Jabal\u00edes no s\u00f3lo volvieron a cobrar vida, sino que lo hicieron con [&hellip;]\" \/>\n<meta property=\"og:url\" content=\"https:\/\/www.noticiasradioreflejos.com.ar\/2021\/el-regreso-del-rugby-ya-es-una-realidad-en-automoto\/\" \/>\n<meta property=\"og:site_name\" content=\"Noticias Radio Reflejos\" \/>\n<meta property=\"article:published_time\" content=\"2019-04-25T10:50:05+00:00\" \/>\n<meta property=\"og:image\" content=\"http:\/\/live.staticflickr.com\/65535\/47642083112_99d907b1c1_z.jpg\" \/>\n<meta name=\"author\" content=\"Arnaldo Botto\" \/>\n<meta name=\"twitter:card\" content=\"summary_large_image\" \/>\n<script type=\"application\/ld+json\" class=\"yoast-schema-graph\">{\"@context\":\"https:\/\/schema.org\",\"@graph\":[{\"@type\":\"WebPage\",\"@id\":\"https:\/\/www.noticiasradioreflejos.com.ar\/2021\/el-regreso-del-rugby-ya-es-una-realidad-en-automoto\/\",\"url\":\"https:\/\/www.noticiasradioreflejos.com.ar\/2021\/el-regreso-del-rugby-ya-es-una-realidad-en-automoto\/\",\"name\":\"El regreso del rugby ya es una realidad en Automoto - Noticias Radio Reflejos\",\"isPartOf\":{\"@id\":\"https:\/\/www.noticiasradioreflejos.com.ar\/2021\/#website\"},\"primaryImageOfPage\":{\"@id\":\"https:\/\/www.noticiasradioreflejos.com.ar\/2021\/el-regreso-del-rugby-ya-es-una-realidad-en-automoto\/#primaryimage\"},\"image\":{\"@id\":\"https:\/\/www.noticiasradioreflejos.com.ar\/2021\/el-regreso-del-rugby-ya-es-una-realidad-en-automoto\/#primaryimage\"},\"thumbnailUrl\":\"http:\/\/live.staticflickr.com\/65535\/47642083112_99d907b1c1_z.jpg\",\"datePublished\":\"2019-04-25T10:50:05+00:00\",\"author\":{\"@id\":\"https:\/\/www.noticiasradioreflejos.com.ar\/2021\/#\/schema\/person\/ad82545263dcc5ec0996818884fd5fb1\"},\"breadcrumb\":{\"@id\":\"https:\/\/www.noticiasradioreflejos.com.ar\/2021\/el-regreso-del-rugby-ya-es-una-realidad-en-automoto\/#breadcrumb\"},\"inLanguage\":\"es\",\"potentialAction\":[{\"@type\":\"ReadAction\",\"target\":[\"https:\/\/www.noticiasradioreflejos.com.ar\/2021\/el-regreso-del-rugby-ya-es-una-realidad-en-automoto\/\"]}]},{\"@type\":\"ImageObject\",\"inLanguage\":\"es\",\"@id\":\"https:\/\/www.noticiasradioreflejos.com.ar\/2021\/el-regreso-del-rugby-ya-es-una-realidad-en-automoto\/#primaryimage\",\"url\":\"http:\/\/live.staticflickr.com\/65535\/47642083112_99d907b1c1_z.jpg\",\"contentUrl\":\"http:\/\/live.staticflickr.com\/65535\/47642083112_99d907b1c1_z.jpg\"},{\"@type\":\"BreadcrumbList\",\"@id\":\"https:\/\/www.noticiasradioreflejos.com.ar\/2021\/el-regreso-del-rugby-ya-es-una-realidad-en-automoto\/#breadcrumb\",\"itemListElement\":[{\"@type\":\"ListItem\",\"position\":1,\"name\":\"Portada\",\"item\":\"https:\/\/www.noticiasradioreflejos.com.ar\/2021\/\"},{\"@type\":\"ListItem\",\"position\":2,\"name\":\"El regreso del rugby ya es una realidad en Automoto\"}]},{\"@type\":\"WebSite\",\"@id\":\"https:\/\/www.noticiasradioreflejos.com.ar\/2021\/#website\",\"url\":\"https:\/\/www.noticiasradioreflejos.com.ar\/2021\/\",\"name\":\"Noticias Radio Reflejos\",\"description\":\"Las noticias de mi comarca\",\"potentialAction\":[{\"@type\":\"SearchAction\",\"target\":{\"@type\":\"EntryPoint\",\"urlTemplate\":\"https:\/\/www.noticiasradioreflejos.com.ar\/2021\/?s={search_term_string}\"},\"query-input\":{\"@type\":\"PropertyValueSpecification\",\"valueRequired\":true,\"valueName\":\"search_term_string\"}}],\"inLanguage\":\"es\"},{\"@type\":\"Person\",\"@id\":\"https:\/\/www.noticiasradioreflejos.com.ar\/2021\/#\/schema\/person\/ad82545263dcc5ec0996818884fd5fb1\",\"name\":\"Arnaldo Botto\",\"image\":{\"@type\":\"ImageObject\",\"inLanguage\":\"es\",\"@id\":\"https:\/\/www.noticiasradioreflejos.com.ar\/2021\/#\/schema\/person\/image\/\",\"url\":\"https:\/\/secure.gravatar.com\/avatar\/55cb5e37c1efa326397366e6974cb338056df65cb50e7d64d1cf314e87504837?s=96&d=mm&r=g\",\"contentUrl\":\"https:\/\/secure.gravatar.com\/avatar\/55cb5e37c1efa326397366e6974cb338056df65cb50e7d64d1cf314e87504837?s=96&d=mm&r=g\",\"caption\":\"Arnaldo Botto\"},\"url\":\"https:\/\/www.noticiasradioreflejos.com.ar\/2021\/author\/arnaldo\/\"}]}<\/script>\n<!-- \/ Yoast SEO plugin. -->","yoast_head_json":{"title":"El regreso del rugby ya es una realidad en Automoto - Noticias Radio Reflejos","robots":{"index":"index","follow":"follow","max-snippet":"max-snippet:-1","max-image-preview":"max-image-preview:large","max-video-preview":"max-video-preview:-1"},"canonical":"https:\/\/www.noticiasradioreflejos.com.ar\/2021\/el-regreso-del-rugby-ya-es-una-realidad-en-automoto\/","og_locale":"es_ES","og_type":"article","og_title":"El regreso del rugby ya es una realidad en Automoto - Noticias Radio Reflejos","og_description":"Una de las decisiones m\u00e1s importantes adoptada por la dirigencia del Automoto Club Deportivo en el presente a\u00f1o fue el regreso del rugby a la instituci\u00f3n. A partir de la inquietud de un grupo de jugadores, impulsados por el entrenador Hugo Dorregaray, Los Jabal\u00edes no s\u00f3lo volvieron a cobrar vida, sino que lo hicieron con [&hellip;]","og_url":"https:\/\/www.noticiasradioreflejos.com.ar\/2021\/el-regreso-del-rugby-ya-es-una-realidad-en-automoto\/","og_site_name":"Noticias Radio Reflejos","article_published_time":"2019-04-25T10:50:05+00:00","og_image":[{"url":"http:\/\/live.staticflickr.com\/65535\/47642083112_99d907b1c1_z.jpg","type":"","width":"","height":""}],"author":"Arnaldo Botto","twitter_card":"summary_large_image","schema":{"@context":"https:\/\/schema.org","@graph":[{"@type":"WebPage","@id":"https:\/\/www.noticiasradioreflejos.com.ar\/2021\/el-regreso-del-rugby-ya-es-una-realidad-en-automoto\/","url":"https:\/\/www.noticiasradioreflejos.com.ar\/2021\/el-regreso-del-rugby-ya-es-una-realidad-en-automoto\/","name":"El regreso del rugby ya es una realidad en Automoto - Noticias Radio Reflejos","isPartOf":{"@id":"https:\/\/www.noticiasradioreflejos.com.ar\/2021\/#website"},"primaryImageOfPage":{"@id":"https:\/\/www.noticiasradioreflejos.com.ar\/2021\/el-regreso-del-rugby-ya-es-una-realidad-en-automoto\/#primaryimage"},"image":{"@id":"https:\/\/www.noticiasradioreflejos.com.ar\/2021\/el-regreso-del-rugby-ya-es-una-realidad-en-automoto\/#primaryimage"},"thumbnailUrl":"http:\/\/live.staticflickr.com\/65535\/47642083112_99d907b1c1_z.jpg","datePublished":"2019-04-25T10:50:05+00:00","author":{"@id":"https:\/\/www.noticiasradioreflejos.com.ar\/2021\/#\/schema\/person\/ad82545263dcc5ec0996818884fd5fb1"},"breadcrumb":{"@id":"https:\/\/www.noticiasradioreflejos.com.ar\/2021\/el-regreso-del-rugby-ya-es-una-realidad-en-automoto\/#breadcrumb"},"inLanguage":"es","potentialAction":[{"@type":"ReadAction","target":["https:\/\/www.noticiasradioreflejos.com.ar\/2021\/el-regreso-del-rugby-ya-es-una-realidad-en-automoto\/"]}]},{"@type":"ImageObject","inLanguage":"es","@id":"https:\/\/www.noticiasradioreflejos.com.ar\/2021\/el-regreso-del-rugby-ya-es-una-realidad-en-automoto\/#primaryimage","url":"http:\/\/live.staticflickr.com\/65535\/47642083112_99d907b1c1_z.jpg","contentUrl":"http:\/\/live.staticflickr.com\/65535\/47642083112_99d907b1c1_z.jpg"},{"@type":"BreadcrumbList","@id":"https:\/\/www.noticiasradioreflejos.com.ar\/2021\/el-regreso-del-rugby-ya-es-una-realidad-en-automoto\/#breadcrumb","itemListElement":[{"@type":"ListItem","position":1,"name":"Portada","item":"https:\/\/www.noticiasradioreflejos.com.ar\/2021\/"},{"@type":"ListItem","position":2,"name":"El regreso del rugby ya es una realidad en Automoto"}]},{"@type":"WebSite","@id":"https:\/\/www.noticiasradioreflejos.com.ar\/2021\/#website","url":"https:\/\/www.noticiasradioreflejos.com.ar\/2021\/","name":"Noticias Radio Reflejos","description":"Las noticias de mi comarca","potentialAction":[{"@type":"SearchAction","target":{"@type":"EntryPoint","urlTemplate":"https:\/\/www.noticiasradioreflejos.com.ar\/2021\/?s={search_term_string}"},"query-input":{"@type":"PropertyValueSpecification","valueRequired":true,"valueName":"search_term_string"}}],"inLanguage":"es"},{"@type":"Person","@id":"https:\/\/www.noticiasradioreflejos.com.ar\/2021\/#\/schema\/person\/ad82545263dcc5ec0996818884fd5fb1","name":"Arnaldo Botto","image":{"@type":"ImageObject","inLanguage":"es","@id":"https:\/\/www.noticiasradioreflejos.com.ar\/2021\/#\/schema\/person\/image\/","url":"https:\/\/secure.gravatar.com\/avatar\/55cb5e37c1efa326397366e6974cb338056df65cb50e7d64d1cf314e87504837?s=96&d=mm&r=g","contentUrl":"https:\/\/secure.gravatar.com\/avatar\/55cb5e37c1efa326397366e6974cb338056df65cb50e7d64d1cf314e87504837?s=96&d=mm&r=g","caption":"Arnaldo Botto"},"url":"https:\/\/www.noticiasradioreflejos.com.ar\/2021\/author\/arnaldo\/"}]}},"_links":{"self":[{"href":"https:\/\/www.noticiasradioreflejos.com.ar\/2021\/wp-json\/wp\/v2\/posts\/30828","targetHints":{"allow":["GET"]}}],"collection":[{"href":"https:\/\/www.noticiasradioreflejos.com.ar\/2021\/wp-json\/wp\/v2\/posts"}],"about":[{"href":"https:\/\/www.noticiasradioreflejos.com.ar\/2021\/wp-json\/wp\/v2\/types\/post"}],"author":[{"embeddable":true,"href":"https:\/\/www.noticiasradioreflejos.com.ar\/2021\/wp-json\/wp\/v2\/users\/3"}],"replies":[{"embeddable":true,"href":"https:\/\/www.noticiasradioreflejos.com.ar\/2021\/wp-json\/wp\/v2\/comments?post=30828"}],"version-history":[{"count":0,"href":"https:\/\/www.noticiasradioreflejos.com.ar\/2021\/wp-json\/wp\/v2\/posts\/30828\/revisions"}],"wp:attachment":[{"href":"https:\/\/www.noticiasradioreflejos.com.ar\/2021\/wp-json\/wp\/v2\/media?parent=30828"}],"wp:term":[{"taxonomy":"category","embeddable":true,"href":"https:\/\/www.noticiasradioreflejos.com.ar\/2021\/wp-json\/wp\/v2\/categories?post=30828"},{"taxonomy":"post_tag","embeddable":true,"href":"https:\/\/www.noticiasradioreflejos.com.ar\/2021\/wp-json\/wp\/v2\/tags?post=30828"}],"curies":[{"name":"wp","href":"https:\/\/api.w.org\/{rel}","templated":true}]}}