{"id":30794,"date":"2019-04-23T12:46:44","date_gmt":"2019-04-23T15:46:44","guid":{"rendered":"http:\/\/www.noticiasradioreflejos.com.ar\/noticias\/?p=30794"},"modified":"2019-04-23T12:46:44","modified_gmt":"2019-04-23T15:46:44","slug":"comunicado-de-unidad-ciudadana-de-tornquist","status":"publish","type":"post","link":"https:\/\/www.noticiasradioreflejos.com.ar\/2021\/comunicado-de-unidad-ciudadana-de-tornquist\/","title":{"rendered":"Comunicado de Unidad Ciudadana de Tornquist."},"content":{"rendered":"<p>Por la presente y de acuerdo a lo resuelto en el plenario distrital enviamos la carta que se construyo desde la mesa de Acci\u00f3n Pol\u00edtica de Unidad Ciudadana proponiendo la realizaci\u00f3n de reuniones que nos permitan construir una propuesta mayoritaria, participativa y superadora para el distrito de Tornquist. Las propuestas y las construcciones pol\u00edticas para mejorar el distrito deben estar antes de candidaturas solitarias e inconsultas que solo buscan el posicionamiento personal.<!--more--><br \/>\nA partir de hoy ser\u00e1 enviada a todas las fuerzas pol\u00edticas y sociales con representaci\u00f3n en el partido de Tornquist que claramente trabajan por una patria, una provincia y un distrito con desarrollo econ\u00f3mico e inclusi\u00f3n social, somos muchos los que queremos un Municipio que nos incluya a todos, y que ponga como principal premisa resolver los problemas de los ciudadanos\/as de Tornquist.<br \/>\nESTIMADAS\/OS COMPA\u00d1ERAS\/OS.<br \/>\nNos dirigimos a ustedes en nombre del Frente Unidad Ciudadana Tornquist que en su \u00faltimo plenario ha resuelto conformar una MESA DE UNIDAD Y ACCI\u00d3N POL\u00cdTICA para realizar contactos y desarrollar encuentros con otras fuerzas pol\u00edticas y\/o sociales del partido con el prop\u00f3sito de construir propuestas para mejorar nuestro distrito y ponerle un freno a las \u201cdespol\u00edticas\u201d de Cambiemos a nivel nacional, provincial y especialmente local.<br \/>\nDesde que comenz\u00f3 la presente etapa pol\u00edtica del gobierno de Cambiemos nos hemos encontrado en numerosas oportunidades caminando juntos oponi\u00e9ndonos a las pol\u00edticas que tanto da\u00f1o nos hicieron y que tanto nos han desorganizado la vida y\/o proponiendo otros caminos para el desarrollo con inclusi\u00f3n que tanto necesita nuestra comarca, nuestra provincia y nuestra Patria.<br \/>\nDesde el comienzo de nuestra propuesta pol\u00edtica, Unidad Ciudadana, naci\u00f3 como una convocatoria a la unidad que pueda frenar las actuales pol\u00edticas neoliberales que son una muestra m\u00e1s en el conjunto de pol\u00edticas conservadoras y sembradoras de inequidad que hoy soplan con fuerza en nuestra Patria Grande y en el mundo. Desde nuestros comienzos expres\u00e1bamos \u201cTenemos que construir una nueva relaci\u00f3n de fuerzas pol\u00edticas y sociales que exprese la Unidad Ciudadana para frenar el ajuste, la desindustrializaci\u00f3n, el endeudamiento serial y la especulaci\u00f3n financiera que la Alianza Cambiemos tiene como \u00fanicas metas de gobierno.\u201d https:\/\/unidadciudadana.org<br \/>\nEs por todo lo expresado que los miembros de la Mesa de Unidad y Acci\u00f3n Pol\u00edtica de Unidad Ciudadana Tornquist les solicitamos poder concretar una reuni\u00f3n para poder poner en com\u00fan nuestras voluntades y proyectos e intentar construir una propuesta colectiva mayoritaria que pueda sacar al distrito a la provincia y a la naci\u00f3n dela situaci\u00f3n en la que se encuentra.<br \/>\nPara la concreci\u00f3n de la reuni\u00f3n contactarnos a trav\u00e9s del mail<br \/>\n unidadciudadanatornquist@gmail.com<br \/>\nal Facebook: Unidad Ciudadana Tornquist.<br \/>\nMesa de Acci\u00f3n Pol\u00edtica Unidad Ciudadana Tornquist<\/p>\n","protected":false},"excerpt":{"rendered":"<p>Por la presente y de acuerdo a lo resuelto en el plenario distrital enviamos la carta que se construyo desde la mesa de Acci\u00f3n Pol\u00edtica de Unidad Ciudadana proponiendo la realizaci\u00f3n de reuniones que nos permitan construir una propuesta mayoritaria, participativa y superadora para el distrito de Tornquist. Las propuestas y las construcciones pol\u00edticas para [&hellip;]<\/p>\n","protected":false},"author":3,"featured_media":0,"comment_status":"closed","ping_status":"open","sticky":false,"template":"","format":"standard","meta":{"footnotes":""},"categories":[24],"tags":[],"class_list":["post-30794","post","type-post","status-publish","format-standard","hentry","category-politica"],"yoast_head":"<!-- This site is optimized with the Yoast SEO plugin v25.9 - https:\/\/yoast.com\/wordpress\/plugins\/seo\/ -->\n<title>Comunicado de Unidad Ciudadana de Tornquist. - Noticias Radio Reflejos<\/title>\n<meta name=\"robots\" content=\"index, follow, max-snippet:-1, max-image-preview:large, max-video-preview:-1\" \/>\n<link rel=\"canonical\" href=\"https:\/\/www.noticiasradioreflejos.com.ar\/2021\/comunicado-de-unidad-ciudadana-de-tornquist\/\" \/>\n<meta property=\"og:locale\" content=\"es_ES\" \/>\n<meta property=\"og:type\" content=\"article\" \/>\n<meta property=\"og:title\" content=\"Comunicado de Unidad Ciudadana de Tornquist. - Noticias Radio Reflejos\" \/>\n<meta property=\"og:description\" content=\"Por la presente y de acuerdo a lo resuelto en el plenario distrital enviamos la carta que se construyo desde la mesa de Acci\u00f3n Pol\u00edtica de Unidad Ciudadana proponiendo la realizaci\u00f3n de reuniones que nos permitan construir una propuesta mayoritaria, participativa y superadora para el distrito de Tornquist. Las propuestas y las construcciones pol\u00edticas para [&hellip;]\" \/>\n<meta property=\"og:url\" content=\"https:\/\/www.noticiasradioreflejos.com.ar\/2021\/comunicado-de-unidad-ciudadana-de-tornquist\/\" \/>\n<meta property=\"og:site_name\" content=\"Noticias Radio Reflejos\" \/>\n<meta property=\"article:published_time\" content=\"2019-04-23T15:46:44+00:00\" \/>\n<meta property=\"og:image\" content=\"https:\/\/www.noticiasradioreflejos.com.ar\/2021\/wp-content\/uploads\/2021\/07\/logosol300x200.png\" \/>\n\t<meta property=\"og:image:width\" content=\"300\" \/>\n\t<meta property=\"og:image:height\" content=\"200\" \/>\n\t<meta property=\"og:image:type\" content=\"image\/png\" \/>\n<meta name=\"author\" content=\"Arnaldo Botto\" \/>\n<meta name=\"twitter:card\" content=\"summary_large_image\" \/>\n<script type=\"application\/ld+json\" class=\"yoast-schema-graph\">{\"@context\":\"https:\/\/schema.org\",\"@graph\":[{\"@type\":\"WebPage\",\"@id\":\"https:\/\/www.noticiasradioreflejos.com.ar\/2021\/comunicado-de-unidad-ciudadana-de-tornquist\/\",\"url\":\"https:\/\/www.noticiasradioreflejos.com.ar\/2021\/comunicado-de-unidad-ciudadana-de-tornquist\/\",\"name\":\"Comunicado de Unidad Ciudadana de Tornquist. - Noticias Radio Reflejos\",\"isPartOf\":{\"@id\":\"https:\/\/www.noticiasradioreflejos.com.ar\/2021\/#website\"},\"datePublished\":\"2019-04-23T15:46:44+00:00\",\"author\":{\"@id\":\"https:\/\/www.noticiasradioreflejos.com.ar\/2021\/#\/schema\/person\/ad82545263dcc5ec0996818884fd5fb1\"},\"breadcrumb\":{\"@id\":\"https:\/\/www.noticiasradioreflejos.com.ar\/2021\/comunicado-de-unidad-ciudadana-de-tornquist\/#breadcrumb\"},\"inLanguage\":\"es\",\"potentialAction\":[{\"@type\":\"ReadAction\",\"target\":[\"https:\/\/www.noticiasradioreflejos.com.ar\/2021\/comunicado-de-unidad-ciudadana-de-tornquist\/\"]}]},{\"@type\":\"BreadcrumbList\",\"@id\":\"https:\/\/www.noticiasradioreflejos.com.ar\/2021\/comunicado-de-unidad-ciudadana-de-tornquist\/#breadcrumb\",\"itemListElement\":[{\"@type\":\"ListItem\",\"position\":1,\"name\":\"Portada\",\"item\":\"https:\/\/www.noticiasradioreflejos.com.ar\/2021\/\"},{\"@type\":\"ListItem\",\"position\":2,\"name\":\"Comunicado de Unidad Ciudadana de Tornquist.\"}]},{\"@type\":\"WebSite\",\"@id\":\"https:\/\/www.noticiasradioreflejos.com.ar\/2021\/#website\",\"url\":\"https:\/\/www.noticiasradioreflejos.com.ar\/2021\/\",\"name\":\"Noticias Radio Reflejos\",\"description\":\"Las noticias de mi comarca\",\"potentialAction\":[{\"@type\":\"SearchAction\",\"target\":{\"@type\":\"EntryPoint\",\"urlTemplate\":\"https:\/\/www.noticiasradioreflejos.com.ar\/2021\/?s={search_term_string}\"},\"query-input\":{\"@type\":\"PropertyValueSpecification\",\"valueRequired\":true,\"valueName\":\"search_term_string\"}}],\"inLanguage\":\"es\"},{\"@type\":\"Person\",\"@id\":\"https:\/\/www.noticiasradioreflejos.com.ar\/2021\/#\/schema\/person\/ad82545263dcc5ec0996818884fd5fb1\",\"name\":\"Arnaldo Botto\",\"image\":{\"@type\":\"ImageObject\",\"inLanguage\":\"es\",\"@id\":\"https:\/\/www.noticiasradioreflejos.com.ar\/2021\/#\/schema\/person\/image\/\",\"url\":\"https:\/\/secure.gravatar.com\/avatar\/55cb5e37c1efa326397366e6974cb338056df65cb50e7d64d1cf314e87504837?s=96&d=mm&r=g\",\"contentUrl\":\"https:\/\/secure.gravatar.com\/avatar\/55cb5e37c1efa326397366e6974cb338056df65cb50e7d64d1cf314e87504837?s=96&d=mm&r=g\",\"caption\":\"Arnaldo Botto\"},\"url\":\"https:\/\/www.noticiasradioreflejos.com.ar\/2021\/author\/arnaldo\/\"}]}<\/script>\n<!-- \/ Yoast SEO plugin. -->","yoast_head_json":{"title":"Comunicado de Unidad Ciudadana de Tornquist. - Noticias Radio Reflejos","robots":{"index":"index","follow":"follow","max-snippet":"max-snippet:-1","max-image-preview":"max-image-preview:large","max-video-preview":"max-video-preview:-1"},"canonical":"https:\/\/www.noticiasradioreflejos.com.ar\/2021\/comunicado-de-unidad-ciudadana-de-tornquist\/","og_locale":"es_ES","og_type":"article","og_title":"Comunicado de Unidad Ciudadana de Tornquist. - Noticias Radio Reflejos","og_description":"Por la presente y de acuerdo a lo resuelto en el plenario distrital enviamos la carta que se construyo desde la mesa de Acci\u00f3n Pol\u00edtica de Unidad Ciudadana proponiendo la realizaci\u00f3n de reuniones que nos permitan construir una propuesta mayoritaria, participativa y superadora para el distrito de Tornquist. Las propuestas y las construcciones pol\u00edticas para [&hellip;]","og_url":"https:\/\/www.noticiasradioreflejos.com.ar\/2021\/comunicado-de-unidad-ciudadana-de-tornquist\/","og_site_name":"Noticias Radio Reflejos","article_published_time":"2019-04-23T15:46:44+00:00","og_image":[{"width":300,"height":200,"url":"https:\/\/www.noticiasradioreflejos.com.ar\/2021\/wp-content\/uploads\/2021\/07\/logosol300x200.png","type":"image\/png"}],"author":"Arnaldo Botto","twitter_card":"summary_large_image","schema":{"@context":"https:\/\/schema.org","@graph":[{"@type":"WebPage","@id":"https:\/\/www.noticiasradioreflejos.com.ar\/2021\/comunicado-de-unidad-ciudadana-de-tornquist\/","url":"https:\/\/www.noticiasradioreflejos.com.ar\/2021\/comunicado-de-unidad-ciudadana-de-tornquist\/","name":"Comunicado de Unidad Ciudadana de Tornquist. - Noticias Radio Reflejos","isPartOf":{"@id":"https:\/\/www.noticiasradioreflejos.com.ar\/2021\/#website"},"datePublished":"2019-04-23T15:46:44+00:00","author":{"@id":"https:\/\/www.noticiasradioreflejos.com.ar\/2021\/#\/schema\/person\/ad82545263dcc5ec0996818884fd5fb1"},"breadcrumb":{"@id":"https:\/\/www.noticiasradioreflejos.com.ar\/2021\/comunicado-de-unidad-ciudadana-de-tornquist\/#breadcrumb"},"inLanguage":"es","potentialAction":[{"@type":"ReadAction","target":["https:\/\/www.noticiasradioreflejos.com.ar\/2021\/comunicado-de-unidad-ciudadana-de-tornquist\/"]}]},{"@type":"BreadcrumbList","@id":"https:\/\/www.noticiasradioreflejos.com.ar\/2021\/comunicado-de-unidad-ciudadana-de-tornquist\/#breadcrumb","itemListElement":[{"@type":"ListItem","position":1,"name":"Portada","item":"https:\/\/www.noticiasradioreflejos.com.ar\/2021\/"},{"@type":"ListItem","position":2,"name":"Comunicado de Unidad Ciudadana de Tornquist."}]},{"@type":"WebSite","@id":"https:\/\/www.noticiasradioreflejos.com.ar\/2021\/#website","url":"https:\/\/www.noticiasradioreflejos.com.ar\/2021\/","name":"Noticias Radio Reflejos","description":"Las noticias de mi comarca","potentialAction":[{"@type":"SearchAction","target":{"@type":"EntryPoint","urlTemplate":"https:\/\/www.noticiasradioreflejos.com.ar\/2021\/?s={search_term_string}"},"query-input":{"@type":"PropertyValueSpecification","valueRequired":true,"valueName":"search_term_string"}}],"inLanguage":"es"},{"@type":"Person","@id":"https:\/\/www.noticiasradioreflejos.com.ar\/2021\/#\/schema\/person\/ad82545263dcc5ec0996818884fd5fb1","name":"Arnaldo Botto","image":{"@type":"ImageObject","inLanguage":"es","@id":"https:\/\/www.noticiasradioreflejos.com.ar\/2021\/#\/schema\/person\/image\/","url":"https:\/\/secure.gravatar.com\/avatar\/55cb5e37c1efa326397366e6974cb338056df65cb50e7d64d1cf314e87504837?s=96&d=mm&r=g","contentUrl":"https:\/\/secure.gravatar.com\/avatar\/55cb5e37c1efa326397366e6974cb338056df65cb50e7d64d1cf314e87504837?s=96&d=mm&r=g","caption":"Arnaldo Botto"},"url":"https:\/\/www.noticiasradioreflejos.com.ar\/2021\/author\/arnaldo\/"}]}},"_links":{"self":[{"href":"https:\/\/www.noticiasradioreflejos.com.ar\/2021\/wp-json\/wp\/v2\/posts\/30794","targetHints":{"allow":["GET"]}}],"collection":[{"href":"https:\/\/www.noticiasradioreflejos.com.ar\/2021\/wp-json\/wp\/v2\/posts"}],"about":[{"href":"https:\/\/www.noticiasradioreflejos.com.ar\/2021\/wp-json\/wp\/v2\/types\/post"}],"author":[{"embeddable":true,"href":"https:\/\/www.noticiasradioreflejos.com.ar\/2021\/wp-json\/wp\/v2\/users\/3"}],"replies":[{"embeddable":true,"href":"https:\/\/www.noticiasradioreflejos.com.ar\/2021\/wp-json\/wp\/v2\/comments?post=30794"}],"version-history":[{"count":0,"href":"https:\/\/www.noticiasradioreflejos.com.ar\/2021\/wp-json\/wp\/v2\/posts\/30794\/revisions"}],"wp:attachment":[{"href":"https:\/\/www.noticiasradioreflejos.com.ar\/2021\/wp-json\/wp\/v2\/media?parent=30794"}],"wp:term":[{"taxonomy":"category","embeddable":true,"href":"https:\/\/www.noticiasradioreflejos.com.ar\/2021\/wp-json\/wp\/v2\/categories?post=30794"},{"taxonomy":"post_tag","embeddable":true,"href":"https:\/\/www.noticiasradioreflejos.com.ar\/2021\/wp-json\/wp\/v2\/tags?post=30794"}],"curies":[{"name":"wp","href":"https:\/\/api.w.org\/{rel}","templated":true}]}}