{"id":30791,"date":"2019-04-23T12:10:55","date_gmt":"2019-04-23T15:10:55","guid":{"rendered":"http:\/\/www.noticiasradioreflejos.com.ar\/noticias\/?p=30791"},"modified":"2019-04-23T12:10:55","modified_gmt":"2019-04-23T15:10:55","slug":"impulsan-candidatura-a-intendente-de-tita-musso-por-unidad-ciudadana","status":"publish","type":"post","link":"https:\/\/www.noticiasradioreflejos.com.ar\/2021\/impulsan-candidatura-a-intendente-de-tita-musso-por-unidad-ciudadana\/","title":{"rendered":"Impulsan candidatura a Intendente de \u201cTita\u201d Musso por Unidad Ciudadana"},"content":{"rendered":"<p>La ex concejal del PJ se reuni\u00f3 d\u00edas pasados en Buenos Aires con dirigentes peronistas.<br \/>\nAunque oficialmente no se ha presentado, se ha conocido en las ultimas horas que un grupo del peronismo impulsa la candidatura a Intendente de Mar\u00eda Graciela Musso \u201cTita\u201d que a\u00f1os atr\u00e1s ocupara cargos en el Consejo Escolar y como concejal del PJ.<!--more--><br \/>\nD\u00edas pasados se reuni\u00f3 con dirigentes en un congreso realizado en capital federal donde tuvo la oportunidad de dialogar con Ver\u00f3nica Magario y Axel Kicillof.<br \/>\nSe esperan por estas horas la oficializaci\u00f3n y presentaci\u00f3n en sociedad con vistas a las primarias de agosto.<br \/>\nRecordemos que en junio vence el plazo de presentaci\u00f3n de listas.<\/p>\n","protected":false},"excerpt":{"rendered":"<p>La ex concejal del PJ se reuni\u00f3 d\u00edas pasados en Buenos Aires con dirigentes peronistas. Aunque oficialmente no se ha presentado, se ha conocido en las ultimas horas que un grupo del peronismo impulsa la candidatura a Intendente de Mar\u00eda Graciela Musso \u201cTita\u201d que a\u00f1os atr\u00e1s ocupara cargos en el Consejo Escolar y como concejal [&hellip;]<\/p>\n","protected":false},"author":3,"featured_media":0,"comment_status":"closed","ping_status":"open","sticky":false,"template":"","format":"standard","meta":{"footnotes":""},"categories":[24],"tags":[],"class_list":["post-30791","post","type-post","status-publish","format-standard","hentry","category-politica"],"yoast_head":"<!-- This site is optimized with the Yoast SEO plugin v25.9 - https:\/\/yoast.com\/wordpress\/plugins\/seo\/ -->\n<title>Impulsan candidatura a Intendente de \u201cTita\u201d Musso por Unidad Ciudadana - Noticias Radio Reflejos<\/title>\n<meta name=\"robots\" content=\"index, follow, max-snippet:-1, max-image-preview:large, max-video-preview:-1\" \/>\n<link rel=\"canonical\" href=\"https:\/\/www.noticiasradioreflejos.com.ar\/2021\/impulsan-candidatura-a-intendente-de-tita-musso-por-unidad-ciudadana\/\" \/>\n<meta property=\"og:locale\" content=\"es_ES\" \/>\n<meta property=\"og:type\" content=\"article\" \/>\n<meta property=\"og:title\" content=\"Impulsan candidatura a Intendente de \u201cTita\u201d Musso por Unidad Ciudadana - Noticias Radio Reflejos\" \/>\n<meta property=\"og:description\" content=\"La ex concejal del PJ se reuni\u00f3 d\u00edas pasados en Buenos Aires con dirigentes peronistas. Aunque oficialmente no se ha presentado, se ha conocido en las ultimas horas que un grupo del peronismo impulsa la candidatura a Intendente de Mar\u00eda Graciela Musso \u201cTita\u201d que a\u00f1os atr\u00e1s ocupara cargos en el Consejo Escolar y como concejal [&hellip;]\" \/>\n<meta property=\"og:url\" content=\"https:\/\/www.noticiasradioreflejos.com.ar\/2021\/impulsan-candidatura-a-intendente-de-tita-musso-por-unidad-ciudadana\/\" \/>\n<meta property=\"og:site_name\" content=\"Noticias Radio Reflejos\" \/>\n<meta property=\"article:published_time\" content=\"2019-04-23T15:10:55+00:00\" \/>\n<meta property=\"og:image\" content=\"https:\/\/www.noticiasradioreflejos.com.ar\/2021\/wp-content\/uploads\/2021\/07\/logosol300x200.png\" \/>\n\t<meta property=\"og:image:width\" content=\"300\" \/>\n\t<meta property=\"og:image:height\" content=\"200\" \/>\n\t<meta property=\"og:image:type\" content=\"image\/png\" \/>\n<meta name=\"author\" content=\"Arnaldo Botto\" \/>\n<meta name=\"twitter:card\" content=\"summary_large_image\" \/>\n<script type=\"application\/ld+json\" class=\"yoast-schema-graph\">{\"@context\":\"https:\/\/schema.org\",\"@graph\":[{\"@type\":\"WebPage\",\"@id\":\"https:\/\/www.noticiasradioreflejos.com.ar\/2021\/impulsan-candidatura-a-intendente-de-tita-musso-por-unidad-ciudadana\/\",\"url\":\"https:\/\/www.noticiasradioreflejos.com.ar\/2021\/impulsan-candidatura-a-intendente-de-tita-musso-por-unidad-ciudadana\/\",\"name\":\"Impulsan candidatura a Intendente de \u201cTita\u201d Musso por Unidad Ciudadana - Noticias Radio Reflejos\",\"isPartOf\":{\"@id\":\"https:\/\/www.noticiasradioreflejos.com.ar\/2021\/#website\"},\"datePublished\":\"2019-04-23T15:10:55+00:00\",\"author\":{\"@id\":\"https:\/\/www.noticiasradioreflejos.com.ar\/2021\/#\/schema\/person\/ad82545263dcc5ec0996818884fd5fb1\"},\"breadcrumb\":{\"@id\":\"https:\/\/www.noticiasradioreflejos.com.ar\/2021\/impulsan-candidatura-a-intendente-de-tita-musso-por-unidad-ciudadana\/#breadcrumb\"},\"inLanguage\":\"es\",\"potentialAction\":[{\"@type\":\"ReadAction\",\"target\":[\"https:\/\/www.noticiasradioreflejos.com.ar\/2021\/impulsan-candidatura-a-intendente-de-tita-musso-por-unidad-ciudadana\/\"]}]},{\"@type\":\"BreadcrumbList\",\"@id\":\"https:\/\/www.noticiasradioreflejos.com.ar\/2021\/impulsan-candidatura-a-intendente-de-tita-musso-por-unidad-ciudadana\/#breadcrumb\",\"itemListElement\":[{\"@type\":\"ListItem\",\"position\":1,\"name\":\"Portada\",\"item\":\"https:\/\/www.noticiasradioreflejos.com.ar\/2021\/\"},{\"@type\":\"ListItem\",\"position\":2,\"name\":\"Impulsan candidatura a Intendente de \u201cTita\u201d Musso por Unidad Ciudadana\"}]},{\"@type\":\"WebSite\",\"@id\":\"https:\/\/www.noticiasradioreflejos.com.ar\/2021\/#website\",\"url\":\"https:\/\/www.noticiasradioreflejos.com.ar\/2021\/\",\"name\":\"Noticias Radio Reflejos\",\"description\":\"Las noticias de mi comarca\",\"potentialAction\":[{\"@type\":\"SearchAction\",\"target\":{\"@type\":\"EntryPoint\",\"urlTemplate\":\"https:\/\/www.noticiasradioreflejos.com.ar\/2021\/?s={search_term_string}\"},\"query-input\":{\"@type\":\"PropertyValueSpecification\",\"valueRequired\":true,\"valueName\":\"search_term_string\"}}],\"inLanguage\":\"es\"},{\"@type\":\"Person\",\"@id\":\"https:\/\/www.noticiasradioreflejos.com.ar\/2021\/#\/schema\/person\/ad82545263dcc5ec0996818884fd5fb1\",\"name\":\"Arnaldo Botto\",\"image\":{\"@type\":\"ImageObject\",\"inLanguage\":\"es\",\"@id\":\"https:\/\/www.noticiasradioreflejos.com.ar\/2021\/#\/schema\/person\/image\/\",\"url\":\"https:\/\/secure.gravatar.com\/avatar\/55cb5e37c1efa326397366e6974cb338056df65cb50e7d64d1cf314e87504837?s=96&d=mm&r=g\",\"contentUrl\":\"https:\/\/secure.gravatar.com\/avatar\/55cb5e37c1efa326397366e6974cb338056df65cb50e7d64d1cf314e87504837?s=96&d=mm&r=g\",\"caption\":\"Arnaldo Botto\"},\"url\":\"https:\/\/www.noticiasradioreflejos.com.ar\/2021\/author\/arnaldo\/\"}]}<\/script>\n<!-- \/ Yoast SEO plugin. -->","yoast_head_json":{"title":"Impulsan candidatura a Intendente de \u201cTita\u201d Musso por Unidad Ciudadana - Noticias Radio Reflejos","robots":{"index":"index","follow":"follow","max-snippet":"max-snippet:-1","max-image-preview":"max-image-preview:large","max-video-preview":"max-video-preview:-1"},"canonical":"https:\/\/www.noticiasradioreflejos.com.ar\/2021\/impulsan-candidatura-a-intendente-de-tita-musso-por-unidad-ciudadana\/","og_locale":"es_ES","og_type":"article","og_title":"Impulsan candidatura a Intendente de \u201cTita\u201d Musso por Unidad Ciudadana - Noticias Radio Reflejos","og_description":"La ex concejal del PJ se reuni\u00f3 d\u00edas pasados en Buenos Aires con dirigentes peronistas. Aunque oficialmente no se ha presentado, se ha conocido en las ultimas horas que un grupo del peronismo impulsa la candidatura a Intendente de Mar\u00eda Graciela Musso \u201cTita\u201d que a\u00f1os atr\u00e1s ocupara cargos en el Consejo Escolar y como concejal [&hellip;]","og_url":"https:\/\/www.noticiasradioreflejos.com.ar\/2021\/impulsan-candidatura-a-intendente-de-tita-musso-por-unidad-ciudadana\/","og_site_name":"Noticias Radio Reflejos","article_published_time":"2019-04-23T15:10:55+00:00","og_image":[{"width":300,"height":200,"url":"https:\/\/www.noticiasradioreflejos.com.ar\/2021\/wp-content\/uploads\/2021\/07\/logosol300x200.png","type":"image\/png"}],"author":"Arnaldo Botto","twitter_card":"summary_large_image","schema":{"@context":"https:\/\/schema.org","@graph":[{"@type":"WebPage","@id":"https:\/\/www.noticiasradioreflejos.com.ar\/2021\/impulsan-candidatura-a-intendente-de-tita-musso-por-unidad-ciudadana\/","url":"https:\/\/www.noticiasradioreflejos.com.ar\/2021\/impulsan-candidatura-a-intendente-de-tita-musso-por-unidad-ciudadana\/","name":"Impulsan candidatura a Intendente de \u201cTita\u201d Musso por Unidad Ciudadana - Noticias Radio Reflejos","isPartOf":{"@id":"https:\/\/www.noticiasradioreflejos.com.ar\/2021\/#website"},"datePublished":"2019-04-23T15:10:55+00:00","author":{"@id":"https:\/\/www.noticiasradioreflejos.com.ar\/2021\/#\/schema\/person\/ad82545263dcc5ec0996818884fd5fb1"},"breadcrumb":{"@id":"https:\/\/www.noticiasradioreflejos.com.ar\/2021\/impulsan-candidatura-a-intendente-de-tita-musso-por-unidad-ciudadana\/#breadcrumb"},"inLanguage":"es","potentialAction":[{"@type":"ReadAction","target":["https:\/\/www.noticiasradioreflejos.com.ar\/2021\/impulsan-candidatura-a-intendente-de-tita-musso-por-unidad-ciudadana\/"]}]},{"@type":"BreadcrumbList","@id":"https:\/\/www.noticiasradioreflejos.com.ar\/2021\/impulsan-candidatura-a-intendente-de-tita-musso-por-unidad-ciudadana\/#breadcrumb","itemListElement":[{"@type":"ListItem","position":1,"name":"Portada","item":"https:\/\/www.noticiasradioreflejos.com.ar\/2021\/"},{"@type":"ListItem","position":2,"name":"Impulsan candidatura a Intendente de \u201cTita\u201d Musso por Unidad Ciudadana"}]},{"@type":"WebSite","@id":"https:\/\/www.noticiasradioreflejos.com.ar\/2021\/#website","url":"https:\/\/www.noticiasradioreflejos.com.ar\/2021\/","name":"Noticias Radio Reflejos","description":"Las noticias de mi comarca","potentialAction":[{"@type":"SearchAction","target":{"@type":"EntryPoint","urlTemplate":"https:\/\/www.noticiasradioreflejos.com.ar\/2021\/?s={search_term_string}"},"query-input":{"@type":"PropertyValueSpecification","valueRequired":true,"valueName":"search_term_string"}}],"inLanguage":"es"},{"@type":"Person","@id":"https:\/\/www.noticiasradioreflejos.com.ar\/2021\/#\/schema\/person\/ad82545263dcc5ec0996818884fd5fb1","name":"Arnaldo Botto","image":{"@type":"ImageObject","inLanguage":"es","@id":"https:\/\/www.noticiasradioreflejos.com.ar\/2021\/#\/schema\/person\/image\/","url":"https:\/\/secure.gravatar.com\/avatar\/55cb5e37c1efa326397366e6974cb338056df65cb50e7d64d1cf314e87504837?s=96&d=mm&r=g","contentUrl":"https:\/\/secure.gravatar.com\/avatar\/55cb5e37c1efa326397366e6974cb338056df65cb50e7d64d1cf314e87504837?s=96&d=mm&r=g","caption":"Arnaldo Botto"},"url":"https:\/\/www.noticiasradioreflejos.com.ar\/2021\/author\/arnaldo\/"}]}},"_links":{"self":[{"href":"https:\/\/www.noticiasradioreflejos.com.ar\/2021\/wp-json\/wp\/v2\/posts\/30791","targetHints":{"allow":["GET"]}}],"collection":[{"href":"https:\/\/www.noticiasradioreflejos.com.ar\/2021\/wp-json\/wp\/v2\/posts"}],"about":[{"href":"https:\/\/www.noticiasradioreflejos.com.ar\/2021\/wp-json\/wp\/v2\/types\/post"}],"author":[{"embeddable":true,"href":"https:\/\/www.noticiasradioreflejos.com.ar\/2021\/wp-json\/wp\/v2\/users\/3"}],"replies":[{"embeddable":true,"href":"https:\/\/www.noticiasradioreflejos.com.ar\/2021\/wp-json\/wp\/v2\/comments?post=30791"}],"version-history":[{"count":0,"href":"https:\/\/www.noticiasradioreflejos.com.ar\/2021\/wp-json\/wp\/v2\/posts\/30791\/revisions"}],"wp:attachment":[{"href":"https:\/\/www.noticiasradioreflejos.com.ar\/2021\/wp-json\/wp\/v2\/media?parent=30791"}],"wp:term":[{"taxonomy":"category","embeddable":true,"href":"https:\/\/www.noticiasradioreflejos.com.ar\/2021\/wp-json\/wp\/v2\/categories?post=30791"},{"taxonomy":"post_tag","embeddable":true,"href":"https:\/\/www.noticiasradioreflejos.com.ar\/2021\/wp-json\/wp\/v2\/tags?post=30791"}],"curies":[{"name":"wp","href":"https:\/\/api.w.org\/{rel}","templated":true}]}}