{"id":30528,"date":"2019-04-12T08:20:01","date_gmt":"2019-04-12T11:20:01","guid":{"rendered":"http:\/\/www.noticiasradioreflejos.com.ar\/noticias\/?p=30528"},"modified":"2019-04-12T08:20:01","modified_gmt":"2019-04-12T11:20:01","slug":"trabajadores-del-casino-de-sierra-de-la-ventana-realizaran-un-paro-este-viernes","status":"publish","type":"post","link":"https:\/\/www.noticiasradioreflejos.com.ar\/2021\/trabajadores-del-casino-de-sierra-de-la-ventana-realizaran-un-paro-este-viernes\/","title":{"rendered":"Trabajadores del casino de Sierra de la Ventana realizar\u00e1n un paro este viernes"},"content":{"rendered":"<p>La medida de fuerza es convocada por la Asociaci\u00f3n de Empleados de Casinos Nacionales.<br \/>\nEste viernes la Asociaci\u00f3n de Empleados de Casinos Nacionales realizar\u00e1 un paro en los casinos de la provincia de Buenos Aires con epicentro en Mar del Plata. All\u00ed, realizar\u00e1n una movilizaci\u00f3n por las calles de la ciudad \u201ccontra las pol\u00edticas del gobierno provincial que atacan de manera implacable a nuestra actividad\u201d.<!--more--><br \/>\nDesde el gremio indicaron que la medida de fuerza comenzar\u00e1 ma\u00f1ana y que en el Casino Central de la localidad balnearia realizar\u00e1n una asamblea para analizar los pasos a seguir. Asimismo, desde las 18 concentrar\u00e1n en ese lugar para luego marchar junto a otras organizaciones sindicales, pol\u00edticas y sociales.<br \/>\nA trav\u00e9s de un comunicado, indicaron que \u201cestas medidas ser\u00e1n el inicio de un plan de lucha que construiremos entre trabajadores y trabajadoras de casinos, y que se ir\u00e1 incrementando en su contundencia si las autoridades contin\u00faan haciendo o\u00eddos sordos a los reclamos que venimos manifestando\u201d.<br \/>\n\u201cNo podemos quedarnos de brazos cruzados mientras este gobierno avanza de manera decidida contra nuestros derechos, es nuestra obligaci\u00f3n como clase trabajadora ejercer de manera colectiva una contundente defensa de los intereses de nuestras familias\u201d, a\u00f1adieron.<br \/>\nAsimismo, manifestaron que \u201cvamos a dejarle bien en claro a esta patronal, que no permitiremos que sigan atentando contra nuestro futuro. Por ello es necesaria la participaci\u00f3n de todos y todas en estas medidas, as\u00ed como la continuidad que le demos al plan de lucha\u201d.<br \/>\nEn territorio bonaerense ya cerraron dos casinos, el de Valeria del Mar y el Anexo III del Hotel Hermitage de Mar del Plata, adem\u00e1s podr\u00eda correr la misma suerte el de Mar de Aj\u00f3, Necochea, Tandil y Miramar.<\/p>\n","protected":false},"excerpt":{"rendered":"<p>La medida de fuerza es convocada por la Asociaci\u00f3n de Empleados de Casinos Nacionales. Este viernes la Asociaci\u00f3n de Empleados de Casinos Nacionales realizar\u00e1 un paro en los casinos de la provincia de Buenos Aires con epicentro en Mar del Plata. All\u00ed, realizar\u00e1n una movilizaci\u00f3n por las calles de la ciudad \u201ccontra las pol\u00edticas del [&hellip;]<\/p>\n","protected":false},"author":3,"featured_media":0,"comment_status":"closed","ping_status":"open","sticky":false,"template":"","format":"standard","meta":{"footnotes":""},"categories":[25],"tags":[],"class_list":["post-30528","post","type-post","status-publish","format-standard","hentry","category-uncategorized"],"yoast_head":"<!-- This site is optimized with the Yoast SEO plugin v25.9 - https:\/\/yoast.com\/wordpress\/plugins\/seo\/ -->\n<title>Trabajadores del casino de Sierra de la Ventana realizar\u00e1n un paro este viernes - Noticias Radio Reflejos<\/title>\n<meta name=\"robots\" content=\"index, follow, max-snippet:-1, max-image-preview:large, max-video-preview:-1\" \/>\n<link rel=\"canonical\" href=\"https:\/\/www.noticiasradioreflejos.com.ar\/2021\/trabajadores-del-casino-de-sierra-de-la-ventana-realizaran-un-paro-este-viernes\/\" \/>\n<meta property=\"og:locale\" content=\"es_ES\" \/>\n<meta property=\"og:type\" content=\"article\" \/>\n<meta property=\"og:title\" content=\"Trabajadores del casino de Sierra de la Ventana realizar\u00e1n un paro este viernes - Noticias Radio Reflejos\" \/>\n<meta property=\"og:description\" content=\"La medida de fuerza es convocada por la Asociaci\u00f3n de Empleados de Casinos Nacionales. Este viernes la Asociaci\u00f3n de Empleados de Casinos Nacionales realizar\u00e1 un paro en los casinos de la provincia de Buenos Aires con epicentro en Mar del Plata. All\u00ed, realizar\u00e1n una movilizaci\u00f3n por las calles de la ciudad \u201ccontra las pol\u00edticas del [&hellip;]\" \/>\n<meta property=\"og:url\" content=\"https:\/\/www.noticiasradioreflejos.com.ar\/2021\/trabajadores-del-casino-de-sierra-de-la-ventana-realizaran-un-paro-este-viernes\/\" \/>\n<meta property=\"og:site_name\" content=\"Noticias Radio Reflejos\" \/>\n<meta property=\"article:published_time\" content=\"2019-04-12T11:20:01+00:00\" \/>\n<meta property=\"og:image\" content=\"https:\/\/www.noticiasradioreflejos.com.ar\/2021\/wp-content\/uploads\/2021\/07\/logosol300x200.png\" \/>\n\t<meta property=\"og:image:width\" content=\"300\" \/>\n\t<meta property=\"og:image:height\" content=\"200\" \/>\n\t<meta property=\"og:image:type\" content=\"image\/png\" \/>\n<meta name=\"author\" content=\"Arnaldo Botto\" \/>\n<meta name=\"twitter:card\" content=\"summary_large_image\" \/>\n<script type=\"application\/ld+json\" class=\"yoast-schema-graph\">{\"@context\":\"https:\/\/schema.org\",\"@graph\":[{\"@type\":\"WebPage\",\"@id\":\"https:\/\/www.noticiasradioreflejos.com.ar\/2021\/trabajadores-del-casino-de-sierra-de-la-ventana-realizaran-un-paro-este-viernes\/\",\"url\":\"https:\/\/www.noticiasradioreflejos.com.ar\/2021\/trabajadores-del-casino-de-sierra-de-la-ventana-realizaran-un-paro-este-viernes\/\",\"name\":\"Trabajadores del casino de Sierra de la Ventana realizar\u00e1n un paro este viernes - Noticias Radio Reflejos\",\"isPartOf\":{\"@id\":\"https:\/\/www.noticiasradioreflejos.com.ar\/2021\/#website\"},\"datePublished\":\"2019-04-12T11:20:01+00:00\",\"author\":{\"@id\":\"https:\/\/www.noticiasradioreflejos.com.ar\/2021\/#\/schema\/person\/ad82545263dcc5ec0996818884fd5fb1\"},\"breadcrumb\":{\"@id\":\"https:\/\/www.noticiasradioreflejos.com.ar\/2021\/trabajadores-del-casino-de-sierra-de-la-ventana-realizaran-un-paro-este-viernes\/#breadcrumb\"},\"inLanguage\":\"es\",\"potentialAction\":[{\"@type\":\"ReadAction\",\"target\":[\"https:\/\/www.noticiasradioreflejos.com.ar\/2021\/trabajadores-del-casino-de-sierra-de-la-ventana-realizaran-un-paro-este-viernes\/\"]}]},{\"@type\":\"BreadcrumbList\",\"@id\":\"https:\/\/www.noticiasradioreflejos.com.ar\/2021\/trabajadores-del-casino-de-sierra-de-la-ventana-realizaran-un-paro-este-viernes\/#breadcrumb\",\"itemListElement\":[{\"@type\":\"ListItem\",\"position\":1,\"name\":\"Portada\",\"item\":\"https:\/\/www.noticiasradioreflejos.com.ar\/2021\/\"},{\"@type\":\"ListItem\",\"position\":2,\"name\":\"Trabajadores del casino de Sierra de la Ventana realizar\u00e1n un paro este viernes\"}]},{\"@type\":\"WebSite\",\"@id\":\"https:\/\/www.noticiasradioreflejos.com.ar\/2021\/#website\",\"url\":\"https:\/\/www.noticiasradioreflejos.com.ar\/2021\/\",\"name\":\"Noticias Radio Reflejos\",\"description\":\"Las noticias de mi comarca\",\"potentialAction\":[{\"@type\":\"SearchAction\",\"target\":{\"@type\":\"EntryPoint\",\"urlTemplate\":\"https:\/\/www.noticiasradioreflejos.com.ar\/2021\/?s={search_term_string}\"},\"query-input\":{\"@type\":\"PropertyValueSpecification\",\"valueRequired\":true,\"valueName\":\"search_term_string\"}}],\"inLanguage\":\"es\"},{\"@type\":\"Person\",\"@id\":\"https:\/\/www.noticiasradioreflejos.com.ar\/2021\/#\/schema\/person\/ad82545263dcc5ec0996818884fd5fb1\",\"name\":\"Arnaldo Botto\",\"image\":{\"@type\":\"ImageObject\",\"inLanguage\":\"es\",\"@id\":\"https:\/\/www.noticiasradioreflejos.com.ar\/2021\/#\/schema\/person\/image\/\",\"url\":\"https:\/\/secure.gravatar.com\/avatar\/55cb5e37c1efa326397366e6974cb338056df65cb50e7d64d1cf314e87504837?s=96&d=mm&r=g\",\"contentUrl\":\"https:\/\/secure.gravatar.com\/avatar\/55cb5e37c1efa326397366e6974cb338056df65cb50e7d64d1cf314e87504837?s=96&d=mm&r=g\",\"caption\":\"Arnaldo Botto\"},\"url\":\"https:\/\/www.noticiasradioreflejos.com.ar\/2021\/author\/arnaldo\/\"}]}<\/script>\n<!-- \/ Yoast SEO plugin. -->","yoast_head_json":{"title":"Trabajadores del casino de Sierra de la Ventana realizar\u00e1n un paro este viernes - Noticias Radio Reflejos","robots":{"index":"index","follow":"follow","max-snippet":"max-snippet:-1","max-image-preview":"max-image-preview:large","max-video-preview":"max-video-preview:-1"},"canonical":"https:\/\/www.noticiasradioreflejos.com.ar\/2021\/trabajadores-del-casino-de-sierra-de-la-ventana-realizaran-un-paro-este-viernes\/","og_locale":"es_ES","og_type":"article","og_title":"Trabajadores del casino de Sierra de la Ventana realizar\u00e1n un paro este viernes - Noticias Radio Reflejos","og_description":"La medida de fuerza es convocada por la Asociaci\u00f3n de Empleados de Casinos Nacionales. Este viernes la Asociaci\u00f3n de Empleados de Casinos Nacionales realizar\u00e1 un paro en los casinos de la provincia de Buenos Aires con epicentro en Mar del Plata. All\u00ed, realizar\u00e1n una movilizaci\u00f3n por las calles de la ciudad \u201ccontra las pol\u00edticas del [&hellip;]","og_url":"https:\/\/www.noticiasradioreflejos.com.ar\/2021\/trabajadores-del-casino-de-sierra-de-la-ventana-realizaran-un-paro-este-viernes\/","og_site_name":"Noticias Radio Reflejos","article_published_time":"2019-04-12T11:20:01+00:00","og_image":[{"width":300,"height":200,"url":"https:\/\/www.noticiasradioreflejos.com.ar\/2021\/wp-content\/uploads\/2021\/07\/logosol300x200.png","type":"image\/png"}],"author":"Arnaldo Botto","twitter_card":"summary_large_image","schema":{"@context":"https:\/\/schema.org","@graph":[{"@type":"WebPage","@id":"https:\/\/www.noticiasradioreflejos.com.ar\/2021\/trabajadores-del-casino-de-sierra-de-la-ventana-realizaran-un-paro-este-viernes\/","url":"https:\/\/www.noticiasradioreflejos.com.ar\/2021\/trabajadores-del-casino-de-sierra-de-la-ventana-realizaran-un-paro-este-viernes\/","name":"Trabajadores del casino de Sierra de la Ventana realizar\u00e1n un paro este viernes - Noticias Radio Reflejos","isPartOf":{"@id":"https:\/\/www.noticiasradioreflejos.com.ar\/2021\/#website"},"datePublished":"2019-04-12T11:20:01+00:00","author":{"@id":"https:\/\/www.noticiasradioreflejos.com.ar\/2021\/#\/schema\/person\/ad82545263dcc5ec0996818884fd5fb1"},"breadcrumb":{"@id":"https:\/\/www.noticiasradioreflejos.com.ar\/2021\/trabajadores-del-casino-de-sierra-de-la-ventana-realizaran-un-paro-este-viernes\/#breadcrumb"},"inLanguage":"es","potentialAction":[{"@type":"ReadAction","target":["https:\/\/www.noticiasradioreflejos.com.ar\/2021\/trabajadores-del-casino-de-sierra-de-la-ventana-realizaran-un-paro-este-viernes\/"]}]},{"@type":"BreadcrumbList","@id":"https:\/\/www.noticiasradioreflejos.com.ar\/2021\/trabajadores-del-casino-de-sierra-de-la-ventana-realizaran-un-paro-este-viernes\/#breadcrumb","itemListElement":[{"@type":"ListItem","position":1,"name":"Portada","item":"https:\/\/www.noticiasradioreflejos.com.ar\/2021\/"},{"@type":"ListItem","position":2,"name":"Trabajadores del casino de Sierra de la Ventana realizar\u00e1n un paro este viernes"}]},{"@type":"WebSite","@id":"https:\/\/www.noticiasradioreflejos.com.ar\/2021\/#website","url":"https:\/\/www.noticiasradioreflejos.com.ar\/2021\/","name":"Noticias Radio Reflejos","description":"Las noticias de mi comarca","potentialAction":[{"@type":"SearchAction","target":{"@type":"EntryPoint","urlTemplate":"https:\/\/www.noticiasradioreflejos.com.ar\/2021\/?s={search_term_string}"},"query-input":{"@type":"PropertyValueSpecification","valueRequired":true,"valueName":"search_term_string"}}],"inLanguage":"es"},{"@type":"Person","@id":"https:\/\/www.noticiasradioreflejos.com.ar\/2021\/#\/schema\/person\/ad82545263dcc5ec0996818884fd5fb1","name":"Arnaldo Botto","image":{"@type":"ImageObject","inLanguage":"es","@id":"https:\/\/www.noticiasradioreflejos.com.ar\/2021\/#\/schema\/person\/image\/","url":"https:\/\/secure.gravatar.com\/avatar\/55cb5e37c1efa326397366e6974cb338056df65cb50e7d64d1cf314e87504837?s=96&d=mm&r=g","contentUrl":"https:\/\/secure.gravatar.com\/avatar\/55cb5e37c1efa326397366e6974cb338056df65cb50e7d64d1cf314e87504837?s=96&d=mm&r=g","caption":"Arnaldo Botto"},"url":"https:\/\/www.noticiasradioreflejos.com.ar\/2021\/author\/arnaldo\/"}]}},"_links":{"self":[{"href":"https:\/\/www.noticiasradioreflejos.com.ar\/2021\/wp-json\/wp\/v2\/posts\/30528","targetHints":{"allow":["GET"]}}],"collection":[{"href":"https:\/\/www.noticiasradioreflejos.com.ar\/2021\/wp-json\/wp\/v2\/posts"}],"about":[{"href":"https:\/\/www.noticiasradioreflejos.com.ar\/2021\/wp-json\/wp\/v2\/types\/post"}],"author":[{"embeddable":true,"href":"https:\/\/www.noticiasradioreflejos.com.ar\/2021\/wp-json\/wp\/v2\/users\/3"}],"replies":[{"embeddable":true,"href":"https:\/\/www.noticiasradioreflejos.com.ar\/2021\/wp-json\/wp\/v2\/comments?post=30528"}],"version-history":[{"count":0,"href":"https:\/\/www.noticiasradioreflejos.com.ar\/2021\/wp-json\/wp\/v2\/posts\/30528\/revisions"}],"wp:attachment":[{"href":"https:\/\/www.noticiasradioreflejos.com.ar\/2021\/wp-json\/wp\/v2\/media?parent=30528"}],"wp:term":[{"taxonomy":"category","embeddable":true,"href":"https:\/\/www.noticiasradioreflejos.com.ar\/2021\/wp-json\/wp\/v2\/categories?post=30528"},{"taxonomy":"post_tag","embeddable":true,"href":"https:\/\/www.noticiasradioreflejos.com.ar\/2021\/wp-json\/wp\/v2\/tags?post=30528"}],"curies":[{"name":"wp","href":"https:\/\/api.w.org\/{rel}","templated":true}]}}