{"id":30505,"date":"2019-04-11T09:23:58","date_gmt":"2019-04-11T12:23:58","guid":{"rendered":"http:\/\/www.noticiasradioreflejos.com.ar\/noticias\/?p=30505"},"modified":"2019-04-11T09:23:58","modified_gmt":"2019-04-11T12:23:58","slug":"ate-realiza-una-panfleteada-en-el-consejo-escolar","status":"publish","type":"post","link":"https:\/\/www.noticiasradioreflejos.com.ar\/2021\/ate-realiza-una-panfleteada-en-el-consejo-escolar\/","title":{"rendered":"ATE realiza una panfleteada en el Consejo Escolar."},"content":{"rendered":"<p><a title=\"WhatsApp Image 2019-04-11 at 08.52.58\" href=\"http:\/\/live.staticflickr.com\/7872\/47532723852_39c735991d_s.jpg\" rel=\"\"><img loading=\"lazy\" decoding=\"async\" class=\"alignleft\" style=\"float: left;\" title=\"WhatsApp Image 2019-04-11 at 08.52.58\" src=\"http:\/\/live.staticflickr.com\/7872\/47532723852_39c735991d.jpg\" alt=\"WhatsApp Image 2019-04-11 at 08.52.58\" width=\"344\" height=\"500\" \/><\/a>Una movilizaci\u00f3n de directivos del sindicato Asociaci\u00f3n de Trabajadores del Estado al Consejo Escolar de Tornquist, se est\u00e1 produciendo en estos momentos.<br \/>\nEl hecho comenz\u00f3 cerca de la 9 de la ma\u00f1ana, cuando 15 directivos de ATE se hicieron presentes en las instalaciones del Consejo Escolar, en Av. Sarmiento 98 de la ciudad cabecera. Esto llega aparejado a lo sucedido el 29 de marzo pasado, cuando directivos y Consejeros escolares echaron de la Escuela N\u00b0 1 de Tornquist a Jos\u00e9 Reisvig, secretario adjunto ATE BAHIA BLANCA, que se present\u00f3 junto a Vanesa Baissetto, secretaria de actas y legales del gremio. <a href=\"http:\/\/www.noticiasradioreflejos.com.ar\/noticias\/index.php\/2019\/03\/29\/consejeros-escolares-y-autoridades-educativas-echaron-a-gremialistas-de-ate-de-la-escuela-1-de-tornquist\/\"><strong>Ver nota<\/strong><\/a><br \/>\nSe encuentran reunidos con la Presidenta del cuerpo.<br \/>\nAmpliaremos.<br \/>\n&nbsp;<br \/>\n<a title=\"WhatsApp Image 2019-04-11 at 09.08.02\" href=\"http:\/\/live.staticflickr.com\/7847\/33708713678_55896d3083_s.jpg\" rel=\"\"><img loading=\"lazy\" decoding=\"async\" class=\"aligncenter\" title=\"WhatsApp Image 2019-04-11 at 09.08.02\" src=\"http:\/\/live.staticflickr.com\/7847\/33708713678_55896d3083_z.jpg\" alt=\"WhatsApp Image 2019-04-11 at 09.08.02\" width=\"640\" height=\"480\" \/><\/a><br \/>\n<a title=\"WhatsApp Image 2019-04-11 at 08.54.20\" href=\"http:\/\/live.staticflickr.com\/7905\/33708713908_059753f314_s.jpg\" rel=\"\"><img loading=\"lazy\" decoding=\"async\" title=\"WhatsApp Image 2019-04-11 at 08.54.20\" src=\"http:\/\/live.staticflickr.com\/7905\/33708713908_059753f314_z.jpg\" alt=\"WhatsApp Image 2019-04-11 at 08.54.20\" width=\"580\" height=\"373\" \/><\/a><a title=\"WhatsApp Image 2019-04-11 at 08.54.27\" href=\"http:\/\/live.staticflickr.com\/7807\/33708713758_968d5d065d_s.jpg\" rel=\"\"><img loading=\"lazy\" decoding=\"async\" class=\"aligncenter\" title=\"WhatsApp Image 2019-04-11 at 08.54.27\" src=\"http:\/\/live.staticflickr.com\/7807\/33708713758_968d5d065d_z.jpg\" alt=\"WhatsApp Image 2019-04-11 at 08.54.27\" width=\"581\" height=\"433\" \/><\/a><a title=\"WhatsApp Image 2019-04-11 at 09.08.03\" href=\"http:\/\/live.staticflickr.com\/7902\/40619604633_2c80eea4e4_s.jpg\" rel=\"\"><img loading=\"lazy\" decoding=\"async\" class=\"aligncenter\" title=\"WhatsApp Image 2019-04-11 at 09.08.03\" src=\"http:\/\/live.staticflickr.com\/7902\/40619604633_2c80eea4e4_z.jpg\" alt=\"WhatsApp Image 2019-04-11 at 09.08.03\" width=\"640\" height=\"480\" \/><\/a><a title=\"WhatsApp Image 2019-04-11 at 09.08.27\" href=\"http:\/\/live.staticflickr.com\/7863\/40619604403_a448a6af4b_s.jpg\" rel=\"\"><img loading=\"lazy\" decoding=\"async\" class=\"aligncenter\" title=\"WhatsApp Image 2019-04-11 at 09.08.27\" src=\"http:\/\/live.staticflickr.com\/7863\/40619604403_a448a6af4b_z.jpg\" alt=\"WhatsApp Image 2019-04-11 at 09.08.27\" width=\"360\" height=\"640\" \/><\/a><br \/>\n&nbsp;<\/p>\n","protected":false},"excerpt":{"rendered":"<p>Una movilizaci\u00f3n de directivos del sindicato Asociaci\u00f3n de Trabajadores del Estado al Consejo Escolar de Tornquist, se est\u00e1 produciendo en estos momentos. El hecho comenz\u00f3 cerca de la 9 de la ma\u00f1ana, cuando 15 directivos de ATE se hicieron presentes en las instalaciones del Consejo Escolar, en Av. Sarmiento 98 de la ciudad cabecera. Esto [&hellip;]<\/p>\n","protected":false},"author":3,"featured_media":0,"comment_status":"closed","ping_status":"open","sticky":false,"template":"","format":"standard","meta":{"footnotes":""},"categories":[34],"tags":[],"class_list":["post-30505","post","type-post","status-publish","format-standard","hentry","category-educacion"],"yoast_head":"<!-- This site is optimized with the Yoast SEO plugin v25.9 - https:\/\/yoast.com\/wordpress\/plugins\/seo\/ -->\n<title>ATE realiza una panfleteada en el Consejo Escolar. - Noticias Radio Reflejos<\/title>\n<meta name=\"robots\" content=\"index, follow, max-snippet:-1, max-image-preview:large, max-video-preview:-1\" \/>\n<link rel=\"canonical\" href=\"https:\/\/www.noticiasradioreflejos.com.ar\/2021\/ate-realiza-una-panfleteada-en-el-consejo-escolar\/\" \/>\n<meta property=\"og:locale\" content=\"es_ES\" \/>\n<meta property=\"og:type\" content=\"article\" \/>\n<meta property=\"og:title\" content=\"ATE realiza una panfleteada en el Consejo Escolar. - Noticias Radio Reflejos\" \/>\n<meta property=\"og:description\" content=\"Una movilizaci\u00f3n de directivos del sindicato Asociaci\u00f3n de Trabajadores del Estado al Consejo Escolar de Tornquist, se est\u00e1 produciendo en estos momentos. El hecho comenz\u00f3 cerca de la 9 de la ma\u00f1ana, cuando 15 directivos de ATE se hicieron presentes en las instalaciones del Consejo Escolar, en Av. Sarmiento 98 de la ciudad cabecera. Esto [&hellip;]\" \/>\n<meta property=\"og:url\" content=\"https:\/\/www.noticiasradioreflejos.com.ar\/2021\/ate-realiza-una-panfleteada-en-el-consejo-escolar\/\" \/>\n<meta property=\"og:site_name\" content=\"Noticias Radio Reflejos\" \/>\n<meta property=\"article:published_time\" content=\"2019-04-11T12:23:58+00:00\" \/>\n<meta property=\"og:image\" content=\"http:\/\/live.staticflickr.com\/7872\/47532723852_39c735991d.jpg\" \/>\n<meta name=\"author\" content=\"Arnaldo Botto\" \/>\n<meta name=\"twitter:card\" content=\"summary_large_image\" \/>\n<script type=\"application\/ld+json\" class=\"yoast-schema-graph\">{\"@context\":\"https:\/\/schema.org\",\"@graph\":[{\"@type\":\"WebPage\",\"@id\":\"https:\/\/www.noticiasradioreflejos.com.ar\/2021\/ate-realiza-una-panfleteada-en-el-consejo-escolar\/\",\"url\":\"https:\/\/www.noticiasradioreflejos.com.ar\/2021\/ate-realiza-una-panfleteada-en-el-consejo-escolar\/\",\"name\":\"ATE realiza una panfleteada en el Consejo Escolar. - Noticias Radio Reflejos\",\"isPartOf\":{\"@id\":\"https:\/\/www.noticiasradioreflejos.com.ar\/2021\/#website\"},\"primaryImageOfPage\":{\"@id\":\"https:\/\/www.noticiasradioreflejos.com.ar\/2021\/ate-realiza-una-panfleteada-en-el-consejo-escolar\/#primaryimage\"},\"image\":{\"@id\":\"https:\/\/www.noticiasradioreflejos.com.ar\/2021\/ate-realiza-una-panfleteada-en-el-consejo-escolar\/#primaryimage\"},\"thumbnailUrl\":\"http:\/\/live.staticflickr.com\/7872\/47532723852_39c735991d.jpg\",\"datePublished\":\"2019-04-11T12:23:58+00:00\",\"author\":{\"@id\":\"https:\/\/www.noticiasradioreflejos.com.ar\/2021\/#\/schema\/person\/ad82545263dcc5ec0996818884fd5fb1\"},\"breadcrumb\":{\"@id\":\"https:\/\/www.noticiasradioreflejos.com.ar\/2021\/ate-realiza-una-panfleteada-en-el-consejo-escolar\/#breadcrumb\"},\"inLanguage\":\"es\",\"potentialAction\":[{\"@type\":\"ReadAction\",\"target\":[\"https:\/\/www.noticiasradioreflejos.com.ar\/2021\/ate-realiza-una-panfleteada-en-el-consejo-escolar\/\"]}]},{\"@type\":\"ImageObject\",\"inLanguage\":\"es\",\"@id\":\"https:\/\/www.noticiasradioreflejos.com.ar\/2021\/ate-realiza-una-panfleteada-en-el-consejo-escolar\/#primaryimage\",\"url\":\"http:\/\/live.staticflickr.com\/7872\/47532723852_39c735991d.jpg\",\"contentUrl\":\"http:\/\/live.staticflickr.com\/7872\/47532723852_39c735991d.jpg\"},{\"@type\":\"BreadcrumbList\",\"@id\":\"https:\/\/www.noticiasradioreflejos.com.ar\/2021\/ate-realiza-una-panfleteada-en-el-consejo-escolar\/#breadcrumb\",\"itemListElement\":[{\"@type\":\"ListItem\",\"position\":1,\"name\":\"Portada\",\"item\":\"https:\/\/www.noticiasradioreflejos.com.ar\/2021\/\"},{\"@type\":\"ListItem\",\"position\":2,\"name\":\"ATE realiza una panfleteada en el Consejo Escolar.\"}]},{\"@type\":\"WebSite\",\"@id\":\"https:\/\/www.noticiasradioreflejos.com.ar\/2021\/#website\",\"url\":\"https:\/\/www.noticiasradioreflejos.com.ar\/2021\/\",\"name\":\"Noticias Radio Reflejos\",\"description\":\"Las noticias de mi comarca\",\"potentialAction\":[{\"@type\":\"SearchAction\",\"target\":{\"@type\":\"EntryPoint\",\"urlTemplate\":\"https:\/\/www.noticiasradioreflejos.com.ar\/2021\/?s={search_term_string}\"},\"query-input\":{\"@type\":\"PropertyValueSpecification\",\"valueRequired\":true,\"valueName\":\"search_term_string\"}}],\"inLanguage\":\"es\"},{\"@type\":\"Person\",\"@id\":\"https:\/\/www.noticiasradioreflejos.com.ar\/2021\/#\/schema\/person\/ad82545263dcc5ec0996818884fd5fb1\",\"name\":\"Arnaldo Botto\",\"image\":{\"@type\":\"ImageObject\",\"inLanguage\":\"es\",\"@id\":\"https:\/\/www.noticiasradioreflejos.com.ar\/2021\/#\/schema\/person\/image\/\",\"url\":\"https:\/\/secure.gravatar.com\/avatar\/55cb5e37c1efa326397366e6974cb338056df65cb50e7d64d1cf314e87504837?s=96&d=mm&r=g\",\"contentUrl\":\"https:\/\/secure.gravatar.com\/avatar\/55cb5e37c1efa326397366e6974cb338056df65cb50e7d64d1cf314e87504837?s=96&d=mm&r=g\",\"caption\":\"Arnaldo Botto\"},\"url\":\"https:\/\/www.noticiasradioreflejos.com.ar\/2021\/author\/arnaldo\/\"}]}<\/script>\n<!-- \/ Yoast SEO plugin. -->","yoast_head_json":{"title":"ATE realiza una panfleteada en el Consejo Escolar. - Noticias Radio Reflejos","robots":{"index":"index","follow":"follow","max-snippet":"max-snippet:-1","max-image-preview":"max-image-preview:large","max-video-preview":"max-video-preview:-1"},"canonical":"https:\/\/www.noticiasradioreflejos.com.ar\/2021\/ate-realiza-una-panfleteada-en-el-consejo-escolar\/","og_locale":"es_ES","og_type":"article","og_title":"ATE realiza una panfleteada en el Consejo Escolar. - Noticias Radio Reflejos","og_description":"Una movilizaci\u00f3n de directivos del sindicato Asociaci\u00f3n de Trabajadores del Estado al Consejo Escolar de Tornquist, se est\u00e1 produciendo en estos momentos. El hecho comenz\u00f3 cerca de la 9 de la ma\u00f1ana, cuando 15 directivos de ATE se hicieron presentes en las instalaciones del Consejo Escolar, en Av. Sarmiento 98 de la ciudad cabecera. Esto [&hellip;]","og_url":"https:\/\/www.noticiasradioreflejos.com.ar\/2021\/ate-realiza-una-panfleteada-en-el-consejo-escolar\/","og_site_name":"Noticias Radio Reflejos","article_published_time":"2019-04-11T12:23:58+00:00","og_image":[{"url":"http:\/\/live.staticflickr.com\/7872\/47532723852_39c735991d.jpg","type":"","width":"","height":""}],"author":"Arnaldo Botto","twitter_card":"summary_large_image","schema":{"@context":"https:\/\/schema.org","@graph":[{"@type":"WebPage","@id":"https:\/\/www.noticiasradioreflejos.com.ar\/2021\/ate-realiza-una-panfleteada-en-el-consejo-escolar\/","url":"https:\/\/www.noticiasradioreflejos.com.ar\/2021\/ate-realiza-una-panfleteada-en-el-consejo-escolar\/","name":"ATE realiza una panfleteada en el Consejo Escolar. - Noticias Radio Reflejos","isPartOf":{"@id":"https:\/\/www.noticiasradioreflejos.com.ar\/2021\/#website"},"primaryImageOfPage":{"@id":"https:\/\/www.noticiasradioreflejos.com.ar\/2021\/ate-realiza-una-panfleteada-en-el-consejo-escolar\/#primaryimage"},"image":{"@id":"https:\/\/www.noticiasradioreflejos.com.ar\/2021\/ate-realiza-una-panfleteada-en-el-consejo-escolar\/#primaryimage"},"thumbnailUrl":"http:\/\/live.staticflickr.com\/7872\/47532723852_39c735991d.jpg","datePublished":"2019-04-11T12:23:58+00:00","author":{"@id":"https:\/\/www.noticiasradioreflejos.com.ar\/2021\/#\/schema\/person\/ad82545263dcc5ec0996818884fd5fb1"},"breadcrumb":{"@id":"https:\/\/www.noticiasradioreflejos.com.ar\/2021\/ate-realiza-una-panfleteada-en-el-consejo-escolar\/#breadcrumb"},"inLanguage":"es","potentialAction":[{"@type":"ReadAction","target":["https:\/\/www.noticiasradioreflejos.com.ar\/2021\/ate-realiza-una-panfleteada-en-el-consejo-escolar\/"]}]},{"@type":"ImageObject","inLanguage":"es","@id":"https:\/\/www.noticiasradioreflejos.com.ar\/2021\/ate-realiza-una-panfleteada-en-el-consejo-escolar\/#primaryimage","url":"http:\/\/live.staticflickr.com\/7872\/47532723852_39c735991d.jpg","contentUrl":"http:\/\/live.staticflickr.com\/7872\/47532723852_39c735991d.jpg"},{"@type":"BreadcrumbList","@id":"https:\/\/www.noticiasradioreflejos.com.ar\/2021\/ate-realiza-una-panfleteada-en-el-consejo-escolar\/#breadcrumb","itemListElement":[{"@type":"ListItem","position":1,"name":"Portada","item":"https:\/\/www.noticiasradioreflejos.com.ar\/2021\/"},{"@type":"ListItem","position":2,"name":"ATE realiza una panfleteada en el Consejo Escolar."}]},{"@type":"WebSite","@id":"https:\/\/www.noticiasradioreflejos.com.ar\/2021\/#website","url":"https:\/\/www.noticiasradioreflejos.com.ar\/2021\/","name":"Noticias Radio Reflejos","description":"Las noticias de mi comarca","potentialAction":[{"@type":"SearchAction","target":{"@type":"EntryPoint","urlTemplate":"https:\/\/www.noticiasradioreflejos.com.ar\/2021\/?s={search_term_string}"},"query-input":{"@type":"PropertyValueSpecification","valueRequired":true,"valueName":"search_term_string"}}],"inLanguage":"es"},{"@type":"Person","@id":"https:\/\/www.noticiasradioreflejos.com.ar\/2021\/#\/schema\/person\/ad82545263dcc5ec0996818884fd5fb1","name":"Arnaldo Botto","image":{"@type":"ImageObject","inLanguage":"es","@id":"https:\/\/www.noticiasradioreflejos.com.ar\/2021\/#\/schema\/person\/image\/","url":"https:\/\/secure.gravatar.com\/avatar\/55cb5e37c1efa326397366e6974cb338056df65cb50e7d64d1cf314e87504837?s=96&d=mm&r=g","contentUrl":"https:\/\/secure.gravatar.com\/avatar\/55cb5e37c1efa326397366e6974cb338056df65cb50e7d64d1cf314e87504837?s=96&d=mm&r=g","caption":"Arnaldo Botto"},"url":"https:\/\/www.noticiasradioreflejos.com.ar\/2021\/author\/arnaldo\/"}]}},"_links":{"self":[{"href":"https:\/\/www.noticiasradioreflejos.com.ar\/2021\/wp-json\/wp\/v2\/posts\/30505","targetHints":{"allow":["GET"]}}],"collection":[{"href":"https:\/\/www.noticiasradioreflejos.com.ar\/2021\/wp-json\/wp\/v2\/posts"}],"about":[{"href":"https:\/\/www.noticiasradioreflejos.com.ar\/2021\/wp-json\/wp\/v2\/types\/post"}],"author":[{"embeddable":true,"href":"https:\/\/www.noticiasradioreflejos.com.ar\/2021\/wp-json\/wp\/v2\/users\/3"}],"replies":[{"embeddable":true,"href":"https:\/\/www.noticiasradioreflejos.com.ar\/2021\/wp-json\/wp\/v2\/comments?post=30505"}],"version-history":[{"count":0,"href":"https:\/\/www.noticiasradioreflejos.com.ar\/2021\/wp-json\/wp\/v2\/posts\/30505\/revisions"}],"wp:attachment":[{"href":"https:\/\/www.noticiasradioreflejos.com.ar\/2021\/wp-json\/wp\/v2\/media?parent=30505"}],"wp:term":[{"taxonomy":"category","embeddable":true,"href":"https:\/\/www.noticiasradioreflejos.com.ar\/2021\/wp-json\/wp\/v2\/categories?post=30505"},{"taxonomy":"post_tag","embeddable":true,"href":"https:\/\/www.noticiasradioreflejos.com.ar\/2021\/wp-json\/wp\/v2\/tags?post=30505"}],"curies":[{"name":"wp","href":"https:\/\/api.w.org\/{rel}","templated":true}]}}