{"id":30503,"date":"2019-04-11T07:40:08","date_gmt":"2019-04-11T10:40:08","guid":{"rendered":"http:\/\/www.noticiasradioreflejos.com.ar\/noticias\/?p=30503"},"modified":"2019-04-11T07:40:08","modified_gmt":"2019-04-11T10:40:08","slug":"se-te-quemaron-los-papeles","status":"publish","type":"post","link":"https:\/\/www.noticiasradioreflejos.com.ar\/2021\/se-te-quemaron-los-papeles\/","title":{"rendered":"&quot;Se te quemaron los papeles&quot;"},"content":{"rendered":"<p>Carta de lectores del Sr. <strong>Jos\u00e8 Luis Medina<\/strong>: Cuando no tenes argumentos ,ideas e inteligencia para resolver los problemas de la gente ,empieza aparecer la VIOLENCIA.-<!--more--><br \/>\n Ya hace rato que vienen ocurriendo distintos comportamientos de distintos FUNCIONARIOS de la gesti\u00f3n CAMBIEMOS con BORDONI a la cabeza ,siguiendo por su lazarillo GABELLA  demostrando que son insensibles a cuanto reclamo se les plantea ,soberbios por que se creen DUE\u00d1OS de NUESTRO MUNICIPIO ,perversos por que se burlan del vecino MINTIENDO ,sabiendo que no le resuelven NADA.- Ahora empezaron a mostrar sus incapacidades contestando a los gritos ,pero siendo sincero NO ME EXTRA\u00d1A ABSOLUTAMENTE NADA.- Han demostrado en cuatro a\u00f1os que les qued\u00f3 grande el lugar que ocupan ,que nos hablaron desde la MENTIRA y hoy que se les cay\u00f3 la careta ,se ENOJAN ,por eso cuando decimos MACRI-VIDAL-BORDONI SON LO MISMO no nos equivocamos ,por que el primero nos llev\u00f3 al peor desastre que se tenga memoria (Tarifazos Luz ,Gas ete etc impagables ,una econom\u00eda destruida ,la segunda aportes truchos ,paritarias controladas y a la baja ,ah alguien vio los arreglos en la ruta 76??? Bacheos profundos???? Nos ningunea en todos los  spot  publicitarios sobre turismo y de BORDONI que te puedo decir ,viviendas sociales sin hacer ,puente sin construir ,guardarrail en el dique de Villa Ventana sin hacer ,basural en el ex Club Hotel Villa Ventana ,etc etc .- Ni hablemos de la situaci\u00f3n social de muchas familias que cometieron el \u00abpecado\u00bb de venir a vivir a nuestra Comarca y como no cumplen con el rid\u00edculo argumento que no hace dos a\u00f1os que residen aqu\u00ed NO SE LE OTORGA NINGUNA AYUDA ,RID\u00cdCULO ,INSENSIBLES.- Eso s\u00ed para reaccionar como MACHIRULOS son unos capos.- Toda la energ\u00eda que usan para gritar a la gente tendr\u00edan que usarla para SOLUCIONAR los dramas y problemas de los vecinos ,que con sus impuestos les PAGAN sus SUELDOS ,JUSTIFIQUEN LO COBRADO y dejen de VIOLENTARSE ,usen algo que se llama CEREBRO!!!!!<br \/>\nMedina Jos\u00e9 Luis<br \/>\nVilla Ventana<\/p>\n","protected":false},"excerpt":{"rendered":"<p>Carta de lectores del Sr. Jos\u00e8 Luis Medina: Cuando no tenes argumentos ,ideas e inteligencia para resolver los problemas de la gente ,empieza aparecer la VIOLENCIA.-<\/p>\n","protected":false},"author":3,"featured_media":0,"comment_status":"closed","ping_status":"open","sticky":false,"template":"","format":"standard","meta":{"footnotes":""},"categories":[26],"tags":[],"class_list":["post-30503","post","type-post","status-publish","format-standard","hentry","category-sociedad"],"yoast_head":"<!-- This site is optimized with the Yoast SEO plugin v25.9 - https:\/\/yoast.com\/wordpress\/plugins\/seo\/ -->\n<title>&quot;Se te quemaron los papeles&quot; - Noticias Radio Reflejos<\/title>\n<meta name=\"robots\" content=\"index, follow, max-snippet:-1, max-image-preview:large, max-video-preview:-1\" \/>\n<link rel=\"canonical\" href=\"https:\/\/www.noticiasradioreflejos.com.ar\/2021\/se-te-quemaron-los-papeles\/\" \/>\n<meta property=\"og:locale\" content=\"es_ES\" \/>\n<meta property=\"og:type\" content=\"article\" \/>\n<meta property=\"og:title\" content=\"&quot;Se te quemaron los papeles&quot; - Noticias Radio Reflejos\" \/>\n<meta property=\"og:description\" content=\"Carta de lectores del Sr. Jos\u00e8 Luis Medina: Cuando no tenes argumentos ,ideas e inteligencia para resolver los problemas de la gente ,empieza aparecer la VIOLENCIA.-\" \/>\n<meta property=\"og:url\" content=\"https:\/\/www.noticiasradioreflejos.com.ar\/2021\/se-te-quemaron-los-papeles\/\" \/>\n<meta property=\"og:site_name\" content=\"Noticias Radio Reflejos\" \/>\n<meta property=\"article:published_time\" content=\"2019-04-11T10:40:08+00:00\" \/>\n<meta property=\"og:image\" content=\"https:\/\/www.noticiasradioreflejos.com.ar\/2021\/wp-content\/uploads\/2018\/04\/carta_lector_1.jpg\" \/>\n\t<meta property=\"og:image:width\" content=\"935\" \/>\n\t<meta property=\"og:image:height\" content=\"595\" \/>\n\t<meta property=\"og:image:type\" content=\"image\/jpeg\" \/>\n<meta name=\"author\" content=\"Arnaldo Botto\" \/>\n<meta name=\"twitter:card\" content=\"summary_large_image\" \/>\n<script type=\"application\/ld+json\" class=\"yoast-schema-graph\">{\"@context\":\"https:\/\/schema.org\",\"@graph\":[{\"@type\":\"WebPage\",\"@id\":\"https:\/\/www.noticiasradioreflejos.com.ar\/2021\/se-te-quemaron-los-papeles\/\",\"url\":\"https:\/\/www.noticiasradioreflejos.com.ar\/2021\/se-te-quemaron-los-papeles\/\",\"name\":\"&quot;Se te quemaron los papeles&quot; - Noticias Radio Reflejos\",\"isPartOf\":{\"@id\":\"https:\/\/www.noticiasradioreflejos.com.ar\/2021\/#website\"},\"datePublished\":\"2019-04-11T10:40:08+00:00\",\"author\":{\"@id\":\"https:\/\/www.noticiasradioreflejos.com.ar\/2021\/#\/schema\/person\/ad82545263dcc5ec0996818884fd5fb1\"},\"breadcrumb\":{\"@id\":\"https:\/\/www.noticiasradioreflejos.com.ar\/2021\/se-te-quemaron-los-papeles\/#breadcrumb\"},\"inLanguage\":\"es\",\"potentialAction\":[{\"@type\":\"ReadAction\",\"target\":[\"https:\/\/www.noticiasradioreflejos.com.ar\/2021\/se-te-quemaron-los-papeles\/\"]}]},{\"@type\":\"BreadcrumbList\",\"@id\":\"https:\/\/www.noticiasradioreflejos.com.ar\/2021\/se-te-quemaron-los-papeles\/#breadcrumb\",\"itemListElement\":[{\"@type\":\"ListItem\",\"position\":1,\"name\":\"Portada\",\"item\":\"https:\/\/www.noticiasradioreflejos.com.ar\/2021\/\"},{\"@type\":\"ListItem\",\"position\":2,\"name\":\"&quot;Se te quemaron los papeles&quot;\"}]},{\"@type\":\"WebSite\",\"@id\":\"https:\/\/www.noticiasradioreflejos.com.ar\/2021\/#website\",\"url\":\"https:\/\/www.noticiasradioreflejos.com.ar\/2021\/\",\"name\":\"Noticias Radio Reflejos\",\"description\":\"Las noticias de mi comarca\",\"potentialAction\":[{\"@type\":\"SearchAction\",\"target\":{\"@type\":\"EntryPoint\",\"urlTemplate\":\"https:\/\/www.noticiasradioreflejos.com.ar\/2021\/?s={search_term_string}\"},\"query-input\":{\"@type\":\"PropertyValueSpecification\",\"valueRequired\":true,\"valueName\":\"search_term_string\"}}],\"inLanguage\":\"es\"},{\"@type\":\"Person\",\"@id\":\"https:\/\/www.noticiasradioreflejos.com.ar\/2021\/#\/schema\/person\/ad82545263dcc5ec0996818884fd5fb1\",\"name\":\"Arnaldo Botto\",\"image\":{\"@type\":\"ImageObject\",\"inLanguage\":\"es\",\"@id\":\"https:\/\/www.noticiasradioreflejos.com.ar\/2021\/#\/schema\/person\/image\/\",\"url\":\"https:\/\/secure.gravatar.com\/avatar\/55cb5e37c1efa326397366e6974cb338056df65cb50e7d64d1cf314e87504837?s=96&d=mm&r=g\",\"contentUrl\":\"https:\/\/secure.gravatar.com\/avatar\/55cb5e37c1efa326397366e6974cb338056df65cb50e7d64d1cf314e87504837?s=96&d=mm&r=g\",\"caption\":\"Arnaldo Botto\"},\"url\":\"https:\/\/www.noticiasradioreflejos.com.ar\/2021\/author\/arnaldo\/\"}]}<\/script>\n<!-- \/ Yoast SEO plugin. -->","yoast_head_json":{"title":"&quot;Se te quemaron los papeles&quot; - Noticias Radio Reflejos","robots":{"index":"index","follow":"follow","max-snippet":"max-snippet:-1","max-image-preview":"max-image-preview:large","max-video-preview":"max-video-preview:-1"},"canonical":"https:\/\/www.noticiasradioreflejos.com.ar\/2021\/se-te-quemaron-los-papeles\/","og_locale":"es_ES","og_type":"article","og_title":"&quot;Se te quemaron los papeles&quot; - Noticias Radio Reflejos","og_description":"Carta de lectores del Sr. Jos\u00e8 Luis Medina: Cuando no tenes argumentos ,ideas e inteligencia para resolver los problemas de la gente ,empieza aparecer la VIOLENCIA.-","og_url":"https:\/\/www.noticiasradioreflejos.com.ar\/2021\/se-te-quemaron-los-papeles\/","og_site_name":"Noticias Radio Reflejos","article_published_time":"2019-04-11T10:40:08+00:00","og_image":[{"width":935,"height":595,"url":"https:\/\/www.noticiasradioreflejos.com.ar\/2021\/wp-content\/uploads\/2018\/04\/carta_lector_1.jpg","type":"image\/jpeg"}],"author":"Arnaldo Botto","twitter_card":"summary_large_image","schema":{"@context":"https:\/\/schema.org","@graph":[{"@type":"WebPage","@id":"https:\/\/www.noticiasradioreflejos.com.ar\/2021\/se-te-quemaron-los-papeles\/","url":"https:\/\/www.noticiasradioreflejos.com.ar\/2021\/se-te-quemaron-los-papeles\/","name":"&quot;Se te quemaron los papeles&quot; - Noticias Radio Reflejos","isPartOf":{"@id":"https:\/\/www.noticiasradioreflejos.com.ar\/2021\/#website"},"datePublished":"2019-04-11T10:40:08+00:00","author":{"@id":"https:\/\/www.noticiasradioreflejos.com.ar\/2021\/#\/schema\/person\/ad82545263dcc5ec0996818884fd5fb1"},"breadcrumb":{"@id":"https:\/\/www.noticiasradioreflejos.com.ar\/2021\/se-te-quemaron-los-papeles\/#breadcrumb"},"inLanguage":"es","potentialAction":[{"@type":"ReadAction","target":["https:\/\/www.noticiasradioreflejos.com.ar\/2021\/se-te-quemaron-los-papeles\/"]}]},{"@type":"BreadcrumbList","@id":"https:\/\/www.noticiasradioreflejos.com.ar\/2021\/se-te-quemaron-los-papeles\/#breadcrumb","itemListElement":[{"@type":"ListItem","position":1,"name":"Portada","item":"https:\/\/www.noticiasradioreflejos.com.ar\/2021\/"},{"@type":"ListItem","position":2,"name":"&quot;Se te quemaron los papeles&quot;"}]},{"@type":"WebSite","@id":"https:\/\/www.noticiasradioreflejos.com.ar\/2021\/#website","url":"https:\/\/www.noticiasradioreflejos.com.ar\/2021\/","name":"Noticias Radio Reflejos","description":"Las noticias de mi comarca","potentialAction":[{"@type":"SearchAction","target":{"@type":"EntryPoint","urlTemplate":"https:\/\/www.noticiasradioreflejos.com.ar\/2021\/?s={search_term_string}"},"query-input":{"@type":"PropertyValueSpecification","valueRequired":true,"valueName":"search_term_string"}}],"inLanguage":"es"},{"@type":"Person","@id":"https:\/\/www.noticiasradioreflejos.com.ar\/2021\/#\/schema\/person\/ad82545263dcc5ec0996818884fd5fb1","name":"Arnaldo Botto","image":{"@type":"ImageObject","inLanguage":"es","@id":"https:\/\/www.noticiasradioreflejos.com.ar\/2021\/#\/schema\/person\/image\/","url":"https:\/\/secure.gravatar.com\/avatar\/55cb5e37c1efa326397366e6974cb338056df65cb50e7d64d1cf314e87504837?s=96&d=mm&r=g","contentUrl":"https:\/\/secure.gravatar.com\/avatar\/55cb5e37c1efa326397366e6974cb338056df65cb50e7d64d1cf314e87504837?s=96&d=mm&r=g","caption":"Arnaldo Botto"},"url":"https:\/\/www.noticiasradioreflejos.com.ar\/2021\/author\/arnaldo\/"}]}},"_links":{"self":[{"href":"https:\/\/www.noticiasradioreflejos.com.ar\/2021\/wp-json\/wp\/v2\/posts\/30503","targetHints":{"allow":["GET"]}}],"collection":[{"href":"https:\/\/www.noticiasradioreflejos.com.ar\/2021\/wp-json\/wp\/v2\/posts"}],"about":[{"href":"https:\/\/www.noticiasradioreflejos.com.ar\/2021\/wp-json\/wp\/v2\/types\/post"}],"author":[{"embeddable":true,"href":"https:\/\/www.noticiasradioreflejos.com.ar\/2021\/wp-json\/wp\/v2\/users\/3"}],"replies":[{"embeddable":true,"href":"https:\/\/www.noticiasradioreflejos.com.ar\/2021\/wp-json\/wp\/v2\/comments?post=30503"}],"version-history":[{"count":0,"href":"https:\/\/www.noticiasradioreflejos.com.ar\/2021\/wp-json\/wp\/v2\/posts\/30503\/revisions"}],"wp:attachment":[{"href":"https:\/\/www.noticiasradioreflejos.com.ar\/2021\/wp-json\/wp\/v2\/media?parent=30503"}],"wp:term":[{"taxonomy":"category","embeddable":true,"href":"https:\/\/www.noticiasradioreflejos.com.ar\/2021\/wp-json\/wp\/v2\/categories?post=30503"},{"taxonomy":"post_tag","embeddable":true,"href":"https:\/\/www.noticiasradioreflejos.com.ar\/2021\/wp-json\/wp\/v2\/tags?post=30503"}],"curies":[{"name":"wp","href":"https:\/\/api.w.org\/{rel}","templated":true}]}}