{"id":30490,"date":"2019-04-10T14:38:36","date_gmt":"2019-04-10T17:38:36","guid":{"rendered":"http:\/\/www.noticiasradioreflejos.com.ar\/noticias\/?p=30490"},"modified":"2019-04-10T14:38:36","modified_gmt":"2019-04-10T17:38:36","slug":"no-tuve-ningun-tipo-de-contacto-fisico-con-nadie-de-metodos-violentos-ezequiel-gabella","status":"publish","type":"post","link":"https:\/\/www.noticiasradioreflejos.com.ar\/2021\/no-tuve-ningun-tipo-de-contacto-fisico-con-nadie-de-metodos-violentos-ezequiel-gabella\/","title":{"rendered":"&quot;No tuve ning\u00fan tipo de contacto f\u00edsico con nadie de m\u00e9todos violentos&quot; Ezequiel Gabella."},"content":{"rendered":"<p>El Secretario de Gobierno y Hacienda de Tornquist Municipio \u00a0 <strong>Ezequiel Gabella<\/strong>, desminti\u00f3 la acusaci\u00f3n realizada esta ma\u00f1ana por el Sr. Alberto Krause en nuestro medio. En una comunicaci\u00f3n telef\u00f3nica, el funcionario explic\u00f3 claramente c\u00f3mo se suscit\u00f3 el entredicho, con tres mujeres que fueron a reclamar por la entrega de terrenos que pertenecieron a su familia.<!--more--><br \/>\n\u00abSorprendido por lo que este se\u00f1or dice, mas le resta seriedad, el hecho que \u00e9l, no lo vivi\u00f3, sino que se basa en que otra persona le dijo a \u00e9l, lo que hab\u00eda pasado\u00bb esgrimi\u00f3 el funcionario en el inicio. \u00abSi ellos hubiesen estado convencidos, de una actitud reprochable de mi parte, hubiera ameritado una denuncia\u00bb descarg\u00f3 Gabella considerando:\u00bb que no deja de ser un trascendido\u00bb por las expresiones radiales de Krause.<br \/>\nLuego de dar detalles t\u00e9cnicos sobre los derechos del municipio sobre los terrenos que son parte del reclamo de las hermanas Rueda, Gabella asegura \u00abDesde hace dos o tres a\u00f1os que insisten en un reclamo\u00bb. Los terrenos es cuesti\u00f3n pertenecieron en una parte,\u00a0 a antiguos familiares de Nora, Marta y Susana Rueda, quienes no son habitantes de la localidad.<br \/>\n\u00abCon fecha 24 de agosto del 2010, se dicta la prescripci\u00f3n administrativa en favor del municipio, gesti\u00f3n del ex intendente Gustavo Trankels\u00bb explica Ezequiel,\u00a0 dejando en claro que \u00ablo m\u00e1ximo que existe legalmente en documentaci\u00f3n, que avale una propiedad es una escritura\u00bb en este caso puntual, est\u00e1 determinado por escribano p\u00fablico que esa manzana pertenece al municipio.<br \/>\nEl Secretario detalla durante la comunicaci\u00f3n todo lo referente al destino de la Manzana 95 de la localidad de Saldungaray, la que se subdividi\u00f3 en dos parcelas, \u00ab95A\u00bb y \u00ab95B\u00bb, construy\u00e9ndose en la primera 25 viviendas de un programa del estado y siendo repartidos los terrenos restantes por la gesti\u00f3n anterior.<br \/>\n\u00abEstas se\u00f1oras, ayer primero iniciamos una charla en mesa de entradas y posteriormente las invit\u00e9 amablemente a charlar en mi despacho\u00bb describe Gabella, donde les brind\u00f3 todas las explicaciones habidas a su reclamo, que les prometi\u00f3 enviar copia de la escritura y que el di\u00e1logo ya no ten\u00eda m\u00e1s sentido, que de acuerdo a su criterio, deber\u00edan seguir v\u00eda judicial con el mismo.<br \/>\nAnte la insistencia de las hermanas, el funcionario las invit\u00f3 a retirarse, sin embargo y de acuerdo a lo que manifiesta Gabella, dos de ellas se expresaron con amenazas diciendo: \u00abSi no nos vamos con una respuesta al respecto, vamos a publicarlo en los medios\u00bb.<br \/>\n\u00abAnte lo cual, sin alzar la voz y sin tener ninguna actitud reprochable de mi parte, les pido que se retiren de mi despacho\u00bb asegura el funcionario dici\u00e9ndoles \u00abNo me gusta que me amenzen\u00bb.<br \/>\n\u00abNo tuve ning\u00fan tipo de contacto f\u00edsico con nadie de m\u00e9todos violentos\u00bb expresa Gabella destacando que:\u00bbLa violencia f\u00edsica es la forma de expresarse de quienes no tienen la posibilidad de hacerlo mediante la palabra\u00bb.<br \/>\n<iframe loading=\"lazy\" src=\"https:\/\/w.soundcloud.com\/player\/?url=https%3A\/\/api.soundcloud.com\/tracks\/603922683&amp;color=%23ff5500&amp;auto_play=false&amp;hide_related=false&amp;show_comments=true&amp;show_user=true&amp;show_reposts=false&amp;show_teaser=true\" width=\"100%\" height=\"166\" frameborder=\"no\" scrolling=\"no\"><\/iframe><br \/>\n<strong>Escritura<\/strong> :\u00a0<a href=\"http:\/\/www.noticiasradioreflejos.com.ar\/noticias\/wp-content\/uploads\/2019\/04\/prescr-adm.pdf\">prescr-adm<\/a><\/p>\n","protected":false},"excerpt":{"rendered":"<p>El Secretario de Gobierno y Hacienda de Tornquist Municipio \u00a0 Ezequiel Gabella, desminti\u00f3 la acusaci\u00f3n realizada esta ma\u00f1ana por el Sr. Alberto Krause en nuestro medio. En una comunicaci\u00f3n telef\u00f3nica, el funcionario explic\u00f3 claramente c\u00f3mo se suscit\u00f3 el entredicho, con tres mujeres que fueron a reclamar por la entrega de terrenos que pertenecieron a su [&hellip;]<\/p>\n","protected":false},"author":3,"featured_media":0,"comment_status":"closed","ping_status":"open","sticky":false,"template":"","format":"standard","meta":{"footnotes":""},"categories":[28],"tags":[],"class_list":["post-30490","post","type-post","status-publish","format-standard","hentry","category-municipales"],"yoast_head":"<!-- This site is optimized with the Yoast SEO plugin v25.9 - https:\/\/yoast.com\/wordpress\/plugins\/seo\/ -->\n<title>&quot;No tuve ning\u00fan tipo de contacto f\u00edsico con nadie de m\u00e9todos violentos&quot; Ezequiel Gabella. - Noticias Radio Reflejos<\/title>\n<meta name=\"robots\" content=\"index, follow, max-snippet:-1, max-image-preview:large, max-video-preview:-1\" \/>\n<link rel=\"canonical\" href=\"https:\/\/www.noticiasradioreflejos.com.ar\/2021\/no-tuve-ningun-tipo-de-contacto-fisico-con-nadie-de-metodos-violentos-ezequiel-gabella\/\" \/>\n<meta property=\"og:locale\" content=\"es_ES\" \/>\n<meta property=\"og:type\" content=\"article\" \/>\n<meta property=\"og:title\" content=\"&quot;No tuve ning\u00fan tipo de contacto f\u00edsico con nadie de m\u00e9todos violentos&quot; Ezequiel Gabella. - Noticias Radio Reflejos\" \/>\n<meta property=\"og:description\" content=\"El Secretario de Gobierno y Hacienda de Tornquist Municipio \u00a0 Ezequiel Gabella, desminti\u00f3 la acusaci\u00f3n realizada esta ma\u00f1ana por el Sr. Alberto Krause en nuestro medio. En una comunicaci\u00f3n telef\u00f3nica, el funcionario explic\u00f3 claramente c\u00f3mo se suscit\u00f3 el entredicho, con tres mujeres que fueron a reclamar por la entrega de terrenos que pertenecieron a su [&hellip;]\" \/>\n<meta property=\"og:url\" content=\"https:\/\/www.noticiasradioreflejos.com.ar\/2021\/no-tuve-ningun-tipo-de-contacto-fisico-con-nadie-de-metodos-violentos-ezequiel-gabella\/\" \/>\n<meta property=\"og:site_name\" content=\"Noticias Radio Reflejos\" \/>\n<meta property=\"article:published_time\" content=\"2019-04-10T17:38:36+00:00\" \/>\n<meta property=\"og:image\" content=\"https:\/\/www.noticiasradioreflejos.com.ar\/2021\/wp-content\/uploads\/2021\/07\/logosol300x200.png\" \/>\n\t<meta property=\"og:image:width\" content=\"300\" \/>\n\t<meta property=\"og:image:height\" content=\"200\" \/>\n\t<meta property=\"og:image:type\" content=\"image\/png\" \/>\n<meta name=\"author\" content=\"Arnaldo Botto\" \/>\n<meta name=\"twitter:card\" content=\"summary_large_image\" \/>\n<script type=\"application\/ld+json\" class=\"yoast-schema-graph\">{\"@context\":\"https:\/\/schema.org\",\"@graph\":[{\"@type\":\"WebPage\",\"@id\":\"https:\/\/www.noticiasradioreflejos.com.ar\/2021\/no-tuve-ningun-tipo-de-contacto-fisico-con-nadie-de-metodos-violentos-ezequiel-gabella\/\",\"url\":\"https:\/\/www.noticiasradioreflejos.com.ar\/2021\/no-tuve-ningun-tipo-de-contacto-fisico-con-nadie-de-metodos-violentos-ezequiel-gabella\/\",\"name\":\"&quot;No tuve ning\u00fan tipo de contacto f\u00edsico con nadie de m\u00e9todos violentos&quot; Ezequiel Gabella. - Noticias Radio Reflejos\",\"isPartOf\":{\"@id\":\"https:\/\/www.noticiasradioreflejos.com.ar\/2021\/#website\"},\"datePublished\":\"2019-04-10T17:38:36+00:00\",\"author\":{\"@id\":\"https:\/\/www.noticiasradioreflejos.com.ar\/2021\/#\/schema\/person\/ad82545263dcc5ec0996818884fd5fb1\"},\"breadcrumb\":{\"@id\":\"https:\/\/www.noticiasradioreflejos.com.ar\/2021\/no-tuve-ningun-tipo-de-contacto-fisico-con-nadie-de-metodos-violentos-ezequiel-gabella\/#breadcrumb\"},\"inLanguage\":\"es\",\"potentialAction\":[{\"@type\":\"ReadAction\",\"target\":[\"https:\/\/www.noticiasradioreflejos.com.ar\/2021\/no-tuve-ningun-tipo-de-contacto-fisico-con-nadie-de-metodos-violentos-ezequiel-gabella\/\"]}]},{\"@type\":\"BreadcrumbList\",\"@id\":\"https:\/\/www.noticiasradioreflejos.com.ar\/2021\/no-tuve-ningun-tipo-de-contacto-fisico-con-nadie-de-metodos-violentos-ezequiel-gabella\/#breadcrumb\",\"itemListElement\":[{\"@type\":\"ListItem\",\"position\":1,\"name\":\"Portada\",\"item\":\"https:\/\/www.noticiasradioreflejos.com.ar\/2021\/\"},{\"@type\":\"ListItem\",\"position\":2,\"name\":\"&quot;No tuve ning\u00fan tipo de contacto f\u00edsico con nadie de m\u00e9todos violentos&quot; Ezequiel Gabella.\"}]},{\"@type\":\"WebSite\",\"@id\":\"https:\/\/www.noticiasradioreflejos.com.ar\/2021\/#website\",\"url\":\"https:\/\/www.noticiasradioreflejos.com.ar\/2021\/\",\"name\":\"Noticias Radio Reflejos\",\"description\":\"Las noticias de mi comarca\",\"potentialAction\":[{\"@type\":\"SearchAction\",\"target\":{\"@type\":\"EntryPoint\",\"urlTemplate\":\"https:\/\/www.noticiasradioreflejos.com.ar\/2021\/?s={search_term_string}\"},\"query-input\":{\"@type\":\"PropertyValueSpecification\",\"valueRequired\":true,\"valueName\":\"search_term_string\"}}],\"inLanguage\":\"es\"},{\"@type\":\"Person\",\"@id\":\"https:\/\/www.noticiasradioreflejos.com.ar\/2021\/#\/schema\/person\/ad82545263dcc5ec0996818884fd5fb1\",\"name\":\"Arnaldo Botto\",\"image\":{\"@type\":\"ImageObject\",\"inLanguage\":\"es\",\"@id\":\"https:\/\/www.noticiasradioreflejos.com.ar\/2021\/#\/schema\/person\/image\/\",\"url\":\"https:\/\/secure.gravatar.com\/avatar\/55cb5e37c1efa326397366e6974cb338056df65cb50e7d64d1cf314e87504837?s=96&d=mm&r=g\",\"contentUrl\":\"https:\/\/secure.gravatar.com\/avatar\/55cb5e37c1efa326397366e6974cb338056df65cb50e7d64d1cf314e87504837?s=96&d=mm&r=g\",\"caption\":\"Arnaldo Botto\"},\"url\":\"https:\/\/www.noticiasradioreflejos.com.ar\/2021\/author\/arnaldo\/\"}]}<\/script>\n<!-- \/ Yoast SEO plugin. -->","yoast_head_json":{"title":"&quot;No tuve ning\u00fan tipo de contacto f\u00edsico con nadie de m\u00e9todos violentos&quot; Ezequiel Gabella. - Noticias Radio Reflejos","robots":{"index":"index","follow":"follow","max-snippet":"max-snippet:-1","max-image-preview":"max-image-preview:large","max-video-preview":"max-video-preview:-1"},"canonical":"https:\/\/www.noticiasradioreflejos.com.ar\/2021\/no-tuve-ningun-tipo-de-contacto-fisico-con-nadie-de-metodos-violentos-ezequiel-gabella\/","og_locale":"es_ES","og_type":"article","og_title":"&quot;No tuve ning\u00fan tipo de contacto f\u00edsico con nadie de m\u00e9todos violentos&quot; Ezequiel Gabella. - Noticias Radio Reflejos","og_description":"El Secretario de Gobierno y Hacienda de Tornquist Municipio \u00a0 Ezequiel Gabella, desminti\u00f3 la acusaci\u00f3n realizada esta ma\u00f1ana por el Sr. Alberto Krause en nuestro medio. En una comunicaci\u00f3n telef\u00f3nica, el funcionario explic\u00f3 claramente c\u00f3mo se suscit\u00f3 el entredicho, con tres mujeres que fueron a reclamar por la entrega de terrenos que pertenecieron a su [&hellip;]","og_url":"https:\/\/www.noticiasradioreflejos.com.ar\/2021\/no-tuve-ningun-tipo-de-contacto-fisico-con-nadie-de-metodos-violentos-ezequiel-gabella\/","og_site_name":"Noticias Radio Reflejos","article_published_time":"2019-04-10T17:38:36+00:00","og_image":[{"width":300,"height":200,"url":"https:\/\/www.noticiasradioreflejos.com.ar\/2021\/wp-content\/uploads\/2021\/07\/logosol300x200.png","type":"image\/png"}],"author":"Arnaldo Botto","twitter_card":"summary_large_image","schema":{"@context":"https:\/\/schema.org","@graph":[{"@type":"WebPage","@id":"https:\/\/www.noticiasradioreflejos.com.ar\/2021\/no-tuve-ningun-tipo-de-contacto-fisico-con-nadie-de-metodos-violentos-ezequiel-gabella\/","url":"https:\/\/www.noticiasradioreflejos.com.ar\/2021\/no-tuve-ningun-tipo-de-contacto-fisico-con-nadie-de-metodos-violentos-ezequiel-gabella\/","name":"&quot;No tuve ning\u00fan tipo de contacto f\u00edsico con nadie de m\u00e9todos violentos&quot; Ezequiel Gabella. - Noticias Radio Reflejos","isPartOf":{"@id":"https:\/\/www.noticiasradioreflejos.com.ar\/2021\/#website"},"datePublished":"2019-04-10T17:38:36+00:00","author":{"@id":"https:\/\/www.noticiasradioreflejos.com.ar\/2021\/#\/schema\/person\/ad82545263dcc5ec0996818884fd5fb1"},"breadcrumb":{"@id":"https:\/\/www.noticiasradioreflejos.com.ar\/2021\/no-tuve-ningun-tipo-de-contacto-fisico-con-nadie-de-metodos-violentos-ezequiel-gabella\/#breadcrumb"},"inLanguage":"es","potentialAction":[{"@type":"ReadAction","target":["https:\/\/www.noticiasradioreflejos.com.ar\/2021\/no-tuve-ningun-tipo-de-contacto-fisico-con-nadie-de-metodos-violentos-ezequiel-gabella\/"]}]},{"@type":"BreadcrumbList","@id":"https:\/\/www.noticiasradioreflejos.com.ar\/2021\/no-tuve-ningun-tipo-de-contacto-fisico-con-nadie-de-metodos-violentos-ezequiel-gabella\/#breadcrumb","itemListElement":[{"@type":"ListItem","position":1,"name":"Portada","item":"https:\/\/www.noticiasradioreflejos.com.ar\/2021\/"},{"@type":"ListItem","position":2,"name":"&quot;No tuve ning\u00fan tipo de contacto f\u00edsico con nadie de m\u00e9todos violentos&quot; Ezequiel Gabella."}]},{"@type":"WebSite","@id":"https:\/\/www.noticiasradioreflejos.com.ar\/2021\/#website","url":"https:\/\/www.noticiasradioreflejos.com.ar\/2021\/","name":"Noticias Radio Reflejos","description":"Las noticias de mi comarca","potentialAction":[{"@type":"SearchAction","target":{"@type":"EntryPoint","urlTemplate":"https:\/\/www.noticiasradioreflejos.com.ar\/2021\/?s={search_term_string}"},"query-input":{"@type":"PropertyValueSpecification","valueRequired":true,"valueName":"search_term_string"}}],"inLanguage":"es"},{"@type":"Person","@id":"https:\/\/www.noticiasradioreflejos.com.ar\/2021\/#\/schema\/person\/ad82545263dcc5ec0996818884fd5fb1","name":"Arnaldo Botto","image":{"@type":"ImageObject","inLanguage":"es","@id":"https:\/\/www.noticiasradioreflejos.com.ar\/2021\/#\/schema\/person\/image\/","url":"https:\/\/secure.gravatar.com\/avatar\/55cb5e37c1efa326397366e6974cb338056df65cb50e7d64d1cf314e87504837?s=96&d=mm&r=g","contentUrl":"https:\/\/secure.gravatar.com\/avatar\/55cb5e37c1efa326397366e6974cb338056df65cb50e7d64d1cf314e87504837?s=96&d=mm&r=g","caption":"Arnaldo Botto"},"url":"https:\/\/www.noticiasradioreflejos.com.ar\/2021\/author\/arnaldo\/"}]}},"_links":{"self":[{"href":"https:\/\/www.noticiasradioreflejos.com.ar\/2021\/wp-json\/wp\/v2\/posts\/30490","targetHints":{"allow":["GET"]}}],"collection":[{"href":"https:\/\/www.noticiasradioreflejos.com.ar\/2021\/wp-json\/wp\/v2\/posts"}],"about":[{"href":"https:\/\/www.noticiasradioreflejos.com.ar\/2021\/wp-json\/wp\/v2\/types\/post"}],"author":[{"embeddable":true,"href":"https:\/\/www.noticiasradioreflejos.com.ar\/2021\/wp-json\/wp\/v2\/users\/3"}],"replies":[{"embeddable":true,"href":"https:\/\/www.noticiasradioreflejos.com.ar\/2021\/wp-json\/wp\/v2\/comments?post=30490"}],"version-history":[{"count":0,"href":"https:\/\/www.noticiasradioreflejos.com.ar\/2021\/wp-json\/wp\/v2\/posts\/30490\/revisions"}],"wp:attachment":[{"href":"https:\/\/www.noticiasradioreflejos.com.ar\/2021\/wp-json\/wp\/v2\/media?parent=30490"}],"wp:term":[{"taxonomy":"category","embeddable":true,"href":"https:\/\/www.noticiasradioreflejos.com.ar\/2021\/wp-json\/wp\/v2\/categories?post=30490"},{"taxonomy":"post_tag","embeddable":true,"href":"https:\/\/www.noticiasradioreflejos.com.ar\/2021\/wp-json\/wp\/v2\/tags?post=30490"}],"curies":[{"name":"wp","href":"https:\/\/api.w.org\/{rel}","templated":true}]}}