{"id":30488,"date":"2019-04-10T12:45:55","date_gmt":"2019-04-10T15:45:55","guid":{"rendered":"http:\/\/www.noticiasradioreflejos.com.ar\/noticias\/?p=30488"},"modified":"2019-04-10T12:45:55","modified_gmt":"2019-04-10T15:45:55","slug":"taller-sobre-alimentacion-infantil","status":"publish","type":"post","link":"https:\/\/www.noticiasradioreflejos.com.ar\/2021\/taller-sobre-alimentacion-infantil\/","title":{"rendered":"Taller sobre alimentaci\u00f3n infantil"},"content":{"rendered":"<p><a title=\"Publicidad posta\" href=\"http:\/\/live.staticflickr.com\/7833\/47580419821_5f1f1f2ca1_s.jpg\" rel=\"\"><img loading=\"lazy\" decoding=\"async\" class=\"alignleft\" style=\"float: left;\" title=\"Publicidad posta\" src=\"http:\/\/live.staticflickr.com\/7833\/47580419821_5f1f1f2ca1_n.jpg\" alt=\"Publicidad posta\" width=\"320\" height=\"320\" \/><\/a>La Secretar\u00eda de Salud conjuntamente con el CATDI N\u00b0 1, invitan a embarazadas, madres, padres o personas al cuidado de ni\u00f1os menores de dos a\u00f1os, a un taller sobre alimentaci\u00f3n infantil, a realizarse en el Centro de Atenci\u00f3n Temprana del Desarrollo Infantil Tornquist (CATDI N\u00b01).<!--more--><br \/>\nDicho taller, que dar\u00e1 inicio el martes 16 de abril, constar\u00e1 de 4 encuentros en donde se tratar\u00e1n diversos temas, desde el nacimiento hasta los dos a\u00f1os de vida.<br \/>\nCada encuentro contar\u00e1 con la participaci\u00f3n de distintas disciplinas (Pedriatr\u00eda, Terapia Ocupacional, Psicolog\u00eda, Nutrici\u00f3n, Fonoaudiolog\u00eda). Es un trabajo en conjunto que realiza la Secretar\u00eda de Salud y el CATDI N\u00b01.<br \/>\nDurante los primeros a\u00f1os de vida, los ni\u00f1os requieren los nutrientes necesarios para alcanzar un crecimiento satisfactorio, evitar estados de deficiencia y tener reservas adecuadas para situaciones de estr\u00e9s metab\u00f3lico. Una nutrici\u00f3n adecuada durante los dos primeros a\u00f1os de vida permite al ni\u00f1o alcanzar su potencial de desarrollo f\u00edsico y mental. A su vez, las pautas alimentarias aprendidas durante estos a\u00f1os sientan las bases para la constituci\u00f3n de los h\u00e1bitos alimentarios en etapas m\u00e1s tard\u00edas de la vida del individuo.<br \/>\nPara inscripciones comunicarse al 291.4687389 (Lic. Karen Callava) o acercarse al CATDI N\u00b01, de lunes a viernes de 8 a 12 y de 13 a 17 hs.<\/p>\n","protected":false},"excerpt":{"rendered":"<p>La Secretar\u00eda de Salud conjuntamente con el CATDI N\u00b0 1, invitan a embarazadas, madres, padres o personas al cuidado de ni\u00f1os menores de dos a\u00f1os, a un taller sobre alimentaci\u00f3n infantil, a realizarse en el Centro de Atenci\u00f3n Temprana del Desarrollo Infantil Tornquist (CATDI N\u00b01).<\/p>\n","protected":false},"author":3,"featured_media":0,"comment_status":"closed","ping_status":"open","sticky":false,"template":"","format":"standard","meta":{"footnotes":""},"categories":[28],"tags":[],"class_list":["post-30488","post","type-post","status-publish","format-standard","hentry","category-municipales"],"yoast_head":"<!-- This site is optimized with the Yoast SEO plugin v25.9 - https:\/\/yoast.com\/wordpress\/plugins\/seo\/ -->\n<title>Taller sobre alimentaci\u00f3n infantil - Noticias Radio Reflejos<\/title>\n<meta name=\"robots\" content=\"index, follow, max-snippet:-1, max-image-preview:large, max-video-preview:-1\" \/>\n<link rel=\"canonical\" href=\"https:\/\/www.noticiasradioreflejos.com.ar\/2021\/taller-sobre-alimentacion-infantil\/\" \/>\n<meta property=\"og:locale\" content=\"es_ES\" \/>\n<meta property=\"og:type\" content=\"article\" \/>\n<meta property=\"og:title\" content=\"Taller sobre alimentaci\u00f3n infantil - Noticias Radio Reflejos\" \/>\n<meta property=\"og:description\" content=\"La Secretar\u00eda de Salud conjuntamente con el CATDI N\u00b0 1, invitan a embarazadas, madres, padres o personas al cuidado de ni\u00f1os menores de dos a\u00f1os, a un taller sobre alimentaci\u00f3n infantil, a realizarse en el Centro de Atenci\u00f3n Temprana del Desarrollo Infantil Tornquist (CATDI N\u00b01).\" \/>\n<meta property=\"og:url\" content=\"https:\/\/www.noticiasradioreflejos.com.ar\/2021\/taller-sobre-alimentacion-infantil\/\" \/>\n<meta property=\"og:site_name\" content=\"Noticias Radio Reflejos\" \/>\n<meta property=\"article:published_time\" content=\"2019-04-10T15:45:55+00:00\" \/>\n<meta property=\"og:image\" content=\"http:\/\/live.staticflickr.com\/7833\/47580419821_5f1f1f2ca1_n.jpg\" \/>\n<meta name=\"author\" content=\"Arnaldo Botto\" \/>\n<meta name=\"twitter:card\" content=\"summary_large_image\" \/>\n<script type=\"application\/ld+json\" class=\"yoast-schema-graph\">{\"@context\":\"https:\/\/schema.org\",\"@graph\":[{\"@type\":\"WebPage\",\"@id\":\"https:\/\/www.noticiasradioreflejos.com.ar\/2021\/taller-sobre-alimentacion-infantil\/\",\"url\":\"https:\/\/www.noticiasradioreflejos.com.ar\/2021\/taller-sobre-alimentacion-infantil\/\",\"name\":\"Taller sobre alimentaci\u00f3n infantil - Noticias Radio Reflejos\",\"isPartOf\":{\"@id\":\"https:\/\/www.noticiasradioreflejos.com.ar\/2021\/#website\"},\"primaryImageOfPage\":{\"@id\":\"https:\/\/www.noticiasradioreflejos.com.ar\/2021\/taller-sobre-alimentacion-infantil\/#primaryimage\"},\"image\":{\"@id\":\"https:\/\/www.noticiasradioreflejos.com.ar\/2021\/taller-sobre-alimentacion-infantil\/#primaryimage\"},\"thumbnailUrl\":\"http:\/\/live.staticflickr.com\/7833\/47580419821_5f1f1f2ca1_n.jpg\",\"datePublished\":\"2019-04-10T15:45:55+00:00\",\"author\":{\"@id\":\"https:\/\/www.noticiasradioreflejos.com.ar\/2021\/#\/schema\/person\/ad82545263dcc5ec0996818884fd5fb1\"},\"breadcrumb\":{\"@id\":\"https:\/\/www.noticiasradioreflejos.com.ar\/2021\/taller-sobre-alimentacion-infantil\/#breadcrumb\"},\"inLanguage\":\"es\",\"potentialAction\":[{\"@type\":\"ReadAction\",\"target\":[\"https:\/\/www.noticiasradioreflejos.com.ar\/2021\/taller-sobre-alimentacion-infantil\/\"]}]},{\"@type\":\"ImageObject\",\"inLanguage\":\"es\",\"@id\":\"https:\/\/www.noticiasradioreflejos.com.ar\/2021\/taller-sobre-alimentacion-infantil\/#primaryimage\",\"url\":\"http:\/\/live.staticflickr.com\/7833\/47580419821_5f1f1f2ca1_n.jpg\",\"contentUrl\":\"http:\/\/live.staticflickr.com\/7833\/47580419821_5f1f1f2ca1_n.jpg\"},{\"@type\":\"BreadcrumbList\",\"@id\":\"https:\/\/www.noticiasradioreflejos.com.ar\/2021\/taller-sobre-alimentacion-infantil\/#breadcrumb\",\"itemListElement\":[{\"@type\":\"ListItem\",\"position\":1,\"name\":\"Portada\",\"item\":\"https:\/\/www.noticiasradioreflejos.com.ar\/2021\/\"},{\"@type\":\"ListItem\",\"position\":2,\"name\":\"Taller sobre alimentaci\u00f3n infantil\"}]},{\"@type\":\"WebSite\",\"@id\":\"https:\/\/www.noticiasradioreflejos.com.ar\/2021\/#website\",\"url\":\"https:\/\/www.noticiasradioreflejos.com.ar\/2021\/\",\"name\":\"Noticias Radio Reflejos\",\"description\":\"Las noticias de mi comarca\",\"potentialAction\":[{\"@type\":\"SearchAction\",\"target\":{\"@type\":\"EntryPoint\",\"urlTemplate\":\"https:\/\/www.noticiasradioreflejos.com.ar\/2021\/?s={search_term_string}\"},\"query-input\":{\"@type\":\"PropertyValueSpecification\",\"valueRequired\":true,\"valueName\":\"search_term_string\"}}],\"inLanguage\":\"es\"},{\"@type\":\"Person\",\"@id\":\"https:\/\/www.noticiasradioreflejos.com.ar\/2021\/#\/schema\/person\/ad82545263dcc5ec0996818884fd5fb1\",\"name\":\"Arnaldo Botto\",\"image\":{\"@type\":\"ImageObject\",\"inLanguage\":\"es\",\"@id\":\"https:\/\/www.noticiasradioreflejos.com.ar\/2021\/#\/schema\/person\/image\/\",\"url\":\"https:\/\/secure.gravatar.com\/avatar\/55cb5e37c1efa326397366e6974cb338056df65cb50e7d64d1cf314e87504837?s=96&d=mm&r=g\",\"contentUrl\":\"https:\/\/secure.gravatar.com\/avatar\/55cb5e37c1efa326397366e6974cb338056df65cb50e7d64d1cf314e87504837?s=96&d=mm&r=g\",\"caption\":\"Arnaldo Botto\"},\"url\":\"https:\/\/www.noticiasradioreflejos.com.ar\/2021\/author\/arnaldo\/\"}]}<\/script>\n<!-- \/ Yoast SEO plugin. -->","yoast_head_json":{"title":"Taller sobre alimentaci\u00f3n infantil - Noticias Radio Reflejos","robots":{"index":"index","follow":"follow","max-snippet":"max-snippet:-1","max-image-preview":"max-image-preview:large","max-video-preview":"max-video-preview:-1"},"canonical":"https:\/\/www.noticiasradioreflejos.com.ar\/2021\/taller-sobre-alimentacion-infantil\/","og_locale":"es_ES","og_type":"article","og_title":"Taller sobre alimentaci\u00f3n infantil - Noticias Radio Reflejos","og_description":"La Secretar\u00eda de Salud conjuntamente con el CATDI N\u00b0 1, invitan a embarazadas, madres, padres o personas al cuidado de ni\u00f1os menores de dos a\u00f1os, a un taller sobre alimentaci\u00f3n infantil, a realizarse en el Centro de Atenci\u00f3n Temprana del Desarrollo Infantil Tornquist (CATDI N\u00b01).","og_url":"https:\/\/www.noticiasradioreflejos.com.ar\/2021\/taller-sobre-alimentacion-infantil\/","og_site_name":"Noticias Radio Reflejos","article_published_time":"2019-04-10T15:45:55+00:00","og_image":[{"url":"http:\/\/live.staticflickr.com\/7833\/47580419821_5f1f1f2ca1_n.jpg","type":"","width":"","height":""}],"author":"Arnaldo Botto","twitter_card":"summary_large_image","schema":{"@context":"https:\/\/schema.org","@graph":[{"@type":"WebPage","@id":"https:\/\/www.noticiasradioreflejos.com.ar\/2021\/taller-sobre-alimentacion-infantil\/","url":"https:\/\/www.noticiasradioreflejos.com.ar\/2021\/taller-sobre-alimentacion-infantil\/","name":"Taller sobre alimentaci\u00f3n infantil - Noticias Radio Reflejos","isPartOf":{"@id":"https:\/\/www.noticiasradioreflejos.com.ar\/2021\/#website"},"primaryImageOfPage":{"@id":"https:\/\/www.noticiasradioreflejos.com.ar\/2021\/taller-sobre-alimentacion-infantil\/#primaryimage"},"image":{"@id":"https:\/\/www.noticiasradioreflejos.com.ar\/2021\/taller-sobre-alimentacion-infantil\/#primaryimage"},"thumbnailUrl":"http:\/\/live.staticflickr.com\/7833\/47580419821_5f1f1f2ca1_n.jpg","datePublished":"2019-04-10T15:45:55+00:00","author":{"@id":"https:\/\/www.noticiasradioreflejos.com.ar\/2021\/#\/schema\/person\/ad82545263dcc5ec0996818884fd5fb1"},"breadcrumb":{"@id":"https:\/\/www.noticiasradioreflejos.com.ar\/2021\/taller-sobre-alimentacion-infantil\/#breadcrumb"},"inLanguage":"es","potentialAction":[{"@type":"ReadAction","target":["https:\/\/www.noticiasradioreflejos.com.ar\/2021\/taller-sobre-alimentacion-infantil\/"]}]},{"@type":"ImageObject","inLanguage":"es","@id":"https:\/\/www.noticiasradioreflejos.com.ar\/2021\/taller-sobre-alimentacion-infantil\/#primaryimage","url":"http:\/\/live.staticflickr.com\/7833\/47580419821_5f1f1f2ca1_n.jpg","contentUrl":"http:\/\/live.staticflickr.com\/7833\/47580419821_5f1f1f2ca1_n.jpg"},{"@type":"BreadcrumbList","@id":"https:\/\/www.noticiasradioreflejos.com.ar\/2021\/taller-sobre-alimentacion-infantil\/#breadcrumb","itemListElement":[{"@type":"ListItem","position":1,"name":"Portada","item":"https:\/\/www.noticiasradioreflejos.com.ar\/2021\/"},{"@type":"ListItem","position":2,"name":"Taller sobre alimentaci\u00f3n infantil"}]},{"@type":"WebSite","@id":"https:\/\/www.noticiasradioreflejos.com.ar\/2021\/#website","url":"https:\/\/www.noticiasradioreflejos.com.ar\/2021\/","name":"Noticias Radio Reflejos","description":"Las noticias de mi comarca","potentialAction":[{"@type":"SearchAction","target":{"@type":"EntryPoint","urlTemplate":"https:\/\/www.noticiasradioreflejos.com.ar\/2021\/?s={search_term_string}"},"query-input":{"@type":"PropertyValueSpecification","valueRequired":true,"valueName":"search_term_string"}}],"inLanguage":"es"},{"@type":"Person","@id":"https:\/\/www.noticiasradioreflejos.com.ar\/2021\/#\/schema\/person\/ad82545263dcc5ec0996818884fd5fb1","name":"Arnaldo Botto","image":{"@type":"ImageObject","inLanguage":"es","@id":"https:\/\/www.noticiasradioreflejos.com.ar\/2021\/#\/schema\/person\/image\/","url":"https:\/\/secure.gravatar.com\/avatar\/55cb5e37c1efa326397366e6974cb338056df65cb50e7d64d1cf314e87504837?s=96&d=mm&r=g","contentUrl":"https:\/\/secure.gravatar.com\/avatar\/55cb5e37c1efa326397366e6974cb338056df65cb50e7d64d1cf314e87504837?s=96&d=mm&r=g","caption":"Arnaldo Botto"},"url":"https:\/\/www.noticiasradioreflejos.com.ar\/2021\/author\/arnaldo\/"}]}},"_links":{"self":[{"href":"https:\/\/www.noticiasradioreflejos.com.ar\/2021\/wp-json\/wp\/v2\/posts\/30488","targetHints":{"allow":["GET"]}}],"collection":[{"href":"https:\/\/www.noticiasradioreflejos.com.ar\/2021\/wp-json\/wp\/v2\/posts"}],"about":[{"href":"https:\/\/www.noticiasradioreflejos.com.ar\/2021\/wp-json\/wp\/v2\/types\/post"}],"author":[{"embeddable":true,"href":"https:\/\/www.noticiasradioreflejos.com.ar\/2021\/wp-json\/wp\/v2\/users\/3"}],"replies":[{"embeddable":true,"href":"https:\/\/www.noticiasradioreflejos.com.ar\/2021\/wp-json\/wp\/v2\/comments?post=30488"}],"version-history":[{"count":0,"href":"https:\/\/www.noticiasradioreflejos.com.ar\/2021\/wp-json\/wp\/v2\/posts\/30488\/revisions"}],"wp:attachment":[{"href":"https:\/\/www.noticiasradioreflejos.com.ar\/2021\/wp-json\/wp\/v2\/media?parent=30488"}],"wp:term":[{"taxonomy":"category","embeddable":true,"href":"https:\/\/www.noticiasradioreflejos.com.ar\/2021\/wp-json\/wp\/v2\/categories?post=30488"},{"taxonomy":"post_tag","embeddable":true,"href":"https:\/\/www.noticiasradioreflejos.com.ar\/2021\/wp-json\/wp\/v2\/tags?post=30488"}],"curies":[{"name":"wp","href":"https:\/\/api.w.org\/{rel}","templated":true}]}}