{"id":30484,"date":"2019-04-10T12:40:00","date_gmt":"2019-04-10T15:40:00","guid":{"rendered":"http:\/\/www.noticiasradioreflejos.com.ar\/noticias\/?p=30484"},"modified":"2019-04-10T12:40:00","modified_gmt":"2019-04-10T15:40:00","slug":"se-dictara-una-capacitacion-en-herramientas-para-la-inclusion-de-personas-con-discapacidad-en-la-escuela-y-a-practica-deportiva","status":"publish","type":"post","link":"https:\/\/www.noticiasradioreflejos.com.ar\/2021\/se-dictara-una-capacitacion-en-herramientas-para-la-inclusion-de-personas-con-discapacidad-en-la-escuela-y-a-practica-deportiva\/","title":{"rendered":"Se dictar\u00e1 una capacitaci\u00f3n en \u201cHerramientas para la inclusi\u00f3n de personas con discapacidad en la escuela y a pr\u00e1ctica deportiva\u201d."},"content":{"rendered":"<p><a href=\"http:\/\/live.staticflickr.com\/7917\/32637286977_bfdbbf1634_s.jpg\" title=\"WhatsApp Image 2019-04-10 at 10.24.03 (1)\" rel=\"\"><img loading=\"lazy\" decoding=\"async\" src=\"http:\/\/live.staticflickr.com\/7917\/32637286977_bfdbbf1634.jpg\" width=\"500\" height=\"500\" alt=\"WhatsApp Image 2019-04-10 at 10.24.03 (1)\" title=\"WhatsApp Image 2019-04-10 at 10.24.03 (1)\" class=\"alignleft\" style=\"float: left;\"><\/a>La Direcci\u00f3n de Deportes del Municipio de Tornquist, conjuntamente con la Oficina de Discapacidad, invitan a profesores y estudiantes de Educaci\u00f3n F\u00edsica, terapistas ocupacionales, personal del Centro de D\u00eda, Taller Protegido y Escuela Especial, as\u00ed como a todas las personas interesadas en la tem\u00e1tica, al \u201cCurso de herramientas para la inclusi\u00f3n de personas con discapacidad en la escuela y la pr\u00e1ctica deportiva\u201d, el cual depende de la Secretaria de Deportes de la Naci\u00f3n.<!--more--><br \/>\nLa capacitaci\u00f3n se llevara a cabo los d\u00edas mi\u00e9rcoles 24 y jueves 25 de abril, en la sala de situaciones del Municipio (Sarmiento 53), en el horario de 7.30 a 18.30hs y  de 9 a 13 hs respectivamente; y estar\u00e1 a cargo del Licenciado en Psicolog\u00eda formado en Deporte y Discapacidad, Eduardo Fern\u00e1ndez y del Licenciado en Educaci\u00f3n F\u00edsica formado en Deporte y Discapacidad, Emiliano Ducatenzeiller.<br \/>\nSe entregar\u00e1n certificados a los asistentes.<\/p>\n","protected":false},"excerpt":{"rendered":"<p>La Direcci\u00f3n de Deportes del Municipio de Tornquist, conjuntamente con la Oficina de Discapacidad, invitan a profesores y estudiantes de Educaci\u00f3n F\u00edsica, terapistas ocupacionales, personal del Centro de D\u00eda, Taller Protegido y Escuela Especial, as\u00ed como a todas las personas interesadas en la tem\u00e1tica, al \u201cCurso de herramientas para la inclusi\u00f3n de personas con discapacidad [&hellip;]<\/p>\n","protected":false},"author":3,"featured_media":0,"comment_status":"closed","ping_status":"open","sticky":false,"template":"","format":"standard","meta":{"footnotes":""},"categories":[28],"tags":[],"class_list":["post-30484","post","type-post","status-publish","format-standard","hentry","category-municipales"],"yoast_head":"<!-- This site is optimized with the Yoast SEO plugin v25.9 - https:\/\/yoast.com\/wordpress\/plugins\/seo\/ -->\n<title>Se dictar\u00e1 una capacitaci\u00f3n en \u201cHerramientas para la inclusi\u00f3n de personas con discapacidad en la escuela y a pr\u00e1ctica deportiva\u201d. - Noticias Radio Reflejos<\/title>\n<meta name=\"robots\" content=\"index, follow, max-snippet:-1, max-image-preview:large, max-video-preview:-1\" \/>\n<link rel=\"canonical\" href=\"https:\/\/www.noticiasradioreflejos.com.ar\/2021\/se-dictara-una-capacitacion-en-herramientas-para-la-inclusion-de-personas-con-discapacidad-en-la-escuela-y-a-practica-deportiva\/\" \/>\n<meta property=\"og:locale\" content=\"es_ES\" \/>\n<meta property=\"og:type\" content=\"article\" \/>\n<meta property=\"og:title\" content=\"Se dictar\u00e1 una capacitaci\u00f3n en \u201cHerramientas para la inclusi\u00f3n de personas con discapacidad en la escuela y a pr\u00e1ctica deportiva\u201d. - Noticias Radio Reflejos\" \/>\n<meta property=\"og:description\" content=\"La Direcci\u00f3n de Deportes del Municipio de Tornquist, conjuntamente con la Oficina de Discapacidad, invitan a profesores y estudiantes de Educaci\u00f3n F\u00edsica, terapistas ocupacionales, personal del Centro de D\u00eda, Taller Protegido y Escuela Especial, as\u00ed como a todas las personas interesadas en la tem\u00e1tica, al \u201cCurso de herramientas para la inclusi\u00f3n de personas con discapacidad [&hellip;]\" \/>\n<meta property=\"og:url\" content=\"https:\/\/www.noticiasradioreflejos.com.ar\/2021\/se-dictara-una-capacitacion-en-herramientas-para-la-inclusion-de-personas-con-discapacidad-en-la-escuela-y-a-practica-deportiva\/\" \/>\n<meta property=\"og:site_name\" content=\"Noticias Radio Reflejos\" \/>\n<meta property=\"article:published_time\" content=\"2019-04-10T15:40:00+00:00\" \/>\n<meta property=\"og:image\" content=\"http:\/\/live.staticflickr.com\/7917\/32637286977_bfdbbf1634.jpg\" \/>\n<meta name=\"author\" content=\"Arnaldo Botto\" \/>\n<meta name=\"twitter:card\" content=\"summary_large_image\" \/>\n<script type=\"application\/ld+json\" class=\"yoast-schema-graph\">{\"@context\":\"https:\/\/schema.org\",\"@graph\":[{\"@type\":\"WebPage\",\"@id\":\"https:\/\/www.noticiasradioreflejos.com.ar\/2021\/se-dictara-una-capacitacion-en-herramientas-para-la-inclusion-de-personas-con-discapacidad-en-la-escuela-y-a-practica-deportiva\/\",\"url\":\"https:\/\/www.noticiasradioreflejos.com.ar\/2021\/se-dictara-una-capacitacion-en-herramientas-para-la-inclusion-de-personas-con-discapacidad-en-la-escuela-y-a-practica-deportiva\/\",\"name\":\"Se dictar\u00e1 una capacitaci\u00f3n en \u201cHerramientas para la inclusi\u00f3n de personas con discapacidad en la escuela y a pr\u00e1ctica deportiva\u201d. - Noticias Radio Reflejos\",\"isPartOf\":{\"@id\":\"https:\/\/www.noticiasradioreflejos.com.ar\/2021\/#website\"},\"primaryImageOfPage\":{\"@id\":\"https:\/\/www.noticiasradioreflejos.com.ar\/2021\/se-dictara-una-capacitacion-en-herramientas-para-la-inclusion-de-personas-con-discapacidad-en-la-escuela-y-a-practica-deportiva\/#primaryimage\"},\"image\":{\"@id\":\"https:\/\/www.noticiasradioreflejos.com.ar\/2021\/se-dictara-una-capacitacion-en-herramientas-para-la-inclusion-de-personas-con-discapacidad-en-la-escuela-y-a-practica-deportiva\/#primaryimage\"},\"thumbnailUrl\":\"http:\/\/live.staticflickr.com\/7917\/32637286977_bfdbbf1634.jpg\",\"datePublished\":\"2019-04-10T15:40:00+00:00\",\"author\":{\"@id\":\"https:\/\/www.noticiasradioreflejos.com.ar\/2021\/#\/schema\/person\/ad82545263dcc5ec0996818884fd5fb1\"},\"breadcrumb\":{\"@id\":\"https:\/\/www.noticiasradioreflejos.com.ar\/2021\/se-dictara-una-capacitacion-en-herramientas-para-la-inclusion-de-personas-con-discapacidad-en-la-escuela-y-a-practica-deportiva\/#breadcrumb\"},\"inLanguage\":\"es\",\"potentialAction\":[{\"@type\":\"ReadAction\",\"target\":[\"https:\/\/www.noticiasradioreflejos.com.ar\/2021\/se-dictara-una-capacitacion-en-herramientas-para-la-inclusion-de-personas-con-discapacidad-en-la-escuela-y-a-practica-deportiva\/\"]}]},{\"@type\":\"ImageObject\",\"inLanguage\":\"es\",\"@id\":\"https:\/\/www.noticiasradioreflejos.com.ar\/2021\/se-dictara-una-capacitacion-en-herramientas-para-la-inclusion-de-personas-con-discapacidad-en-la-escuela-y-a-practica-deportiva\/#primaryimage\",\"url\":\"http:\/\/live.staticflickr.com\/7917\/32637286977_bfdbbf1634.jpg\",\"contentUrl\":\"http:\/\/live.staticflickr.com\/7917\/32637286977_bfdbbf1634.jpg\"},{\"@type\":\"BreadcrumbList\",\"@id\":\"https:\/\/www.noticiasradioreflejos.com.ar\/2021\/se-dictara-una-capacitacion-en-herramientas-para-la-inclusion-de-personas-con-discapacidad-en-la-escuela-y-a-practica-deportiva\/#breadcrumb\",\"itemListElement\":[{\"@type\":\"ListItem\",\"position\":1,\"name\":\"Portada\",\"item\":\"https:\/\/www.noticiasradioreflejos.com.ar\/2021\/\"},{\"@type\":\"ListItem\",\"position\":2,\"name\":\"Se dictar\u00e1 una capacitaci\u00f3n en \u201cHerramientas para la inclusi\u00f3n de personas con discapacidad en la escuela y a pr\u00e1ctica deportiva\u201d.\"}]},{\"@type\":\"WebSite\",\"@id\":\"https:\/\/www.noticiasradioreflejos.com.ar\/2021\/#website\",\"url\":\"https:\/\/www.noticiasradioreflejos.com.ar\/2021\/\",\"name\":\"Noticias Radio Reflejos\",\"description\":\"Las noticias de mi comarca\",\"potentialAction\":[{\"@type\":\"SearchAction\",\"target\":{\"@type\":\"EntryPoint\",\"urlTemplate\":\"https:\/\/www.noticiasradioreflejos.com.ar\/2021\/?s={search_term_string}\"},\"query-input\":{\"@type\":\"PropertyValueSpecification\",\"valueRequired\":true,\"valueName\":\"search_term_string\"}}],\"inLanguage\":\"es\"},{\"@type\":\"Person\",\"@id\":\"https:\/\/www.noticiasradioreflejos.com.ar\/2021\/#\/schema\/person\/ad82545263dcc5ec0996818884fd5fb1\",\"name\":\"Arnaldo Botto\",\"image\":{\"@type\":\"ImageObject\",\"inLanguage\":\"es\",\"@id\":\"https:\/\/www.noticiasradioreflejos.com.ar\/2021\/#\/schema\/person\/image\/\",\"url\":\"https:\/\/secure.gravatar.com\/avatar\/55cb5e37c1efa326397366e6974cb338056df65cb50e7d64d1cf314e87504837?s=96&d=mm&r=g\",\"contentUrl\":\"https:\/\/secure.gravatar.com\/avatar\/55cb5e37c1efa326397366e6974cb338056df65cb50e7d64d1cf314e87504837?s=96&d=mm&r=g\",\"caption\":\"Arnaldo Botto\"},\"url\":\"https:\/\/www.noticiasradioreflejos.com.ar\/2021\/author\/arnaldo\/\"}]}<\/script>\n<!-- \/ Yoast SEO plugin. -->","yoast_head_json":{"title":"Se dictar\u00e1 una capacitaci\u00f3n en \u201cHerramientas para la inclusi\u00f3n de personas con discapacidad en la escuela y a pr\u00e1ctica deportiva\u201d. - Noticias Radio Reflejos","robots":{"index":"index","follow":"follow","max-snippet":"max-snippet:-1","max-image-preview":"max-image-preview:large","max-video-preview":"max-video-preview:-1"},"canonical":"https:\/\/www.noticiasradioreflejos.com.ar\/2021\/se-dictara-una-capacitacion-en-herramientas-para-la-inclusion-de-personas-con-discapacidad-en-la-escuela-y-a-practica-deportiva\/","og_locale":"es_ES","og_type":"article","og_title":"Se dictar\u00e1 una capacitaci\u00f3n en \u201cHerramientas para la inclusi\u00f3n de personas con discapacidad en la escuela y a pr\u00e1ctica deportiva\u201d. - Noticias Radio Reflejos","og_description":"La Direcci\u00f3n de Deportes del Municipio de Tornquist, conjuntamente con la Oficina de Discapacidad, invitan a profesores y estudiantes de Educaci\u00f3n F\u00edsica, terapistas ocupacionales, personal del Centro de D\u00eda, Taller Protegido y Escuela Especial, as\u00ed como a todas las personas interesadas en la tem\u00e1tica, al \u201cCurso de herramientas para la inclusi\u00f3n de personas con discapacidad [&hellip;]","og_url":"https:\/\/www.noticiasradioreflejos.com.ar\/2021\/se-dictara-una-capacitacion-en-herramientas-para-la-inclusion-de-personas-con-discapacidad-en-la-escuela-y-a-practica-deportiva\/","og_site_name":"Noticias Radio Reflejos","article_published_time":"2019-04-10T15:40:00+00:00","og_image":[{"url":"http:\/\/live.staticflickr.com\/7917\/32637286977_bfdbbf1634.jpg","type":"","width":"","height":""}],"author":"Arnaldo Botto","twitter_card":"summary_large_image","schema":{"@context":"https:\/\/schema.org","@graph":[{"@type":"WebPage","@id":"https:\/\/www.noticiasradioreflejos.com.ar\/2021\/se-dictara-una-capacitacion-en-herramientas-para-la-inclusion-de-personas-con-discapacidad-en-la-escuela-y-a-practica-deportiva\/","url":"https:\/\/www.noticiasradioreflejos.com.ar\/2021\/se-dictara-una-capacitacion-en-herramientas-para-la-inclusion-de-personas-con-discapacidad-en-la-escuela-y-a-practica-deportiva\/","name":"Se dictar\u00e1 una capacitaci\u00f3n en \u201cHerramientas para la inclusi\u00f3n de personas con discapacidad en la escuela y a pr\u00e1ctica deportiva\u201d. - Noticias Radio Reflejos","isPartOf":{"@id":"https:\/\/www.noticiasradioreflejos.com.ar\/2021\/#website"},"primaryImageOfPage":{"@id":"https:\/\/www.noticiasradioreflejos.com.ar\/2021\/se-dictara-una-capacitacion-en-herramientas-para-la-inclusion-de-personas-con-discapacidad-en-la-escuela-y-a-practica-deportiva\/#primaryimage"},"image":{"@id":"https:\/\/www.noticiasradioreflejos.com.ar\/2021\/se-dictara-una-capacitacion-en-herramientas-para-la-inclusion-de-personas-con-discapacidad-en-la-escuela-y-a-practica-deportiva\/#primaryimage"},"thumbnailUrl":"http:\/\/live.staticflickr.com\/7917\/32637286977_bfdbbf1634.jpg","datePublished":"2019-04-10T15:40:00+00:00","author":{"@id":"https:\/\/www.noticiasradioreflejos.com.ar\/2021\/#\/schema\/person\/ad82545263dcc5ec0996818884fd5fb1"},"breadcrumb":{"@id":"https:\/\/www.noticiasradioreflejos.com.ar\/2021\/se-dictara-una-capacitacion-en-herramientas-para-la-inclusion-de-personas-con-discapacidad-en-la-escuela-y-a-practica-deportiva\/#breadcrumb"},"inLanguage":"es","potentialAction":[{"@type":"ReadAction","target":["https:\/\/www.noticiasradioreflejos.com.ar\/2021\/se-dictara-una-capacitacion-en-herramientas-para-la-inclusion-de-personas-con-discapacidad-en-la-escuela-y-a-practica-deportiva\/"]}]},{"@type":"ImageObject","inLanguage":"es","@id":"https:\/\/www.noticiasradioreflejos.com.ar\/2021\/se-dictara-una-capacitacion-en-herramientas-para-la-inclusion-de-personas-con-discapacidad-en-la-escuela-y-a-practica-deportiva\/#primaryimage","url":"http:\/\/live.staticflickr.com\/7917\/32637286977_bfdbbf1634.jpg","contentUrl":"http:\/\/live.staticflickr.com\/7917\/32637286977_bfdbbf1634.jpg"},{"@type":"BreadcrumbList","@id":"https:\/\/www.noticiasradioreflejos.com.ar\/2021\/se-dictara-una-capacitacion-en-herramientas-para-la-inclusion-de-personas-con-discapacidad-en-la-escuela-y-a-practica-deportiva\/#breadcrumb","itemListElement":[{"@type":"ListItem","position":1,"name":"Portada","item":"https:\/\/www.noticiasradioreflejos.com.ar\/2021\/"},{"@type":"ListItem","position":2,"name":"Se dictar\u00e1 una capacitaci\u00f3n en \u201cHerramientas para la inclusi\u00f3n de personas con discapacidad en la escuela y a pr\u00e1ctica deportiva\u201d."}]},{"@type":"WebSite","@id":"https:\/\/www.noticiasradioreflejos.com.ar\/2021\/#website","url":"https:\/\/www.noticiasradioreflejos.com.ar\/2021\/","name":"Noticias Radio Reflejos","description":"Las noticias de mi comarca","potentialAction":[{"@type":"SearchAction","target":{"@type":"EntryPoint","urlTemplate":"https:\/\/www.noticiasradioreflejos.com.ar\/2021\/?s={search_term_string}"},"query-input":{"@type":"PropertyValueSpecification","valueRequired":true,"valueName":"search_term_string"}}],"inLanguage":"es"},{"@type":"Person","@id":"https:\/\/www.noticiasradioreflejos.com.ar\/2021\/#\/schema\/person\/ad82545263dcc5ec0996818884fd5fb1","name":"Arnaldo Botto","image":{"@type":"ImageObject","inLanguage":"es","@id":"https:\/\/www.noticiasradioreflejos.com.ar\/2021\/#\/schema\/person\/image\/","url":"https:\/\/secure.gravatar.com\/avatar\/55cb5e37c1efa326397366e6974cb338056df65cb50e7d64d1cf314e87504837?s=96&d=mm&r=g","contentUrl":"https:\/\/secure.gravatar.com\/avatar\/55cb5e37c1efa326397366e6974cb338056df65cb50e7d64d1cf314e87504837?s=96&d=mm&r=g","caption":"Arnaldo Botto"},"url":"https:\/\/www.noticiasradioreflejos.com.ar\/2021\/author\/arnaldo\/"}]}},"_links":{"self":[{"href":"https:\/\/www.noticiasradioreflejos.com.ar\/2021\/wp-json\/wp\/v2\/posts\/30484","targetHints":{"allow":["GET"]}}],"collection":[{"href":"https:\/\/www.noticiasradioreflejos.com.ar\/2021\/wp-json\/wp\/v2\/posts"}],"about":[{"href":"https:\/\/www.noticiasradioreflejos.com.ar\/2021\/wp-json\/wp\/v2\/types\/post"}],"author":[{"embeddable":true,"href":"https:\/\/www.noticiasradioreflejos.com.ar\/2021\/wp-json\/wp\/v2\/users\/3"}],"replies":[{"embeddable":true,"href":"https:\/\/www.noticiasradioreflejos.com.ar\/2021\/wp-json\/wp\/v2\/comments?post=30484"}],"version-history":[{"count":0,"href":"https:\/\/www.noticiasradioreflejos.com.ar\/2021\/wp-json\/wp\/v2\/posts\/30484\/revisions"}],"wp:attachment":[{"href":"https:\/\/www.noticiasradioreflejos.com.ar\/2021\/wp-json\/wp\/v2\/media?parent=30484"}],"wp:term":[{"taxonomy":"category","embeddable":true,"href":"https:\/\/www.noticiasradioreflejos.com.ar\/2021\/wp-json\/wp\/v2\/categories?post=30484"},{"taxonomy":"post_tag","embeddable":true,"href":"https:\/\/www.noticiasradioreflejos.com.ar\/2021\/wp-json\/wp\/v2\/tags?post=30484"}],"curies":[{"name":"wp","href":"https:\/\/api.w.org\/{rel}","templated":true}]}}