{"id":30467,"date":"2019-04-09T17:08:41","date_gmt":"2019-04-09T20:08:41","guid":{"rendered":"http:\/\/www.noticiasradioreflejos.com.ar\/noticias\/?p=30467"},"modified":"2019-04-09T17:08:41","modified_gmt":"2019-04-09T20:08:41","slug":"se-llevo-a-cabo-la-1era-expo-deportiva","status":"publish","type":"post","link":"https:\/\/www.noticiasradioreflejos.com.ar\/2021\/se-llevo-a-cabo-la-1era-expo-deportiva\/","title":{"rendered":"Se llev\u00f3 a cabo la 1era Expo Deportiva"},"content":{"rendered":"<p><a title=\"d14\" href=\"http:\/\/live.staticflickr.com\/7877\/33697249358_92b59dff91_s.jpg\" rel=\"\"><img loading=\"lazy\" decoding=\"async\" class=\"alignleft\" style=\"float: left;\" title=\"d14\" src=\"http:\/\/live.staticflickr.com\/7877\/33697249358_92b59dff91.jpg\" alt=\"d14\" width=\"500\" height=\"375\" \/><\/a>Los d\u00edas 4, 5 y 6 de abril, Tornquist pudo disfrutar de una exposici\u00f3n en donde aproximadamente 15 entidades deportivas locales exhibieron sus actividades en el Gimnasio Municipal Eva Per\u00f3n.<!--more--><br \/>\nLa 1era Expo Deportiva, organizada por la Direcci\u00f3n de Deportes municipal, tambi\u00e9n dispuso de una serie de stand con informaci\u00f3n de las carteras de Salud, Juventud y Medio Ambiente.<br \/>\nQuienes se acercaron al predio, m\u00e1s de 800 personas, pudieron disfrutar de m\u00faltiples propuestas relacionadas al mundo deportivo.<br \/>\nParticiparon de la expo:<br \/>\n\u2022 Club Uni\u00f3n de Tornquist<br \/>\n\u2022 Club Automoto Deportivo<br \/>\n\u2022 Abre Tus Alas (acrobacias en tela)<br \/>\n\u2022 Centro de Jubilados y pensionados de Tornquist<br \/>\n\u2022 Deportes Tornquist<br \/>\n\u2022 C.E.F. N\u00b09<br \/>\n\u2022 Taller de Escalada<br \/>\n\u2022 Arquer\u00eda<br \/>\n\u2022 Taekwondo<br \/>\n\u2022 Gimnasio Prana<br \/>\n\u2022 Gimnasio Vital Gym<br \/>\n\u2022 Gimnasio Pilness<br \/>\n\u2022 Centro Gimn\u00e1stico Tornqusit<br \/>\n\u2022 Taller de Ajedrez<br \/>\n<a title=\"d6\" href=\"http:\/\/live.staticflickr.com\/7909\/40608117063_059cd62d36_s.jpg\" rel=\"\"><img loading=\"lazy\" decoding=\"async\" class=\"alignleft\" style=\"float: left;\" title=\"d6\" src=\"http:\/\/live.staticflickr.com\/7909\/40608117063_059cd62d36.jpg\" alt=\"d6\" width=\"500\" height=\"375\" \/><\/a>Estuvieron participando en esta Expo las escuelas: Unidad Acad\u00e9mica E. Tornquist &#8211; Escuela N\u00b01 &#8211; Colegio Nuestra Se\u00f1ora de Lujan &#8211; Escuela Secundaria Media N\u00b01.<br \/>\nDesde la Direcci\u00f3n de Deportes agradecen a todas aquellas actividades deportivas que hicieron posible llevar a cabo esta Exposici\u00f3n Interactiva, que busca promover la pr\u00e1ctica deportiva y una vida saludable.<\/p>\n","protected":false},"excerpt":{"rendered":"<p>Los d\u00edas 4, 5 y 6 de abril, Tornquist pudo disfrutar de una exposici\u00f3n en donde aproximadamente 15 entidades deportivas locales exhibieron sus actividades en el Gimnasio Municipal Eva Per\u00f3n.<\/p>\n","protected":false},"author":3,"featured_media":0,"comment_status":"closed","ping_status":"open","sticky":false,"template":"","format":"standard","meta":{"footnotes":""},"categories":[27],"tags":[],"class_list":["post-30467","post","type-post","status-publish","format-standard","hentry","category-deportes"],"yoast_head":"<!-- This site is optimized with the Yoast SEO plugin v25.9 - https:\/\/yoast.com\/wordpress\/plugins\/seo\/ -->\n<title>Se llev\u00f3 a cabo la 1era Expo Deportiva - Noticias Radio Reflejos<\/title>\n<meta name=\"robots\" content=\"index, follow, max-snippet:-1, max-image-preview:large, max-video-preview:-1\" \/>\n<link rel=\"canonical\" href=\"https:\/\/www.noticiasradioreflejos.com.ar\/2021\/se-llevo-a-cabo-la-1era-expo-deportiva\/\" \/>\n<meta property=\"og:locale\" content=\"es_ES\" \/>\n<meta property=\"og:type\" content=\"article\" \/>\n<meta property=\"og:title\" content=\"Se llev\u00f3 a cabo la 1era Expo Deportiva - Noticias Radio Reflejos\" \/>\n<meta property=\"og:description\" content=\"Los d\u00edas 4, 5 y 6 de abril, Tornquist pudo disfrutar de una exposici\u00f3n en donde aproximadamente 15 entidades deportivas locales exhibieron sus actividades en el Gimnasio Municipal Eva Per\u00f3n.\" \/>\n<meta property=\"og:url\" content=\"https:\/\/www.noticiasradioreflejos.com.ar\/2021\/se-llevo-a-cabo-la-1era-expo-deportiva\/\" \/>\n<meta property=\"og:site_name\" content=\"Noticias Radio Reflejos\" \/>\n<meta property=\"article:published_time\" content=\"2019-04-09T20:08:41+00:00\" \/>\n<meta property=\"og:image\" content=\"http:\/\/live.staticflickr.com\/7877\/33697249358_92b59dff91.jpg\" \/>\n<meta name=\"author\" content=\"Arnaldo Botto\" \/>\n<meta name=\"twitter:card\" content=\"summary_large_image\" \/>\n<script type=\"application\/ld+json\" class=\"yoast-schema-graph\">{\"@context\":\"https:\/\/schema.org\",\"@graph\":[{\"@type\":\"WebPage\",\"@id\":\"https:\/\/www.noticiasradioreflejos.com.ar\/2021\/se-llevo-a-cabo-la-1era-expo-deportiva\/\",\"url\":\"https:\/\/www.noticiasradioreflejos.com.ar\/2021\/se-llevo-a-cabo-la-1era-expo-deportiva\/\",\"name\":\"Se llev\u00f3 a cabo la 1era Expo Deportiva - Noticias Radio Reflejos\",\"isPartOf\":{\"@id\":\"https:\/\/www.noticiasradioreflejos.com.ar\/2021\/#website\"},\"primaryImageOfPage\":{\"@id\":\"https:\/\/www.noticiasradioreflejos.com.ar\/2021\/se-llevo-a-cabo-la-1era-expo-deportiva\/#primaryimage\"},\"image\":{\"@id\":\"https:\/\/www.noticiasradioreflejos.com.ar\/2021\/se-llevo-a-cabo-la-1era-expo-deportiva\/#primaryimage\"},\"thumbnailUrl\":\"http:\/\/live.staticflickr.com\/7877\/33697249358_92b59dff91.jpg\",\"datePublished\":\"2019-04-09T20:08:41+00:00\",\"author\":{\"@id\":\"https:\/\/www.noticiasradioreflejos.com.ar\/2021\/#\/schema\/person\/ad82545263dcc5ec0996818884fd5fb1\"},\"breadcrumb\":{\"@id\":\"https:\/\/www.noticiasradioreflejos.com.ar\/2021\/se-llevo-a-cabo-la-1era-expo-deportiva\/#breadcrumb\"},\"inLanguage\":\"es\",\"potentialAction\":[{\"@type\":\"ReadAction\",\"target\":[\"https:\/\/www.noticiasradioreflejos.com.ar\/2021\/se-llevo-a-cabo-la-1era-expo-deportiva\/\"]}]},{\"@type\":\"ImageObject\",\"inLanguage\":\"es\",\"@id\":\"https:\/\/www.noticiasradioreflejos.com.ar\/2021\/se-llevo-a-cabo-la-1era-expo-deportiva\/#primaryimage\",\"url\":\"http:\/\/live.staticflickr.com\/7877\/33697249358_92b59dff91.jpg\",\"contentUrl\":\"http:\/\/live.staticflickr.com\/7877\/33697249358_92b59dff91.jpg\"},{\"@type\":\"BreadcrumbList\",\"@id\":\"https:\/\/www.noticiasradioreflejos.com.ar\/2021\/se-llevo-a-cabo-la-1era-expo-deportiva\/#breadcrumb\",\"itemListElement\":[{\"@type\":\"ListItem\",\"position\":1,\"name\":\"Portada\",\"item\":\"https:\/\/www.noticiasradioreflejos.com.ar\/2021\/\"},{\"@type\":\"ListItem\",\"position\":2,\"name\":\"Se llev\u00f3 a cabo la 1era Expo Deportiva\"}]},{\"@type\":\"WebSite\",\"@id\":\"https:\/\/www.noticiasradioreflejos.com.ar\/2021\/#website\",\"url\":\"https:\/\/www.noticiasradioreflejos.com.ar\/2021\/\",\"name\":\"Noticias Radio Reflejos\",\"description\":\"Las noticias de mi comarca\",\"potentialAction\":[{\"@type\":\"SearchAction\",\"target\":{\"@type\":\"EntryPoint\",\"urlTemplate\":\"https:\/\/www.noticiasradioreflejos.com.ar\/2021\/?s={search_term_string}\"},\"query-input\":{\"@type\":\"PropertyValueSpecification\",\"valueRequired\":true,\"valueName\":\"search_term_string\"}}],\"inLanguage\":\"es\"},{\"@type\":\"Person\",\"@id\":\"https:\/\/www.noticiasradioreflejos.com.ar\/2021\/#\/schema\/person\/ad82545263dcc5ec0996818884fd5fb1\",\"name\":\"Arnaldo Botto\",\"image\":{\"@type\":\"ImageObject\",\"inLanguage\":\"es\",\"@id\":\"https:\/\/www.noticiasradioreflejos.com.ar\/2021\/#\/schema\/person\/image\/\",\"url\":\"https:\/\/secure.gravatar.com\/avatar\/55cb5e37c1efa326397366e6974cb338056df65cb50e7d64d1cf314e87504837?s=96&d=mm&r=g\",\"contentUrl\":\"https:\/\/secure.gravatar.com\/avatar\/55cb5e37c1efa326397366e6974cb338056df65cb50e7d64d1cf314e87504837?s=96&d=mm&r=g\",\"caption\":\"Arnaldo Botto\"},\"url\":\"https:\/\/www.noticiasradioreflejos.com.ar\/2021\/author\/arnaldo\/\"}]}<\/script>\n<!-- \/ Yoast SEO plugin. -->","yoast_head_json":{"title":"Se llev\u00f3 a cabo la 1era Expo Deportiva - Noticias Radio Reflejos","robots":{"index":"index","follow":"follow","max-snippet":"max-snippet:-1","max-image-preview":"max-image-preview:large","max-video-preview":"max-video-preview:-1"},"canonical":"https:\/\/www.noticiasradioreflejos.com.ar\/2021\/se-llevo-a-cabo-la-1era-expo-deportiva\/","og_locale":"es_ES","og_type":"article","og_title":"Se llev\u00f3 a cabo la 1era Expo Deportiva - Noticias Radio Reflejos","og_description":"Los d\u00edas 4, 5 y 6 de abril, Tornquist pudo disfrutar de una exposici\u00f3n en donde aproximadamente 15 entidades deportivas locales exhibieron sus actividades en el Gimnasio Municipal Eva Per\u00f3n.","og_url":"https:\/\/www.noticiasradioreflejos.com.ar\/2021\/se-llevo-a-cabo-la-1era-expo-deportiva\/","og_site_name":"Noticias Radio Reflejos","article_published_time":"2019-04-09T20:08:41+00:00","og_image":[{"url":"http:\/\/live.staticflickr.com\/7877\/33697249358_92b59dff91.jpg","type":"","width":"","height":""}],"author":"Arnaldo Botto","twitter_card":"summary_large_image","schema":{"@context":"https:\/\/schema.org","@graph":[{"@type":"WebPage","@id":"https:\/\/www.noticiasradioreflejos.com.ar\/2021\/se-llevo-a-cabo-la-1era-expo-deportiva\/","url":"https:\/\/www.noticiasradioreflejos.com.ar\/2021\/se-llevo-a-cabo-la-1era-expo-deportiva\/","name":"Se llev\u00f3 a cabo la 1era Expo Deportiva - Noticias Radio Reflejos","isPartOf":{"@id":"https:\/\/www.noticiasradioreflejos.com.ar\/2021\/#website"},"primaryImageOfPage":{"@id":"https:\/\/www.noticiasradioreflejos.com.ar\/2021\/se-llevo-a-cabo-la-1era-expo-deportiva\/#primaryimage"},"image":{"@id":"https:\/\/www.noticiasradioreflejos.com.ar\/2021\/se-llevo-a-cabo-la-1era-expo-deportiva\/#primaryimage"},"thumbnailUrl":"http:\/\/live.staticflickr.com\/7877\/33697249358_92b59dff91.jpg","datePublished":"2019-04-09T20:08:41+00:00","author":{"@id":"https:\/\/www.noticiasradioreflejos.com.ar\/2021\/#\/schema\/person\/ad82545263dcc5ec0996818884fd5fb1"},"breadcrumb":{"@id":"https:\/\/www.noticiasradioreflejos.com.ar\/2021\/se-llevo-a-cabo-la-1era-expo-deportiva\/#breadcrumb"},"inLanguage":"es","potentialAction":[{"@type":"ReadAction","target":["https:\/\/www.noticiasradioreflejos.com.ar\/2021\/se-llevo-a-cabo-la-1era-expo-deportiva\/"]}]},{"@type":"ImageObject","inLanguage":"es","@id":"https:\/\/www.noticiasradioreflejos.com.ar\/2021\/se-llevo-a-cabo-la-1era-expo-deportiva\/#primaryimage","url":"http:\/\/live.staticflickr.com\/7877\/33697249358_92b59dff91.jpg","contentUrl":"http:\/\/live.staticflickr.com\/7877\/33697249358_92b59dff91.jpg"},{"@type":"BreadcrumbList","@id":"https:\/\/www.noticiasradioreflejos.com.ar\/2021\/se-llevo-a-cabo-la-1era-expo-deportiva\/#breadcrumb","itemListElement":[{"@type":"ListItem","position":1,"name":"Portada","item":"https:\/\/www.noticiasradioreflejos.com.ar\/2021\/"},{"@type":"ListItem","position":2,"name":"Se llev\u00f3 a cabo la 1era Expo Deportiva"}]},{"@type":"WebSite","@id":"https:\/\/www.noticiasradioreflejos.com.ar\/2021\/#website","url":"https:\/\/www.noticiasradioreflejos.com.ar\/2021\/","name":"Noticias Radio Reflejos","description":"Las noticias de mi comarca","potentialAction":[{"@type":"SearchAction","target":{"@type":"EntryPoint","urlTemplate":"https:\/\/www.noticiasradioreflejos.com.ar\/2021\/?s={search_term_string}"},"query-input":{"@type":"PropertyValueSpecification","valueRequired":true,"valueName":"search_term_string"}}],"inLanguage":"es"},{"@type":"Person","@id":"https:\/\/www.noticiasradioreflejos.com.ar\/2021\/#\/schema\/person\/ad82545263dcc5ec0996818884fd5fb1","name":"Arnaldo Botto","image":{"@type":"ImageObject","inLanguage":"es","@id":"https:\/\/www.noticiasradioreflejos.com.ar\/2021\/#\/schema\/person\/image\/","url":"https:\/\/secure.gravatar.com\/avatar\/55cb5e37c1efa326397366e6974cb338056df65cb50e7d64d1cf314e87504837?s=96&d=mm&r=g","contentUrl":"https:\/\/secure.gravatar.com\/avatar\/55cb5e37c1efa326397366e6974cb338056df65cb50e7d64d1cf314e87504837?s=96&d=mm&r=g","caption":"Arnaldo Botto"},"url":"https:\/\/www.noticiasradioreflejos.com.ar\/2021\/author\/arnaldo\/"}]}},"_links":{"self":[{"href":"https:\/\/www.noticiasradioreflejos.com.ar\/2021\/wp-json\/wp\/v2\/posts\/30467","targetHints":{"allow":["GET"]}}],"collection":[{"href":"https:\/\/www.noticiasradioreflejos.com.ar\/2021\/wp-json\/wp\/v2\/posts"}],"about":[{"href":"https:\/\/www.noticiasradioreflejos.com.ar\/2021\/wp-json\/wp\/v2\/types\/post"}],"author":[{"embeddable":true,"href":"https:\/\/www.noticiasradioreflejos.com.ar\/2021\/wp-json\/wp\/v2\/users\/3"}],"replies":[{"embeddable":true,"href":"https:\/\/www.noticiasradioreflejos.com.ar\/2021\/wp-json\/wp\/v2\/comments?post=30467"}],"version-history":[{"count":0,"href":"https:\/\/www.noticiasradioreflejos.com.ar\/2021\/wp-json\/wp\/v2\/posts\/30467\/revisions"}],"wp:attachment":[{"href":"https:\/\/www.noticiasradioreflejos.com.ar\/2021\/wp-json\/wp\/v2\/media?parent=30467"}],"wp:term":[{"taxonomy":"category","embeddable":true,"href":"https:\/\/www.noticiasradioreflejos.com.ar\/2021\/wp-json\/wp\/v2\/categories?post=30467"},{"taxonomy":"post_tag","embeddable":true,"href":"https:\/\/www.noticiasradioreflejos.com.ar\/2021\/wp-json\/wp\/v2\/tags?post=30467"}],"curies":[{"name":"wp","href":"https:\/\/api.w.org\/{rel}","templated":true}]}}