{"id":30457,"date":"2019-04-09T12:30:06","date_gmt":"2019-04-09T15:30:06","guid":{"rendered":"http:\/\/www.noticiasradioreflejos.com.ar\/noticias\/?p=30457"},"modified":"2019-04-09T12:30:06","modified_gmt":"2019-04-09T15:30:06","slug":"rubro-turistico-liquidacion-de-la-tasa-de-seguridad-e-higiene","status":"publish","type":"post","link":"https:\/\/www.noticiasradioreflejos.com.ar\/2021\/rubro-turistico-liquidacion-de-la-tasa-de-seguridad-e-higiene\/","title":{"rendered":"Rubro tur\u00edstico: liquidaci\u00f3n de la Tasa de Seguridad e Higiene"},"content":{"rendered":"<p>La Direcci\u00f3n de Hacienda comunica que, queda sin efecto la liquidaci\u00f3n de noviembre y diciembre 2018 de la Tasa de Seguridad e Higiene en el rubro alojamiento tur\u00edstico, para lo cual se solicita a los prestadores que acerquen al Municipio la declaraci\u00f3n jurada de Ingresos Brutos (comprobante de ARBA) de dichos meses, para realizar la correspondiente liquidaci\u00f3n.<!--more--><br \/>\nEl plazo para realizarlo se extiende hasta el 10 de mayo del corriente a\u00f1o, fecha en la cual tambi\u00e9n se deber\u00e1 presentar la declaraci\u00f3n para los meses de enero y febrero 2019. La liquidaci\u00f3n bimestral de esta tasa para alojamientos tur\u00edsticos se realiza aplicando la al\u00edcuota del 0,8% a los ingresos declarados. En el caso de no presentarse la declaraci\u00f3n, se procede a aplicar el m\u00ednimo previsto por el c\u00f3digo tributario, de acuerdo a la cantidad de plazas.<br \/>\nDesde el \u00e1rea se remarca que aquellos contribuyentes que a\u00fan no abonaron la tasa, podr\u00e1n hacerlo, en esta oportunidad, junto a la cuota del segundo bimestre en donde se computar\u00e1 de acuerdo a las declaraciones juradas presentadas.<br \/>\nQuienes ya hayan efectuado el pago de la primera cuota, luego de presentar la DDJJ, en caso de ser el saldo positivo, se acreditara el mismo a cuenta de la cuota siguiente.<br \/>\nDe acuerdo a la observaci\u00f3n realizada por contribuyentes, y a los fines de hacer m\u00e1s clara la legislaci\u00f3n de dicha tasa, el Departamento Ejecutivo modificara los art\u00edculos pertinentes en el c\u00f3digo tributario vigente y se enviara al HCD para su correspondiente aprobaci\u00f3n.<br \/>\nDesde el municipio se agradece la colaboraci\u00f3n de los contribuyentes as\u00ed como se piden las disculpas correspondientes por los contratiempos ocasionados.<\/p>\n","protected":false},"excerpt":{"rendered":"<p>La Direcci\u00f3n de Hacienda comunica que, queda sin efecto la liquidaci\u00f3n de noviembre y diciembre 2018 de la Tasa de Seguridad e Higiene en el rubro alojamiento tur\u00edstico, para lo cual se solicita a los prestadores que acerquen al Municipio la declaraci\u00f3n jurada de Ingresos Brutos (comprobante de ARBA) de dichos meses, para realizar la [&hellip;]<\/p>\n","protected":false},"author":3,"featured_media":0,"comment_status":"closed","ping_status":"open","sticky":false,"template":"","format":"standard","meta":{"footnotes":""},"categories":[28],"tags":[],"class_list":["post-30457","post","type-post","status-publish","format-standard","hentry","category-municipales"],"yoast_head":"<!-- This site is optimized with the Yoast SEO plugin v25.9 - https:\/\/yoast.com\/wordpress\/plugins\/seo\/ -->\n<title>Rubro tur\u00edstico: liquidaci\u00f3n de la Tasa de Seguridad e Higiene - Noticias Radio Reflejos<\/title>\n<meta name=\"robots\" content=\"index, follow, max-snippet:-1, max-image-preview:large, max-video-preview:-1\" \/>\n<link rel=\"canonical\" href=\"https:\/\/www.noticiasradioreflejos.com.ar\/2021\/rubro-turistico-liquidacion-de-la-tasa-de-seguridad-e-higiene\/\" \/>\n<meta property=\"og:locale\" content=\"es_ES\" \/>\n<meta property=\"og:type\" content=\"article\" \/>\n<meta property=\"og:title\" content=\"Rubro tur\u00edstico: liquidaci\u00f3n de la Tasa de Seguridad e Higiene - Noticias Radio Reflejos\" \/>\n<meta property=\"og:description\" content=\"La Direcci\u00f3n de Hacienda comunica que, queda sin efecto la liquidaci\u00f3n de noviembre y diciembre 2018 de la Tasa de Seguridad e Higiene en el rubro alojamiento tur\u00edstico, para lo cual se solicita a los prestadores que acerquen al Municipio la declaraci\u00f3n jurada de Ingresos Brutos (comprobante de ARBA) de dichos meses, para realizar la [&hellip;]\" \/>\n<meta property=\"og:url\" content=\"https:\/\/www.noticiasradioreflejos.com.ar\/2021\/rubro-turistico-liquidacion-de-la-tasa-de-seguridad-e-higiene\/\" \/>\n<meta property=\"og:site_name\" content=\"Noticias Radio Reflejos\" \/>\n<meta property=\"article:published_time\" content=\"2019-04-09T15:30:06+00:00\" \/>\n<meta property=\"og:image\" content=\"https:\/\/www.noticiasradioreflejos.com.ar\/2021\/wp-content\/uploads\/2021\/07\/logosol300x200.png\" \/>\n\t<meta property=\"og:image:width\" content=\"300\" \/>\n\t<meta property=\"og:image:height\" content=\"200\" \/>\n\t<meta property=\"og:image:type\" content=\"image\/png\" \/>\n<meta name=\"author\" content=\"Arnaldo Botto\" \/>\n<meta name=\"twitter:card\" content=\"summary_large_image\" \/>\n<script type=\"application\/ld+json\" class=\"yoast-schema-graph\">{\"@context\":\"https:\/\/schema.org\",\"@graph\":[{\"@type\":\"WebPage\",\"@id\":\"https:\/\/www.noticiasradioreflejos.com.ar\/2021\/rubro-turistico-liquidacion-de-la-tasa-de-seguridad-e-higiene\/\",\"url\":\"https:\/\/www.noticiasradioreflejos.com.ar\/2021\/rubro-turistico-liquidacion-de-la-tasa-de-seguridad-e-higiene\/\",\"name\":\"Rubro tur\u00edstico: liquidaci\u00f3n de la Tasa de Seguridad e Higiene - Noticias Radio Reflejos\",\"isPartOf\":{\"@id\":\"https:\/\/www.noticiasradioreflejos.com.ar\/2021\/#website\"},\"datePublished\":\"2019-04-09T15:30:06+00:00\",\"author\":{\"@id\":\"https:\/\/www.noticiasradioreflejos.com.ar\/2021\/#\/schema\/person\/ad82545263dcc5ec0996818884fd5fb1\"},\"breadcrumb\":{\"@id\":\"https:\/\/www.noticiasradioreflejos.com.ar\/2021\/rubro-turistico-liquidacion-de-la-tasa-de-seguridad-e-higiene\/#breadcrumb\"},\"inLanguage\":\"es\",\"potentialAction\":[{\"@type\":\"ReadAction\",\"target\":[\"https:\/\/www.noticiasradioreflejos.com.ar\/2021\/rubro-turistico-liquidacion-de-la-tasa-de-seguridad-e-higiene\/\"]}]},{\"@type\":\"BreadcrumbList\",\"@id\":\"https:\/\/www.noticiasradioreflejos.com.ar\/2021\/rubro-turistico-liquidacion-de-la-tasa-de-seguridad-e-higiene\/#breadcrumb\",\"itemListElement\":[{\"@type\":\"ListItem\",\"position\":1,\"name\":\"Portada\",\"item\":\"https:\/\/www.noticiasradioreflejos.com.ar\/2021\/\"},{\"@type\":\"ListItem\",\"position\":2,\"name\":\"Rubro tur\u00edstico: liquidaci\u00f3n de la Tasa de Seguridad e Higiene\"}]},{\"@type\":\"WebSite\",\"@id\":\"https:\/\/www.noticiasradioreflejos.com.ar\/2021\/#website\",\"url\":\"https:\/\/www.noticiasradioreflejos.com.ar\/2021\/\",\"name\":\"Noticias Radio Reflejos\",\"description\":\"Las noticias de mi comarca\",\"potentialAction\":[{\"@type\":\"SearchAction\",\"target\":{\"@type\":\"EntryPoint\",\"urlTemplate\":\"https:\/\/www.noticiasradioreflejos.com.ar\/2021\/?s={search_term_string}\"},\"query-input\":{\"@type\":\"PropertyValueSpecification\",\"valueRequired\":true,\"valueName\":\"search_term_string\"}}],\"inLanguage\":\"es\"},{\"@type\":\"Person\",\"@id\":\"https:\/\/www.noticiasradioreflejos.com.ar\/2021\/#\/schema\/person\/ad82545263dcc5ec0996818884fd5fb1\",\"name\":\"Arnaldo Botto\",\"image\":{\"@type\":\"ImageObject\",\"inLanguage\":\"es\",\"@id\":\"https:\/\/www.noticiasradioreflejos.com.ar\/2021\/#\/schema\/person\/image\/\",\"url\":\"https:\/\/secure.gravatar.com\/avatar\/55cb5e37c1efa326397366e6974cb338056df65cb50e7d64d1cf314e87504837?s=96&d=mm&r=g\",\"contentUrl\":\"https:\/\/secure.gravatar.com\/avatar\/55cb5e37c1efa326397366e6974cb338056df65cb50e7d64d1cf314e87504837?s=96&d=mm&r=g\",\"caption\":\"Arnaldo Botto\"},\"url\":\"https:\/\/www.noticiasradioreflejos.com.ar\/2021\/author\/arnaldo\/\"}]}<\/script>\n<!-- \/ Yoast SEO plugin. -->","yoast_head_json":{"title":"Rubro tur\u00edstico: liquidaci\u00f3n de la Tasa de Seguridad e Higiene - Noticias Radio Reflejos","robots":{"index":"index","follow":"follow","max-snippet":"max-snippet:-1","max-image-preview":"max-image-preview:large","max-video-preview":"max-video-preview:-1"},"canonical":"https:\/\/www.noticiasradioreflejos.com.ar\/2021\/rubro-turistico-liquidacion-de-la-tasa-de-seguridad-e-higiene\/","og_locale":"es_ES","og_type":"article","og_title":"Rubro tur\u00edstico: liquidaci\u00f3n de la Tasa de Seguridad e Higiene - Noticias Radio Reflejos","og_description":"La Direcci\u00f3n de Hacienda comunica que, queda sin efecto la liquidaci\u00f3n de noviembre y diciembre 2018 de la Tasa de Seguridad e Higiene en el rubro alojamiento tur\u00edstico, para lo cual se solicita a los prestadores que acerquen al Municipio la declaraci\u00f3n jurada de Ingresos Brutos (comprobante de ARBA) de dichos meses, para realizar la [&hellip;]","og_url":"https:\/\/www.noticiasradioreflejos.com.ar\/2021\/rubro-turistico-liquidacion-de-la-tasa-de-seguridad-e-higiene\/","og_site_name":"Noticias Radio Reflejos","article_published_time":"2019-04-09T15:30:06+00:00","og_image":[{"width":300,"height":200,"url":"https:\/\/www.noticiasradioreflejos.com.ar\/2021\/wp-content\/uploads\/2021\/07\/logosol300x200.png","type":"image\/png"}],"author":"Arnaldo Botto","twitter_card":"summary_large_image","schema":{"@context":"https:\/\/schema.org","@graph":[{"@type":"WebPage","@id":"https:\/\/www.noticiasradioreflejos.com.ar\/2021\/rubro-turistico-liquidacion-de-la-tasa-de-seguridad-e-higiene\/","url":"https:\/\/www.noticiasradioreflejos.com.ar\/2021\/rubro-turistico-liquidacion-de-la-tasa-de-seguridad-e-higiene\/","name":"Rubro tur\u00edstico: liquidaci\u00f3n de la Tasa de Seguridad e Higiene - Noticias Radio Reflejos","isPartOf":{"@id":"https:\/\/www.noticiasradioreflejos.com.ar\/2021\/#website"},"datePublished":"2019-04-09T15:30:06+00:00","author":{"@id":"https:\/\/www.noticiasradioreflejos.com.ar\/2021\/#\/schema\/person\/ad82545263dcc5ec0996818884fd5fb1"},"breadcrumb":{"@id":"https:\/\/www.noticiasradioreflejos.com.ar\/2021\/rubro-turistico-liquidacion-de-la-tasa-de-seguridad-e-higiene\/#breadcrumb"},"inLanguage":"es","potentialAction":[{"@type":"ReadAction","target":["https:\/\/www.noticiasradioreflejos.com.ar\/2021\/rubro-turistico-liquidacion-de-la-tasa-de-seguridad-e-higiene\/"]}]},{"@type":"BreadcrumbList","@id":"https:\/\/www.noticiasradioreflejos.com.ar\/2021\/rubro-turistico-liquidacion-de-la-tasa-de-seguridad-e-higiene\/#breadcrumb","itemListElement":[{"@type":"ListItem","position":1,"name":"Portada","item":"https:\/\/www.noticiasradioreflejos.com.ar\/2021\/"},{"@type":"ListItem","position":2,"name":"Rubro tur\u00edstico: liquidaci\u00f3n de la Tasa de Seguridad e Higiene"}]},{"@type":"WebSite","@id":"https:\/\/www.noticiasradioreflejos.com.ar\/2021\/#website","url":"https:\/\/www.noticiasradioreflejos.com.ar\/2021\/","name":"Noticias Radio Reflejos","description":"Las noticias de mi comarca","potentialAction":[{"@type":"SearchAction","target":{"@type":"EntryPoint","urlTemplate":"https:\/\/www.noticiasradioreflejos.com.ar\/2021\/?s={search_term_string}"},"query-input":{"@type":"PropertyValueSpecification","valueRequired":true,"valueName":"search_term_string"}}],"inLanguage":"es"},{"@type":"Person","@id":"https:\/\/www.noticiasradioreflejos.com.ar\/2021\/#\/schema\/person\/ad82545263dcc5ec0996818884fd5fb1","name":"Arnaldo Botto","image":{"@type":"ImageObject","inLanguage":"es","@id":"https:\/\/www.noticiasradioreflejos.com.ar\/2021\/#\/schema\/person\/image\/","url":"https:\/\/secure.gravatar.com\/avatar\/55cb5e37c1efa326397366e6974cb338056df65cb50e7d64d1cf314e87504837?s=96&d=mm&r=g","contentUrl":"https:\/\/secure.gravatar.com\/avatar\/55cb5e37c1efa326397366e6974cb338056df65cb50e7d64d1cf314e87504837?s=96&d=mm&r=g","caption":"Arnaldo Botto"},"url":"https:\/\/www.noticiasradioreflejos.com.ar\/2021\/author\/arnaldo\/"}]}},"_links":{"self":[{"href":"https:\/\/www.noticiasradioreflejos.com.ar\/2021\/wp-json\/wp\/v2\/posts\/30457","targetHints":{"allow":["GET"]}}],"collection":[{"href":"https:\/\/www.noticiasradioreflejos.com.ar\/2021\/wp-json\/wp\/v2\/posts"}],"about":[{"href":"https:\/\/www.noticiasradioreflejos.com.ar\/2021\/wp-json\/wp\/v2\/types\/post"}],"author":[{"embeddable":true,"href":"https:\/\/www.noticiasradioreflejos.com.ar\/2021\/wp-json\/wp\/v2\/users\/3"}],"replies":[{"embeddable":true,"href":"https:\/\/www.noticiasradioreflejos.com.ar\/2021\/wp-json\/wp\/v2\/comments?post=30457"}],"version-history":[{"count":0,"href":"https:\/\/www.noticiasradioreflejos.com.ar\/2021\/wp-json\/wp\/v2\/posts\/30457\/revisions"}],"wp:attachment":[{"href":"https:\/\/www.noticiasradioreflejos.com.ar\/2021\/wp-json\/wp\/v2\/media?parent=30457"}],"wp:term":[{"taxonomy":"category","embeddable":true,"href":"https:\/\/www.noticiasradioreflejos.com.ar\/2021\/wp-json\/wp\/v2\/categories?post=30457"},{"taxonomy":"post_tag","embeddable":true,"href":"https:\/\/www.noticiasradioreflejos.com.ar\/2021\/wp-json\/wp\/v2\/tags?post=30457"}],"curies":[{"name":"wp","href":"https:\/\/api.w.org\/{rel}","templated":true}]}}