{"id":30455,"date":"2019-04-09T12:19:49","date_gmt":"2019-04-09T15:19:49","guid":{"rendered":"http:\/\/www.noticiasradioreflejos.com.ar\/noticias\/?p=30455"},"modified":"2019-04-09T12:19:49","modified_gmt":"2019-04-09T15:19:49","slug":"concejales-justicialistas-piden-gestion-al-intendente-de-tornquist","status":"publish","type":"post","link":"https:\/\/www.noticiasradioreflejos.com.ar\/2021\/concejales-justicialistas-piden-gestion-al-intendente-de-tornquist\/","title":{"rendered":"Concejales justicialistas piden gesti\u00f3n al Intendente de Tornquist."},"content":{"rendered":"<p><a title=\"WhatsApp Image 2019-04-09 at 11.38.24\" href=\"http:\/\/live.staticflickr.com\/7874\/47572362501_433b4eb3ea_s.jpg\" rel=\"\"><img loading=\"lazy\" decoding=\"async\" class=\"alignleft\" style=\"float: left;\" title=\"WhatsApp Image 2019-04-09 at 11.38.24\" src=\"http:\/\/live.staticflickr.com\/7874\/47572362501_433b4eb3ea.jpg\" alt=\"WhatsApp Image 2019-04-09 at 11.38.24\" width=\"343\" height=\"500\" \/><\/a>Con la firmas de las Concejalas Maria Ofelia Skolak y Laura Rosatelli del FPV, en el d\u00eda de la fecha se entreg\u00f3 una nota, solicitando al intendente Sergio Bordoni, que gestione ante las autoridades del Banco Provincia de Buenos Aires la inclusi\u00f3n de nuestro destino tur\u00edstico, en los descuentos especiales que se realizar\u00e1n durante semana santa, donde el propio banco promociona descuentos del 20 y 50 % en gastronom\u00eda para toda la costa atl\u00e1ntica, Bah\u00eda Blanca y Tandil.<!--more--><a title=\"nota\" href=\"http:\/\/live.staticflickr.com\/7844\/33695482428_a981f7aa0d_s.jpg\" rel=\"\"><img loading=\"lazy\" decoding=\"async\" class=\"aligncenter\" title=\"nota\" src=\"http:\/\/live.staticflickr.com\/7844\/33695482428_a981f7aa0d_z.jpg\" alt=\"nota\" width=\"480\" height=\"640\" \/><\/a><\/p>\n","protected":false},"excerpt":{"rendered":"<p>Con la firmas de las Concejalas Maria Ofelia Skolak y Laura Rosatelli del FPV, en el d\u00eda de la fecha se entreg\u00f3 una nota, solicitando al intendente Sergio Bordoni, que gestione ante las autoridades del Banco Provincia de Buenos Aires la inclusi\u00f3n de nuestro destino tur\u00edstico, en los descuentos especiales que se realizar\u00e1n durante semana [&hellip;]<\/p>\n","protected":false},"author":3,"featured_media":0,"comment_status":"closed","ping_status":"open","sticky":false,"template":"","format":"standard","meta":{"footnotes":""},"categories":[24],"tags":[],"class_list":["post-30455","post","type-post","status-publish","format-standard","hentry","category-politica"],"yoast_head":"<!-- This site is optimized with the Yoast SEO plugin v25.9 - https:\/\/yoast.com\/wordpress\/plugins\/seo\/ -->\n<title>Concejales justicialistas piden gesti\u00f3n al Intendente de Tornquist. - Noticias Radio Reflejos<\/title>\n<meta name=\"robots\" content=\"index, follow, max-snippet:-1, max-image-preview:large, max-video-preview:-1\" \/>\n<link rel=\"canonical\" href=\"https:\/\/www.noticiasradioreflejos.com.ar\/2021\/concejales-justicialistas-piden-gestion-al-intendente-de-tornquist\/\" \/>\n<meta property=\"og:locale\" content=\"es_ES\" \/>\n<meta property=\"og:type\" content=\"article\" \/>\n<meta property=\"og:title\" content=\"Concejales justicialistas piden gesti\u00f3n al Intendente de Tornquist. - Noticias Radio Reflejos\" \/>\n<meta property=\"og:description\" content=\"Con la firmas de las Concejalas Maria Ofelia Skolak y Laura Rosatelli del FPV, en el d\u00eda de la fecha se entreg\u00f3 una nota, solicitando al intendente Sergio Bordoni, que gestione ante las autoridades del Banco Provincia de Buenos Aires la inclusi\u00f3n de nuestro destino tur\u00edstico, en los descuentos especiales que se realizar\u00e1n durante semana [&hellip;]\" \/>\n<meta property=\"og:url\" content=\"https:\/\/www.noticiasradioreflejos.com.ar\/2021\/concejales-justicialistas-piden-gestion-al-intendente-de-tornquist\/\" \/>\n<meta property=\"og:site_name\" content=\"Noticias Radio Reflejos\" \/>\n<meta property=\"article:published_time\" content=\"2019-04-09T15:19:49+00:00\" \/>\n<meta property=\"og:image\" content=\"http:\/\/live.staticflickr.com\/7874\/47572362501_433b4eb3ea.jpg\" \/>\n<meta name=\"author\" content=\"Arnaldo Botto\" \/>\n<meta name=\"twitter:card\" content=\"summary_large_image\" \/>\n<script type=\"application\/ld+json\" class=\"yoast-schema-graph\">{\"@context\":\"https:\/\/schema.org\",\"@graph\":[{\"@type\":\"WebPage\",\"@id\":\"https:\/\/www.noticiasradioreflejos.com.ar\/2021\/concejales-justicialistas-piden-gestion-al-intendente-de-tornquist\/\",\"url\":\"https:\/\/www.noticiasradioreflejos.com.ar\/2021\/concejales-justicialistas-piden-gestion-al-intendente-de-tornquist\/\",\"name\":\"Concejales justicialistas piden gesti\u00f3n al Intendente de Tornquist. - Noticias Radio Reflejos\",\"isPartOf\":{\"@id\":\"https:\/\/www.noticiasradioreflejos.com.ar\/2021\/#website\"},\"primaryImageOfPage\":{\"@id\":\"https:\/\/www.noticiasradioreflejos.com.ar\/2021\/concejales-justicialistas-piden-gestion-al-intendente-de-tornquist\/#primaryimage\"},\"image\":{\"@id\":\"https:\/\/www.noticiasradioreflejos.com.ar\/2021\/concejales-justicialistas-piden-gestion-al-intendente-de-tornquist\/#primaryimage\"},\"thumbnailUrl\":\"http:\/\/live.staticflickr.com\/7874\/47572362501_433b4eb3ea.jpg\",\"datePublished\":\"2019-04-09T15:19:49+00:00\",\"author\":{\"@id\":\"https:\/\/www.noticiasradioreflejos.com.ar\/2021\/#\/schema\/person\/ad82545263dcc5ec0996818884fd5fb1\"},\"breadcrumb\":{\"@id\":\"https:\/\/www.noticiasradioreflejos.com.ar\/2021\/concejales-justicialistas-piden-gestion-al-intendente-de-tornquist\/#breadcrumb\"},\"inLanguage\":\"es\",\"potentialAction\":[{\"@type\":\"ReadAction\",\"target\":[\"https:\/\/www.noticiasradioreflejos.com.ar\/2021\/concejales-justicialistas-piden-gestion-al-intendente-de-tornquist\/\"]}]},{\"@type\":\"ImageObject\",\"inLanguage\":\"es\",\"@id\":\"https:\/\/www.noticiasradioreflejos.com.ar\/2021\/concejales-justicialistas-piden-gestion-al-intendente-de-tornquist\/#primaryimage\",\"url\":\"http:\/\/live.staticflickr.com\/7874\/47572362501_433b4eb3ea.jpg\",\"contentUrl\":\"http:\/\/live.staticflickr.com\/7874\/47572362501_433b4eb3ea.jpg\"},{\"@type\":\"BreadcrumbList\",\"@id\":\"https:\/\/www.noticiasradioreflejos.com.ar\/2021\/concejales-justicialistas-piden-gestion-al-intendente-de-tornquist\/#breadcrumb\",\"itemListElement\":[{\"@type\":\"ListItem\",\"position\":1,\"name\":\"Portada\",\"item\":\"https:\/\/www.noticiasradioreflejos.com.ar\/2021\/\"},{\"@type\":\"ListItem\",\"position\":2,\"name\":\"Concejales justicialistas piden gesti\u00f3n al Intendente de Tornquist.\"}]},{\"@type\":\"WebSite\",\"@id\":\"https:\/\/www.noticiasradioreflejos.com.ar\/2021\/#website\",\"url\":\"https:\/\/www.noticiasradioreflejos.com.ar\/2021\/\",\"name\":\"Noticias Radio Reflejos\",\"description\":\"Las noticias de mi comarca\",\"potentialAction\":[{\"@type\":\"SearchAction\",\"target\":{\"@type\":\"EntryPoint\",\"urlTemplate\":\"https:\/\/www.noticiasradioreflejos.com.ar\/2021\/?s={search_term_string}\"},\"query-input\":{\"@type\":\"PropertyValueSpecification\",\"valueRequired\":true,\"valueName\":\"search_term_string\"}}],\"inLanguage\":\"es\"},{\"@type\":\"Person\",\"@id\":\"https:\/\/www.noticiasradioreflejos.com.ar\/2021\/#\/schema\/person\/ad82545263dcc5ec0996818884fd5fb1\",\"name\":\"Arnaldo Botto\",\"image\":{\"@type\":\"ImageObject\",\"inLanguage\":\"es\",\"@id\":\"https:\/\/www.noticiasradioreflejos.com.ar\/2021\/#\/schema\/person\/image\/\",\"url\":\"https:\/\/secure.gravatar.com\/avatar\/55cb5e37c1efa326397366e6974cb338056df65cb50e7d64d1cf314e87504837?s=96&d=mm&r=g\",\"contentUrl\":\"https:\/\/secure.gravatar.com\/avatar\/55cb5e37c1efa326397366e6974cb338056df65cb50e7d64d1cf314e87504837?s=96&d=mm&r=g\",\"caption\":\"Arnaldo Botto\"},\"url\":\"https:\/\/www.noticiasradioreflejos.com.ar\/2021\/author\/arnaldo\/\"}]}<\/script>\n<!-- \/ Yoast SEO plugin. -->","yoast_head_json":{"title":"Concejales justicialistas piden gesti\u00f3n al Intendente de Tornquist. - Noticias Radio Reflejos","robots":{"index":"index","follow":"follow","max-snippet":"max-snippet:-1","max-image-preview":"max-image-preview:large","max-video-preview":"max-video-preview:-1"},"canonical":"https:\/\/www.noticiasradioreflejos.com.ar\/2021\/concejales-justicialistas-piden-gestion-al-intendente-de-tornquist\/","og_locale":"es_ES","og_type":"article","og_title":"Concejales justicialistas piden gesti\u00f3n al Intendente de Tornquist. - Noticias Radio Reflejos","og_description":"Con la firmas de las Concejalas Maria Ofelia Skolak y Laura Rosatelli del FPV, en el d\u00eda de la fecha se entreg\u00f3 una nota, solicitando al intendente Sergio Bordoni, que gestione ante las autoridades del Banco Provincia de Buenos Aires la inclusi\u00f3n de nuestro destino tur\u00edstico, en los descuentos especiales que se realizar\u00e1n durante semana [&hellip;]","og_url":"https:\/\/www.noticiasradioreflejos.com.ar\/2021\/concejales-justicialistas-piden-gestion-al-intendente-de-tornquist\/","og_site_name":"Noticias Radio Reflejos","article_published_time":"2019-04-09T15:19:49+00:00","og_image":[{"url":"http:\/\/live.staticflickr.com\/7874\/47572362501_433b4eb3ea.jpg","type":"","width":"","height":""}],"author":"Arnaldo Botto","twitter_card":"summary_large_image","schema":{"@context":"https:\/\/schema.org","@graph":[{"@type":"WebPage","@id":"https:\/\/www.noticiasradioreflejos.com.ar\/2021\/concejales-justicialistas-piden-gestion-al-intendente-de-tornquist\/","url":"https:\/\/www.noticiasradioreflejos.com.ar\/2021\/concejales-justicialistas-piden-gestion-al-intendente-de-tornquist\/","name":"Concejales justicialistas piden gesti\u00f3n al Intendente de Tornquist. - Noticias Radio Reflejos","isPartOf":{"@id":"https:\/\/www.noticiasradioreflejos.com.ar\/2021\/#website"},"primaryImageOfPage":{"@id":"https:\/\/www.noticiasradioreflejos.com.ar\/2021\/concejales-justicialistas-piden-gestion-al-intendente-de-tornquist\/#primaryimage"},"image":{"@id":"https:\/\/www.noticiasradioreflejos.com.ar\/2021\/concejales-justicialistas-piden-gestion-al-intendente-de-tornquist\/#primaryimage"},"thumbnailUrl":"http:\/\/live.staticflickr.com\/7874\/47572362501_433b4eb3ea.jpg","datePublished":"2019-04-09T15:19:49+00:00","author":{"@id":"https:\/\/www.noticiasradioreflejos.com.ar\/2021\/#\/schema\/person\/ad82545263dcc5ec0996818884fd5fb1"},"breadcrumb":{"@id":"https:\/\/www.noticiasradioreflejos.com.ar\/2021\/concejales-justicialistas-piden-gestion-al-intendente-de-tornquist\/#breadcrumb"},"inLanguage":"es","potentialAction":[{"@type":"ReadAction","target":["https:\/\/www.noticiasradioreflejos.com.ar\/2021\/concejales-justicialistas-piden-gestion-al-intendente-de-tornquist\/"]}]},{"@type":"ImageObject","inLanguage":"es","@id":"https:\/\/www.noticiasradioreflejos.com.ar\/2021\/concejales-justicialistas-piden-gestion-al-intendente-de-tornquist\/#primaryimage","url":"http:\/\/live.staticflickr.com\/7874\/47572362501_433b4eb3ea.jpg","contentUrl":"http:\/\/live.staticflickr.com\/7874\/47572362501_433b4eb3ea.jpg"},{"@type":"BreadcrumbList","@id":"https:\/\/www.noticiasradioreflejos.com.ar\/2021\/concejales-justicialistas-piden-gestion-al-intendente-de-tornquist\/#breadcrumb","itemListElement":[{"@type":"ListItem","position":1,"name":"Portada","item":"https:\/\/www.noticiasradioreflejos.com.ar\/2021\/"},{"@type":"ListItem","position":2,"name":"Concejales justicialistas piden gesti\u00f3n al Intendente de Tornquist."}]},{"@type":"WebSite","@id":"https:\/\/www.noticiasradioreflejos.com.ar\/2021\/#website","url":"https:\/\/www.noticiasradioreflejos.com.ar\/2021\/","name":"Noticias Radio Reflejos","description":"Las noticias de mi comarca","potentialAction":[{"@type":"SearchAction","target":{"@type":"EntryPoint","urlTemplate":"https:\/\/www.noticiasradioreflejos.com.ar\/2021\/?s={search_term_string}"},"query-input":{"@type":"PropertyValueSpecification","valueRequired":true,"valueName":"search_term_string"}}],"inLanguage":"es"},{"@type":"Person","@id":"https:\/\/www.noticiasradioreflejos.com.ar\/2021\/#\/schema\/person\/ad82545263dcc5ec0996818884fd5fb1","name":"Arnaldo Botto","image":{"@type":"ImageObject","inLanguage":"es","@id":"https:\/\/www.noticiasradioreflejos.com.ar\/2021\/#\/schema\/person\/image\/","url":"https:\/\/secure.gravatar.com\/avatar\/55cb5e37c1efa326397366e6974cb338056df65cb50e7d64d1cf314e87504837?s=96&d=mm&r=g","contentUrl":"https:\/\/secure.gravatar.com\/avatar\/55cb5e37c1efa326397366e6974cb338056df65cb50e7d64d1cf314e87504837?s=96&d=mm&r=g","caption":"Arnaldo Botto"},"url":"https:\/\/www.noticiasradioreflejos.com.ar\/2021\/author\/arnaldo\/"}]}},"_links":{"self":[{"href":"https:\/\/www.noticiasradioreflejos.com.ar\/2021\/wp-json\/wp\/v2\/posts\/30455","targetHints":{"allow":["GET"]}}],"collection":[{"href":"https:\/\/www.noticiasradioreflejos.com.ar\/2021\/wp-json\/wp\/v2\/posts"}],"about":[{"href":"https:\/\/www.noticiasradioreflejos.com.ar\/2021\/wp-json\/wp\/v2\/types\/post"}],"author":[{"embeddable":true,"href":"https:\/\/www.noticiasradioreflejos.com.ar\/2021\/wp-json\/wp\/v2\/users\/3"}],"replies":[{"embeddable":true,"href":"https:\/\/www.noticiasradioreflejos.com.ar\/2021\/wp-json\/wp\/v2\/comments?post=30455"}],"version-history":[{"count":0,"href":"https:\/\/www.noticiasradioreflejos.com.ar\/2021\/wp-json\/wp\/v2\/posts\/30455\/revisions"}],"wp:attachment":[{"href":"https:\/\/www.noticiasradioreflejos.com.ar\/2021\/wp-json\/wp\/v2\/media?parent=30455"}],"wp:term":[{"taxonomy":"category","embeddable":true,"href":"https:\/\/www.noticiasradioreflejos.com.ar\/2021\/wp-json\/wp\/v2\/categories?post=30455"},{"taxonomy":"post_tag","embeddable":true,"href":"https:\/\/www.noticiasradioreflejos.com.ar\/2021\/wp-json\/wp\/v2\/tags?post=30455"}],"curies":[{"name":"wp","href":"https:\/\/api.w.org\/{rel}","templated":true}]}}