{"id":30444,"date":"2019-04-09T12:01:30","date_gmt":"2019-04-09T15:01:30","guid":{"rendered":"http:\/\/www.noticiasradioreflejos.com.ar\/noticias\/?p=30444"},"modified":"2019-04-09T12:01:30","modified_gmt":"2019-04-09T15:01:30","slug":"bingo-y-campana-de-socios-en-bomberos-voluntarios-de-sierra-de-la-ventana","status":"publish","type":"post","link":"https:\/\/www.noticiasradioreflejos.com.ar\/2021\/bingo-y-campana-de-socios-en-bomberos-voluntarios-de-sierra-de-la-ventana\/","title":{"rendered":"Bingo y campa\u00f1a de socios en Bomberos Voluntarios de Sierra de la Ventana."},"content":{"rendered":"<p><a title=\"IMG-20190228-WA0001\" href=\"http:\/\/live.staticflickr.com\/7923\/32304281607_babf110083_s.jpg\" rel=\"\"><img loading=\"lazy\" decoding=\"async\" class=\"alignleft\" style=\"float: left;\" title=\"IMG-20190228-WA0001\" src=\"http:\/\/live.staticflickr.com\/7923\/32304281607_babf110083.jpg\" alt=\"IMG-20190228-WA0001\" width=\"375\" height=\"500\" \/><\/a> Durante el programa <strong>\u00abUn Mate y un Caf\u00e9\u00bb<\/strong>, esta ma\u00f1ana, nos comunicamos telef\u00f3nicamente con el presidente de la Asoc. de Bomberos Voluntarios de Sierra de la Ventana,<strong> Sergio \u00abTeko\u00bb Dominguez<\/strong>, con quien repasamos la actualidad de la instituci\u00f3n serrana.<!--more--><br \/>\nEn principio, este s\u00e1bado se realizar\u00e1 un bingo familiar, con un costo de $300.- para participar de tres sorteos especiales que tendr\u00e1n m\u00e1s de 20 mil pesos en premios.<br \/>\nEl evento est\u00e1 previsto para la hora 20, tendr\u00e1 una disposici\u00f3n de mesas redondas con 8 lugares y habr\u00e1 servicio de cantina.<br \/>\nPor otra parte, Dominguez describe la dif\u00edcil situaci\u00f3n que se gener\u00f3 a partir de la resoluci\u00f3n que proh\u00edbe a las cooperativas el\u00e9ctricas, realizar cobranzas junto con el servicio, esto ha dejado a la instituci\u00f3n serrana, de un d\u00eda para otro sin el ingreso de las cuotas sociales, y demandar\u00e1 de un reempadronamiento de asociados y a la vez, organizar la cobranza. El directivo nos asegura que, hasta la \u00faltima liquidaci\u00f3n de Coopersive, recib\u00edan unas 690 cuotas sociales.<br \/>\n\u00abEso era elemental para nuestro cuartel que tiene unos 70 mil pesos de gastos fijos mensuales para su mantenimiento\u00bb nos dec\u00eda Sergio.<br \/>\n\u00abLos mismos bomberos har\u00e1n la campa\u00f1a de socios, saldr\u00e1n casa por casa\u00bb no adelant\u00f3 el directivo, indicando que el costo actual de la cuota social es de $ 42.-, aunque tienen la aprobaci\u00f3n por asamblea para aumentarla, \u00abSiempre el costo de lacuota se tom\u00f3 como referencia en el valor de 2 litros de combustible\u00bb.<br \/>\n<iframe loading=\"lazy\" src=\"https:\/\/w.soundcloud.com\/player\/?url=https%3A\/\/api.soundcloud.com\/tracks\/603347403&amp;color=%23ff5500&amp;auto_play=false&amp;hide_related=false&amp;show_comments=true&amp;show_user=true&amp;show_reposts=false&amp;show_teaser=true\" width=\"100%\" height=\"166\" frameborder=\"no\" scrolling=\"no\"><\/iframe><\/p>\n","protected":false},"excerpt":{"rendered":"<p>Durante el programa \u00abUn Mate y un Caf\u00e9\u00bb, esta ma\u00f1ana, nos comunicamos telef\u00f3nicamente con el presidente de la Asoc. de Bomberos Voluntarios de Sierra de la Ventana, Sergio \u00abTeko\u00bb Dominguez, con quien repasamos la actualidad de la instituci\u00f3n serrana.<\/p>\n","protected":false},"author":3,"featured_media":2005,"comment_status":"closed","ping_status":"open","sticky":false,"template":"","format":"standard","meta":{"footnotes":""},"categories":[26],"tags":[],"class_list":["post-30444","post","type-post","status-publish","format-standard","has-post-thumbnail","hentry","category-sociedad"],"yoast_head":"<!-- This site is optimized with the Yoast SEO plugin v25.9 - https:\/\/yoast.com\/wordpress\/plugins\/seo\/ -->\n<title>Bingo y campa\u00f1a de socios en Bomberos Voluntarios de Sierra de la Ventana. - Noticias Radio Reflejos<\/title>\n<meta name=\"robots\" content=\"index, follow, max-snippet:-1, max-image-preview:large, max-video-preview:-1\" \/>\n<link rel=\"canonical\" href=\"https:\/\/www.noticiasradioreflejos.com.ar\/2021\/bingo-y-campana-de-socios-en-bomberos-voluntarios-de-sierra-de-la-ventana\/\" \/>\n<meta property=\"og:locale\" content=\"es_ES\" \/>\n<meta property=\"og:type\" content=\"article\" \/>\n<meta property=\"og:title\" content=\"Bingo y campa\u00f1a de socios en Bomberos Voluntarios de Sierra de la Ventana. - Noticias Radio Reflejos\" \/>\n<meta property=\"og:description\" content=\"Durante el programa \u00abUn Mate y un Caf\u00e9\u00bb, esta ma\u00f1ana, nos comunicamos telef\u00f3nicamente con el presidente de la Asoc. de Bomberos Voluntarios de Sierra de la Ventana, Sergio \u00abTeko\u00bb Dominguez, con quien repasamos la actualidad de la instituci\u00f3n serrana.\" \/>\n<meta property=\"og:url\" content=\"https:\/\/www.noticiasradioreflejos.com.ar\/2021\/bingo-y-campana-de-socios-en-bomberos-voluntarios-de-sierra-de-la-ventana\/\" \/>\n<meta property=\"og:site_name\" content=\"Noticias Radio Reflejos\" \/>\n<meta property=\"article:published_time\" content=\"2019-04-09T15:01:30+00:00\" \/>\n<meta property=\"og:image\" content=\"https:\/\/www.noticiasradioreflejos.com.ar\/2021\/wp-content\/uploads\/2016\/10\/bomberos.jpg\" \/>\n\t<meta property=\"og:image:width\" content=\"604\" \/>\n\t<meta property=\"og:image:height\" content=\"453\" \/>\n\t<meta property=\"og:image:type\" content=\"image\/jpeg\" \/>\n<meta name=\"author\" content=\"Arnaldo Botto\" \/>\n<meta name=\"twitter:card\" content=\"summary_large_image\" \/>\n<script type=\"application\/ld+json\" class=\"yoast-schema-graph\">{\"@context\":\"https:\/\/schema.org\",\"@graph\":[{\"@type\":\"WebPage\",\"@id\":\"https:\/\/www.noticiasradioreflejos.com.ar\/2021\/bingo-y-campana-de-socios-en-bomberos-voluntarios-de-sierra-de-la-ventana\/\",\"url\":\"https:\/\/www.noticiasradioreflejos.com.ar\/2021\/bingo-y-campana-de-socios-en-bomberos-voluntarios-de-sierra-de-la-ventana\/\",\"name\":\"Bingo y campa\u00f1a de socios en Bomberos Voluntarios de Sierra de la Ventana. - Noticias Radio Reflejos\",\"isPartOf\":{\"@id\":\"https:\/\/www.noticiasradioreflejos.com.ar\/2021\/#website\"},\"primaryImageOfPage\":{\"@id\":\"https:\/\/www.noticiasradioreflejos.com.ar\/2021\/bingo-y-campana-de-socios-en-bomberos-voluntarios-de-sierra-de-la-ventana\/#primaryimage\"},\"image\":{\"@id\":\"https:\/\/www.noticiasradioreflejos.com.ar\/2021\/bingo-y-campana-de-socios-en-bomberos-voluntarios-de-sierra-de-la-ventana\/#primaryimage\"},\"thumbnailUrl\":\"https:\/\/www.noticiasradioreflejos.com.ar\/2021\/wp-content\/uploads\/2016\/10\/bomberos.jpg\",\"datePublished\":\"2019-04-09T15:01:30+00:00\",\"author\":{\"@id\":\"https:\/\/www.noticiasradioreflejos.com.ar\/2021\/#\/schema\/person\/ad82545263dcc5ec0996818884fd5fb1\"},\"breadcrumb\":{\"@id\":\"https:\/\/www.noticiasradioreflejos.com.ar\/2021\/bingo-y-campana-de-socios-en-bomberos-voluntarios-de-sierra-de-la-ventana\/#breadcrumb\"},\"inLanguage\":\"es\",\"potentialAction\":[{\"@type\":\"ReadAction\",\"target\":[\"https:\/\/www.noticiasradioreflejos.com.ar\/2021\/bingo-y-campana-de-socios-en-bomberos-voluntarios-de-sierra-de-la-ventana\/\"]}]},{\"@type\":\"ImageObject\",\"inLanguage\":\"es\",\"@id\":\"https:\/\/www.noticiasradioreflejos.com.ar\/2021\/bingo-y-campana-de-socios-en-bomberos-voluntarios-de-sierra-de-la-ventana\/#primaryimage\",\"url\":\"https:\/\/www.noticiasradioreflejos.com.ar\/2021\/wp-content\/uploads\/2016\/10\/bomberos.jpg\",\"contentUrl\":\"https:\/\/www.noticiasradioreflejos.com.ar\/2021\/wp-content\/uploads\/2016\/10\/bomberos.jpg\",\"width\":604,\"height\":453},{\"@type\":\"BreadcrumbList\",\"@id\":\"https:\/\/www.noticiasradioreflejos.com.ar\/2021\/bingo-y-campana-de-socios-en-bomberos-voluntarios-de-sierra-de-la-ventana\/#breadcrumb\",\"itemListElement\":[{\"@type\":\"ListItem\",\"position\":1,\"name\":\"Portada\",\"item\":\"https:\/\/www.noticiasradioreflejos.com.ar\/2021\/\"},{\"@type\":\"ListItem\",\"position\":2,\"name\":\"Bingo y campa\u00f1a de socios en Bomberos Voluntarios de Sierra de la Ventana.\"}]},{\"@type\":\"WebSite\",\"@id\":\"https:\/\/www.noticiasradioreflejos.com.ar\/2021\/#website\",\"url\":\"https:\/\/www.noticiasradioreflejos.com.ar\/2021\/\",\"name\":\"Noticias Radio Reflejos\",\"description\":\"Las noticias de mi comarca\",\"potentialAction\":[{\"@type\":\"SearchAction\",\"target\":{\"@type\":\"EntryPoint\",\"urlTemplate\":\"https:\/\/www.noticiasradioreflejos.com.ar\/2021\/?s={search_term_string}\"},\"query-input\":{\"@type\":\"PropertyValueSpecification\",\"valueRequired\":true,\"valueName\":\"search_term_string\"}}],\"inLanguage\":\"es\"},{\"@type\":\"Person\",\"@id\":\"https:\/\/www.noticiasradioreflejos.com.ar\/2021\/#\/schema\/person\/ad82545263dcc5ec0996818884fd5fb1\",\"name\":\"Arnaldo Botto\",\"image\":{\"@type\":\"ImageObject\",\"inLanguage\":\"es\",\"@id\":\"https:\/\/www.noticiasradioreflejos.com.ar\/2021\/#\/schema\/person\/image\/\",\"url\":\"https:\/\/secure.gravatar.com\/avatar\/55cb5e37c1efa326397366e6974cb338056df65cb50e7d64d1cf314e87504837?s=96&d=mm&r=g\",\"contentUrl\":\"https:\/\/secure.gravatar.com\/avatar\/55cb5e37c1efa326397366e6974cb338056df65cb50e7d64d1cf314e87504837?s=96&d=mm&r=g\",\"caption\":\"Arnaldo Botto\"},\"url\":\"https:\/\/www.noticiasradioreflejos.com.ar\/2021\/author\/arnaldo\/\"}]}<\/script>\n<!-- \/ Yoast SEO plugin. -->","yoast_head_json":{"title":"Bingo y campa\u00f1a de socios en Bomberos Voluntarios de Sierra de la Ventana. - Noticias Radio Reflejos","robots":{"index":"index","follow":"follow","max-snippet":"max-snippet:-1","max-image-preview":"max-image-preview:large","max-video-preview":"max-video-preview:-1"},"canonical":"https:\/\/www.noticiasradioreflejos.com.ar\/2021\/bingo-y-campana-de-socios-en-bomberos-voluntarios-de-sierra-de-la-ventana\/","og_locale":"es_ES","og_type":"article","og_title":"Bingo y campa\u00f1a de socios en Bomberos Voluntarios de Sierra de la Ventana. - Noticias Radio Reflejos","og_description":"Durante el programa \u00abUn Mate y un Caf\u00e9\u00bb, esta ma\u00f1ana, nos comunicamos telef\u00f3nicamente con el presidente de la Asoc. de Bomberos Voluntarios de Sierra de la Ventana, Sergio \u00abTeko\u00bb Dominguez, con quien repasamos la actualidad de la instituci\u00f3n serrana.","og_url":"https:\/\/www.noticiasradioreflejos.com.ar\/2021\/bingo-y-campana-de-socios-en-bomberos-voluntarios-de-sierra-de-la-ventana\/","og_site_name":"Noticias Radio Reflejos","article_published_time":"2019-04-09T15:01:30+00:00","og_image":[{"width":604,"height":453,"url":"https:\/\/www.noticiasradioreflejos.com.ar\/2021\/wp-content\/uploads\/2016\/10\/bomberos.jpg","type":"image\/jpeg"}],"author":"Arnaldo Botto","twitter_card":"summary_large_image","schema":{"@context":"https:\/\/schema.org","@graph":[{"@type":"WebPage","@id":"https:\/\/www.noticiasradioreflejos.com.ar\/2021\/bingo-y-campana-de-socios-en-bomberos-voluntarios-de-sierra-de-la-ventana\/","url":"https:\/\/www.noticiasradioreflejos.com.ar\/2021\/bingo-y-campana-de-socios-en-bomberos-voluntarios-de-sierra-de-la-ventana\/","name":"Bingo y campa\u00f1a de socios en Bomberos Voluntarios de Sierra de la Ventana. - Noticias Radio Reflejos","isPartOf":{"@id":"https:\/\/www.noticiasradioreflejos.com.ar\/2021\/#website"},"primaryImageOfPage":{"@id":"https:\/\/www.noticiasradioreflejos.com.ar\/2021\/bingo-y-campana-de-socios-en-bomberos-voluntarios-de-sierra-de-la-ventana\/#primaryimage"},"image":{"@id":"https:\/\/www.noticiasradioreflejos.com.ar\/2021\/bingo-y-campana-de-socios-en-bomberos-voluntarios-de-sierra-de-la-ventana\/#primaryimage"},"thumbnailUrl":"https:\/\/www.noticiasradioreflejos.com.ar\/2021\/wp-content\/uploads\/2016\/10\/bomberos.jpg","datePublished":"2019-04-09T15:01:30+00:00","author":{"@id":"https:\/\/www.noticiasradioreflejos.com.ar\/2021\/#\/schema\/person\/ad82545263dcc5ec0996818884fd5fb1"},"breadcrumb":{"@id":"https:\/\/www.noticiasradioreflejos.com.ar\/2021\/bingo-y-campana-de-socios-en-bomberos-voluntarios-de-sierra-de-la-ventana\/#breadcrumb"},"inLanguage":"es","potentialAction":[{"@type":"ReadAction","target":["https:\/\/www.noticiasradioreflejos.com.ar\/2021\/bingo-y-campana-de-socios-en-bomberos-voluntarios-de-sierra-de-la-ventana\/"]}]},{"@type":"ImageObject","inLanguage":"es","@id":"https:\/\/www.noticiasradioreflejos.com.ar\/2021\/bingo-y-campana-de-socios-en-bomberos-voluntarios-de-sierra-de-la-ventana\/#primaryimage","url":"https:\/\/www.noticiasradioreflejos.com.ar\/2021\/wp-content\/uploads\/2016\/10\/bomberos.jpg","contentUrl":"https:\/\/www.noticiasradioreflejos.com.ar\/2021\/wp-content\/uploads\/2016\/10\/bomberos.jpg","width":604,"height":453},{"@type":"BreadcrumbList","@id":"https:\/\/www.noticiasradioreflejos.com.ar\/2021\/bingo-y-campana-de-socios-en-bomberos-voluntarios-de-sierra-de-la-ventana\/#breadcrumb","itemListElement":[{"@type":"ListItem","position":1,"name":"Portada","item":"https:\/\/www.noticiasradioreflejos.com.ar\/2021\/"},{"@type":"ListItem","position":2,"name":"Bingo y campa\u00f1a de socios en Bomberos Voluntarios de Sierra de la Ventana."}]},{"@type":"WebSite","@id":"https:\/\/www.noticiasradioreflejos.com.ar\/2021\/#website","url":"https:\/\/www.noticiasradioreflejos.com.ar\/2021\/","name":"Noticias Radio Reflejos","description":"Las noticias de mi comarca","potentialAction":[{"@type":"SearchAction","target":{"@type":"EntryPoint","urlTemplate":"https:\/\/www.noticiasradioreflejos.com.ar\/2021\/?s={search_term_string}"},"query-input":{"@type":"PropertyValueSpecification","valueRequired":true,"valueName":"search_term_string"}}],"inLanguage":"es"},{"@type":"Person","@id":"https:\/\/www.noticiasradioreflejos.com.ar\/2021\/#\/schema\/person\/ad82545263dcc5ec0996818884fd5fb1","name":"Arnaldo Botto","image":{"@type":"ImageObject","inLanguage":"es","@id":"https:\/\/www.noticiasradioreflejos.com.ar\/2021\/#\/schema\/person\/image\/","url":"https:\/\/secure.gravatar.com\/avatar\/55cb5e37c1efa326397366e6974cb338056df65cb50e7d64d1cf314e87504837?s=96&d=mm&r=g","contentUrl":"https:\/\/secure.gravatar.com\/avatar\/55cb5e37c1efa326397366e6974cb338056df65cb50e7d64d1cf314e87504837?s=96&d=mm&r=g","caption":"Arnaldo Botto"},"url":"https:\/\/www.noticiasradioreflejos.com.ar\/2021\/author\/arnaldo\/"}]}},"_links":{"self":[{"href":"https:\/\/www.noticiasradioreflejos.com.ar\/2021\/wp-json\/wp\/v2\/posts\/30444","targetHints":{"allow":["GET"]}}],"collection":[{"href":"https:\/\/www.noticiasradioreflejos.com.ar\/2021\/wp-json\/wp\/v2\/posts"}],"about":[{"href":"https:\/\/www.noticiasradioreflejos.com.ar\/2021\/wp-json\/wp\/v2\/types\/post"}],"author":[{"embeddable":true,"href":"https:\/\/www.noticiasradioreflejos.com.ar\/2021\/wp-json\/wp\/v2\/users\/3"}],"replies":[{"embeddable":true,"href":"https:\/\/www.noticiasradioreflejos.com.ar\/2021\/wp-json\/wp\/v2\/comments?post=30444"}],"version-history":[{"count":0,"href":"https:\/\/www.noticiasradioreflejos.com.ar\/2021\/wp-json\/wp\/v2\/posts\/30444\/revisions"}],"wp:featuredmedia":[{"embeddable":true,"href":"https:\/\/www.noticiasradioreflejos.com.ar\/2021\/wp-json\/wp\/v2\/media\/2005"}],"wp:attachment":[{"href":"https:\/\/www.noticiasradioreflejos.com.ar\/2021\/wp-json\/wp\/v2\/media?parent=30444"}],"wp:term":[{"taxonomy":"category","embeddable":true,"href":"https:\/\/www.noticiasradioreflejos.com.ar\/2021\/wp-json\/wp\/v2\/categories?post=30444"},{"taxonomy":"post_tag","embeddable":true,"href":"https:\/\/www.noticiasradioreflejos.com.ar\/2021\/wp-json\/wp\/v2\/tags?post=30444"}],"curies":[{"name":"wp","href":"https:\/\/api.w.org\/{rel}","templated":true}]}}