{"id":30442,"date":"2019-04-09T10:57:24","date_gmt":"2019-04-09T13:57:24","guid":{"rendered":"http:\/\/www.noticiasradioreflejos.com.ar\/noticias\/?p=30442"},"modified":"2019-04-09T10:57:24","modified_gmt":"2019-04-09T13:57:24","slug":"nuevo-encuentro-de-embarazadas-en-sierra-de-la-ventana","status":"publish","type":"post","link":"https:\/\/www.noticiasradioreflejos.com.ar\/2021\/nuevo-encuentro-de-embarazadas-en-sierra-de-la-ventana\/","title":{"rendered":"Nuevo encuentro de embarazadas en Sierra de la Ventana."},"content":{"rendered":"<p><a title=\"600915d3-1ab8-4a65-a79f-26829d2f4769\" href=\"http:\/\/live.staticflickr.com\/7860\/47518850682_d01cfa9a75_s.jpg\" rel=\"\"><img loading=\"lazy\" decoding=\"async\" class=\"alignleft\" style=\"float: left;\" title=\"600915d3-1ab8-4a65-a79f-26829d2f4769\" src=\"http:\/\/live.staticflickr.com\/7860\/47518850682_d01cfa9a75.jpg\" alt=\"600915d3-1ab8-4a65-a79f-26829d2f4769\" width=\"281\" height=\"500\" \/><\/a> Nuevo encuentro para la embarazada y la familia<br \/>\nEl pr\u00f3ximo jueves 11 se llevar\u00e1 a cabo un nuevo encuentro del ciclo de charlas sobre embarazo denominado \u201cLa embarazada y la familia\u201d, a cargo de la Lic. Luc\u00eda Bonat.<!--more--><br \/>\nEl encuentro est\u00e1 programado para las 17.00 en el Centro Cultural de Sierra de la Ventana. En esta oportunidad la tem\u00e1tica ser\u00e1 el trabajo de parto, parto y nacimiento.<br \/>\nDe la primera jornada, desarrollada el 27 de marzo, participaron 4 (cuatro) parejas, y los temas estuvieron orientados a cambios en el embarazo, c\u00f3mo armar el bolso para la internaci\u00f3n, pautas de alarma para realizar consulta; adem\u00e1s se compartieron experiencias personales. Por otro lado se explicaron ejercicios de movimientos para el trabajo de parto, resaltando la importancia de practicarlos para hacer m\u00e1s llevaderas las contracciones del trabajado de parto.<br \/>\nEstos encuentros, destinados a la familia, tienen como objetivo acompa\u00f1ar y educar, generando un espacio de informaci\u00f3n e intercambio, teniendo en cuenta que la correcta informaci\u00f3n es la mejor herramienta contra el miedo.<br \/>\nRecordamos que las charlas son libres, gratuitas y no requieren inscripci\u00f3n.<\/p>\n","protected":false},"excerpt":{"rendered":"<p>Nuevo encuentro para la embarazada y la familia El pr\u00f3ximo jueves 11 se llevar\u00e1 a cabo un nuevo encuentro del ciclo de charlas sobre embarazo denominado \u201cLa embarazada y la familia\u201d, a cargo de la Lic. Luc\u00eda Bonat.<\/p>\n","protected":false},"author":3,"featured_media":0,"comment_status":"closed","ping_status":"open","sticky":false,"template":"","format":"standard","meta":{"footnotes":""},"categories":[30],"tags":[],"class_list":["post-30442","post","type-post","status-publish","format-standard","hentry","category-salud"],"yoast_head":"<!-- This site is optimized with the Yoast SEO plugin v25.9 - https:\/\/yoast.com\/wordpress\/plugins\/seo\/ -->\n<title>Nuevo encuentro de embarazadas en Sierra de la Ventana. - Noticias Radio Reflejos<\/title>\n<meta name=\"robots\" content=\"index, follow, max-snippet:-1, max-image-preview:large, max-video-preview:-1\" \/>\n<link rel=\"canonical\" href=\"https:\/\/www.noticiasradioreflejos.com.ar\/2021\/nuevo-encuentro-de-embarazadas-en-sierra-de-la-ventana\/\" \/>\n<meta property=\"og:locale\" content=\"es_ES\" \/>\n<meta property=\"og:type\" content=\"article\" \/>\n<meta property=\"og:title\" content=\"Nuevo encuentro de embarazadas en Sierra de la Ventana. - Noticias Radio Reflejos\" \/>\n<meta property=\"og:description\" content=\"Nuevo encuentro para la embarazada y la familia El pr\u00f3ximo jueves 11 se llevar\u00e1 a cabo un nuevo encuentro del ciclo de charlas sobre embarazo denominado \u201cLa embarazada y la familia\u201d, a cargo de la Lic. Luc\u00eda Bonat.\" \/>\n<meta property=\"og:url\" content=\"https:\/\/www.noticiasradioreflejos.com.ar\/2021\/nuevo-encuentro-de-embarazadas-en-sierra-de-la-ventana\/\" \/>\n<meta property=\"og:site_name\" content=\"Noticias Radio Reflejos\" \/>\n<meta property=\"article:published_time\" content=\"2019-04-09T13:57:24+00:00\" \/>\n<meta property=\"og:image\" content=\"http:\/\/live.staticflickr.com\/7860\/47518850682_d01cfa9a75.jpg\" \/>\n<meta name=\"author\" content=\"Arnaldo Botto\" \/>\n<meta name=\"twitter:card\" content=\"summary_large_image\" \/>\n<script type=\"application\/ld+json\" class=\"yoast-schema-graph\">{\"@context\":\"https:\/\/schema.org\",\"@graph\":[{\"@type\":\"WebPage\",\"@id\":\"https:\/\/www.noticiasradioreflejos.com.ar\/2021\/nuevo-encuentro-de-embarazadas-en-sierra-de-la-ventana\/\",\"url\":\"https:\/\/www.noticiasradioreflejos.com.ar\/2021\/nuevo-encuentro-de-embarazadas-en-sierra-de-la-ventana\/\",\"name\":\"Nuevo encuentro de embarazadas en Sierra de la Ventana. - Noticias Radio Reflejos\",\"isPartOf\":{\"@id\":\"https:\/\/www.noticiasradioreflejos.com.ar\/2021\/#website\"},\"primaryImageOfPage\":{\"@id\":\"https:\/\/www.noticiasradioreflejos.com.ar\/2021\/nuevo-encuentro-de-embarazadas-en-sierra-de-la-ventana\/#primaryimage\"},\"image\":{\"@id\":\"https:\/\/www.noticiasradioreflejos.com.ar\/2021\/nuevo-encuentro-de-embarazadas-en-sierra-de-la-ventana\/#primaryimage\"},\"thumbnailUrl\":\"http:\/\/live.staticflickr.com\/7860\/47518850682_d01cfa9a75.jpg\",\"datePublished\":\"2019-04-09T13:57:24+00:00\",\"author\":{\"@id\":\"https:\/\/www.noticiasradioreflejos.com.ar\/2021\/#\/schema\/person\/ad82545263dcc5ec0996818884fd5fb1\"},\"breadcrumb\":{\"@id\":\"https:\/\/www.noticiasradioreflejos.com.ar\/2021\/nuevo-encuentro-de-embarazadas-en-sierra-de-la-ventana\/#breadcrumb\"},\"inLanguage\":\"es\",\"potentialAction\":[{\"@type\":\"ReadAction\",\"target\":[\"https:\/\/www.noticiasradioreflejos.com.ar\/2021\/nuevo-encuentro-de-embarazadas-en-sierra-de-la-ventana\/\"]}]},{\"@type\":\"ImageObject\",\"inLanguage\":\"es\",\"@id\":\"https:\/\/www.noticiasradioreflejos.com.ar\/2021\/nuevo-encuentro-de-embarazadas-en-sierra-de-la-ventana\/#primaryimage\",\"url\":\"http:\/\/live.staticflickr.com\/7860\/47518850682_d01cfa9a75.jpg\",\"contentUrl\":\"http:\/\/live.staticflickr.com\/7860\/47518850682_d01cfa9a75.jpg\"},{\"@type\":\"BreadcrumbList\",\"@id\":\"https:\/\/www.noticiasradioreflejos.com.ar\/2021\/nuevo-encuentro-de-embarazadas-en-sierra-de-la-ventana\/#breadcrumb\",\"itemListElement\":[{\"@type\":\"ListItem\",\"position\":1,\"name\":\"Portada\",\"item\":\"https:\/\/www.noticiasradioreflejos.com.ar\/2021\/\"},{\"@type\":\"ListItem\",\"position\":2,\"name\":\"Nuevo encuentro de embarazadas en Sierra de la Ventana.\"}]},{\"@type\":\"WebSite\",\"@id\":\"https:\/\/www.noticiasradioreflejos.com.ar\/2021\/#website\",\"url\":\"https:\/\/www.noticiasradioreflejos.com.ar\/2021\/\",\"name\":\"Noticias Radio Reflejos\",\"description\":\"Las noticias de mi comarca\",\"potentialAction\":[{\"@type\":\"SearchAction\",\"target\":{\"@type\":\"EntryPoint\",\"urlTemplate\":\"https:\/\/www.noticiasradioreflejos.com.ar\/2021\/?s={search_term_string}\"},\"query-input\":{\"@type\":\"PropertyValueSpecification\",\"valueRequired\":true,\"valueName\":\"search_term_string\"}}],\"inLanguage\":\"es\"},{\"@type\":\"Person\",\"@id\":\"https:\/\/www.noticiasradioreflejos.com.ar\/2021\/#\/schema\/person\/ad82545263dcc5ec0996818884fd5fb1\",\"name\":\"Arnaldo Botto\",\"image\":{\"@type\":\"ImageObject\",\"inLanguage\":\"es\",\"@id\":\"https:\/\/www.noticiasradioreflejos.com.ar\/2021\/#\/schema\/person\/image\/\",\"url\":\"https:\/\/secure.gravatar.com\/avatar\/55cb5e37c1efa326397366e6974cb338056df65cb50e7d64d1cf314e87504837?s=96&d=mm&r=g\",\"contentUrl\":\"https:\/\/secure.gravatar.com\/avatar\/55cb5e37c1efa326397366e6974cb338056df65cb50e7d64d1cf314e87504837?s=96&d=mm&r=g\",\"caption\":\"Arnaldo Botto\"},\"url\":\"https:\/\/www.noticiasradioreflejos.com.ar\/2021\/author\/arnaldo\/\"}]}<\/script>\n<!-- \/ Yoast SEO plugin. -->","yoast_head_json":{"title":"Nuevo encuentro de embarazadas en Sierra de la Ventana. - Noticias Radio Reflejos","robots":{"index":"index","follow":"follow","max-snippet":"max-snippet:-1","max-image-preview":"max-image-preview:large","max-video-preview":"max-video-preview:-1"},"canonical":"https:\/\/www.noticiasradioreflejos.com.ar\/2021\/nuevo-encuentro-de-embarazadas-en-sierra-de-la-ventana\/","og_locale":"es_ES","og_type":"article","og_title":"Nuevo encuentro de embarazadas en Sierra de la Ventana. - Noticias Radio Reflejos","og_description":"Nuevo encuentro para la embarazada y la familia El pr\u00f3ximo jueves 11 se llevar\u00e1 a cabo un nuevo encuentro del ciclo de charlas sobre embarazo denominado \u201cLa embarazada y la familia\u201d, a cargo de la Lic. Luc\u00eda Bonat.","og_url":"https:\/\/www.noticiasradioreflejos.com.ar\/2021\/nuevo-encuentro-de-embarazadas-en-sierra-de-la-ventana\/","og_site_name":"Noticias Radio Reflejos","article_published_time":"2019-04-09T13:57:24+00:00","og_image":[{"url":"http:\/\/live.staticflickr.com\/7860\/47518850682_d01cfa9a75.jpg","type":"","width":"","height":""}],"author":"Arnaldo Botto","twitter_card":"summary_large_image","schema":{"@context":"https:\/\/schema.org","@graph":[{"@type":"WebPage","@id":"https:\/\/www.noticiasradioreflejos.com.ar\/2021\/nuevo-encuentro-de-embarazadas-en-sierra-de-la-ventana\/","url":"https:\/\/www.noticiasradioreflejos.com.ar\/2021\/nuevo-encuentro-de-embarazadas-en-sierra-de-la-ventana\/","name":"Nuevo encuentro de embarazadas en Sierra de la Ventana. - Noticias Radio Reflejos","isPartOf":{"@id":"https:\/\/www.noticiasradioreflejos.com.ar\/2021\/#website"},"primaryImageOfPage":{"@id":"https:\/\/www.noticiasradioreflejos.com.ar\/2021\/nuevo-encuentro-de-embarazadas-en-sierra-de-la-ventana\/#primaryimage"},"image":{"@id":"https:\/\/www.noticiasradioreflejos.com.ar\/2021\/nuevo-encuentro-de-embarazadas-en-sierra-de-la-ventana\/#primaryimage"},"thumbnailUrl":"http:\/\/live.staticflickr.com\/7860\/47518850682_d01cfa9a75.jpg","datePublished":"2019-04-09T13:57:24+00:00","author":{"@id":"https:\/\/www.noticiasradioreflejos.com.ar\/2021\/#\/schema\/person\/ad82545263dcc5ec0996818884fd5fb1"},"breadcrumb":{"@id":"https:\/\/www.noticiasradioreflejos.com.ar\/2021\/nuevo-encuentro-de-embarazadas-en-sierra-de-la-ventana\/#breadcrumb"},"inLanguage":"es","potentialAction":[{"@type":"ReadAction","target":["https:\/\/www.noticiasradioreflejos.com.ar\/2021\/nuevo-encuentro-de-embarazadas-en-sierra-de-la-ventana\/"]}]},{"@type":"ImageObject","inLanguage":"es","@id":"https:\/\/www.noticiasradioreflejos.com.ar\/2021\/nuevo-encuentro-de-embarazadas-en-sierra-de-la-ventana\/#primaryimage","url":"http:\/\/live.staticflickr.com\/7860\/47518850682_d01cfa9a75.jpg","contentUrl":"http:\/\/live.staticflickr.com\/7860\/47518850682_d01cfa9a75.jpg"},{"@type":"BreadcrumbList","@id":"https:\/\/www.noticiasradioreflejos.com.ar\/2021\/nuevo-encuentro-de-embarazadas-en-sierra-de-la-ventana\/#breadcrumb","itemListElement":[{"@type":"ListItem","position":1,"name":"Portada","item":"https:\/\/www.noticiasradioreflejos.com.ar\/2021\/"},{"@type":"ListItem","position":2,"name":"Nuevo encuentro de embarazadas en Sierra de la Ventana."}]},{"@type":"WebSite","@id":"https:\/\/www.noticiasradioreflejos.com.ar\/2021\/#website","url":"https:\/\/www.noticiasradioreflejos.com.ar\/2021\/","name":"Noticias Radio Reflejos","description":"Las noticias de mi comarca","potentialAction":[{"@type":"SearchAction","target":{"@type":"EntryPoint","urlTemplate":"https:\/\/www.noticiasradioreflejos.com.ar\/2021\/?s={search_term_string}"},"query-input":{"@type":"PropertyValueSpecification","valueRequired":true,"valueName":"search_term_string"}}],"inLanguage":"es"},{"@type":"Person","@id":"https:\/\/www.noticiasradioreflejos.com.ar\/2021\/#\/schema\/person\/ad82545263dcc5ec0996818884fd5fb1","name":"Arnaldo Botto","image":{"@type":"ImageObject","inLanguage":"es","@id":"https:\/\/www.noticiasradioreflejos.com.ar\/2021\/#\/schema\/person\/image\/","url":"https:\/\/secure.gravatar.com\/avatar\/55cb5e37c1efa326397366e6974cb338056df65cb50e7d64d1cf314e87504837?s=96&d=mm&r=g","contentUrl":"https:\/\/secure.gravatar.com\/avatar\/55cb5e37c1efa326397366e6974cb338056df65cb50e7d64d1cf314e87504837?s=96&d=mm&r=g","caption":"Arnaldo Botto"},"url":"https:\/\/www.noticiasradioreflejos.com.ar\/2021\/author\/arnaldo\/"}]}},"_links":{"self":[{"href":"https:\/\/www.noticiasradioreflejos.com.ar\/2021\/wp-json\/wp\/v2\/posts\/30442","targetHints":{"allow":["GET"]}}],"collection":[{"href":"https:\/\/www.noticiasradioreflejos.com.ar\/2021\/wp-json\/wp\/v2\/posts"}],"about":[{"href":"https:\/\/www.noticiasradioreflejos.com.ar\/2021\/wp-json\/wp\/v2\/types\/post"}],"author":[{"embeddable":true,"href":"https:\/\/www.noticiasradioreflejos.com.ar\/2021\/wp-json\/wp\/v2\/users\/3"}],"replies":[{"embeddable":true,"href":"https:\/\/www.noticiasradioreflejos.com.ar\/2021\/wp-json\/wp\/v2\/comments?post=30442"}],"version-history":[{"count":0,"href":"https:\/\/www.noticiasradioreflejos.com.ar\/2021\/wp-json\/wp\/v2\/posts\/30442\/revisions"}],"wp:attachment":[{"href":"https:\/\/www.noticiasradioreflejos.com.ar\/2021\/wp-json\/wp\/v2\/media?parent=30442"}],"wp:term":[{"taxonomy":"category","embeddable":true,"href":"https:\/\/www.noticiasradioreflejos.com.ar\/2021\/wp-json\/wp\/v2\/categories?post=30442"},{"taxonomy":"post_tag","embeddable":true,"href":"https:\/\/www.noticiasradioreflejos.com.ar\/2021\/wp-json\/wp\/v2\/tags?post=30442"}],"curies":[{"name":"wp","href":"https:\/\/api.w.org\/{rel}","templated":true}]}}