{"id":30161,"date":"2019-03-30T08:07:03","date_gmt":"2019-03-30T11:07:03","guid":{"rendered":"http:\/\/www.noticiasradioreflejos.com.ar\/noticias\/?p=30161"},"modified":"2019-03-30T08:07:03","modified_gmt":"2019-03-30T11:07:03","slug":"este-fin-de-semana-en-la-macedonio","status":"publish","type":"post","link":"https:\/\/www.noticiasradioreflejos.com.ar\/2021\/este-fin-de-semana-en-la-macedonio\/","title":{"rendered":"Este fin de semana en la Macedonio"},"content":{"rendered":"<p>Actividades en la Biblioteca popular Macedonio Fern\u00e1ndez de Villa Ventana:<!--more--><br \/>\n<strong>S\u00e1bado 30 de marzo<\/strong>\/ 21 hs. M\u00fasica en vivo con V\u00fametro y Los Toros.<br \/>\nV\u00daMETRO es un tr\u00edo integrado por Murci Bouscayrol (guitarra y voz), Andr\u00e9s ConteGrand (bater\u00eda) y el uruguayo Diego Rodr\u00edguez Mieres (contrabajo y voz). Desde su disco debut demuestran una sonoridad personal y \u00fanica para un power tr\u00edo, con un vivo<br \/>\ns\u00f3lido y contundente.<br \/>\nLos Toros es una banda de Rock con influencias nacionales como Pescado Rabioso, Manal, Pappo y Sumo. El repertorio se basa en la obra de Nicol\u00e1s Tauro (voz y guitarra), qui\u00e9n tras 19 a\u00f1os en Capital vuelve a Bah\u00eda Blanca para que sus canciones se encuentren con Miguel Carrozzino (guitarra), Diego Frers (bajo) y Sebasti\u00e1n Bressan (bater\u00eda). El resultado gener\u00f3 un estilo potente, vivo, s\u00f3lido y psicod\u00e9lico con el eje sobre la canci\u00f3n. Habiendo iniciado sus actividades en Bah\u00eda Blanca y la zona en septiembre de 2016 cuentan con shows en la ciudad en el circuito de pubs y festivales como Lado B, Fiesta Terradiabla y Por una vez que nos juntamos. Actualmente est\u00e1n trabajando en difundir la propuesta en vivo como en un pr\u00f3ximo registro disponible digitalmente. Entrada $100. Socios $50. Servicio de cantina a beneficio de la Biblioteca.<br \/>\n<strong>Domingo 31<\/strong> \/ 9 hs: Movimiento danzado. Laboratorio. A cargo de Judit Eliosoff. Frecuencia mensual.<br \/>\n&gt;Domingo 31\/ 19 hs. Cine, Caf\u00e9 y Debate. Gratuito Se proyectar\u00e1 \u00abSOSTIENE PEREIRA\u00bb<br \/>\nA\u00f1o 1995 Pa\u00eds: Italia Idioma: Original Duraci\u00f3n: 104 minutos G\u00e9nero: Drama en A\u00f1os 30 &#8211; Periodismo<br \/>\nDirecci\u00f3n: Roberto Faenza Gui\u00f3n: Roberto Faenza, Sergio Vecchio, Antonio Tabucchi (Novela: Antonio Tabucchi)<br \/>\nReparto: Marcello Mastroianni, Joaquim de Almeida, Daniel Auteuil, Stefano Dionisi, Nicoletta Braschi, Marthe Keller.<br \/>\nCoproducci\u00f3n Italia-Francia-Portugal<br \/>\nSINOPSIS:<br \/>\nLisboa, 1938. Dictadura de Salazar. Adaptaci\u00f3n de la novela hom\u00f3nima del escritor italiano Antonio Tabucchi. En 1938 (anexi\u00f3n de Austria por Alemania), cuando los totalitarismos triunfan en Europa, un periodista que ha trabajado siempre en la secci\u00f3n de sucesos, recibe el encargo de dirigir la p\u00e1gina cultural de su peri\u00f3dico. Su sentido f\u00fanebre de la cultura chocar\u00e1 con el esp\u00edritu vitalista de un joven colaborador. La estrecha relaci\u00f3n que mantiene con \u00e9l desencadena una crisis personal que altera radicalmente la vida del maduro periodista. (FILMAFFINITY).<br \/>\nM\u00e1s informaci\u00f3n general en Facebook: https:\/\/www.facebook.com\/macedonio.fernandez.96<br \/>\nDescargar todos los archivos adjuntos en un archivo zip<\/p>\n","protected":false},"excerpt":{"rendered":"<p>Actividades en la Biblioteca popular Macedonio Fern\u00e1ndez de Villa Ventana:<\/p>\n","protected":false},"author":3,"featured_media":0,"comment_status":"closed","ping_status":"open","sticky":false,"template":"","format":"standard","meta":{"footnotes":""},"categories":[35],"tags":[],"class_list":["post-30161","post","type-post","status-publish","format-standard","hentry","category-cultura"],"yoast_head":"<!-- This site is optimized with the Yoast SEO plugin v25.9 - https:\/\/yoast.com\/wordpress\/plugins\/seo\/ -->\n<title>Este fin de semana en la Macedonio - Noticias Radio Reflejos<\/title>\n<meta name=\"robots\" content=\"index, follow, max-snippet:-1, max-image-preview:large, max-video-preview:-1\" \/>\n<link rel=\"canonical\" href=\"https:\/\/www.noticiasradioreflejos.com.ar\/2021\/este-fin-de-semana-en-la-macedonio\/\" \/>\n<meta property=\"og:locale\" content=\"es_ES\" \/>\n<meta property=\"og:type\" content=\"article\" \/>\n<meta property=\"og:title\" content=\"Este fin de semana en la Macedonio - Noticias Radio Reflejos\" \/>\n<meta property=\"og:description\" content=\"Actividades en la Biblioteca popular Macedonio Fern\u00e1ndez de Villa Ventana:\" \/>\n<meta property=\"og:url\" content=\"https:\/\/www.noticiasradioreflejos.com.ar\/2021\/este-fin-de-semana-en-la-macedonio\/\" \/>\n<meta property=\"og:site_name\" content=\"Noticias Radio Reflejos\" \/>\n<meta property=\"article:published_time\" content=\"2019-03-30T11:07:03+00:00\" \/>\n<meta property=\"og:image\" content=\"https:\/\/www.noticiasradioreflejos.com.ar\/2021\/wp-content\/uploads\/2021\/07\/logosol300x200.png\" \/>\n\t<meta property=\"og:image:width\" content=\"300\" \/>\n\t<meta property=\"og:image:height\" content=\"200\" \/>\n\t<meta property=\"og:image:type\" content=\"image\/png\" \/>\n<meta name=\"author\" content=\"Arnaldo Botto\" \/>\n<meta name=\"twitter:card\" content=\"summary_large_image\" \/>\n<script type=\"application\/ld+json\" class=\"yoast-schema-graph\">{\"@context\":\"https:\/\/schema.org\",\"@graph\":[{\"@type\":\"WebPage\",\"@id\":\"https:\/\/www.noticiasradioreflejos.com.ar\/2021\/este-fin-de-semana-en-la-macedonio\/\",\"url\":\"https:\/\/www.noticiasradioreflejos.com.ar\/2021\/este-fin-de-semana-en-la-macedonio\/\",\"name\":\"Este fin de semana en la Macedonio - Noticias Radio Reflejos\",\"isPartOf\":{\"@id\":\"https:\/\/www.noticiasradioreflejos.com.ar\/2021\/#website\"},\"datePublished\":\"2019-03-30T11:07:03+00:00\",\"author\":{\"@id\":\"https:\/\/www.noticiasradioreflejos.com.ar\/2021\/#\/schema\/person\/ad82545263dcc5ec0996818884fd5fb1\"},\"breadcrumb\":{\"@id\":\"https:\/\/www.noticiasradioreflejos.com.ar\/2021\/este-fin-de-semana-en-la-macedonio\/#breadcrumb\"},\"inLanguage\":\"es\",\"potentialAction\":[{\"@type\":\"ReadAction\",\"target\":[\"https:\/\/www.noticiasradioreflejos.com.ar\/2021\/este-fin-de-semana-en-la-macedonio\/\"]}]},{\"@type\":\"BreadcrumbList\",\"@id\":\"https:\/\/www.noticiasradioreflejos.com.ar\/2021\/este-fin-de-semana-en-la-macedonio\/#breadcrumb\",\"itemListElement\":[{\"@type\":\"ListItem\",\"position\":1,\"name\":\"Portada\",\"item\":\"https:\/\/www.noticiasradioreflejos.com.ar\/2021\/\"},{\"@type\":\"ListItem\",\"position\":2,\"name\":\"Este fin de semana en la Macedonio\"}]},{\"@type\":\"WebSite\",\"@id\":\"https:\/\/www.noticiasradioreflejos.com.ar\/2021\/#website\",\"url\":\"https:\/\/www.noticiasradioreflejos.com.ar\/2021\/\",\"name\":\"Noticias Radio Reflejos\",\"description\":\"Las noticias de mi comarca\",\"potentialAction\":[{\"@type\":\"SearchAction\",\"target\":{\"@type\":\"EntryPoint\",\"urlTemplate\":\"https:\/\/www.noticiasradioreflejos.com.ar\/2021\/?s={search_term_string}\"},\"query-input\":{\"@type\":\"PropertyValueSpecification\",\"valueRequired\":true,\"valueName\":\"search_term_string\"}}],\"inLanguage\":\"es\"},{\"@type\":\"Person\",\"@id\":\"https:\/\/www.noticiasradioreflejos.com.ar\/2021\/#\/schema\/person\/ad82545263dcc5ec0996818884fd5fb1\",\"name\":\"Arnaldo Botto\",\"image\":{\"@type\":\"ImageObject\",\"inLanguage\":\"es\",\"@id\":\"https:\/\/www.noticiasradioreflejos.com.ar\/2021\/#\/schema\/person\/image\/\",\"url\":\"https:\/\/secure.gravatar.com\/avatar\/55cb5e37c1efa326397366e6974cb338056df65cb50e7d64d1cf314e87504837?s=96&d=mm&r=g\",\"contentUrl\":\"https:\/\/secure.gravatar.com\/avatar\/55cb5e37c1efa326397366e6974cb338056df65cb50e7d64d1cf314e87504837?s=96&d=mm&r=g\",\"caption\":\"Arnaldo Botto\"},\"url\":\"https:\/\/www.noticiasradioreflejos.com.ar\/2021\/author\/arnaldo\/\"}]}<\/script>\n<!-- \/ Yoast SEO plugin. -->","yoast_head_json":{"title":"Este fin de semana en la Macedonio - Noticias Radio Reflejos","robots":{"index":"index","follow":"follow","max-snippet":"max-snippet:-1","max-image-preview":"max-image-preview:large","max-video-preview":"max-video-preview:-1"},"canonical":"https:\/\/www.noticiasradioreflejos.com.ar\/2021\/este-fin-de-semana-en-la-macedonio\/","og_locale":"es_ES","og_type":"article","og_title":"Este fin de semana en la Macedonio - Noticias Radio Reflejos","og_description":"Actividades en la Biblioteca popular Macedonio Fern\u00e1ndez de Villa Ventana:","og_url":"https:\/\/www.noticiasradioreflejos.com.ar\/2021\/este-fin-de-semana-en-la-macedonio\/","og_site_name":"Noticias Radio Reflejos","article_published_time":"2019-03-30T11:07:03+00:00","og_image":[{"width":300,"height":200,"url":"https:\/\/www.noticiasradioreflejos.com.ar\/2021\/wp-content\/uploads\/2021\/07\/logosol300x200.png","type":"image\/png"}],"author":"Arnaldo Botto","twitter_card":"summary_large_image","schema":{"@context":"https:\/\/schema.org","@graph":[{"@type":"WebPage","@id":"https:\/\/www.noticiasradioreflejos.com.ar\/2021\/este-fin-de-semana-en-la-macedonio\/","url":"https:\/\/www.noticiasradioreflejos.com.ar\/2021\/este-fin-de-semana-en-la-macedonio\/","name":"Este fin de semana en la Macedonio - Noticias Radio Reflejos","isPartOf":{"@id":"https:\/\/www.noticiasradioreflejos.com.ar\/2021\/#website"},"datePublished":"2019-03-30T11:07:03+00:00","author":{"@id":"https:\/\/www.noticiasradioreflejos.com.ar\/2021\/#\/schema\/person\/ad82545263dcc5ec0996818884fd5fb1"},"breadcrumb":{"@id":"https:\/\/www.noticiasradioreflejos.com.ar\/2021\/este-fin-de-semana-en-la-macedonio\/#breadcrumb"},"inLanguage":"es","potentialAction":[{"@type":"ReadAction","target":["https:\/\/www.noticiasradioreflejos.com.ar\/2021\/este-fin-de-semana-en-la-macedonio\/"]}]},{"@type":"BreadcrumbList","@id":"https:\/\/www.noticiasradioreflejos.com.ar\/2021\/este-fin-de-semana-en-la-macedonio\/#breadcrumb","itemListElement":[{"@type":"ListItem","position":1,"name":"Portada","item":"https:\/\/www.noticiasradioreflejos.com.ar\/2021\/"},{"@type":"ListItem","position":2,"name":"Este fin de semana en la Macedonio"}]},{"@type":"WebSite","@id":"https:\/\/www.noticiasradioreflejos.com.ar\/2021\/#website","url":"https:\/\/www.noticiasradioreflejos.com.ar\/2021\/","name":"Noticias Radio Reflejos","description":"Las noticias de mi comarca","potentialAction":[{"@type":"SearchAction","target":{"@type":"EntryPoint","urlTemplate":"https:\/\/www.noticiasradioreflejos.com.ar\/2021\/?s={search_term_string}"},"query-input":{"@type":"PropertyValueSpecification","valueRequired":true,"valueName":"search_term_string"}}],"inLanguage":"es"},{"@type":"Person","@id":"https:\/\/www.noticiasradioreflejos.com.ar\/2021\/#\/schema\/person\/ad82545263dcc5ec0996818884fd5fb1","name":"Arnaldo Botto","image":{"@type":"ImageObject","inLanguage":"es","@id":"https:\/\/www.noticiasradioreflejos.com.ar\/2021\/#\/schema\/person\/image\/","url":"https:\/\/secure.gravatar.com\/avatar\/55cb5e37c1efa326397366e6974cb338056df65cb50e7d64d1cf314e87504837?s=96&d=mm&r=g","contentUrl":"https:\/\/secure.gravatar.com\/avatar\/55cb5e37c1efa326397366e6974cb338056df65cb50e7d64d1cf314e87504837?s=96&d=mm&r=g","caption":"Arnaldo Botto"},"url":"https:\/\/www.noticiasradioreflejos.com.ar\/2021\/author\/arnaldo\/"}]}},"_links":{"self":[{"href":"https:\/\/www.noticiasradioreflejos.com.ar\/2021\/wp-json\/wp\/v2\/posts\/30161","targetHints":{"allow":["GET"]}}],"collection":[{"href":"https:\/\/www.noticiasradioreflejos.com.ar\/2021\/wp-json\/wp\/v2\/posts"}],"about":[{"href":"https:\/\/www.noticiasradioreflejos.com.ar\/2021\/wp-json\/wp\/v2\/types\/post"}],"author":[{"embeddable":true,"href":"https:\/\/www.noticiasradioreflejos.com.ar\/2021\/wp-json\/wp\/v2\/users\/3"}],"replies":[{"embeddable":true,"href":"https:\/\/www.noticiasradioreflejos.com.ar\/2021\/wp-json\/wp\/v2\/comments?post=30161"}],"version-history":[{"count":0,"href":"https:\/\/www.noticiasradioreflejos.com.ar\/2021\/wp-json\/wp\/v2\/posts\/30161\/revisions"}],"wp:attachment":[{"href":"https:\/\/www.noticiasradioreflejos.com.ar\/2021\/wp-json\/wp\/v2\/media?parent=30161"}],"wp:term":[{"taxonomy":"category","embeddable":true,"href":"https:\/\/www.noticiasradioreflejos.com.ar\/2021\/wp-json\/wp\/v2\/categories?post=30161"},{"taxonomy":"post_tag","embeddable":true,"href":"https:\/\/www.noticiasradioreflejos.com.ar\/2021\/wp-json\/wp\/v2\/tags?post=30161"}],"curies":[{"name":"wp","href":"https:\/\/api.w.org\/{rel}","templated":true}]}}