{"id":30158,"date":"2019-03-29T13:26:00","date_gmt":"2019-03-29T16:26:00","guid":{"rendered":"http:\/\/www.noticiasradioreflejos.com.ar\/noticias\/?p=30158"},"modified":"2019-03-29T13:26:00","modified_gmt":"2019-03-29T16:26:00","slug":"consejeros-escolares-y-autoridades-educativas-echaron-a-gremialistas-de-ate-de-la-escuela-1-de-tornquist","status":"publish","type":"post","link":"https:\/\/www.noticiasradioreflejos.com.ar\/2021\/consejeros-escolares-y-autoridades-educativas-echaron-a-gremialistas-de-ate-de-la-escuela-1-de-tornquist\/","title":{"rendered":"Consejeros escolares y autoridades educativas echaron a gremialistas de ATE de la Escuela 1 de Tornquist."},"content":{"rendered":"<p>As\u00ed lo denunci\u00f3 esta ma\u00f1ana en FM Reflejos, <strong>Jos\u00e9 Reisvig, secretario adjunto ATE BAHIA BLANCA. <\/strong><br \/>\nEl Sindicalista se present\u00f3 junto a <strong>Vanesa Baissetto<\/strong>, secretaria de actas y legales del gremio en horas de la ma\u00f1ana en el consejo escolar de Tornquist para avisar que har\u00edan, como en otras oportunidades, una recorrida por las escuelas para informar a sus afiliados de la marcha de las paritarias en la Prov. de Buenos aires. Sorpresivamente, una vez dentro de la Escuela Primaria N\u00b0 1 de la ciudad cabecera, se les aparecieron varios consejeros escolares y la vicedirectora del establecimiento para increparlos y echarlos del lugar.<!--more--><br \/>\nReisvig relat\u00f3 en la nota telef\u00f3nica, que ayer, fueron al Consejo Escolar para informar a las autoridades que realizar\u00edan\u00a0 una\u00a0 recorrida por todos los establecimientos educativos del distrito, como lo vienen haciendo en todos los distritos pertenecientes a ATE Bah\u00eda Blanca en la regi\u00f3n, \u00ab8,30, como no hab\u00eda ninguna autoridad, salimos a recorrer, previamente pidiendo permiso a los directivos de los establecimientos\u00bb, nos describe Jos\u00e9, destacando que a media ma\u00f1ana sufrieron una situaci\u00f3n muy desagradable cuando \u00abnos empezaron a gritar, a decirnos de todo, que \u00e9ramos mentirosos, que \u00e9ramos unos individuos medios raros\u00bb apuntando en principio a la vicedirectora de la escuela que \u00abPrimero nos permiti\u00f3 entrar y despu\u00e9s nos quiso echar en la misma ma\u00f1ana\u00bb.<br \/>\nEl gremialista asegur\u00f3 que se hizo correr la voz por parte de los consejeros que \u00abEran casi rufianes\u00bb, cuando lo que fueron a informar es la situaci\u00f3n en la que se encuentran todos los trabajadores de la Provincia de Buenos Aires.<br \/>\nReisvig comenta que jam\u00e1s tuvieron una situaci\u00f3n como esta,\u00a0 afirmando: \u00abNo se entiende que les pas\u00f3 a las autoridades, uno no esperaba esto de un lugar chico\u00bb. El sindicalista finaliz\u00f3 diciendo \u00abTenemos que establecer un di\u00e1logo razonable\u00bb, confirmando que la <strong>Asociaci\u00f3n de Trabajadores del Estado<\/strong> emitir\u00e1 a su llegada a Bah\u00eda Blanca un comunicado denunciando la actitud de la Presidente del Consejo Escolar y los que participaron del hecho.<br \/>\nFoto de portada:\u00a0<strong>Jos\u00e9 Reisvig y\u00a0\u00a0<strong>Vanesa Baissetto junto a afiliadas de Sierra de la Ventana.<\/strong><\/strong><br \/>\n<iframe loading=\"lazy\" src=\"https:\/\/w.soundcloud.com\/player\/?url=https%3A\/\/api.soundcloud.com\/tracks\/597894861&amp;color=%23ff5500&amp;auto_play=false&amp;hide_related=false&amp;show_comments=true&amp;show_user=true&amp;show_reposts=false&amp;show_teaser=true\" width=\"100%\" height=\"166\" frameborder=\"no\" scrolling=\"no\"><\/iframe><\/p>\n","protected":false},"excerpt":{"rendered":"<p>As\u00ed lo denunci\u00f3 esta ma\u00f1ana en FM Reflejos, Jos\u00e9 Reisvig, secretario adjunto ATE BAHIA BLANCA. El Sindicalista se present\u00f3 junto a Vanesa Baissetto, secretaria de actas y legales del gremio en horas de la ma\u00f1ana en el consejo escolar de Tornquist para avisar que har\u00edan, como en otras oportunidades, una recorrida por las escuelas para [&hellip;]<\/p>\n","protected":false},"author":3,"featured_media":0,"comment_status":"closed","ping_status":"open","sticky":false,"template":"","format":"standard","meta":{"footnotes":""},"categories":[24],"tags":[],"class_list":["post-30158","post","type-post","status-publish","format-standard","hentry","category-politica"],"yoast_head":"<!-- This site is optimized with the Yoast SEO plugin v25.9 - https:\/\/yoast.com\/wordpress\/plugins\/seo\/ -->\n<title>Consejeros escolares y autoridades educativas echaron a gremialistas de ATE de la Escuela 1 de Tornquist. - Noticias Radio Reflejos<\/title>\n<meta name=\"robots\" content=\"index, follow, max-snippet:-1, max-image-preview:large, max-video-preview:-1\" \/>\n<link rel=\"canonical\" href=\"https:\/\/www.noticiasradioreflejos.com.ar\/2021\/consejeros-escolares-y-autoridades-educativas-echaron-a-gremialistas-de-ate-de-la-escuela-1-de-tornquist\/\" \/>\n<meta property=\"og:locale\" content=\"es_ES\" \/>\n<meta property=\"og:type\" content=\"article\" \/>\n<meta property=\"og:title\" content=\"Consejeros escolares y autoridades educativas echaron a gremialistas de ATE de la Escuela 1 de Tornquist. - Noticias Radio Reflejos\" \/>\n<meta property=\"og:description\" content=\"As\u00ed lo denunci\u00f3 esta ma\u00f1ana en FM Reflejos, Jos\u00e9 Reisvig, secretario adjunto ATE BAHIA BLANCA. El Sindicalista se present\u00f3 junto a Vanesa Baissetto, secretaria de actas y legales del gremio en horas de la ma\u00f1ana en el consejo escolar de Tornquist para avisar que har\u00edan, como en otras oportunidades, una recorrida por las escuelas para [&hellip;]\" \/>\n<meta property=\"og:url\" content=\"https:\/\/www.noticiasradioreflejos.com.ar\/2021\/consejeros-escolares-y-autoridades-educativas-echaron-a-gremialistas-de-ate-de-la-escuela-1-de-tornquist\/\" \/>\n<meta property=\"og:site_name\" content=\"Noticias Radio Reflejos\" \/>\n<meta property=\"article:published_time\" content=\"2019-03-29T16:26:00+00:00\" \/>\n<meta property=\"og:image\" content=\"https:\/\/www.noticiasradioreflejos.com.ar\/2021\/wp-content\/uploads\/2021\/07\/logosol300x200.png\" \/>\n\t<meta property=\"og:image:width\" content=\"300\" \/>\n\t<meta property=\"og:image:height\" content=\"200\" \/>\n\t<meta property=\"og:image:type\" content=\"image\/png\" \/>\n<meta name=\"author\" content=\"Arnaldo Botto\" \/>\n<meta name=\"twitter:card\" content=\"summary_large_image\" \/>\n<script type=\"application\/ld+json\" class=\"yoast-schema-graph\">{\"@context\":\"https:\/\/schema.org\",\"@graph\":[{\"@type\":\"WebPage\",\"@id\":\"https:\/\/www.noticiasradioreflejos.com.ar\/2021\/consejeros-escolares-y-autoridades-educativas-echaron-a-gremialistas-de-ate-de-la-escuela-1-de-tornquist\/\",\"url\":\"https:\/\/www.noticiasradioreflejos.com.ar\/2021\/consejeros-escolares-y-autoridades-educativas-echaron-a-gremialistas-de-ate-de-la-escuela-1-de-tornquist\/\",\"name\":\"Consejeros escolares y autoridades educativas echaron a gremialistas de ATE de la Escuela 1 de Tornquist. - Noticias Radio Reflejos\",\"isPartOf\":{\"@id\":\"https:\/\/www.noticiasradioreflejos.com.ar\/2021\/#website\"},\"datePublished\":\"2019-03-29T16:26:00+00:00\",\"author\":{\"@id\":\"https:\/\/www.noticiasradioreflejos.com.ar\/2021\/#\/schema\/person\/ad82545263dcc5ec0996818884fd5fb1\"},\"breadcrumb\":{\"@id\":\"https:\/\/www.noticiasradioreflejos.com.ar\/2021\/consejeros-escolares-y-autoridades-educativas-echaron-a-gremialistas-de-ate-de-la-escuela-1-de-tornquist\/#breadcrumb\"},\"inLanguage\":\"es\",\"potentialAction\":[{\"@type\":\"ReadAction\",\"target\":[\"https:\/\/www.noticiasradioreflejos.com.ar\/2021\/consejeros-escolares-y-autoridades-educativas-echaron-a-gremialistas-de-ate-de-la-escuela-1-de-tornquist\/\"]}]},{\"@type\":\"BreadcrumbList\",\"@id\":\"https:\/\/www.noticiasradioreflejos.com.ar\/2021\/consejeros-escolares-y-autoridades-educativas-echaron-a-gremialistas-de-ate-de-la-escuela-1-de-tornquist\/#breadcrumb\",\"itemListElement\":[{\"@type\":\"ListItem\",\"position\":1,\"name\":\"Portada\",\"item\":\"https:\/\/www.noticiasradioreflejos.com.ar\/2021\/\"},{\"@type\":\"ListItem\",\"position\":2,\"name\":\"Consejeros escolares y autoridades educativas echaron a gremialistas de ATE de la Escuela 1 de Tornquist.\"}]},{\"@type\":\"WebSite\",\"@id\":\"https:\/\/www.noticiasradioreflejos.com.ar\/2021\/#website\",\"url\":\"https:\/\/www.noticiasradioreflejos.com.ar\/2021\/\",\"name\":\"Noticias Radio Reflejos\",\"description\":\"Las noticias de mi comarca\",\"potentialAction\":[{\"@type\":\"SearchAction\",\"target\":{\"@type\":\"EntryPoint\",\"urlTemplate\":\"https:\/\/www.noticiasradioreflejos.com.ar\/2021\/?s={search_term_string}\"},\"query-input\":{\"@type\":\"PropertyValueSpecification\",\"valueRequired\":true,\"valueName\":\"search_term_string\"}}],\"inLanguage\":\"es\"},{\"@type\":\"Person\",\"@id\":\"https:\/\/www.noticiasradioreflejos.com.ar\/2021\/#\/schema\/person\/ad82545263dcc5ec0996818884fd5fb1\",\"name\":\"Arnaldo Botto\",\"image\":{\"@type\":\"ImageObject\",\"inLanguage\":\"es\",\"@id\":\"https:\/\/www.noticiasradioreflejos.com.ar\/2021\/#\/schema\/person\/image\/\",\"url\":\"https:\/\/secure.gravatar.com\/avatar\/55cb5e37c1efa326397366e6974cb338056df65cb50e7d64d1cf314e87504837?s=96&d=mm&r=g\",\"contentUrl\":\"https:\/\/secure.gravatar.com\/avatar\/55cb5e37c1efa326397366e6974cb338056df65cb50e7d64d1cf314e87504837?s=96&d=mm&r=g\",\"caption\":\"Arnaldo Botto\"},\"url\":\"https:\/\/www.noticiasradioreflejos.com.ar\/2021\/author\/arnaldo\/\"}]}<\/script>\n<!-- \/ Yoast SEO plugin. -->","yoast_head_json":{"title":"Consejeros escolares y autoridades educativas echaron a gremialistas de ATE de la Escuela 1 de Tornquist. - Noticias Radio Reflejos","robots":{"index":"index","follow":"follow","max-snippet":"max-snippet:-1","max-image-preview":"max-image-preview:large","max-video-preview":"max-video-preview:-1"},"canonical":"https:\/\/www.noticiasradioreflejos.com.ar\/2021\/consejeros-escolares-y-autoridades-educativas-echaron-a-gremialistas-de-ate-de-la-escuela-1-de-tornquist\/","og_locale":"es_ES","og_type":"article","og_title":"Consejeros escolares y autoridades educativas echaron a gremialistas de ATE de la Escuela 1 de Tornquist. - Noticias Radio Reflejos","og_description":"As\u00ed lo denunci\u00f3 esta ma\u00f1ana en FM Reflejos, Jos\u00e9 Reisvig, secretario adjunto ATE BAHIA BLANCA. El Sindicalista se present\u00f3 junto a Vanesa Baissetto, secretaria de actas y legales del gremio en horas de la ma\u00f1ana en el consejo escolar de Tornquist para avisar que har\u00edan, como en otras oportunidades, una recorrida por las escuelas para [&hellip;]","og_url":"https:\/\/www.noticiasradioreflejos.com.ar\/2021\/consejeros-escolares-y-autoridades-educativas-echaron-a-gremialistas-de-ate-de-la-escuela-1-de-tornquist\/","og_site_name":"Noticias Radio Reflejos","article_published_time":"2019-03-29T16:26:00+00:00","og_image":[{"width":300,"height":200,"url":"https:\/\/www.noticiasradioreflejos.com.ar\/2021\/wp-content\/uploads\/2021\/07\/logosol300x200.png","type":"image\/png"}],"author":"Arnaldo Botto","twitter_card":"summary_large_image","schema":{"@context":"https:\/\/schema.org","@graph":[{"@type":"WebPage","@id":"https:\/\/www.noticiasradioreflejos.com.ar\/2021\/consejeros-escolares-y-autoridades-educativas-echaron-a-gremialistas-de-ate-de-la-escuela-1-de-tornquist\/","url":"https:\/\/www.noticiasradioreflejos.com.ar\/2021\/consejeros-escolares-y-autoridades-educativas-echaron-a-gremialistas-de-ate-de-la-escuela-1-de-tornquist\/","name":"Consejeros escolares y autoridades educativas echaron a gremialistas de ATE de la Escuela 1 de Tornquist. - Noticias Radio Reflejos","isPartOf":{"@id":"https:\/\/www.noticiasradioreflejos.com.ar\/2021\/#website"},"datePublished":"2019-03-29T16:26:00+00:00","author":{"@id":"https:\/\/www.noticiasradioreflejos.com.ar\/2021\/#\/schema\/person\/ad82545263dcc5ec0996818884fd5fb1"},"breadcrumb":{"@id":"https:\/\/www.noticiasradioreflejos.com.ar\/2021\/consejeros-escolares-y-autoridades-educativas-echaron-a-gremialistas-de-ate-de-la-escuela-1-de-tornquist\/#breadcrumb"},"inLanguage":"es","potentialAction":[{"@type":"ReadAction","target":["https:\/\/www.noticiasradioreflejos.com.ar\/2021\/consejeros-escolares-y-autoridades-educativas-echaron-a-gremialistas-de-ate-de-la-escuela-1-de-tornquist\/"]}]},{"@type":"BreadcrumbList","@id":"https:\/\/www.noticiasradioreflejos.com.ar\/2021\/consejeros-escolares-y-autoridades-educativas-echaron-a-gremialistas-de-ate-de-la-escuela-1-de-tornquist\/#breadcrumb","itemListElement":[{"@type":"ListItem","position":1,"name":"Portada","item":"https:\/\/www.noticiasradioreflejos.com.ar\/2021\/"},{"@type":"ListItem","position":2,"name":"Consejeros escolares y autoridades educativas echaron a gremialistas de ATE de la Escuela 1 de Tornquist."}]},{"@type":"WebSite","@id":"https:\/\/www.noticiasradioreflejos.com.ar\/2021\/#website","url":"https:\/\/www.noticiasradioreflejos.com.ar\/2021\/","name":"Noticias Radio Reflejos","description":"Las noticias de mi comarca","potentialAction":[{"@type":"SearchAction","target":{"@type":"EntryPoint","urlTemplate":"https:\/\/www.noticiasradioreflejos.com.ar\/2021\/?s={search_term_string}"},"query-input":{"@type":"PropertyValueSpecification","valueRequired":true,"valueName":"search_term_string"}}],"inLanguage":"es"},{"@type":"Person","@id":"https:\/\/www.noticiasradioreflejos.com.ar\/2021\/#\/schema\/person\/ad82545263dcc5ec0996818884fd5fb1","name":"Arnaldo Botto","image":{"@type":"ImageObject","inLanguage":"es","@id":"https:\/\/www.noticiasradioreflejos.com.ar\/2021\/#\/schema\/person\/image\/","url":"https:\/\/secure.gravatar.com\/avatar\/55cb5e37c1efa326397366e6974cb338056df65cb50e7d64d1cf314e87504837?s=96&d=mm&r=g","contentUrl":"https:\/\/secure.gravatar.com\/avatar\/55cb5e37c1efa326397366e6974cb338056df65cb50e7d64d1cf314e87504837?s=96&d=mm&r=g","caption":"Arnaldo Botto"},"url":"https:\/\/www.noticiasradioreflejos.com.ar\/2021\/author\/arnaldo\/"}]}},"_links":{"self":[{"href":"https:\/\/www.noticiasradioreflejos.com.ar\/2021\/wp-json\/wp\/v2\/posts\/30158","targetHints":{"allow":["GET"]}}],"collection":[{"href":"https:\/\/www.noticiasradioreflejos.com.ar\/2021\/wp-json\/wp\/v2\/posts"}],"about":[{"href":"https:\/\/www.noticiasradioreflejos.com.ar\/2021\/wp-json\/wp\/v2\/types\/post"}],"author":[{"embeddable":true,"href":"https:\/\/www.noticiasradioreflejos.com.ar\/2021\/wp-json\/wp\/v2\/users\/3"}],"replies":[{"embeddable":true,"href":"https:\/\/www.noticiasradioreflejos.com.ar\/2021\/wp-json\/wp\/v2\/comments?post=30158"}],"version-history":[{"count":0,"href":"https:\/\/www.noticiasradioreflejos.com.ar\/2021\/wp-json\/wp\/v2\/posts\/30158\/revisions"}],"wp:attachment":[{"href":"https:\/\/www.noticiasradioreflejos.com.ar\/2021\/wp-json\/wp\/v2\/media?parent=30158"}],"wp:term":[{"taxonomy":"category","embeddable":true,"href":"https:\/\/www.noticiasradioreflejos.com.ar\/2021\/wp-json\/wp\/v2\/categories?post=30158"},{"taxonomy":"post_tag","embeddable":true,"href":"https:\/\/www.noticiasradioreflejos.com.ar\/2021\/wp-json\/wp\/v2\/tags?post=30158"}],"curies":[{"name":"wp","href":"https:\/\/api.w.org\/{rel}","templated":true}]}}