{"id":30151,"date":"2019-03-29T12:29:13","date_gmt":"2019-03-29T15:29:13","guid":{"rendered":"http:\/\/www.noticiasradioreflejos.com.ar\/noticias\/?p=30151"},"modified":"2019-03-29T12:29:13","modified_gmt":"2019-03-29T15:29:13","slug":"show-de-bandas-en-vivo-en-la-biblioteca-de-villa-ventana","status":"publish","type":"post","link":"https:\/\/www.noticiasradioreflejos.com.ar\/2021\/show-de-bandas-en-vivo-en-la-biblioteca-de-villa-ventana\/","title":{"rendered":"Show de bandas en vivo en la biblioteca de Villa Ventana."},"content":{"rendered":"<p>Una jornada para compartir naturaleza y buena m\u00fasica.<strong> V\u00fametro (Buenos Aires), Los Toros (Bah\u00eda Blanca) y Tocata (Villa Ventana)<\/strong> se presentar\u00e1n en vivo este S\u00e1bado 30 de Marzo desde las 20hs en la <strong>Biblioteca Popular Macedonio Fernandez<\/strong> de la localidad de Villa Ventana.<br \/>\nEn la ma\u00f1ana de \u00abUn Mage y un Caf\u00e9\u00bb charlamos con Nico Tauro, Guitarrista y Cantante de \u00abLos Toros\u00bb, para ir conociendo algo de lo que nos entregar\u00e1n ma\u00f1ana en Villa y qu\u00e9 estilo musical\u00a0los caracteriza.<br \/>\nLa jornada larga temprano, se invita a compartir el patio, cantina e instalaciones desde la tarde.<!--more--><br \/>\nEntrada general $100 \/ Socios Biblioteca $50<br \/>\nV\u00fametro: @vumetro \/\/ vumetro.com<br \/>\nLos Toros: @lostoromusica<br \/>\n\u00abLos Toros\u00bb es una banda de Rock con influencias nacionales como Pescado Rabioso, Manal, Pappo y Sumo. El repertorio se basa en la obra de Nicol\u00e1s Tauro (voz y guitarra), qui\u00e9n tras 19 a\u00f1os en Capital vuelve a Bah\u00eda Blanca para que sus canciones se encuentren con Miguel Carrozzino (guitarra), Diego Frers (bajo) y Sebasti\u00e1n Bressan (bater\u00eda). El resultado gener\u00f3 un estilo potente, vivo, s\u00f3lido y psicod\u00e9lico con el eje sobre la canci\u00f3n. Habiendo iniciado sus actividades en Bah\u00eda Blanca y la zona en septiembre de 2016 cuentan con shows en la ciudad en el circuito de pubs y festivales como Lado B, Fiesta Terradiabla y Por una vez que nos juntamos. Actualmente est\u00e1n trabajando en difundir la propuesta en vivo como en un pr\u00f3ximo registro disponible digitalmente.<br \/>\n<iframe loading=\"lazy\" width=\"100%\" height=\"166\" scrolling=\"no\" frameborder=\"no\" allow=\"autoplay\" src=\"https:\/\/w.soundcloud.com\/player\/?url=https%3A\/\/api.soundcloud.com\/tracks\/597885750&#038;color=%23ff5500&#038;auto_play=false&#038;hide_related=false&#038;show_comments=true&#038;show_user=true&#038;show_reposts=false&#038;show_teaser=true\"><\/iframe><\/p>\n","protected":false},"excerpt":{"rendered":"<p>Una jornada para compartir naturaleza y buena m\u00fasica. V\u00fametro (Buenos Aires), Los Toros (Bah\u00eda Blanca) y Tocata (Villa Ventana) se presentar\u00e1n en vivo este S\u00e1bado 30 de Marzo desde las 20hs en la Biblioteca Popular Macedonio Fernandez de la localidad de Villa Ventana. En la ma\u00f1ana de \u00abUn Mage y un Caf\u00e9\u00bb charlamos con Nico [&hellip;]<\/p>\n","protected":false},"author":3,"featured_media":0,"comment_status":"closed","ping_status":"open","sticky":false,"template":"","format":"standard","meta":{"footnotes":""},"categories":[35],"tags":[],"class_list":["post-30151","post","type-post","status-publish","format-standard","hentry","category-cultura"],"yoast_head":"<!-- This site is optimized with the Yoast SEO plugin v25.9 - https:\/\/yoast.com\/wordpress\/plugins\/seo\/ -->\n<title>Show de bandas en vivo en la biblioteca de Villa Ventana. - Noticias Radio Reflejos<\/title>\n<meta name=\"robots\" content=\"index, follow, max-snippet:-1, max-image-preview:large, max-video-preview:-1\" \/>\n<link rel=\"canonical\" href=\"https:\/\/www.noticiasradioreflejos.com.ar\/2021\/show-de-bandas-en-vivo-en-la-biblioteca-de-villa-ventana\/\" \/>\n<meta property=\"og:locale\" content=\"es_ES\" \/>\n<meta property=\"og:type\" content=\"article\" \/>\n<meta property=\"og:title\" content=\"Show de bandas en vivo en la biblioteca de Villa Ventana. - Noticias Radio Reflejos\" \/>\n<meta property=\"og:description\" content=\"Una jornada para compartir naturaleza y buena m\u00fasica. V\u00fametro (Buenos Aires), Los Toros (Bah\u00eda Blanca) y Tocata (Villa Ventana) se presentar\u00e1n en vivo este S\u00e1bado 30 de Marzo desde las 20hs en la Biblioteca Popular Macedonio Fernandez de la localidad de Villa Ventana. En la ma\u00f1ana de \u00abUn Mage y un Caf\u00e9\u00bb charlamos con Nico [&hellip;]\" \/>\n<meta property=\"og:url\" content=\"https:\/\/www.noticiasradioreflejos.com.ar\/2021\/show-de-bandas-en-vivo-en-la-biblioteca-de-villa-ventana\/\" \/>\n<meta property=\"og:site_name\" content=\"Noticias Radio Reflejos\" \/>\n<meta property=\"article:published_time\" content=\"2019-03-29T15:29:13+00:00\" \/>\n<meta property=\"og:image\" content=\"https:\/\/www.noticiasradioreflejos.com.ar\/2021\/wp-content\/uploads\/2021\/07\/logosol300x200.png\" \/>\n\t<meta property=\"og:image:width\" content=\"300\" \/>\n\t<meta property=\"og:image:height\" content=\"200\" \/>\n\t<meta property=\"og:image:type\" content=\"image\/png\" \/>\n<meta name=\"author\" content=\"Arnaldo Botto\" \/>\n<meta name=\"twitter:card\" content=\"summary_large_image\" \/>\n<script type=\"application\/ld+json\" class=\"yoast-schema-graph\">{\"@context\":\"https:\/\/schema.org\",\"@graph\":[{\"@type\":\"WebPage\",\"@id\":\"https:\/\/www.noticiasradioreflejos.com.ar\/2021\/show-de-bandas-en-vivo-en-la-biblioteca-de-villa-ventana\/\",\"url\":\"https:\/\/www.noticiasradioreflejos.com.ar\/2021\/show-de-bandas-en-vivo-en-la-biblioteca-de-villa-ventana\/\",\"name\":\"Show de bandas en vivo en la biblioteca de Villa Ventana. - Noticias Radio Reflejos\",\"isPartOf\":{\"@id\":\"https:\/\/www.noticiasradioreflejos.com.ar\/2021\/#website\"},\"datePublished\":\"2019-03-29T15:29:13+00:00\",\"author\":{\"@id\":\"https:\/\/www.noticiasradioreflejos.com.ar\/2021\/#\/schema\/person\/ad82545263dcc5ec0996818884fd5fb1\"},\"breadcrumb\":{\"@id\":\"https:\/\/www.noticiasradioreflejos.com.ar\/2021\/show-de-bandas-en-vivo-en-la-biblioteca-de-villa-ventana\/#breadcrumb\"},\"inLanguage\":\"es\",\"potentialAction\":[{\"@type\":\"ReadAction\",\"target\":[\"https:\/\/www.noticiasradioreflejos.com.ar\/2021\/show-de-bandas-en-vivo-en-la-biblioteca-de-villa-ventana\/\"]}]},{\"@type\":\"BreadcrumbList\",\"@id\":\"https:\/\/www.noticiasradioreflejos.com.ar\/2021\/show-de-bandas-en-vivo-en-la-biblioteca-de-villa-ventana\/#breadcrumb\",\"itemListElement\":[{\"@type\":\"ListItem\",\"position\":1,\"name\":\"Portada\",\"item\":\"https:\/\/www.noticiasradioreflejos.com.ar\/2021\/\"},{\"@type\":\"ListItem\",\"position\":2,\"name\":\"Show de bandas en vivo en la biblioteca de Villa Ventana.\"}]},{\"@type\":\"WebSite\",\"@id\":\"https:\/\/www.noticiasradioreflejos.com.ar\/2021\/#website\",\"url\":\"https:\/\/www.noticiasradioreflejos.com.ar\/2021\/\",\"name\":\"Noticias Radio Reflejos\",\"description\":\"Las noticias de mi comarca\",\"potentialAction\":[{\"@type\":\"SearchAction\",\"target\":{\"@type\":\"EntryPoint\",\"urlTemplate\":\"https:\/\/www.noticiasradioreflejos.com.ar\/2021\/?s={search_term_string}\"},\"query-input\":{\"@type\":\"PropertyValueSpecification\",\"valueRequired\":true,\"valueName\":\"search_term_string\"}}],\"inLanguage\":\"es\"},{\"@type\":\"Person\",\"@id\":\"https:\/\/www.noticiasradioreflejos.com.ar\/2021\/#\/schema\/person\/ad82545263dcc5ec0996818884fd5fb1\",\"name\":\"Arnaldo Botto\",\"image\":{\"@type\":\"ImageObject\",\"inLanguage\":\"es\",\"@id\":\"https:\/\/www.noticiasradioreflejos.com.ar\/2021\/#\/schema\/person\/image\/\",\"url\":\"https:\/\/secure.gravatar.com\/avatar\/55cb5e37c1efa326397366e6974cb338056df65cb50e7d64d1cf314e87504837?s=96&d=mm&r=g\",\"contentUrl\":\"https:\/\/secure.gravatar.com\/avatar\/55cb5e37c1efa326397366e6974cb338056df65cb50e7d64d1cf314e87504837?s=96&d=mm&r=g\",\"caption\":\"Arnaldo Botto\"},\"url\":\"https:\/\/www.noticiasradioreflejos.com.ar\/2021\/author\/arnaldo\/\"}]}<\/script>\n<!-- \/ Yoast SEO plugin. -->","yoast_head_json":{"title":"Show de bandas en vivo en la biblioteca de Villa Ventana. - Noticias Radio Reflejos","robots":{"index":"index","follow":"follow","max-snippet":"max-snippet:-1","max-image-preview":"max-image-preview:large","max-video-preview":"max-video-preview:-1"},"canonical":"https:\/\/www.noticiasradioreflejos.com.ar\/2021\/show-de-bandas-en-vivo-en-la-biblioteca-de-villa-ventana\/","og_locale":"es_ES","og_type":"article","og_title":"Show de bandas en vivo en la biblioteca de Villa Ventana. - Noticias Radio Reflejos","og_description":"Una jornada para compartir naturaleza y buena m\u00fasica. V\u00fametro (Buenos Aires), Los Toros (Bah\u00eda Blanca) y Tocata (Villa Ventana) se presentar\u00e1n en vivo este S\u00e1bado 30 de Marzo desde las 20hs en la Biblioteca Popular Macedonio Fernandez de la localidad de Villa Ventana. En la ma\u00f1ana de \u00abUn Mage y un Caf\u00e9\u00bb charlamos con Nico [&hellip;]","og_url":"https:\/\/www.noticiasradioreflejos.com.ar\/2021\/show-de-bandas-en-vivo-en-la-biblioteca-de-villa-ventana\/","og_site_name":"Noticias Radio Reflejos","article_published_time":"2019-03-29T15:29:13+00:00","og_image":[{"width":300,"height":200,"url":"https:\/\/www.noticiasradioreflejos.com.ar\/2021\/wp-content\/uploads\/2021\/07\/logosol300x200.png","type":"image\/png"}],"author":"Arnaldo Botto","twitter_card":"summary_large_image","schema":{"@context":"https:\/\/schema.org","@graph":[{"@type":"WebPage","@id":"https:\/\/www.noticiasradioreflejos.com.ar\/2021\/show-de-bandas-en-vivo-en-la-biblioteca-de-villa-ventana\/","url":"https:\/\/www.noticiasradioreflejos.com.ar\/2021\/show-de-bandas-en-vivo-en-la-biblioteca-de-villa-ventana\/","name":"Show de bandas en vivo en la biblioteca de Villa Ventana. - Noticias Radio Reflejos","isPartOf":{"@id":"https:\/\/www.noticiasradioreflejos.com.ar\/2021\/#website"},"datePublished":"2019-03-29T15:29:13+00:00","author":{"@id":"https:\/\/www.noticiasradioreflejos.com.ar\/2021\/#\/schema\/person\/ad82545263dcc5ec0996818884fd5fb1"},"breadcrumb":{"@id":"https:\/\/www.noticiasradioreflejos.com.ar\/2021\/show-de-bandas-en-vivo-en-la-biblioteca-de-villa-ventana\/#breadcrumb"},"inLanguage":"es","potentialAction":[{"@type":"ReadAction","target":["https:\/\/www.noticiasradioreflejos.com.ar\/2021\/show-de-bandas-en-vivo-en-la-biblioteca-de-villa-ventana\/"]}]},{"@type":"BreadcrumbList","@id":"https:\/\/www.noticiasradioreflejos.com.ar\/2021\/show-de-bandas-en-vivo-en-la-biblioteca-de-villa-ventana\/#breadcrumb","itemListElement":[{"@type":"ListItem","position":1,"name":"Portada","item":"https:\/\/www.noticiasradioreflejos.com.ar\/2021\/"},{"@type":"ListItem","position":2,"name":"Show de bandas en vivo en la biblioteca de Villa Ventana."}]},{"@type":"WebSite","@id":"https:\/\/www.noticiasradioreflejos.com.ar\/2021\/#website","url":"https:\/\/www.noticiasradioreflejos.com.ar\/2021\/","name":"Noticias Radio Reflejos","description":"Las noticias de mi comarca","potentialAction":[{"@type":"SearchAction","target":{"@type":"EntryPoint","urlTemplate":"https:\/\/www.noticiasradioreflejos.com.ar\/2021\/?s={search_term_string}"},"query-input":{"@type":"PropertyValueSpecification","valueRequired":true,"valueName":"search_term_string"}}],"inLanguage":"es"},{"@type":"Person","@id":"https:\/\/www.noticiasradioreflejos.com.ar\/2021\/#\/schema\/person\/ad82545263dcc5ec0996818884fd5fb1","name":"Arnaldo Botto","image":{"@type":"ImageObject","inLanguage":"es","@id":"https:\/\/www.noticiasradioreflejos.com.ar\/2021\/#\/schema\/person\/image\/","url":"https:\/\/secure.gravatar.com\/avatar\/55cb5e37c1efa326397366e6974cb338056df65cb50e7d64d1cf314e87504837?s=96&d=mm&r=g","contentUrl":"https:\/\/secure.gravatar.com\/avatar\/55cb5e37c1efa326397366e6974cb338056df65cb50e7d64d1cf314e87504837?s=96&d=mm&r=g","caption":"Arnaldo Botto"},"url":"https:\/\/www.noticiasradioreflejos.com.ar\/2021\/author\/arnaldo\/"}]}},"_links":{"self":[{"href":"https:\/\/www.noticiasradioreflejos.com.ar\/2021\/wp-json\/wp\/v2\/posts\/30151","targetHints":{"allow":["GET"]}}],"collection":[{"href":"https:\/\/www.noticiasradioreflejos.com.ar\/2021\/wp-json\/wp\/v2\/posts"}],"about":[{"href":"https:\/\/www.noticiasradioreflejos.com.ar\/2021\/wp-json\/wp\/v2\/types\/post"}],"author":[{"embeddable":true,"href":"https:\/\/www.noticiasradioreflejos.com.ar\/2021\/wp-json\/wp\/v2\/users\/3"}],"replies":[{"embeddable":true,"href":"https:\/\/www.noticiasradioreflejos.com.ar\/2021\/wp-json\/wp\/v2\/comments?post=30151"}],"version-history":[{"count":0,"href":"https:\/\/www.noticiasradioreflejos.com.ar\/2021\/wp-json\/wp\/v2\/posts\/30151\/revisions"}],"wp:attachment":[{"href":"https:\/\/www.noticiasradioreflejos.com.ar\/2021\/wp-json\/wp\/v2\/media?parent=30151"}],"wp:term":[{"taxonomy":"category","embeddable":true,"href":"https:\/\/www.noticiasradioreflejos.com.ar\/2021\/wp-json\/wp\/v2\/categories?post=30151"},{"taxonomy":"post_tag","embeddable":true,"href":"https:\/\/www.noticiasradioreflejos.com.ar\/2021\/wp-json\/wp\/v2\/tags?post=30151"}],"curies":[{"name":"wp","href":"https:\/\/api.w.org\/{rel}","templated":true}]}}