{"id":30145,"date":"2019-03-29T11:12:16","date_gmt":"2019-03-29T14:12:16","guid":{"rendered":"http:\/\/www.noticiasradioreflejos.com.ar\/noticias\/?p=30145"},"modified":"2019-03-29T11:12:16","modified_gmt":"2019-03-29T14:12:16","slug":"inauguracion-de-dos-bancos-rojos-en-tornquist","status":"publish","type":"post","link":"https:\/\/www.noticiasradioreflejos.com.ar\/2021\/inauguracion-de-dos-bancos-rojos-en-tornquist\/","title":{"rendered":"Inauguraci\u00f3n de dos bancos rojos en Tornquist"},"content":{"rendered":"<p><a title=\"55518352_2327492440853555_522096585279012864_n\" href=\"http:\/\/farm8.staticflickr.com\/7877\/32550689487_84b6615a99_s.jpg\" rel=\"\"><img loading=\"lazy\" decoding=\"async\" class=\"alignleft\" style=\"float: left;\" title=\"55518352_2327492440853555_522096585279012864_n\" src=\"http:\/\/farm8.staticflickr.com\/7877\/32550689487_84b6615a99.jpg\" alt=\"55518352_2327492440853555_522096585279012864_n\" width=\"500\" height=\"281\" \/><\/a>EL CONSEJO MUNICIPAL DE LAS MUJERES COMPARTE CON LA COMUNIDAD: Comenzamos el d\u00eda inaugurando el Banco Rojo de la Estaci\u00f3n de Trenes de Tornquist, en memoria de todas las mujeres v\u00edctimas de femicidio. El mismo, fue confeccionado con la dedicaci\u00f3n de Oscar Corvatta Jefe de la Estaci\u00f3n.<!--more--><br \/>\nCon la presencia de autoridades del Ejecutivo Municipal, del Legislativo, de la Comisaria de la Mujer, de Educaci\u00f3n, de la Empresa Trenes Argentinos y de la comunidad, se procedi\u00f3 a su inauguraci\u00f3n como as\u00ed tambi\u00e9n al descubrimiento de una placa en homenaje a M\u00f3nica Esteban, v\u00edctima de femicidio y hermana de Oscar; momento cargado de mucho dolor.<br \/>\nFinalizamos el acto cantando todes Ni una Menos de Silvia Palumbo, y una canci\u00f3n conmovedora sobre los femicidios interpretada por Clara Nori.<br \/>\nDe all\u00ed, gran parte de los presentes nos dirigimos al Parque Lineal, donde inauguramos el Banco Rojo que pintamos con las mujeres de Tornquist. All\u00ed adem\u00e1s repartimos las cintas violetas de nuestra campa\u00f1a #DAMELAMANO, las cuales al estar colocadas en nuestra mu\u00f1eca indican a cualquier mujer que est\u00e9 en peligro en un espacio p\u00fablico que puede pedirnos ayuda<br \/>\nAprovechamos esta oportunidad para solicitar nuevamente que el HCD adhiera al pedido de la C\u00e1mara de Diputados para declarar la Emergencia en Violencia de G\u00e9nero; que se adhiera a la ley Micaela d\u00e1ndonos la posibilidad de poder colaborar en la elaboraci\u00f3n de los planes de capacitaci\u00f3n; que se sancione la ordenanza de acoso callejero; y que se cree en el marco del Ejecutivo Municipal la Direcci\u00f3n de Pol\u00edticas de Genero.<br \/>\nA VISIBILIZACI\u00d3N CON LOS BANCOS ROJOS, LAS POL\u00cdTICAS P\u00daBLICAS, LA CONCIENTIZACI\u00d3N DE LA COMUNIDAD, Y LA EDUCACI\u00d3N CON PERSPECTIVA DE G\u00c9NERO SON PARTE DE LA PREVENCI\u00d3N PARA ERRADICAR LA VIOLENCIA DE G\u00c9NERO Y EN ESE TRABAJO ESTA NUESTRO COMPROMISO.<br \/>\n<a title=\"55575882_2327493104186822_8415406452738359296_n\" href=\"http:\/\/farm8.staticflickr.com\/7919\/47492743081_d443473293_s.jpg\" rel=\"\"><img loading=\"lazy\" decoding=\"async\" class=\"aligncenter\" title=\"55575882_2327493104186822_8415406452738359296_n\" src=\"http:\/\/farm8.staticflickr.com\/7919\/47492743081_d443473293_z.jpg\" alt=\"55575882_2327493104186822_8415406452738359296_n\" width=\"640\" height=\"360\" \/><\/a><br \/>\n<a title=\"55692787_2327491837520282_4238379139075145728_n\" href=\"http:\/\/farm8.staticflickr.com\/7850\/46769310414_7998067a52_s.jpg\" rel=\"\"><img loading=\"lazy\" decoding=\"async\" class=\"aligncenter\" title=\"55692787_2327491837520282_4238379139075145728_n\" src=\"http:\/\/farm8.staticflickr.com\/7850\/46769310414_7998067a52_z.jpg\" alt=\"55692787_2327491837520282_4238379139075145728_n\" width=\"640\" height=\"360\" \/><\/a><br \/>\n&nbsp;<br \/>\nConsejo Municipal de las Mujeres<\/p>\n","protected":false},"excerpt":{"rendered":"<p>EL CONSEJO MUNICIPAL DE LAS MUJERES COMPARTE CON LA COMUNIDAD: Comenzamos el d\u00eda inaugurando el Banco Rojo de la Estaci\u00f3n de Trenes de Tornquist, en memoria de todas las mujeres v\u00edctimas de femicidio. El mismo, fue confeccionado con la dedicaci\u00f3n de Oscar Corvatta Jefe de la Estaci\u00f3n.<\/p>\n","protected":false},"author":3,"featured_media":0,"comment_status":"closed","ping_status":"open","sticky":false,"template":"","format":"standard","meta":{"footnotes":""},"categories":[25],"tags":[],"class_list":["post-30145","post","type-post","status-publish","format-standard","hentry","category-uncategorized"],"yoast_head":"<!-- This site is optimized with the Yoast SEO plugin v25.9 - https:\/\/yoast.com\/wordpress\/plugins\/seo\/ -->\n<title>Inauguraci\u00f3n de dos bancos rojos en Tornquist - Noticias Radio Reflejos<\/title>\n<meta name=\"robots\" content=\"index, follow, max-snippet:-1, max-image-preview:large, max-video-preview:-1\" \/>\n<link rel=\"canonical\" href=\"https:\/\/www.noticiasradioreflejos.com.ar\/2021\/inauguracion-de-dos-bancos-rojos-en-tornquist\/\" \/>\n<meta property=\"og:locale\" content=\"es_ES\" \/>\n<meta property=\"og:type\" content=\"article\" \/>\n<meta property=\"og:title\" content=\"Inauguraci\u00f3n de dos bancos rojos en Tornquist - Noticias Radio Reflejos\" \/>\n<meta property=\"og:description\" content=\"EL CONSEJO MUNICIPAL DE LAS MUJERES COMPARTE CON LA COMUNIDAD: Comenzamos el d\u00eda inaugurando el Banco Rojo de la Estaci\u00f3n de Trenes de Tornquist, en memoria de todas las mujeres v\u00edctimas de femicidio. El mismo, fue confeccionado con la dedicaci\u00f3n de Oscar Corvatta Jefe de la Estaci\u00f3n.\" \/>\n<meta property=\"og:url\" content=\"https:\/\/www.noticiasradioreflejos.com.ar\/2021\/inauguracion-de-dos-bancos-rojos-en-tornquist\/\" \/>\n<meta property=\"og:site_name\" content=\"Noticias Radio Reflejos\" \/>\n<meta property=\"article:published_time\" content=\"2019-03-29T14:12:16+00:00\" \/>\n<meta property=\"og:image\" content=\"http:\/\/farm8.staticflickr.com\/7877\/32550689487_84b6615a99.jpg\" \/>\n<meta name=\"author\" content=\"Arnaldo Botto\" \/>\n<meta name=\"twitter:card\" content=\"summary_large_image\" \/>\n<script type=\"application\/ld+json\" class=\"yoast-schema-graph\">{\"@context\":\"https:\/\/schema.org\",\"@graph\":[{\"@type\":\"WebPage\",\"@id\":\"https:\/\/www.noticiasradioreflejos.com.ar\/2021\/inauguracion-de-dos-bancos-rojos-en-tornquist\/\",\"url\":\"https:\/\/www.noticiasradioreflejos.com.ar\/2021\/inauguracion-de-dos-bancos-rojos-en-tornquist\/\",\"name\":\"Inauguraci\u00f3n de dos bancos rojos en Tornquist - Noticias Radio Reflejos\",\"isPartOf\":{\"@id\":\"https:\/\/www.noticiasradioreflejos.com.ar\/2021\/#website\"},\"primaryImageOfPage\":{\"@id\":\"https:\/\/www.noticiasradioreflejos.com.ar\/2021\/inauguracion-de-dos-bancos-rojos-en-tornquist\/#primaryimage\"},\"image\":{\"@id\":\"https:\/\/www.noticiasradioreflejos.com.ar\/2021\/inauguracion-de-dos-bancos-rojos-en-tornquist\/#primaryimage\"},\"thumbnailUrl\":\"http:\/\/farm8.staticflickr.com\/7877\/32550689487_84b6615a99.jpg\",\"datePublished\":\"2019-03-29T14:12:16+00:00\",\"author\":{\"@id\":\"https:\/\/www.noticiasradioreflejos.com.ar\/2021\/#\/schema\/person\/ad82545263dcc5ec0996818884fd5fb1\"},\"breadcrumb\":{\"@id\":\"https:\/\/www.noticiasradioreflejos.com.ar\/2021\/inauguracion-de-dos-bancos-rojos-en-tornquist\/#breadcrumb\"},\"inLanguage\":\"es\",\"potentialAction\":[{\"@type\":\"ReadAction\",\"target\":[\"https:\/\/www.noticiasradioreflejos.com.ar\/2021\/inauguracion-de-dos-bancos-rojos-en-tornquist\/\"]}]},{\"@type\":\"ImageObject\",\"inLanguage\":\"es\",\"@id\":\"https:\/\/www.noticiasradioreflejos.com.ar\/2021\/inauguracion-de-dos-bancos-rojos-en-tornquist\/#primaryimage\",\"url\":\"http:\/\/farm8.staticflickr.com\/7877\/32550689487_84b6615a99.jpg\",\"contentUrl\":\"http:\/\/farm8.staticflickr.com\/7877\/32550689487_84b6615a99.jpg\"},{\"@type\":\"BreadcrumbList\",\"@id\":\"https:\/\/www.noticiasradioreflejos.com.ar\/2021\/inauguracion-de-dos-bancos-rojos-en-tornquist\/#breadcrumb\",\"itemListElement\":[{\"@type\":\"ListItem\",\"position\":1,\"name\":\"Portada\",\"item\":\"https:\/\/www.noticiasradioreflejos.com.ar\/2021\/\"},{\"@type\":\"ListItem\",\"position\":2,\"name\":\"Inauguraci\u00f3n de dos bancos rojos en Tornquist\"}]},{\"@type\":\"WebSite\",\"@id\":\"https:\/\/www.noticiasradioreflejos.com.ar\/2021\/#website\",\"url\":\"https:\/\/www.noticiasradioreflejos.com.ar\/2021\/\",\"name\":\"Noticias Radio Reflejos\",\"description\":\"Las noticias de mi comarca\",\"potentialAction\":[{\"@type\":\"SearchAction\",\"target\":{\"@type\":\"EntryPoint\",\"urlTemplate\":\"https:\/\/www.noticiasradioreflejos.com.ar\/2021\/?s={search_term_string}\"},\"query-input\":{\"@type\":\"PropertyValueSpecification\",\"valueRequired\":true,\"valueName\":\"search_term_string\"}}],\"inLanguage\":\"es\"},{\"@type\":\"Person\",\"@id\":\"https:\/\/www.noticiasradioreflejos.com.ar\/2021\/#\/schema\/person\/ad82545263dcc5ec0996818884fd5fb1\",\"name\":\"Arnaldo Botto\",\"image\":{\"@type\":\"ImageObject\",\"inLanguage\":\"es\",\"@id\":\"https:\/\/www.noticiasradioreflejos.com.ar\/2021\/#\/schema\/person\/image\/\",\"url\":\"https:\/\/secure.gravatar.com\/avatar\/55cb5e37c1efa326397366e6974cb338056df65cb50e7d64d1cf314e87504837?s=96&d=mm&r=g\",\"contentUrl\":\"https:\/\/secure.gravatar.com\/avatar\/55cb5e37c1efa326397366e6974cb338056df65cb50e7d64d1cf314e87504837?s=96&d=mm&r=g\",\"caption\":\"Arnaldo Botto\"},\"url\":\"https:\/\/www.noticiasradioreflejos.com.ar\/2021\/author\/arnaldo\/\"}]}<\/script>\n<!-- \/ Yoast SEO plugin. -->","yoast_head_json":{"title":"Inauguraci\u00f3n de dos bancos rojos en Tornquist - Noticias Radio Reflejos","robots":{"index":"index","follow":"follow","max-snippet":"max-snippet:-1","max-image-preview":"max-image-preview:large","max-video-preview":"max-video-preview:-1"},"canonical":"https:\/\/www.noticiasradioreflejos.com.ar\/2021\/inauguracion-de-dos-bancos-rojos-en-tornquist\/","og_locale":"es_ES","og_type":"article","og_title":"Inauguraci\u00f3n de dos bancos rojos en Tornquist - Noticias Radio Reflejos","og_description":"EL CONSEJO MUNICIPAL DE LAS MUJERES COMPARTE CON LA COMUNIDAD: Comenzamos el d\u00eda inaugurando el Banco Rojo de la Estaci\u00f3n de Trenes de Tornquist, en memoria de todas las mujeres v\u00edctimas de femicidio. El mismo, fue confeccionado con la dedicaci\u00f3n de Oscar Corvatta Jefe de la Estaci\u00f3n.","og_url":"https:\/\/www.noticiasradioreflejos.com.ar\/2021\/inauguracion-de-dos-bancos-rojos-en-tornquist\/","og_site_name":"Noticias Radio Reflejos","article_published_time":"2019-03-29T14:12:16+00:00","og_image":[{"url":"http:\/\/farm8.staticflickr.com\/7877\/32550689487_84b6615a99.jpg","type":"","width":"","height":""}],"author":"Arnaldo Botto","twitter_card":"summary_large_image","schema":{"@context":"https:\/\/schema.org","@graph":[{"@type":"WebPage","@id":"https:\/\/www.noticiasradioreflejos.com.ar\/2021\/inauguracion-de-dos-bancos-rojos-en-tornquist\/","url":"https:\/\/www.noticiasradioreflejos.com.ar\/2021\/inauguracion-de-dos-bancos-rojos-en-tornquist\/","name":"Inauguraci\u00f3n de dos bancos rojos en Tornquist - Noticias Radio Reflejos","isPartOf":{"@id":"https:\/\/www.noticiasradioreflejos.com.ar\/2021\/#website"},"primaryImageOfPage":{"@id":"https:\/\/www.noticiasradioreflejos.com.ar\/2021\/inauguracion-de-dos-bancos-rojos-en-tornquist\/#primaryimage"},"image":{"@id":"https:\/\/www.noticiasradioreflejos.com.ar\/2021\/inauguracion-de-dos-bancos-rojos-en-tornquist\/#primaryimage"},"thumbnailUrl":"http:\/\/farm8.staticflickr.com\/7877\/32550689487_84b6615a99.jpg","datePublished":"2019-03-29T14:12:16+00:00","author":{"@id":"https:\/\/www.noticiasradioreflejos.com.ar\/2021\/#\/schema\/person\/ad82545263dcc5ec0996818884fd5fb1"},"breadcrumb":{"@id":"https:\/\/www.noticiasradioreflejos.com.ar\/2021\/inauguracion-de-dos-bancos-rojos-en-tornquist\/#breadcrumb"},"inLanguage":"es","potentialAction":[{"@type":"ReadAction","target":["https:\/\/www.noticiasradioreflejos.com.ar\/2021\/inauguracion-de-dos-bancos-rojos-en-tornquist\/"]}]},{"@type":"ImageObject","inLanguage":"es","@id":"https:\/\/www.noticiasradioreflejos.com.ar\/2021\/inauguracion-de-dos-bancos-rojos-en-tornquist\/#primaryimage","url":"http:\/\/farm8.staticflickr.com\/7877\/32550689487_84b6615a99.jpg","contentUrl":"http:\/\/farm8.staticflickr.com\/7877\/32550689487_84b6615a99.jpg"},{"@type":"BreadcrumbList","@id":"https:\/\/www.noticiasradioreflejos.com.ar\/2021\/inauguracion-de-dos-bancos-rojos-en-tornquist\/#breadcrumb","itemListElement":[{"@type":"ListItem","position":1,"name":"Portada","item":"https:\/\/www.noticiasradioreflejos.com.ar\/2021\/"},{"@type":"ListItem","position":2,"name":"Inauguraci\u00f3n de dos bancos rojos en Tornquist"}]},{"@type":"WebSite","@id":"https:\/\/www.noticiasradioreflejos.com.ar\/2021\/#website","url":"https:\/\/www.noticiasradioreflejos.com.ar\/2021\/","name":"Noticias Radio Reflejos","description":"Las noticias de mi comarca","potentialAction":[{"@type":"SearchAction","target":{"@type":"EntryPoint","urlTemplate":"https:\/\/www.noticiasradioreflejos.com.ar\/2021\/?s={search_term_string}"},"query-input":{"@type":"PropertyValueSpecification","valueRequired":true,"valueName":"search_term_string"}}],"inLanguage":"es"},{"@type":"Person","@id":"https:\/\/www.noticiasradioreflejos.com.ar\/2021\/#\/schema\/person\/ad82545263dcc5ec0996818884fd5fb1","name":"Arnaldo Botto","image":{"@type":"ImageObject","inLanguage":"es","@id":"https:\/\/www.noticiasradioreflejos.com.ar\/2021\/#\/schema\/person\/image\/","url":"https:\/\/secure.gravatar.com\/avatar\/55cb5e37c1efa326397366e6974cb338056df65cb50e7d64d1cf314e87504837?s=96&d=mm&r=g","contentUrl":"https:\/\/secure.gravatar.com\/avatar\/55cb5e37c1efa326397366e6974cb338056df65cb50e7d64d1cf314e87504837?s=96&d=mm&r=g","caption":"Arnaldo Botto"},"url":"https:\/\/www.noticiasradioreflejos.com.ar\/2021\/author\/arnaldo\/"}]}},"_links":{"self":[{"href":"https:\/\/www.noticiasradioreflejos.com.ar\/2021\/wp-json\/wp\/v2\/posts\/30145","targetHints":{"allow":["GET"]}}],"collection":[{"href":"https:\/\/www.noticiasradioreflejos.com.ar\/2021\/wp-json\/wp\/v2\/posts"}],"about":[{"href":"https:\/\/www.noticiasradioreflejos.com.ar\/2021\/wp-json\/wp\/v2\/types\/post"}],"author":[{"embeddable":true,"href":"https:\/\/www.noticiasradioreflejos.com.ar\/2021\/wp-json\/wp\/v2\/users\/3"}],"replies":[{"embeddable":true,"href":"https:\/\/www.noticiasradioreflejos.com.ar\/2021\/wp-json\/wp\/v2\/comments?post=30145"}],"version-history":[{"count":0,"href":"https:\/\/www.noticiasradioreflejos.com.ar\/2021\/wp-json\/wp\/v2\/posts\/30145\/revisions"}],"wp:attachment":[{"href":"https:\/\/www.noticiasradioreflejos.com.ar\/2021\/wp-json\/wp\/v2\/media?parent=30145"}],"wp:term":[{"taxonomy":"category","embeddable":true,"href":"https:\/\/www.noticiasradioreflejos.com.ar\/2021\/wp-json\/wp\/v2\/categories?post=30145"},{"taxonomy":"post_tag","embeddable":true,"href":"https:\/\/www.noticiasradioreflejos.com.ar\/2021\/wp-json\/wp\/v2\/tags?post=30145"}],"curies":[{"name":"wp","href":"https:\/\/api.w.org\/{rel}","templated":true}]}}