{"id":30115,"date":"2019-03-28T12:05:18","date_gmt":"2019-03-28T15:05:18","guid":{"rendered":"http:\/\/www.noticiasradioreflejos.com.ar\/noticias\/?p=30115"},"modified":"2019-03-28T12:05:18","modified_gmt":"2019-03-28T15:05:18","slug":"una-persona-apunalada-por-un-menor-en-una-gresca-callejera-en-saldungaray","status":"publish","type":"post","link":"https:\/\/www.noticiasradioreflejos.com.ar\/2021\/una-persona-apunalada-por-un-menor-en-una-gresca-callejera-en-saldungaray\/","title":{"rendered":"Una persona apu\u00f1alada por un menor, en una gresca callejera en Saldungaray"},"content":{"rendered":"<p>Un hombre de 29 a\u00f1os termin\u00f3 apu\u00f1alado tras una pelea callejera, en la madrugada del domingo 17 de este mes. De acuerdo al testimonio de vecinos, la v\u00edctima fue atacada por varios menores y uno de ellos, con una navaja, lo apu\u00f1al\u00f3 por la espalda. Sergio Gabriel Trejo de 29 a\u00f1os,\u00a0 estuvo internado en el Hospital Penna de Bah\u00eda Blanca durante una semana,\u00a0donde recibi\u00f3 atenci\u00f3n\u00a0por la herida punzocortante y\u00a0por una fractura del hueso nasal, ocasionada por patadas que recibi\u00f3 cuando estaba en el piso.<br \/>\n<!--more--><br \/>\n<strong>Comunicado de Prensa:<\/strong><br \/>\nLa Secretar\u00eda de Seguridad de la Municipalidad de Tornquist, pone en conocimiento a la poblaci\u00f3n que con fecha 17 del corriente mes y a\u00f1o, 06:40 hs., personal dependiente de la Sub Estaci\u00f3n de Polic\u00eda Comunal Saldungaray, acude a un llamado telef\u00f3nico al n\u00famero de emergencia 101, una persona daba cuenta que en calle Bella Vista al numeral 700, hab\u00eda una persona apu\u00f1alada. Constituidos personales policiales constataron que efectivamente en dicho lugar se hallaba tirado en el piso el ciudadano TREJO Sergio Gabriel, de 29 a\u00f1os, oriundo de Saldungaray, con su espalda ensangrentada, confirm\u00e1ndose que el mismo pose\u00eda una herida corto punzante, por lo que se solicita inmediatamente ambulancia en el lugar para su atenci\u00f3n, siendo trasladado primeramente a la Sala M\u00e9dica Local y luego derivado al Hospital Interzonal Dr. Penna de Bah\u00eda Blanca. Se procedi\u00f3 en el lugar al secuestro de una navaja y una cuchilla. De testimonios recogidos de testigos de lo sucedido, Trejo comienza una gresca con un menor del medio, que por razones legales no se suministran datos, y que este \u00faltimo en un momento de la pelea da un puntazo a Trejo en su espalda con navaja y se escapa del lugar. Lesiones padecidas por Trejo son de car\u00e1cter leves. Se realizan actuaciones por Lesiones, con la intervenci\u00f3n de la Unidad Funcional de Instrucci\u00f3n y Juicio nro. 02 del Fuero de Responsabilidad Penal Juvenil del Departamento Judicial de la Ciudad de Bah\u00eda Blanca. &#8211;<br \/>\nFIRMADO SECRETARIA DE SEGURIDAD TORNQUIST, 28 DE MARZO DE 2019<\/p>\n","protected":false},"excerpt":{"rendered":"<p>Un hombre de 29 a\u00f1os termin\u00f3 apu\u00f1alado tras una pelea callejera, en la madrugada del domingo 17 de este mes. De acuerdo al testimonio de vecinos, la v\u00edctima fue atacada por varios menores y uno de ellos, con una navaja, lo apu\u00f1al\u00f3 por la espalda. Sergio Gabriel Trejo de 29 a\u00f1os,\u00a0 estuvo internado en el [&hellip;]<\/p>\n","protected":false},"author":3,"featured_media":30116,"comment_status":"closed","ping_status":"open","sticky":false,"template":"","format":"standard","meta":{"footnotes":""},"categories":[29],"tags":[],"class_list":["post-30115","post","type-post","status-publish","format-standard","has-post-thumbnail","hentry","category-policiales"],"yoast_head":"<!-- This site is optimized with the Yoast SEO plugin v25.9 - https:\/\/yoast.com\/wordpress\/plugins\/seo\/ -->\n<title>Una persona apu\u00f1alada por un menor, en una gresca callejera en Saldungaray - Noticias Radio Reflejos<\/title>\n<meta name=\"robots\" content=\"index, follow, max-snippet:-1, max-image-preview:large, max-video-preview:-1\" \/>\n<link rel=\"canonical\" href=\"https:\/\/www.noticiasradioreflejos.com.ar\/2021\/una-persona-apunalada-por-un-menor-en-una-gresca-callejera-en-saldungaray\/\" \/>\n<meta property=\"og:locale\" content=\"es_ES\" \/>\n<meta property=\"og:type\" content=\"article\" \/>\n<meta property=\"og:title\" content=\"Una persona apu\u00f1alada por un menor, en una gresca callejera en Saldungaray - Noticias Radio Reflejos\" \/>\n<meta property=\"og:description\" content=\"Un hombre de 29 a\u00f1os termin\u00f3 apu\u00f1alado tras una pelea callejera, en la madrugada del domingo 17 de este mes. De acuerdo al testimonio de vecinos, la v\u00edctima fue atacada por varios menores y uno de ellos, con una navaja, lo apu\u00f1al\u00f3 por la espalda. Sergio Gabriel Trejo de 29 a\u00f1os,\u00a0 estuvo internado en el [&hellip;]\" \/>\n<meta property=\"og:url\" content=\"https:\/\/www.noticiasradioreflejos.com.ar\/2021\/una-persona-apunalada-por-un-menor-en-una-gresca-callejera-en-saldungaray\/\" \/>\n<meta property=\"og:site_name\" content=\"Noticias Radio Reflejos\" \/>\n<meta property=\"article:published_time\" content=\"2019-03-28T15:05:18+00:00\" \/>\n<meta property=\"og:image\" content=\"https:\/\/www.noticiasradioreflejos.com.ar\/2021\/wp-content\/uploads\/2019\/03\/0ab0ceabdf8de95bf1ed8836d4b086f3_XL.jpg\" \/>\n\t<meta property=\"og:image:width\" content=\"1170\" \/>\n\t<meta property=\"og:image:height\" content=\"704\" \/>\n\t<meta property=\"og:image:type\" content=\"image\/jpeg\" \/>\n<meta name=\"author\" content=\"Arnaldo Botto\" \/>\n<meta name=\"twitter:card\" content=\"summary_large_image\" \/>\n<script type=\"application\/ld+json\" class=\"yoast-schema-graph\">{\"@context\":\"https:\/\/schema.org\",\"@graph\":[{\"@type\":\"WebPage\",\"@id\":\"https:\/\/www.noticiasradioreflejos.com.ar\/2021\/una-persona-apunalada-por-un-menor-en-una-gresca-callejera-en-saldungaray\/\",\"url\":\"https:\/\/www.noticiasradioreflejos.com.ar\/2021\/una-persona-apunalada-por-un-menor-en-una-gresca-callejera-en-saldungaray\/\",\"name\":\"Una persona apu\u00f1alada por un menor, en una gresca callejera en Saldungaray - Noticias Radio Reflejos\",\"isPartOf\":{\"@id\":\"https:\/\/www.noticiasradioreflejos.com.ar\/2021\/#website\"},\"primaryImageOfPage\":{\"@id\":\"https:\/\/www.noticiasradioreflejos.com.ar\/2021\/una-persona-apunalada-por-un-menor-en-una-gresca-callejera-en-saldungaray\/#primaryimage\"},\"image\":{\"@id\":\"https:\/\/www.noticiasradioreflejos.com.ar\/2021\/una-persona-apunalada-por-un-menor-en-una-gresca-callejera-en-saldungaray\/#primaryimage\"},\"thumbnailUrl\":\"https:\/\/www.noticiasradioreflejos.com.ar\/2021\/wp-content\/uploads\/2019\/03\/0ab0ceabdf8de95bf1ed8836d4b086f3_XL.jpg\",\"datePublished\":\"2019-03-28T15:05:18+00:00\",\"author\":{\"@id\":\"https:\/\/www.noticiasradioreflejos.com.ar\/2021\/#\/schema\/person\/ad82545263dcc5ec0996818884fd5fb1\"},\"breadcrumb\":{\"@id\":\"https:\/\/www.noticiasradioreflejos.com.ar\/2021\/una-persona-apunalada-por-un-menor-en-una-gresca-callejera-en-saldungaray\/#breadcrumb\"},\"inLanguage\":\"es\",\"potentialAction\":[{\"@type\":\"ReadAction\",\"target\":[\"https:\/\/www.noticiasradioreflejos.com.ar\/2021\/una-persona-apunalada-por-un-menor-en-una-gresca-callejera-en-saldungaray\/\"]}]},{\"@type\":\"ImageObject\",\"inLanguage\":\"es\",\"@id\":\"https:\/\/www.noticiasradioreflejos.com.ar\/2021\/una-persona-apunalada-por-un-menor-en-una-gresca-callejera-en-saldungaray\/#primaryimage\",\"url\":\"https:\/\/www.noticiasradioreflejos.com.ar\/2021\/wp-content\/uploads\/2019\/03\/0ab0ceabdf8de95bf1ed8836d4b086f3_XL.jpg\",\"contentUrl\":\"https:\/\/www.noticiasradioreflejos.com.ar\/2021\/wp-content\/uploads\/2019\/03\/0ab0ceabdf8de95bf1ed8836d4b086f3_XL.jpg\",\"width\":1170,\"height\":704},{\"@type\":\"BreadcrumbList\",\"@id\":\"https:\/\/www.noticiasradioreflejos.com.ar\/2021\/una-persona-apunalada-por-un-menor-en-una-gresca-callejera-en-saldungaray\/#breadcrumb\",\"itemListElement\":[{\"@type\":\"ListItem\",\"position\":1,\"name\":\"Portada\",\"item\":\"https:\/\/www.noticiasradioreflejos.com.ar\/2021\/\"},{\"@type\":\"ListItem\",\"position\":2,\"name\":\"Una persona apu\u00f1alada por un menor, en una gresca callejera en Saldungaray\"}]},{\"@type\":\"WebSite\",\"@id\":\"https:\/\/www.noticiasradioreflejos.com.ar\/2021\/#website\",\"url\":\"https:\/\/www.noticiasradioreflejos.com.ar\/2021\/\",\"name\":\"Noticias Radio Reflejos\",\"description\":\"Las noticias de mi comarca\",\"potentialAction\":[{\"@type\":\"SearchAction\",\"target\":{\"@type\":\"EntryPoint\",\"urlTemplate\":\"https:\/\/www.noticiasradioreflejos.com.ar\/2021\/?s={search_term_string}\"},\"query-input\":{\"@type\":\"PropertyValueSpecification\",\"valueRequired\":true,\"valueName\":\"search_term_string\"}}],\"inLanguage\":\"es\"},{\"@type\":\"Person\",\"@id\":\"https:\/\/www.noticiasradioreflejos.com.ar\/2021\/#\/schema\/person\/ad82545263dcc5ec0996818884fd5fb1\",\"name\":\"Arnaldo Botto\",\"image\":{\"@type\":\"ImageObject\",\"inLanguage\":\"es\",\"@id\":\"https:\/\/www.noticiasradioreflejos.com.ar\/2021\/#\/schema\/person\/image\/\",\"url\":\"https:\/\/secure.gravatar.com\/avatar\/55cb5e37c1efa326397366e6974cb338056df65cb50e7d64d1cf314e87504837?s=96&d=mm&r=g\",\"contentUrl\":\"https:\/\/secure.gravatar.com\/avatar\/55cb5e37c1efa326397366e6974cb338056df65cb50e7d64d1cf314e87504837?s=96&d=mm&r=g\",\"caption\":\"Arnaldo Botto\"},\"url\":\"https:\/\/www.noticiasradioreflejos.com.ar\/2021\/author\/arnaldo\/\"}]}<\/script>\n<!-- \/ Yoast SEO plugin. -->","yoast_head_json":{"title":"Una persona apu\u00f1alada por un menor, en una gresca callejera en Saldungaray - Noticias Radio Reflejos","robots":{"index":"index","follow":"follow","max-snippet":"max-snippet:-1","max-image-preview":"max-image-preview:large","max-video-preview":"max-video-preview:-1"},"canonical":"https:\/\/www.noticiasradioreflejos.com.ar\/2021\/una-persona-apunalada-por-un-menor-en-una-gresca-callejera-en-saldungaray\/","og_locale":"es_ES","og_type":"article","og_title":"Una persona apu\u00f1alada por un menor, en una gresca callejera en Saldungaray - Noticias Radio Reflejos","og_description":"Un hombre de 29 a\u00f1os termin\u00f3 apu\u00f1alado tras una pelea callejera, en la madrugada del domingo 17 de este mes. De acuerdo al testimonio de vecinos, la v\u00edctima fue atacada por varios menores y uno de ellos, con una navaja, lo apu\u00f1al\u00f3 por la espalda. Sergio Gabriel Trejo de 29 a\u00f1os,\u00a0 estuvo internado en el [&hellip;]","og_url":"https:\/\/www.noticiasradioreflejos.com.ar\/2021\/una-persona-apunalada-por-un-menor-en-una-gresca-callejera-en-saldungaray\/","og_site_name":"Noticias Radio Reflejos","article_published_time":"2019-03-28T15:05:18+00:00","og_image":[{"width":1170,"height":704,"url":"https:\/\/www.noticiasradioreflejos.com.ar\/2021\/wp-content\/uploads\/2019\/03\/0ab0ceabdf8de95bf1ed8836d4b086f3_XL.jpg","type":"image\/jpeg"}],"author":"Arnaldo Botto","twitter_card":"summary_large_image","schema":{"@context":"https:\/\/schema.org","@graph":[{"@type":"WebPage","@id":"https:\/\/www.noticiasradioreflejos.com.ar\/2021\/una-persona-apunalada-por-un-menor-en-una-gresca-callejera-en-saldungaray\/","url":"https:\/\/www.noticiasradioreflejos.com.ar\/2021\/una-persona-apunalada-por-un-menor-en-una-gresca-callejera-en-saldungaray\/","name":"Una persona apu\u00f1alada por un menor, en una gresca callejera en Saldungaray - Noticias Radio Reflejos","isPartOf":{"@id":"https:\/\/www.noticiasradioreflejos.com.ar\/2021\/#website"},"primaryImageOfPage":{"@id":"https:\/\/www.noticiasradioreflejos.com.ar\/2021\/una-persona-apunalada-por-un-menor-en-una-gresca-callejera-en-saldungaray\/#primaryimage"},"image":{"@id":"https:\/\/www.noticiasradioreflejos.com.ar\/2021\/una-persona-apunalada-por-un-menor-en-una-gresca-callejera-en-saldungaray\/#primaryimage"},"thumbnailUrl":"https:\/\/www.noticiasradioreflejos.com.ar\/2021\/wp-content\/uploads\/2019\/03\/0ab0ceabdf8de95bf1ed8836d4b086f3_XL.jpg","datePublished":"2019-03-28T15:05:18+00:00","author":{"@id":"https:\/\/www.noticiasradioreflejos.com.ar\/2021\/#\/schema\/person\/ad82545263dcc5ec0996818884fd5fb1"},"breadcrumb":{"@id":"https:\/\/www.noticiasradioreflejos.com.ar\/2021\/una-persona-apunalada-por-un-menor-en-una-gresca-callejera-en-saldungaray\/#breadcrumb"},"inLanguage":"es","potentialAction":[{"@type":"ReadAction","target":["https:\/\/www.noticiasradioreflejos.com.ar\/2021\/una-persona-apunalada-por-un-menor-en-una-gresca-callejera-en-saldungaray\/"]}]},{"@type":"ImageObject","inLanguage":"es","@id":"https:\/\/www.noticiasradioreflejos.com.ar\/2021\/una-persona-apunalada-por-un-menor-en-una-gresca-callejera-en-saldungaray\/#primaryimage","url":"https:\/\/www.noticiasradioreflejos.com.ar\/2021\/wp-content\/uploads\/2019\/03\/0ab0ceabdf8de95bf1ed8836d4b086f3_XL.jpg","contentUrl":"https:\/\/www.noticiasradioreflejos.com.ar\/2021\/wp-content\/uploads\/2019\/03\/0ab0ceabdf8de95bf1ed8836d4b086f3_XL.jpg","width":1170,"height":704},{"@type":"BreadcrumbList","@id":"https:\/\/www.noticiasradioreflejos.com.ar\/2021\/una-persona-apunalada-por-un-menor-en-una-gresca-callejera-en-saldungaray\/#breadcrumb","itemListElement":[{"@type":"ListItem","position":1,"name":"Portada","item":"https:\/\/www.noticiasradioreflejos.com.ar\/2021\/"},{"@type":"ListItem","position":2,"name":"Una persona apu\u00f1alada por un menor, en una gresca callejera en Saldungaray"}]},{"@type":"WebSite","@id":"https:\/\/www.noticiasradioreflejos.com.ar\/2021\/#website","url":"https:\/\/www.noticiasradioreflejos.com.ar\/2021\/","name":"Noticias Radio Reflejos","description":"Las noticias de mi comarca","potentialAction":[{"@type":"SearchAction","target":{"@type":"EntryPoint","urlTemplate":"https:\/\/www.noticiasradioreflejos.com.ar\/2021\/?s={search_term_string}"},"query-input":{"@type":"PropertyValueSpecification","valueRequired":true,"valueName":"search_term_string"}}],"inLanguage":"es"},{"@type":"Person","@id":"https:\/\/www.noticiasradioreflejos.com.ar\/2021\/#\/schema\/person\/ad82545263dcc5ec0996818884fd5fb1","name":"Arnaldo Botto","image":{"@type":"ImageObject","inLanguage":"es","@id":"https:\/\/www.noticiasradioreflejos.com.ar\/2021\/#\/schema\/person\/image\/","url":"https:\/\/secure.gravatar.com\/avatar\/55cb5e37c1efa326397366e6974cb338056df65cb50e7d64d1cf314e87504837?s=96&d=mm&r=g","contentUrl":"https:\/\/secure.gravatar.com\/avatar\/55cb5e37c1efa326397366e6974cb338056df65cb50e7d64d1cf314e87504837?s=96&d=mm&r=g","caption":"Arnaldo Botto"},"url":"https:\/\/www.noticiasradioreflejos.com.ar\/2021\/author\/arnaldo\/"}]}},"_links":{"self":[{"href":"https:\/\/www.noticiasradioreflejos.com.ar\/2021\/wp-json\/wp\/v2\/posts\/30115","targetHints":{"allow":["GET"]}}],"collection":[{"href":"https:\/\/www.noticiasradioreflejos.com.ar\/2021\/wp-json\/wp\/v2\/posts"}],"about":[{"href":"https:\/\/www.noticiasradioreflejos.com.ar\/2021\/wp-json\/wp\/v2\/types\/post"}],"author":[{"embeddable":true,"href":"https:\/\/www.noticiasradioreflejos.com.ar\/2021\/wp-json\/wp\/v2\/users\/3"}],"replies":[{"embeddable":true,"href":"https:\/\/www.noticiasradioreflejos.com.ar\/2021\/wp-json\/wp\/v2\/comments?post=30115"}],"version-history":[{"count":0,"href":"https:\/\/www.noticiasradioreflejos.com.ar\/2021\/wp-json\/wp\/v2\/posts\/30115\/revisions"}],"wp:featuredmedia":[{"embeddable":true,"href":"https:\/\/www.noticiasradioreflejos.com.ar\/2021\/wp-json\/wp\/v2\/media\/30116"}],"wp:attachment":[{"href":"https:\/\/www.noticiasradioreflejos.com.ar\/2021\/wp-json\/wp\/v2\/media?parent=30115"}],"wp:term":[{"taxonomy":"category","embeddable":true,"href":"https:\/\/www.noticiasradioreflejos.com.ar\/2021\/wp-json\/wp\/v2\/categories?post=30115"},{"taxonomy":"post_tag","embeddable":true,"href":"https:\/\/www.noticiasradioreflejos.com.ar\/2021\/wp-json\/wp\/v2\/tags?post=30115"}],"curies":[{"name":"wp","href":"https:\/\/api.w.org\/{rel}","templated":true}]}}