{"id":30112,"date":"2019-03-28T11:41:45","date_gmt":"2019-03-28T14:41:45","guid":{"rendered":"http:\/\/www.noticiasradioreflejos.com.ar\/noticias\/?p=30112"},"modified":"2019-03-28T11:41:45","modified_gmt":"2019-03-28T14:41:45","slug":"la-defensoria-del-pueblo-invetiga-reclamos-ante-la-imposibilidad-de-renovacion-de-cmo-para-pensiones-por-invalidez","status":"publish","type":"post","link":"https:\/\/www.noticiasradioreflejos.com.ar\/2021\/la-defensoria-del-pueblo-invetiga-reclamos-ante-la-imposibilidad-de-renovacion-de-cmo-para-pensiones-por-invalidez\/","title":{"rendered":"La Defensor\u00eda del Pueblo investiga reclamos ante la imposibilidad de renovaci\u00f3n de CMO para pensiones por invalidez."},"content":{"rendered":"<p>La Defensor\u00eda del Pueblo de la Naci\u00f3n inici\u00f3 una actuaci\u00f3n de oficio a fin de investigar y recoger informaci\u00f3n respecto a los alcances e implicancias de las resoluciones dictadas por la Agencia Nacional de Discapacidad en la que se establecieron los nuevos procedimientos de confecci\u00f3n y renovaci\u00f3n del Confecci\u00f3n del Certificado M\u00e9dico Oficial (CMO).<!--more--><br \/>\nLas resoluciones ANDIS 39\/2019 y 44\/2019, que aprueban el nuevo Circuito de Confecci\u00f3n del CMO y el Circuito Administrativo de Renovaci\u00f3n de Certificados M\u00e9dicos Oficiales de Pensiones no Contributivas de Invalidez respectivamente, dan al pensionado un plazo de 60 d\u00edas corridos para que actualice su condici\u00f3n m\u00e9dica, bajo pena de suspensi\u00f3n o caducidad del beneficio.<br \/>\nLa Defensor\u00eda del Pueblo est\u00e1 siendo receptora de reclamos por la imposibilidad de realizar la renovaci\u00f3n de los CMO en establecimientos p\u00fablicos de salud conforme a lo establecido por estas normas.<br \/>\nNumerosas fuentes period\u00edsticas dan cuanta que estos tr\u00e1mites pareciera que son de imposible cumplimiento y con plazos perentorios que implican la suspensi\u00f3n del beneficio.<br \/>\nLa imposibilidad radica en que los nuevos procedimientos deben canalizarse por la plataforma Tr\u00e1mites a Distancia (TAD) y que muchos de los establecimientos de salud no fueron notificados o no conocen como funciona el mismo.<br \/>\nConsiderando esta situaci\u00f3n, a fin de obtener m\u00e1s datos y con el objeto de brindarle un asesoramiento acabado a los futuros beneficiarios implicados en similares situaciones, se solicitaron informes a la ANDis, a la Secretar\u00eda de Gobierno de Salud de la Naci\u00f3n y a la Secretaria de Gobierno de Modernizaci\u00f3n de la Naci\u00f3n.<\/p>\n","protected":false},"excerpt":{"rendered":"<p>La Defensor\u00eda del Pueblo de la Naci\u00f3n inici\u00f3 una actuaci\u00f3n de oficio a fin de investigar y recoger informaci\u00f3n respecto a los alcances e implicancias de las resoluciones dictadas por la Agencia Nacional de Discapacidad en la que se establecieron los nuevos procedimientos de confecci\u00f3n y renovaci\u00f3n del Confecci\u00f3n del Certificado M\u00e9dico Oficial (CMO).<\/p>\n","protected":false},"author":3,"featured_media":0,"comment_status":"closed","ping_status":"open","sticky":false,"template":"","format":"standard","meta":{"footnotes":""},"categories":[24],"tags":[],"class_list":["post-30112","post","type-post","status-publish","format-standard","hentry","category-politica"],"yoast_head":"<!-- This site is optimized with the Yoast SEO plugin v25.9 - https:\/\/yoast.com\/wordpress\/plugins\/seo\/ -->\n<title>La Defensor\u00eda del Pueblo investiga reclamos ante la imposibilidad de renovaci\u00f3n de CMO para pensiones por invalidez. - Noticias Radio Reflejos<\/title>\n<meta name=\"robots\" content=\"index, follow, max-snippet:-1, max-image-preview:large, max-video-preview:-1\" \/>\n<link rel=\"canonical\" href=\"https:\/\/www.noticiasradioreflejos.com.ar\/2021\/la-defensoria-del-pueblo-invetiga-reclamos-ante-la-imposibilidad-de-renovacion-de-cmo-para-pensiones-por-invalidez\/\" \/>\n<meta property=\"og:locale\" content=\"es_ES\" \/>\n<meta property=\"og:type\" content=\"article\" \/>\n<meta property=\"og:title\" content=\"La Defensor\u00eda del Pueblo investiga reclamos ante la imposibilidad de renovaci\u00f3n de CMO para pensiones por invalidez. - Noticias Radio Reflejos\" \/>\n<meta property=\"og:description\" content=\"La Defensor\u00eda del Pueblo de la Naci\u00f3n inici\u00f3 una actuaci\u00f3n de oficio a fin de investigar y recoger informaci\u00f3n respecto a los alcances e implicancias de las resoluciones dictadas por la Agencia Nacional de Discapacidad en la que se establecieron los nuevos procedimientos de confecci\u00f3n y renovaci\u00f3n del Confecci\u00f3n del Certificado M\u00e9dico Oficial (CMO).\" \/>\n<meta property=\"og:url\" content=\"https:\/\/www.noticiasradioreflejos.com.ar\/2021\/la-defensoria-del-pueblo-invetiga-reclamos-ante-la-imposibilidad-de-renovacion-de-cmo-para-pensiones-por-invalidez\/\" \/>\n<meta property=\"og:site_name\" content=\"Noticias Radio Reflejos\" \/>\n<meta property=\"article:published_time\" content=\"2019-03-28T14:41:45+00:00\" \/>\n<meta property=\"og:image\" content=\"https:\/\/www.noticiasradioreflejos.com.ar\/2021\/wp-content\/uploads\/2021\/07\/logosol300x200.png\" \/>\n\t<meta property=\"og:image:width\" content=\"300\" \/>\n\t<meta property=\"og:image:height\" content=\"200\" \/>\n\t<meta property=\"og:image:type\" content=\"image\/png\" \/>\n<meta name=\"author\" content=\"Arnaldo Botto\" \/>\n<meta name=\"twitter:card\" content=\"summary_large_image\" \/>\n<script type=\"application\/ld+json\" class=\"yoast-schema-graph\">{\"@context\":\"https:\/\/schema.org\",\"@graph\":[{\"@type\":\"WebPage\",\"@id\":\"https:\/\/www.noticiasradioreflejos.com.ar\/2021\/la-defensoria-del-pueblo-invetiga-reclamos-ante-la-imposibilidad-de-renovacion-de-cmo-para-pensiones-por-invalidez\/\",\"url\":\"https:\/\/www.noticiasradioreflejos.com.ar\/2021\/la-defensoria-del-pueblo-invetiga-reclamos-ante-la-imposibilidad-de-renovacion-de-cmo-para-pensiones-por-invalidez\/\",\"name\":\"La Defensor\u00eda del Pueblo investiga reclamos ante la imposibilidad de renovaci\u00f3n de CMO para pensiones por invalidez. - Noticias Radio Reflejos\",\"isPartOf\":{\"@id\":\"https:\/\/www.noticiasradioreflejos.com.ar\/2021\/#website\"},\"datePublished\":\"2019-03-28T14:41:45+00:00\",\"author\":{\"@id\":\"https:\/\/www.noticiasradioreflejos.com.ar\/2021\/#\/schema\/person\/ad82545263dcc5ec0996818884fd5fb1\"},\"breadcrumb\":{\"@id\":\"https:\/\/www.noticiasradioreflejos.com.ar\/2021\/la-defensoria-del-pueblo-invetiga-reclamos-ante-la-imposibilidad-de-renovacion-de-cmo-para-pensiones-por-invalidez\/#breadcrumb\"},\"inLanguage\":\"es\",\"potentialAction\":[{\"@type\":\"ReadAction\",\"target\":[\"https:\/\/www.noticiasradioreflejos.com.ar\/2021\/la-defensoria-del-pueblo-invetiga-reclamos-ante-la-imposibilidad-de-renovacion-de-cmo-para-pensiones-por-invalidez\/\"]}]},{\"@type\":\"BreadcrumbList\",\"@id\":\"https:\/\/www.noticiasradioreflejos.com.ar\/2021\/la-defensoria-del-pueblo-invetiga-reclamos-ante-la-imposibilidad-de-renovacion-de-cmo-para-pensiones-por-invalidez\/#breadcrumb\",\"itemListElement\":[{\"@type\":\"ListItem\",\"position\":1,\"name\":\"Portada\",\"item\":\"https:\/\/www.noticiasradioreflejos.com.ar\/2021\/\"},{\"@type\":\"ListItem\",\"position\":2,\"name\":\"La Defensor\u00eda del Pueblo investiga reclamos ante la imposibilidad de renovaci\u00f3n de CMO para pensiones por invalidez.\"}]},{\"@type\":\"WebSite\",\"@id\":\"https:\/\/www.noticiasradioreflejos.com.ar\/2021\/#website\",\"url\":\"https:\/\/www.noticiasradioreflejos.com.ar\/2021\/\",\"name\":\"Noticias Radio Reflejos\",\"description\":\"Las noticias de mi comarca\",\"potentialAction\":[{\"@type\":\"SearchAction\",\"target\":{\"@type\":\"EntryPoint\",\"urlTemplate\":\"https:\/\/www.noticiasradioreflejos.com.ar\/2021\/?s={search_term_string}\"},\"query-input\":{\"@type\":\"PropertyValueSpecification\",\"valueRequired\":true,\"valueName\":\"search_term_string\"}}],\"inLanguage\":\"es\"},{\"@type\":\"Person\",\"@id\":\"https:\/\/www.noticiasradioreflejos.com.ar\/2021\/#\/schema\/person\/ad82545263dcc5ec0996818884fd5fb1\",\"name\":\"Arnaldo Botto\",\"image\":{\"@type\":\"ImageObject\",\"inLanguage\":\"es\",\"@id\":\"https:\/\/www.noticiasradioreflejos.com.ar\/2021\/#\/schema\/person\/image\/\",\"url\":\"https:\/\/secure.gravatar.com\/avatar\/55cb5e37c1efa326397366e6974cb338056df65cb50e7d64d1cf314e87504837?s=96&d=mm&r=g\",\"contentUrl\":\"https:\/\/secure.gravatar.com\/avatar\/55cb5e37c1efa326397366e6974cb338056df65cb50e7d64d1cf314e87504837?s=96&d=mm&r=g\",\"caption\":\"Arnaldo Botto\"},\"url\":\"https:\/\/www.noticiasradioreflejos.com.ar\/2021\/author\/arnaldo\/\"}]}<\/script>\n<!-- \/ Yoast SEO plugin. -->","yoast_head_json":{"title":"La Defensor\u00eda del Pueblo investiga reclamos ante la imposibilidad de renovaci\u00f3n de CMO para pensiones por invalidez. - Noticias Radio Reflejos","robots":{"index":"index","follow":"follow","max-snippet":"max-snippet:-1","max-image-preview":"max-image-preview:large","max-video-preview":"max-video-preview:-1"},"canonical":"https:\/\/www.noticiasradioreflejos.com.ar\/2021\/la-defensoria-del-pueblo-invetiga-reclamos-ante-la-imposibilidad-de-renovacion-de-cmo-para-pensiones-por-invalidez\/","og_locale":"es_ES","og_type":"article","og_title":"La Defensor\u00eda del Pueblo investiga reclamos ante la imposibilidad de renovaci\u00f3n de CMO para pensiones por invalidez. - Noticias Radio Reflejos","og_description":"La Defensor\u00eda del Pueblo de la Naci\u00f3n inici\u00f3 una actuaci\u00f3n de oficio a fin de investigar y recoger informaci\u00f3n respecto a los alcances e implicancias de las resoluciones dictadas por la Agencia Nacional de Discapacidad en la que se establecieron los nuevos procedimientos de confecci\u00f3n y renovaci\u00f3n del Confecci\u00f3n del Certificado M\u00e9dico Oficial (CMO).","og_url":"https:\/\/www.noticiasradioreflejos.com.ar\/2021\/la-defensoria-del-pueblo-invetiga-reclamos-ante-la-imposibilidad-de-renovacion-de-cmo-para-pensiones-por-invalidez\/","og_site_name":"Noticias Radio Reflejos","article_published_time":"2019-03-28T14:41:45+00:00","og_image":[{"width":300,"height":200,"url":"https:\/\/www.noticiasradioreflejos.com.ar\/2021\/wp-content\/uploads\/2021\/07\/logosol300x200.png","type":"image\/png"}],"author":"Arnaldo Botto","twitter_card":"summary_large_image","schema":{"@context":"https:\/\/schema.org","@graph":[{"@type":"WebPage","@id":"https:\/\/www.noticiasradioreflejos.com.ar\/2021\/la-defensoria-del-pueblo-invetiga-reclamos-ante-la-imposibilidad-de-renovacion-de-cmo-para-pensiones-por-invalidez\/","url":"https:\/\/www.noticiasradioreflejos.com.ar\/2021\/la-defensoria-del-pueblo-invetiga-reclamos-ante-la-imposibilidad-de-renovacion-de-cmo-para-pensiones-por-invalidez\/","name":"La Defensor\u00eda del Pueblo investiga reclamos ante la imposibilidad de renovaci\u00f3n de CMO para pensiones por invalidez. - Noticias Radio Reflejos","isPartOf":{"@id":"https:\/\/www.noticiasradioreflejos.com.ar\/2021\/#website"},"datePublished":"2019-03-28T14:41:45+00:00","author":{"@id":"https:\/\/www.noticiasradioreflejos.com.ar\/2021\/#\/schema\/person\/ad82545263dcc5ec0996818884fd5fb1"},"breadcrumb":{"@id":"https:\/\/www.noticiasradioreflejos.com.ar\/2021\/la-defensoria-del-pueblo-invetiga-reclamos-ante-la-imposibilidad-de-renovacion-de-cmo-para-pensiones-por-invalidez\/#breadcrumb"},"inLanguage":"es","potentialAction":[{"@type":"ReadAction","target":["https:\/\/www.noticiasradioreflejos.com.ar\/2021\/la-defensoria-del-pueblo-invetiga-reclamos-ante-la-imposibilidad-de-renovacion-de-cmo-para-pensiones-por-invalidez\/"]}]},{"@type":"BreadcrumbList","@id":"https:\/\/www.noticiasradioreflejos.com.ar\/2021\/la-defensoria-del-pueblo-invetiga-reclamos-ante-la-imposibilidad-de-renovacion-de-cmo-para-pensiones-por-invalidez\/#breadcrumb","itemListElement":[{"@type":"ListItem","position":1,"name":"Portada","item":"https:\/\/www.noticiasradioreflejos.com.ar\/2021\/"},{"@type":"ListItem","position":2,"name":"La Defensor\u00eda del Pueblo investiga reclamos ante la imposibilidad de renovaci\u00f3n de CMO para pensiones por invalidez."}]},{"@type":"WebSite","@id":"https:\/\/www.noticiasradioreflejos.com.ar\/2021\/#website","url":"https:\/\/www.noticiasradioreflejos.com.ar\/2021\/","name":"Noticias Radio Reflejos","description":"Las noticias de mi comarca","potentialAction":[{"@type":"SearchAction","target":{"@type":"EntryPoint","urlTemplate":"https:\/\/www.noticiasradioreflejos.com.ar\/2021\/?s={search_term_string}"},"query-input":{"@type":"PropertyValueSpecification","valueRequired":true,"valueName":"search_term_string"}}],"inLanguage":"es"},{"@type":"Person","@id":"https:\/\/www.noticiasradioreflejos.com.ar\/2021\/#\/schema\/person\/ad82545263dcc5ec0996818884fd5fb1","name":"Arnaldo Botto","image":{"@type":"ImageObject","inLanguage":"es","@id":"https:\/\/www.noticiasradioreflejos.com.ar\/2021\/#\/schema\/person\/image\/","url":"https:\/\/secure.gravatar.com\/avatar\/55cb5e37c1efa326397366e6974cb338056df65cb50e7d64d1cf314e87504837?s=96&d=mm&r=g","contentUrl":"https:\/\/secure.gravatar.com\/avatar\/55cb5e37c1efa326397366e6974cb338056df65cb50e7d64d1cf314e87504837?s=96&d=mm&r=g","caption":"Arnaldo Botto"},"url":"https:\/\/www.noticiasradioreflejos.com.ar\/2021\/author\/arnaldo\/"}]}},"_links":{"self":[{"href":"https:\/\/www.noticiasradioreflejos.com.ar\/2021\/wp-json\/wp\/v2\/posts\/30112","targetHints":{"allow":["GET"]}}],"collection":[{"href":"https:\/\/www.noticiasradioreflejos.com.ar\/2021\/wp-json\/wp\/v2\/posts"}],"about":[{"href":"https:\/\/www.noticiasradioreflejos.com.ar\/2021\/wp-json\/wp\/v2\/types\/post"}],"author":[{"embeddable":true,"href":"https:\/\/www.noticiasradioreflejos.com.ar\/2021\/wp-json\/wp\/v2\/users\/3"}],"replies":[{"embeddable":true,"href":"https:\/\/www.noticiasradioreflejos.com.ar\/2021\/wp-json\/wp\/v2\/comments?post=30112"}],"version-history":[{"count":0,"href":"https:\/\/www.noticiasradioreflejos.com.ar\/2021\/wp-json\/wp\/v2\/posts\/30112\/revisions"}],"wp:attachment":[{"href":"https:\/\/www.noticiasradioreflejos.com.ar\/2021\/wp-json\/wp\/v2\/media?parent=30112"}],"wp:term":[{"taxonomy":"category","embeddable":true,"href":"https:\/\/www.noticiasradioreflejos.com.ar\/2021\/wp-json\/wp\/v2\/categories?post=30112"},{"taxonomy":"post_tag","embeddable":true,"href":"https:\/\/www.noticiasradioreflejos.com.ar\/2021\/wp-json\/wp\/v2\/tags?post=30112"}],"curies":[{"name":"wp","href":"https:\/\/api.w.org\/{rel}","templated":true}]}}