{"id":30107,"date":"2019-03-28T10:51:37","date_gmt":"2019-03-28T13:51:37","guid":{"rendered":"http:\/\/www.noticiasradioreflejos.com.ar\/noticias\/?p=30107"},"modified":"2019-03-28T10:51:37","modified_gmt":"2019-03-28T13:51:37","slug":"asamblea-ordinaria-de-la-asociacion-civil-trochita","status":"publish","type":"post","link":"https:\/\/www.noticiasradioreflejos.com.ar\/2021\/asamblea-ordinaria-de-la-asociacion-civil-trochita\/","title":{"rendered":"Asamblea Ordinaria de la Asociaci\u00f3n  Civil Trochita."},"content":{"rendered":"<p>La Asociaci\u00f3n Civil Trochita Sierra de la Ventana-Ex Club Hotel de la Ventana, convoca a Asamblea General Ordinaria para el D\u00eda jueves 25 de Abril del 2019, en las instalaciones de Av.del Golf 50, predio del Centro Cultural de Sierra de la Ventana, Partido de Tornquist, para tratar el siguiente:<!--more--><br \/>\nORDEN DEL DIA<br \/>\n1\u00b0) Designaci\u00f3n de dos a socios para firmar el acta de la Asamblea junto al Presidente y Secretario.-<br \/>\n2\u00b0) Lectura y aprobaci\u00f3n de la Memoria, Balance, Inventario e informe dela comisi\u00f3n revisora de cuentas.-<br \/>\n3\u00b0) Renovaci\u00f3n de la Comisi\u00f3n Directiva por finalizaci\u00f3n de mandato. Se eligen: Presidente, Vicepresidente y 10 vocales.-<br \/>\n4\u00b0) Determinaci\u00f3n de Cuota Societaria a partir de Enero de 2019.-<\/p>\n","protected":false},"excerpt":{"rendered":"<p>La Asociaci\u00f3n Civil Trochita Sierra de la Ventana-Ex Club Hotel de la Ventana, convoca a Asamblea General Ordinaria para el D\u00eda jueves 25 de Abril del 2019, en las instalaciones de Av.del Golf 50, predio del Centro Cultural de Sierra de la Ventana, Partido de Tornquist, para tratar el siguiente:<\/p>\n","protected":false},"author":3,"featured_media":0,"comment_status":"closed","ping_status":"open","sticky":false,"template":"","format":"standard","meta":{"footnotes":""},"categories":[26],"tags":[],"class_list":["post-30107","post","type-post","status-publish","format-standard","hentry","category-sociedad"],"yoast_head":"<!-- This site is optimized with the Yoast SEO plugin v25.9 - https:\/\/yoast.com\/wordpress\/plugins\/seo\/ -->\n<title>Asamblea Ordinaria de la Asociaci\u00f3n Civil Trochita. - Noticias Radio Reflejos<\/title>\n<meta name=\"robots\" content=\"index, follow, max-snippet:-1, max-image-preview:large, max-video-preview:-1\" \/>\n<link rel=\"canonical\" href=\"https:\/\/www.noticiasradioreflejos.com.ar\/2021\/asamblea-ordinaria-de-la-asociacion-civil-trochita\/\" \/>\n<meta property=\"og:locale\" content=\"es_ES\" \/>\n<meta property=\"og:type\" content=\"article\" \/>\n<meta property=\"og:title\" content=\"Asamblea Ordinaria de la Asociaci\u00f3n Civil Trochita. - Noticias Radio Reflejos\" \/>\n<meta property=\"og:description\" content=\"La Asociaci\u00f3n Civil Trochita Sierra de la Ventana-Ex Club Hotel de la Ventana, convoca a Asamblea General Ordinaria para el D\u00eda jueves 25 de Abril del 2019, en las instalaciones de Av.del Golf 50, predio del Centro Cultural de Sierra de la Ventana, Partido de Tornquist, para tratar el siguiente:\" \/>\n<meta property=\"og:url\" content=\"https:\/\/www.noticiasradioreflejos.com.ar\/2021\/asamblea-ordinaria-de-la-asociacion-civil-trochita\/\" \/>\n<meta property=\"og:site_name\" content=\"Noticias Radio Reflejos\" \/>\n<meta property=\"article:published_time\" content=\"2019-03-28T13:51:37+00:00\" \/>\n<meta property=\"og:image\" content=\"https:\/\/www.noticiasradioreflejos.com.ar\/2021\/wp-content\/uploads\/2021\/07\/logosol300x200.png\" \/>\n\t<meta property=\"og:image:width\" content=\"300\" \/>\n\t<meta property=\"og:image:height\" content=\"200\" \/>\n\t<meta property=\"og:image:type\" content=\"image\/png\" \/>\n<meta name=\"author\" content=\"Arnaldo Botto\" \/>\n<meta name=\"twitter:card\" content=\"summary_large_image\" \/>\n<script type=\"application\/ld+json\" class=\"yoast-schema-graph\">{\"@context\":\"https:\/\/schema.org\",\"@graph\":[{\"@type\":\"WebPage\",\"@id\":\"https:\/\/www.noticiasradioreflejos.com.ar\/2021\/asamblea-ordinaria-de-la-asociacion-civil-trochita\/\",\"url\":\"https:\/\/www.noticiasradioreflejos.com.ar\/2021\/asamblea-ordinaria-de-la-asociacion-civil-trochita\/\",\"name\":\"Asamblea Ordinaria de la Asociaci\u00f3n Civil Trochita. - Noticias Radio Reflejos\",\"isPartOf\":{\"@id\":\"https:\/\/www.noticiasradioreflejos.com.ar\/2021\/#website\"},\"datePublished\":\"2019-03-28T13:51:37+00:00\",\"author\":{\"@id\":\"https:\/\/www.noticiasradioreflejos.com.ar\/2021\/#\/schema\/person\/ad82545263dcc5ec0996818884fd5fb1\"},\"breadcrumb\":{\"@id\":\"https:\/\/www.noticiasradioreflejos.com.ar\/2021\/asamblea-ordinaria-de-la-asociacion-civil-trochita\/#breadcrumb\"},\"inLanguage\":\"es\",\"potentialAction\":[{\"@type\":\"ReadAction\",\"target\":[\"https:\/\/www.noticiasradioreflejos.com.ar\/2021\/asamblea-ordinaria-de-la-asociacion-civil-trochita\/\"]}]},{\"@type\":\"BreadcrumbList\",\"@id\":\"https:\/\/www.noticiasradioreflejos.com.ar\/2021\/asamblea-ordinaria-de-la-asociacion-civil-trochita\/#breadcrumb\",\"itemListElement\":[{\"@type\":\"ListItem\",\"position\":1,\"name\":\"Portada\",\"item\":\"https:\/\/www.noticiasradioreflejos.com.ar\/2021\/\"},{\"@type\":\"ListItem\",\"position\":2,\"name\":\"Asamblea Ordinaria de la Asociaci\u00f3n Civil Trochita.\"}]},{\"@type\":\"WebSite\",\"@id\":\"https:\/\/www.noticiasradioreflejos.com.ar\/2021\/#website\",\"url\":\"https:\/\/www.noticiasradioreflejos.com.ar\/2021\/\",\"name\":\"Noticias Radio Reflejos\",\"description\":\"Las noticias de mi comarca\",\"potentialAction\":[{\"@type\":\"SearchAction\",\"target\":{\"@type\":\"EntryPoint\",\"urlTemplate\":\"https:\/\/www.noticiasradioreflejos.com.ar\/2021\/?s={search_term_string}\"},\"query-input\":{\"@type\":\"PropertyValueSpecification\",\"valueRequired\":true,\"valueName\":\"search_term_string\"}}],\"inLanguage\":\"es\"},{\"@type\":\"Person\",\"@id\":\"https:\/\/www.noticiasradioreflejos.com.ar\/2021\/#\/schema\/person\/ad82545263dcc5ec0996818884fd5fb1\",\"name\":\"Arnaldo Botto\",\"image\":{\"@type\":\"ImageObject\",\"inLanguage\":\"es\",\"@id\":\"https:\/\/www.noticiasradioreflejos.com.ar\/2021\/#\/schema\/person\/image\/\",\"url\":\"https:\/\/secure.gravatar.com\/avatar\/55cb5e37c1efa326397366e6974cb338056df65cb50e7d64d1cf314e87504837?s=96&d=mm&r=g\",\"contentUrl\":\"https:\/\/secure.gravatar.com\/avatar\/55cb5e37c1efa326397366e6974cb338056df65cb50e7d64d1cf314e87504837?s=96&d=mm&r=g\",\"caption\":\"Arnaldo Botto\"},\"url\":\"https:\/\/www.noticiasradioreflejos.com.ar\/2021\/author\/arnaldo\/\"}]}<\/script>\n<!-- \/ Yoast SEO plugin. -->","yoast_head_json":{"title":"Asamblea Ordinaria de la Asociaci\u00f3n Civil Trochita. - Noticias Radio Reflejos","robots":{"index":"index","follow":"follow","max-snippet":"max-snippet:-1","max-image-preview":"max-image-preview:large","max-video-preview":"max-video-preview:-1"},"canonical":"https:\/\/www.noticiasradioreflejos.com.ar\/2021\/asamblea-ordinaria-de-la-asociacion-civil-trochita\/","og_locale":"es_ES","og_type":"article","og_title":"Asamblea Ordinaria de la Asociaci\u00f3n Civil Trochita. - Noticias Radio Reflejos","og_description":"La Asociaci\u00f3n Civil Trochita Sierra de la Ventana-Ex Club Hotel de la Ventana, convoca a Asamblea General Ordinaria para el D\u00eda jueves 25 de Abril del 2019, en las instalaciones de Av.del Golf 50, predio del Centro Cultural de Sierra de la Ventana, Partido de Tornquist, para tratar el siguiente:","og_url":"https:\/\/www.noticiasradioreflejos.com.ar\/2021\/asamblea-ordinaria-de-la-asociacion-civil-trochita\/","og_site_name":"Noticias Radio Reflejos","article_published_time":"2019-03-28T13:51:37+00:00","og_image":[{"width":300,"height":200,"url":"https:\/\/www.noticiasradioreflejos.com.ar\/2021\/wp-content\/uploads\/2021\/07\/logosol300x200.png","type":"image\/png"}],"author":"Arnaldo Botto","twitter_card":"summary_large_image","schema":{"@context":"https:\/\/schema.org","@graph":[{"@type":"WebPage","@id":"https:\/\/www.noticiasradioreflejos.com.ar\/2021\/asamblea-ordinaria-de-la-asociacion-civil-trochita\/","url":"https:\/\/www.noticiasradioreflejos.com.ar\/2021\/asamblea-ordinaria-de-la-asociacion-civil-trochita\/","name":"Asamblea Ordinaria de la Asociaci\u00f3n Civil Trochita. - Noticias Radio Reflejos","isPartOf":{"@id":"https:\/\/www.noticiasradioreflejos.com.ar\/2021\/#website"},"datePublished":"2019-03-28T13:51:37+00:00","author":{"@id":"https:\/\/www.noticiasradioreflejos.com.ar\/2021\/#\/schema\/person\/ad82545263dcc5ec0996818884fd5fb1"},"breadcrumb":{"@id":"https:\/\/www.noticiasradioreflejos.com.ar\/2021\/asamblea-ordinaria-de-la-asociacion-civil-trochita\/#breadcrumb"},"inLanguage":"es","potentialAction":[{"@type":"ReadAction","target":["https:\/\/www.noticiasradioreflejos.com.ar\/2021\/asamblea-ordinaria-de-la-asociacion-civil-trochita\/"]}]},{"@type":"BreadcrumbList","@id":"https:\/\/www.noticiasradioreflejos.com.ar\/2021\/asamblea-ordinaria-de-la-asociacion-civil-trochita\/#breadcrumb","itemListElement":[{"@type":"ListItem","position":1,"name":"Portada","item":"https:\/\/www.noticiasradioreflejos.com.ar\/2021\/"},{"@type":"ListItem","position":2,"name":"Asamblea Ordinaria de la Asociaci\u00f3n Civil Trochita."}]},{"@type":"WebSite","@id":"https:\/\/www.noticiasradioreflejos.com.ar\/2021\/#website","url":"https:\/\/www.noticiasradioreflejos.com.ar\/2021\/","name":"Noticias Radio Reflejos","description":"Las noticias de mi comarca","potentialAction":[{"@type":"SearchAction","target":{"@type":"EntryPoint","urlTemplate":"https:\/\/www.noticiasradioreflejos.com.ar\/2021\/?s={search_term_string}"},"query-input":{"@type":"PropertyValueSpecification","valueRequired":true,"valueName":"search_term_string"}}],"inLanguage":"es"},{"@type":"Person","@id":"https:\/\/www.noticiasradioreflejos.com.ar\/2021\/#\/schema\/person\/ad82545263dcc5ec0996818884fd5fb1","name":"Arnaldo Botto","image":{"@type":"ImageObject","inLanguage":"es","@id":"https:\/\/www.noticiasradioreflejos.com.ar\/2021\/#\/schema\/person\/image\/","url":"https:\/\/secure.gravatar.com\/avatar\/55cb5e37c1efa326397366e6974cb338056df65cb50e7d64d1cf314e87504837?s=96&d=mm&r=g","contentUrl":"https:\/\/secure.gravatar.com\/avatar\/55cb5e37c1efa326397366e6974cb338056df65cb50e7d64d1cf314e87504837?s=96&d=mm&r=g","caption":"Arnaldo Botto"},"url":"https:\/\/www.noticiasradioreflejos.com.ar\/2021\/author\/arnaldo\/"}]}},"_links":{"self":[{"href":"https:\/\/www.noticiasradioreflejos.com.ar\/2021\/wp-json\/wp\/v2\/posts\/30107","targetHints":{"allow":["GET"]}}],"collection":[{"href":"https:\/\/www.noticiasradioreflejos.com.ar\/2021\/wp-json\/wp\/v2\/posts"}],"about":[{"href":"https:\/\/www.noticiasradioreflejos.com.ar\/2021\/wp-json\/wp\/v2\/types\/post"}],"author":[{"embeddable":true,"href":"https:\/\/www.noticiasradioreflejos.com.ar\/2021\/wp-json\/wp\/v2\/users\/3"}],"replies":[{"embeddable":true,"href":"https:\/\/www.noticiasradioreflejos.com.ar\/2021\/wp-json\/wp\/v2\/comments?post=30107"}],"version-history":[{"count":0,"href":"https:\/\/www.noticiasradioreflejos.com.ar\/2021\/wp-json\/wp\/v2\/posts\/30107\/revisions"}],"wp:attachment":[{"href":"https:\/\/www.noticiasradioreflejos.com.ar\/2021\/wp-json\/wp\/v2\/media?parent=30107"}],"wp:term":[{"taxonomy":"category","embeddable":true,"href":"https:\/\/www.noticiasradioreflejos.com.ar\/2021\/wp-json\/wp\/v2\/categories?post=30107"},{"taxonomy":"post_tag","embeddable":true,"href":"https:\/\/www.noticiasradioreflejos.com.ar\/2021\/wp-json\/wp\/v2\/tags?post=30107"}],"curies":[{"name":"wp","href":"https:\/\/api.w.org\/{rel}","templated":true}]}}