{"id":30092,"date":"2019-03-28T07:54:45","date_gmt":"2019-03-28T10:54:45","guid":{"rendered":"http:\/\/www.noticiasradioreflejos.com.ar\/noticias\/?p=30092"},"modified":"2019-03-28T07:54:45","modified_gmt":"2019-03-28T10:54:45","slug":"asamblea-gral-ordinaria-en-la-asoc-de-fomento-de-villa-ventana","status":"publish","type":"post","link":"https:\/\/www.noticiasradioreflejos.com.ar\/2021\/asamblea-gral-ordinaria-en-la-asoc-de-fomento-de-villa-ventana\/","title":{"rendered":"Asamblea Gral Ordinaria en la Asoc. de Fomento de Villa Ventana"},"content":{"rendered":"<p>La Comisi\u00f3n Directiva de la Asociaci\u00f3n de Fomento y Educaci\u00f3n Cultural y F\u00edsica de Villa Ventana, convoca a sus asociados a la Asamblea General Ordinaria a celebrarse en la sede social sita en la calle Cruz del Sur de la localidad de Villa Ventana, Partido de Tornquist, el d\u00eda 29 de Abril de 2019 a las 18 horas en primera convocatoria y una hora despu\u00e9s en segunda convocatoria, para considerar el siguiente \u201cOrden del D\u00eda\u201d:<br \/>\nOrden del D\u00eda <!--more--><br \/>\n1- Lectura del acta anterior.<br \/>\n2- Designaci\u00f3n de dos asociados para que, conjuntamente con el Presidente y Secretario, suscriban el Acta de la presente Asamblea.<br \/>\n3- Designaci\u00f3n de la junta escrutadora.<br \/>\n4- Consideraci\u00f3n de la Memoria, Inventario, Balance General, Estado de Recursos y Gastos, Informe de la Comisi\u00f3n Revisora de Cuentas y Gesti\u00f3n de la Comisi\u00f3n Directiva por el ejercicio 2018.<br \/>\n5- Renovaci\u00f3n de los siguientes cargos de la Comisi\u00f3n Directiva conforme lo establecen los art\u00edculos d\u00e9cimo s\u00e9ptimo y d\u00e9cimo noveno del estatuto social: &#8211; Vicepresidente &#8211; Secretaria &#8211; Pro Secretaria &#8211; Tesorero &#8211; Vocal titular &#8211; Vocal suplente &#8211; Revisor de cuentas titular &#8211; Revisor de cuentas suplente<br \/>\n6- Tratamiento de la cuota social.<br \/>\n\u201cArt\u00edculo trig\u00e9simo tercero: Las Asambleas se celebrar\u00e1n v\u00e1lidamente con la presencia de la mitad m\u00e1s uno de los asociados con derecho a voto. Una hora despu\u00e9s de la fijada si antes no se hubiera conseguido ese n\u00famero, se reunir\u00e1 legalmente constituida con el n\u00famero de socios presentes, siempre que no fuera inferior al total de miembros titulares de la Comisi\u00f3n Directiva.\u201d<br \/>\n&#8230;<\/p>\n","protected":false},"excerpt":{"rendered":"<p>La Comisi\u00f3n Directiva de la Asociaci\u00f3n de Fomento y Educaci\u00f3n Cultural y F\u00edsica de Villa Ventana, convoca a sus asociados a la Asamblea General Ordinaria a celebrarse en la sede social sita en la calle Cruz del Sur de la localidad de Villa Ventana, Partido de Tornquist, el d\u00eda 29 de Abril de 2019 a [&hellip;]<\/p>\n","protected":false},"author":3,"featured_media":0,"comment_status":"closed","ping_status":"open","sticky":false,"template":"","format":"standard","meta":{"footnotes":""},"categories":[26],"tags":[],"class_list":["post-30092","post","type-post","status-publish","format-standard","hentry","category-sociedad"],"yoast_head":"<!-- This site is optimized with the Yoast SEO plugin v25.9 - https:\/\/yoast.com\/wordpress\/plugins\/seo\/ -->\n<title>Asamblea Gral Ordinaria en la Asoc. de Fomento de Villa Ventana - Noticias Radio Reflejos<\/title>\n<meta name=\"robots\" content=\"index, follow, max-snippet:-1, max-image-preview:large, max-video-preview:-1\" \/>\n<link rel=\"canonical\" href=\"https:\/\/www.noticiasradioreflejos.com.ar\/2021\/asamblea-gral-ordinaria-en-la-asoc-de-fomento-de-villa-ventana\/\" \/>\n<meta property=\"og:locale\" content=\"es_ES\" \/>\n<meta property=\"og:type\" content=\"article\" \/>\n<meta property=\"og:title\" content=\"Asamblea Gral Ordinaria en la Asoc. de Fomento de Villa Ventana - Noticias Radio Reflejos\" \/>\n<meta property=\"og:description\" content=\"La Comisi\u00f3n Directiva de la Asociaci\u00f3n de Fomento y Educaci\u00f3n Cultural y F\u00edsica de Villa Ventana, convoca a sus asociados a la Asamblea General Ordinaria a celebrarse en la sede social sita en la calle Cruz del Sur de la localidad de Villa Ventana, Partido de Tornquist, el d\u00eda 29 de Abril de 2019 a [&hellip;]\" \/>\n<meta property=\"og:url\" content=\"https:\/\/www.noticiasradioreflejos.com.ar\/2021\/asamblea-gral-ordinaria-en-la-asoc-de-fomento-de-villa-ventana\/\" \/>\n<meta property=\"og:site_name\" content=\"Noticias Radio Reflejos\" \/>\n<meta property=\"article:published_time\" content=\"2019-03-28T10:54:45+00:00\" \/>\n<meta property=\"og:image\" content=\"https:\/\/www.noticiasradioreflejos.com.ar\/2021\/wp-content\/uploads\/2021\/07\/logosol300x200.png\" \/>\n\t<meta property=\"og:image:width\" content=\"300\" \/>\n\t<meta property=\"og:image:height\" content=\"200\" \/>\n\t<meta property=\"og:image:type\" content=\"image\/png\" \/>\n<meta name=\"author\" content=\"Arnaldo Botto\" \/>\n<meta name=\"twitter:card\" content=\"summary_large_image\" \/>\n<script type=\"application\/ld+json\" class=\"yoast-schema-graph\">{\"@context\":\"https:\/\/schema.org\",\"@graph\":[{\"@type\":\"WebPage\",\"@id\":\"https:\/\/www.noticiasradioreflejos.com.ar\/2021\/asamblea-gral-ordinaria-en-la-asoc-de-fomento-de-villa-ventana\/\",\"url\":\"https:\/\/www.noticiasradioreflejos.com.ar\/2021\/asamblea-gral-ordinaria-en-la-asoc-de-fomento-de-villa-ventana\/\",\"name\":\"Asamblea Gral Ordinaria en la Asoc. de Fomento de Villa Ventana - Noticias Radio Reflejos\",\"isPartOf\":{\"@id\":\"https:\/\/www.noticiasradioreflejos.com.ar\/2021\/#website\"},\"datePublished\":\"2019-03-28T10:54:45+00:00\",\"author\":{\"@id\":\"https:\/\/www.noticiasradioreflejos.com.ar\/2021\/#\/schema\/person\/ad82545263dcc5ec0996818884fd5fb1\"},\"breadcrumb\":{\"@id\":\"https:\/\/www.noticiasradioreflejos.com.ar\/2021\/asamblea-gral-ordinaria-en-la-asoc-de-fomento-de-villa-ventana\/#breadcrumb\"},\"inLanguage\":\"es\",\"potentialAction\":[{\"@type\":\"ReadAction\",\"target\":[\"https:\/\/www.noticiasradioreflejos.com.ar\/2021\/asamblea-gral-ordinaria-en-la-asoc-de-fomento-de-villa-ventana\/\"]}]},{\"@type\":\"BreadcrumbList\",\"@id\":\"https:\/\/www.noticiasradioreflejos.com.ar\/2021\/asamblea-gral-ordinaria-en-la-asoc-de-fomento-de-villa-ventana\/#breadcrumb\",\"itemListElement\":[{\"@type\":\"ListItem\",\"position\":1,\"name\":\"Portada\",\"item\":\"https:\/\/www.noticiasradioreflejos.com.ar\/2021\/\"},{\"@type\":\"ListItem\",\"position\":2,\"name\":\"Asamblea Gral Ordinaria en la Asoc. de Fomento de Villa Ventana\"}]},{\"@type\":\"WebSite\",\"@id\":\"https:\/\/www.noticiasradioreflejos.com.ar\/2021\/#website\",\"url\":\"https:\/\/www.noticiasradioreflejos.com.ar\/2021\/\",\"name\":\"Noticias Radio Reflejos\",\"description\":\"Las noticias de mi comarca\",\"potentialAction\":[{\"@type\":\"SearchAction\",\"target\":{\"@type\":\"EntryPoint\",\"urlTemplate\":\"https:\/\/www.noticiasradioreflejos.com.ar\/2021\/?s={search_term_string}\"},\"query-input\":{\"@type\":\"PropertyValueSpecification\",\"valueRequired\":true,\"valueName\":\"search_term_string\"}}],\"inLanguage\":\"es\"},{\"@type\":\"Person\",\"@id\":\"https:\/\/www.noticiasradioreflejos.com.ar\/2021\/#\/schema\/person\/ad82545263dcc5ec0996818884fd5fb1\",\"name\":\"Arnaldo Botto\",\"image\":{\"@type\":\"ImageObject\",\"inLanguage\":\"es\",\"@id\":\"https:\/\/www.noticiasradioreflejos.com.ar\/2021\/#\/schema\/person\/image\/\",\"url\":\"https:\/\/secure.gravatar.com\/avatar\/55cb5e37c1efa326397366e6974cb338056df65cb50e7d64d1cf314e87504837?s=96&d=mm&r=g\",\"contentUrl\":\"https:\/\/secure.gravatar.com\/avatar\/55cb5e37c1efa326397366e6974cb338056df65cb50e7d64d1cf314e87504837?s=96&d=mm&r=g\",\"caption\":\"Arnaldo Botto\"},\"url\":\"https:\/\/www.noticiasradioreflejos.com.ar\/2021\/author\/arnaldo\/\"}]}<\/script>\n<!-- \/ Yoast SEO plugin. -->","yoast_head_json":{"title":"Asamblea Gral Ordinaria en la Asoc. de Fomento de Villa Ventana - Noticias Radio Reflejos","robots":{"index":"index","follow":"follow","max-snippet":"max-snippet:-1","max-image-preview":"max-image-preview:large","max-video-preview":"max-video-preview:-1"},"canonical":"https:\/\/www.noticiasradioreflejos.com.ar\/2021\/asamblea-gral-ordinaria-en-la-asoc-de-fomento-de-villa-ventana\/","og_locale":"es_ES","og_type":"article","og_title":"Asamblea Gral Ordinaria en la Asoc. de Fomento de Villa Ventana - Noticias Radio Reflejos","og_description":"La Comisi\u00f3n Directiva de la Asociaci\u00f3n de Fomento y Educaci\u00f3n Cultural y F\u00edsica de Villa Ventana, convoca a sus asociados a la Asamblea General Ordinaria a celebrarse en la sede social sita en la calle Cruz del Sur de la localidad de Villa Ventana, Partido de Tornquist, el d\u00eda 29 de Abril de 2019 a [&hellip;]","og_url":"https:\/\/www.noticiasradioreflejos.com.ar\/2021\/asamblea-gral-ordinaria-en-la-asoc-de-fomento-de-villa-ventana\/","og_site_name":"Noticias Radio Reflejos","article_published_time":"2019-03-28T10:54:45+00:00","og_image":[{"width":300,"height":200,"url":"https:\/\/www.noticiasradioreflejos.com.ar\/2021\/wp-content\/uploads\/2021\/07\/logosol300x200.png","type":"image\/png"}],"author":"Arnaldo Botto","twitter_card":"summary_large_image","schema":{"@context":"https:\/\/schema.org","@graph":[{"@type":"WebPage","@id":"https:\/\/www.noticiasradioreflejos.com.ar\/2021\/asamblea-gral-ordinaria-en-la-asoc-de-fomento-de-villa-ventana\/","url":"https:\/\/www.noticiasradioreflejos.com.ar\/2021\/asamblea-gral-ordinaria-en-la-asoc-de-fomento-de-villa-ventana\/","name":"Asamblea Gral Ordinaria en la Asoc. de Fomento de Villa Ventana - Noticias Radio Reflejos","isPartOf":{"@id":"https:\/\/www.noticiasradioreflejos.com.ar\/2021\/#website"},"datePublished":"2019-03-28T10:54:45+00:00","author":{"@id":"https:\/\/www.noticiasradioreflejos.com.ar\/2021\/#\/schema\/person\/ad82545263dcc5ec0996818884fd5fb1"},"breadcrumb":{"@id":"https:\/\/www.noticiasradioreflejos.com.ar\/2021\/asamblea-gral-ordinaria-en-la-asoc-de-fomento-de-villa-ventana\/#breadcrumb"},"inLanguage":"es","potentialAction":[{"@type":"ReadAction","target":["https:\/\/www.noticiasradioreflejos.com.ar\/2021\/asamblea-gral-ordinaria-en-la-asoc-de-fomento-de-villa-ventana\/"]}]},{"@type":"BreadcrumbList","@id":"https:\/\/www.noticiasradioreflejos.com.ar\/2021\/asamblea-gral-ordinaria-en-la-asoc-de-fomento-de-villa-ventana\/#breadcrumb","itemListElement":[{"@type":"ListItem","position":1,"name":"Portada","item":"https:\/\/www.noticiasradioreflejos.com.ar\/2021\/"},{"@type":"ListItem","position":2,"name":"Asamblea Gral Ordinaria en la Asoc. de Fomento de Villa Ventana"}]},{"@type":"WebSite","@id":"https:\/\/www.noticiasradioreflejos.com.ar\/2021\/#website","url":"https:\/\/www.noticiasradioreflejos.com.ar\/2021\/","name":"Noticias Radio Reflejos","description":"Las noticias de mi comarca","potentialAction":[{"@type":"SearchAction","target":{"@type":"EntryPoint","urlTemplate":"https:\/\/www.noticiasradioreflejos.com.ar\/2021\/?s={search_term_string}"},"query-input":{"@type":"PropertyValueSpecification","valueRequired":true,"valueName":"search_term_string"}}],"inLanguage":"es"},{"@type":"Person","@id":"https:\/\/www.noticiasradioreflejos.com.ar\/2021\/#\/schema\/person\/ad82545263dcc5ec0996818884fd5fb1","name":"Arnaldo Botto","image":{"@type":"ImageObject","inLanguage":"es","@id":"https:\/\/www.noticiasradioreflejos.com.ar\/2021\/#\/schema\/person\/image\/","url":"https:\/\/secure.gravatar.com\/avatar\/55cb5e37c1efa326397366e6974cb338056df65cb50e7d64d1cf314e87504837?s=96&d=mm&r=g","contentUrl":"https:\/\/secure.gravatar.com\/avatar\/55cb5e37c1efa326397366e6974cb338056df65cb50e7d64d1cf314e87504837?s=96&d=mm&r=g","caption":"Arnaldo Botto"},"url":"https:\/\/www.noticiasradioreflejos.com.ar\/2021\/author\/arnaldo\/"}]}},"_links":{"self":[{"href":"https:\/\/www.noticiasradioreflejos.com.ar\/2021\/wp-json\/wp\/v2\/posts\/30092","targetHints":{"allow":["GET"]}}],"collection":[{"href":"https:\/\/www.noticiasradioreflejos.com.ar\/2021\/wp-json\/wp\/v2\/posts"}],"about":[{"href":"https:\/\/www.noticiasradioreflejos.com.ar\/2021\/wp-json\/wp\/v2\/types\/post"}],"author":[{"embeddable":true,"href":"https:\/\/www.noticiasradioreflejos.com.ar\/2021\/wp-json\/wp\/v2\/users\/3"}],"replies":[{"embeddable":true,"href":"https:\/\/www.noticiasradioreflejos.com.ar\/2021\/wp-json\/wp\/v2\/comments?post=30092"}],"version-history":[{"count":0,"href":"https:\/\/www.noticiasradioreflejos.com.ar\/2021\/wp-json\/wp\/v2\/posts\/30092\/revisions"}],"wp:attachment":[{"href":"https:\/\/www.noticiasradioreflejos.com.ar\/2021\/wp-json\/wp\/v2\/media?parent=30092"}],"wp:term":[{"taxonomy":"category","embeddable":true,"href":"https:\/\/www.noticiasradioreflejos.com.ar\/2021\/wp-json\/wp\/v2\/categories?post=30092"},{"taxonomy":"post_tag","embeddable":true,"href":"https:\/\/www.noticiasradioreflejos.com.ar\/2021\/wp-json\/wp\/v2\/tags?post=30092"}],"curies":[{"name":"wp","href":"https:\/\/api.w.org\/{rel}","templated":true}]}}