{"id":30067,"date":"2019-03-27T10:45:19","date_gmt":"2019-03-27T13:45:19","guid":{"rendered":"http:\/\/www.noticiasradioreflejos.com.ar\/noticias\/?p=30067"},"modified":"2019-03-27T10:45:19","modified_gmt":"2019-03-27T13:45:19","slug":"el-cambio-solo-era-especulacion-financiera","status":"publish","type":"post","link":"https:\/\/www.noticiasradioreflejos.com.ar\/2021\/el-cambio-solo-era-especulacion-financiera\/","title":{"rendered":"El &quot;cambio&quot; s\u00f3lo era especulaci\u00f3n financiera."},"content":{"rendered":"<p><a title=\"plazo fijo 2\" href=\"http:\/\/farm8.staticflickr.com\/7826\/46563652235_91cab7dc37_s.jpg\" rel=\"\"><img loading=\"lazy\" decoding=\"async\" class=\"alignleft\" style=\"float: left;\" title=\"plazo fijo 2\" src=\"http:\/\/farm8.staticflickr.com\/7826\/46563652235_91cab7dc37.jpg\" alt=\"plazo fijo 2\" width=\"500\" height=\"375\" \/><\/a>Carta de lectores del Lic. Carlos Dana: El Intendente de Tornquist puso fondos del Municipio, o sea de todos los vecinos, a plazo fijo. As\u00ed lo indica la p\u00e1gina oficial de la Reforma de Administraci\u00f3n Financiera en el Ambito Municipal (RAFAM). Son dos plazos fijos, que suman un total de 28 millones de pesos (un poco m\u00e1s de 650 mil d\u00f3lares). (ver im\u00e1genes adjuntas).<br \/>\nEstimo que los fondos a plazo fijo deben tener un destino, nos gustar\u00eda que el ejecutivo nos informara cual, pero seguramente no llegar\u00e1 a las urgencias que hoy padecen los Tornquinstenses, pol\u00edticas de salud, acci\u00f3n social, educaci\u00f3n, empleo y seguridad.<!--more--><br \/>\nEntonces, cuando dialogues con funcionarios o concejales oficialistas del Distrito, no te resignes a la frase de cabecera que repiten hace a\u00f1os: \u00abNo hay plata\u00bb. Preguntale sobre este tema.<br \/>\nMe pregunto: \u00bfhab\u00eda plata para sanear el basural a cielo abierto? pero decidieron endeudarse por 11,6 millones de pesos, que pagar\u00e1 la pr\u00f3xima gesti\u00f3n.<br \/>\nSi sos jubilado y vas a Desarrollo Social a pedir ayuda, ten\u00e9 en cuenta que hay plata para pagar esas boletas de servicios, los remedios o la garrafa.<br \/>\nSi vas al Hospital o a la Sala y te quieren cobrar las vacunas, no te resignes, deciles que tienen plata.<br \/>\nTambi\u00e9n hay plata para que los alumnos en las escuelas desayunen y merienden con dignidad.<br \/>\nHablamos de personas, de vecinos, que han reducido su ingreso solo a sobrevivir, hay pobres en el Distrito, siempre los hubo, pero ahora hay muchos m\u00e1s.<br \/>\nSi sos trabajador municipal, y te informan que los aumentos prometidos no van a ser posibles, porque \u00abno hay plata\u00bb, recordale que existen dos plazos fijos que significan un aumento o en su defecto un buen bono.<br \/>\nSi sos prestador tur\u00edstico o peque\u00f1o comerciante y la gesti\u00f3n local te aument\u00f3 400% las tasas de seguridad e higiene porque dicen que \u00abno hay plata\u00bb, recordale lo del plazo fijo.<br \/>\nCuando rompas el amortiguador en las calles de Sierra de la Ventana o te digan que no tienen personal policial para realizar tareas preventivas, record\u00e1 siempre: fondos hay. Est\u00e1n a plazo fijo.<br \/>\nA los vecinos que hace a\u00f1os les prometieron 500 viviendas pueden invitarlos a tomar mate en el hall del Banco ah\u00ed est\u00e1 su techo, a plazo fijo.<br \/>\nNo es casualidad que en estos \u00faltimos tres a\u00f1os en la Argentina los diez primeros puestos de los que m\u00e1s ganancias han tenido se dividan entre banqueros y grandes empresarios del petr\u00f3leo, gas y electricidad.<br \/>\nEl gobierno local apost\u00f3 a la bicicleta financiera en vez de generar proyectos y realizar gestiones. Decidieron especular en vez de pensar pol\u00edticas a corto plazo que realmente transformen al Distrito. No se corrieron ni un cent\u00edmetro de las pol\u00edticas aplicadas por Mauricio Macri.<br \/>\n<strong>LIC. CARLOS DANA<\/strong><br \/>\n<strong> PERONISMO FEDERAL<\/strong><br \/>\n<strong> 21715565<\/strong><br \/>\n<a title=\"thumbnail_plazo fijo 1s\" href=\"http:\/\/farm8.staticflickr.com\/7862\/46563652055_10fb1a520a_z.jpg\" rel=\"\"><img loading=\"lazy\" decoding=\"async\" class=\"aligncenter\" title=\"thumbnail_plazo fijo 1s\" src=\"http:\/\/farm8.staticflickr.com\/7862\/46563652055_10fb1a520a_z.jpg\" alt=\"thumbnail_plazo fijo 1s\" width=\"640\" height=\"480\" \/><\/a><\/p>\n","protected":false},"excerpt":{"rendered":"<p>Carta de lectores del Lic. Carlos Dana: El Intendente de Tornquist puso fondos del Municipio, o sea de todos los vecinos, a plazo fijo. As\u00ed lo indica la p\u00e1gina oficial de la Reforma de Administraci\u00f3n Financiera en el Ambito Municipal (RAFAM). Son dos plazos fijos, que suman un total de 28 millones de pesos (un [&hellip;]<\/p>\n","protected":false},"author":3,"featured_media":0,"comment_status":"closed","ping_status":"open","sticky":false,"template":"","format":"standard","meta":{"footnotes":""},"categories":[24],"tags":[],"class_list":["post-30067","post","type-post","status-publish","format-standard","hentry","category-politica"],"yoast_head":"<!-- This site is optimized with the Yoast SEO plugin v25.9 - https:\/\/yoast.com\/wordpress\/plugins\/seo\/ -->\n<title>El &quot;cambio&quot; s\u00f3lo era especulaci\u00f3n financiera. - Noticias Radio Reflejos<\/title>\n<meta name=\"robots\" content=\"index, follow, max-snippet:-1, max-image-preview:large, max-video-preview:-1\" \/>\n<link rel=\"canonical\" href=\"https:\/\/www.noticiasradioreflejos.com.ar\/2021\/el-cambio-solo-era-especulacion-financiera\/\" \/>\n<meta property=\"og:locale\" content=\"es_ES\" \/>\n<meta property=\"og:type\" content=\"article\" \/>\n<meta property=\"og:title\" content=\"El &quot;cambio&quot; s\u00f3lo era especulaci\u00f3n financiera. - Noticias Radio Reflejos\" \/>\n<meta property=\"og:description\" content=\"Carta de lectores del Lic. Carlos Dana: El Intendente de Tornquist puso fondos del Municipio, o sea de todos los vecinos, a plazo fijo. As\u00ed lo indica la p\u00e1gina oficial de la Reforma de Administraci\u00f3n Financiera en el Ambito Municipal (RAFAM). Son dos plazos fijos, que suman un total de 28 millones de pesos (un [&hellip;]\" \/>\n<meta property=\"og:url\" content=\"https:\/\/www.noticiasradioreflejos.com.ar\/2021\/el-cambio-solo-era-especulacion-financiera\/\" \/>\n<meta property=\"og:site_name\" content=\"Noticias Radio Reflejos\" \/>\n<meta property=\"article:published_time\" content=\"2019-03-27T13:45:19+00:00\" \/>\n<meta property=\"og:image\" content=\"http:\/\/farm8.staticflickr.com\/7826\/46563652235_91cab7dc37.jpg\" \/>\n<meta name=\"author\" content=\"Arnaldo Botto\" \/>\n<meta name=\"twitter:card\" content=\"summary_large_image\" \/>\n<script type=\"application\/ld+json\" class=\"yoast-schema-graph\">{\"@context\":\"https:\/\/schema.org\",\"@graph\":[{\"@type\":\"WebPage\",\"@id\":\"https:\/\/www.noticiasradioreflejos.com.ar\/2021\/el-cambio-solo-era-especulacion-financiera\/\",\"url\":\"https:\/\/www.noticiasradioreflejos.com.ar\/2021\/el-cambio-solo-era-especulacion-financiera\/\",\"name\":\"El &quot;cambio&quot; s\u00f3lo era especulaci\u00f3n financiera. - Noticias Radio Reflejos\",\"isPartOf\":{\"@id\":\"https:\/\/www.noticiasradioreflejos.com.ar\/2021\/#website\"},\"primaryImageOfPage\":{\"@id\":\"https:\/\/www.noticiasradioreflejos.com.ar\/2021\/el-cambio-solo-era-especulacion-financiera\/#primaryimage\"},\"image\":{\"@id\":\"https:\/\/www.noticiasradioreflejos.com.ar\/2021\/el-cambio-solo-era-especulacion-financiera\/#primaryimage\"},\"thumbnailUrl\":\"http:\/\/farm8.staticflickr.com\/7826\/46563652235_91cab7dc37.jpg\",\"datePublished\":\"2019-03-27T13:45:19+00:00\",\"author\":{\"@id\":\"https:\/\/www.noticiasradioreflejos.com.ar\/2021\/#\/schema\/person\/ad82545263dcc5ec0996818884fd5fb1\"},\"breadcrumb\":{\"@id\":\"https:\/\/www.noticiasradioreflejos.com.ar\/2021\/el-cambio-solo-era-especulacion-financiera\/#breadcrumb\"},\"inLanguage\":\"es\",\"potentialAction\":[{\"@type\":\"ReadAction\",\"target\":[\"https:\/\/www.noticiasradioreflejos.com.ar\/2021\/el-cambio-solo-era-especulacion-financiera\/\"]}]},{\"@type\":\"ImageObject\",\"inLanguage\":\"es\",\"@id\":\"https:\/\/www.noticiasradioreflejos.com.ar\/2021\/el-cambio-solo-era-especulacion-financiera\/#primaryimage\",\"url\":\"http:\/\/farm8.staticflickr.com\/7826\/46563652235_91cab7dc37.jpg\",\"contentUrl\":\"http:\/\/farm8.staticflickr.com\/7826\/46563652235_91cab7dc37.jpg\"},{\"@type\":\"BreadcrumbList\",\"@id\":\"https:\/\/www.noticiasradioreflejos.com.ar\/2021\/el-cambio-solo-era-especulacion-financiera\/#breadcrumb\",\"itemListElement\":[{\"@type\":\"ListItem\",\"position\":1,\"name\":\"Portada\",\"item\":\"https:\/\/www.noticiasradioreflejos.com.ar\/2021\/\"},{\"@type\":\"ListItem\",\"position\":2,\"name\":\"El &quot;cambio&quot; s\u00f3lo era especulaci\u00f3n financiera.\"}]},{\"@type\":\"WebSite\",\"@id\":\"https:\/\/www.noticiasradioreflejos.com.ar\/2021\/#website\",\"url\":\"https:\/\/www.noticiasradioreflejos.com.ar\/2021\/\",\"name\":\"Noticias Radio Reflejos\",\"description\":\"Las noticias de mi comarca\",\"potentialAction\":[{\"@type\":\"SearchAction\",\"target\":{\"@type\":\"EntryPoint\",\"urlTemplate\":\"https:\/\/www.noticiasradioreflejos.com.ar\/2021\/?s={search_term_string}\"},\"query-input\":{\"@type\":\"PropertyValueSpecification\",\"valueRequired\":true,\"valueName\":\"search_term_string\"}}],\"inLanguage\":\"es\"},{\"@type\":\"Person\",\"@id\":\"https:\/\/www.noticiasradioreflejos.com.ar\/2021\/#\/schema\/person\/ad82545263dcc5ec0996818884fd5fb1\",\"name\":\"Arnaldo Botto\",\"image\":{\"@type\":\"ImageObject\",\"inLanguage\":\"es\",\"@id\":\"https:\/\/www.noticiasradioreflejos.com.ar\/2021\/#\/schema\/person\/image\/\",\"url\":\"https:\/\/secure.gravatar.com\/avatar\/55cb5e37c1efa326397366e6974cb338056df65cb50e7d64d1cf314e87504837?s=96&d=mm&r=g\",\"contentUrl\":\"https:\/\/secure.gravatar.com\/avatar\/55cb5e37c1efa326397366e6974cb338056df65cb50e7d64d1cf314e87504837?s=96&d=mm&r=g\",\"caption\":\"Arnaldo Botto\"},\"url\":\"https:\/\/www.noticiasradioreflejos.com.ar\/2021\/author\/arnaldo\/\"}]}<\/script>\n<!-- \/ Yoast SEO plugin. -->","yoast_head_json":{"title":"El &quot;cambio&quot; s\u00f3lo era especulaci\u00f3n financiera. - Noticias Radio Reflejos","robots":{"index":"index","follow":"follow","max-snippet":"max-snippet:-1","max-image-preview":"max-image-preview:large","max-video-preview":"max-video-preview:-1"},"canonical":"https:\/\/www.noticiasradioreflejos.com.ar\/2021\/el-cambio-solo-era-especulacion-financiera\/","og_locale":"es_ES","og_type":"article","og_title":"El &quot;cambio&quot; s\u00f3lo era especulaci\u00f3n financiera. - Noticias Radio Reflejos","og_description":"Carta de lectores del Lic. Carlos Dana: El Intendente de Tornquist puso fondos del Municipio, o sea de todos los vecinos, a plazo fijo. As\u00ed lo indica la p\u00e1gina oficial de la Reforma de Administraci\u00f3n Financiera en el Ambito Municipal (RAFAM). Son dos plazos fijos, que suman un total de 28 millones de pesos (un [&hellip;]","og_url":"https:\/\/www.noticiasradioreflejos.com.ar\/2021\/el-cambio-solo-era-especulacion-financiera\/","og_site_name":"Noticias Radio Reflejos","article_published_time":"2019-03-27T13:45:19+00:00","og_image":[{"url":"http:\/\/farm8.staticflickr.com\/7826\/46563652235_91cab7dc37.jpg","type":"","width":"","height":""}],"author":"Arnaldo Botto","twitter_card":"summary_large_image","schema":{"@context":"https:\/\/schema.org","@graph":[{"@type":"WebPage","@id":"https:\/\/www.noticiasradioreflejos.com.ar\/2021\/el-cambio-solo-era-especulacion-financiera\/","url":"https:\/\/www.noticiasradioreflejos.com.ar\/2021\/el-cambio-solo-era-especulacion-financiera\/","name":"El &quot;cambio&quot; s\u00f3lo era especulaci\u00f3n financiera. - Noticias Radio Reflejos","isPartOf":{"@id":"https:\/\/www.noticiasradioreflejos.com.ar\/2021\/#website"},"primaryImageOfPage":{"@id":"https:\/\/www.noticiasradioreflejos.com.ar\/2021\/el-cambio-solo-era-especulacion-financiera\/#primaryimage"},"image":{"@id":"https:\/\/www.noticiasradioreflejos.com.ar\/2021\/el-cambio-solo-era-especulacion-financiera\/#primaryimage"},"thumbnailUrl":"http:\/\/farm8.staticflickr.com\/7826\/46563652235_91cab7dc37.jpg","datePublished":"2019-03-27T13:45:19+00:00","author":{"@id":"https:\/\/www.noticiasradioreflejos.com.ar\/2021\/#\/schema\/person\/ad82545263dcc5ec0996818884fd5fb1"},"breadcrumb":{"@id":"https:\/\/www.noticiasradioreflejos.com.ar\/2021\/el-cambio-solo-era-especulacion-financiera\/#breadcrumb"},"inLanguage":"es","potentialAction":[{"@type":"ReadAction","target":["https:\/\/www.noticiasradioreflejos.com.ar\/2021\/el-cambio-solo-era-especulacion-financiera\/"]}]},{"@type":"ImageObject","inLanguage":"es","@id":"https:\/\/www.noticiasradioreflejos.com.ar\/2021\/el-cambio-solo-era-especulacion-financiera\/#primaryimage","url":"http:\/\/farm8.staticflickr.com\/7826\/46563652235_91cab7dc37.jpg","contentUrl":"http:\/\/farm8.staticflickr.com\/7826\/46563652235_91cab7dc37.jpg"},{"@type":"BreadcrumbList","@id":"https:\/\/www.noticiasradioreflejos.com.ar\/2021\/el-cambio-solo-era-especulacion-financiera\/#breadcrumb","itemListElement":[{"@type":"ListItem","position":1,"name":"Portada","item":"https:\/\/www.noticiasradioreflejos.com.ar\/2021\/"},{"@type":"ListItem","position":2,"name":"El &quot;cambio&quot; s\u00f3lo era especulaci\u00f3n financiera."}]},{"@type":"WebSite","@id":"https:\/\/www.noticiasradioreflejos.com.ar\/2021\/#website","url":"https:\/\/www.noticiasradioreflejos.com.ar\/2021\/","name":"Noticias Radio Reflejos","description":"Las noticias de mi comarca","potentialAction":[{"@type":"SearchAction","target":{"@type":"EntryPoint","urlTemplate":"https:\/\/www.noticiasradioreflejos.com.ar\/2021\/?s={search_term_string}"},"query-input":{"@type":"PropertyValueSpecification","valueRequired":true,"valueName":"search_term_string"}}],"inLanguage":"es"},{"@type":"Person","@id":"https:\/\/www.noticiasradioreflejos.com.ar\/2021\/#\/schema\/person\/ad82545263dcc5ec0996818884fd5fb1","name":"Arnaldo Botto","image":{"@type":"ImageObject","inLanguage":"es","@id":"https:\/\/www.noticiasradioreflejos.com.ar\/2021\/#\/schema\/person\/image\/","url":"https:\/\/secure.gravatar.com\/avatar\/55cb5e37c1efa326397366e6974cb338056df65cb50e7d64d1cf314e87504837?s=96&d=mm&r=g","contentUrl":"https:\/\/secure.gravatar.com\/avatar\/55cb5e37c1efa326397366e6974cb338056df65cb50e7d64d1cf314e87504837?s=96&d=mm&r=g","caption":"Arnaldo Botto"},"url":"https:\/\/www.noticiasradioreflejos.com.ar\/2021\/author\/arnaldo\/"}]}},"_links":{"self":[{"href":"https:\/\/www.noticiasradioreflejos.com.ar\/2021\/wp-json\/wp\/v2\/posts\/30067","targetHints":{"allow":["GET"]}}],"collection":[{"href":"https:\/\/www.noticiasradioreflejos.com.ar\/2021\/wp-json\/wp\/v2\/posts"}],"about":[{"href":"https:\/\/www.noticiasradioreflejos.com.ar\/2021\/wp-json\/wp\/v2\/types\/post"}],"author":[{"embeddable":true,"href":"https:\/\/www.noticiasradioreflejos.com.ar\/2021\/wp-json\/wp\/v2\/users\/3"}],"replies":[{"embeddable":true,"href":"https:\/\/www.noticiasradioreflejos.com.ar\/2021\/wp-json\/wp\/v2\/comments?post=30067"}],"version-history":[{"count":0,"href":"https:\/\/www.noticiasradioreflejos.com.ar\/2021\/wp-json\/wp\/v2\/posts\/30067\/revisions"}],"wp:attachment":[{"href":"https:\/\/www.noticiasradioreflejos.com.ar\/2021\/wp-json\/wp\/v2\/media?parent=30067"}],"wp:term":[{"taxonomy":"category","embeddable":true,"href":"https:\/\/www.noticiasradioreflejos.com.ar\/2021\/wp-json\/wp\/v2\/categories?post=30067"},{"taxonomy":"post_tag","embeddable":true,"href":"https:\/\/www.noticiasradioreflejos.com.ar\/2021\/wp-json\/wp\/v2\/tags?post=30067"}],"curies":[{"name":"wp","href":"https:\/\/api.w.org\/{rel}","templated":true}]}}