{"id":30053,"date":"2019-03-26T17:29:27","date_gmt":"2019-03-26T20:29:27","guid":{"rendered":"http:\/\/www.noticiasradioreflejos.com.ar\/noticias\/?p=30053"},"modified":"2019-03-26T17:29:27","modified_gmt":"2019-03-26T20:29:27","slug":"se-viene-uno-de-los-eventos-culturales-mas-imponentes-el-festival-provincia-emergente-2019","status":"publish","type":"post","link":"https:\/\/www.noticiasradioreflejos.com.ar\/2021\/se-viene-uno-de-los-eventos-culturales-mas-imponentes-el-festival-provincia-emergente-2019\/","title":{"rendered":"Se viene uno de los eventos culturales m\u00e1s imponentes: el Festival Provincia Emergente 2019"},"content":{"rendered":"<p><a title=\"2jpg\" href=\"http:\/\/farm8.staticflickr.com\/7817\/46558827415_9173c38153_s.jpg\" rel=\"\"><img loading=\"lazy\" decoding=\"async\" class=\"alignleft\" style=\"float: left;\" title=\"2jpg\" src=\"http:\/\/farm8.staticflickr.com\/7817\/46558827415_9173c38153.jpg\" alt=\"2jpg\" width=\"500\" height=\"333\" \/><\/a>Bandas y raperos del Programa Envi\u00f3n, fot\u00f3grafos, DJs o musicalizadores, comediantes de Stand Up, ilustradores y dise\u00f1adores de la Provincia de Buenos Aires tendr\u00e1n la oportunidad de mostrar sus talentos, recibir premios y ser parte de este gran evento cultural que se llevar\u00e1 a cabo el 7, 8 y 9 de junio en el Estadio \u00danico Ciudad de La Plata. Los interesados tendr\u00e1n tiempo hasta el 1\u00ba de abril para revisar las bases y condiciones e inscribirse.<!--more--><br \/>\nPor cuarto a\u00f1o consecutivo llega uno de los festivales culturales m\u00e1s convocantes de la Provincia de Buenos Aires: el Festival Provincia Emergente 2019. Esta cuarta edici\u00f3n se llevar\u00e1 a cabo el 7, 8 y 9 de junio en el Estadio \u00danico Ciudad de La Plata, donde fot\u00f3grafos, DJs o musicalizadores, comediantes de Stand Up, dise\u00f1adores e ilustradores y bandas tendr\u00e1n la posibilidad de hacer lucir sus talentos ante miles de espectadores.<br \/>\nEste a\u00f1o, los interesados tendr\u00e1n tiempo hasta el 1\u00ba de abril para inscribirse y vivir esta experiencia \u00fanica organizada por el Gobierno de la Provincia de Buenos Aires. El a\u00f1o pasado, hubo alrededor de 420 artistas de distintas disciplinas del arte que participaron de la tercera edici\u00f3n. En tanto, m\u00e1s de 500 mil personas disfrutaron de todas las actividades de las tres primeras ediciones del festival que se estableci\u00f3 como la mayor celebraci\u00f3n de la cultura joven de la Provincia, que este a\u00f1o reemprende la b\u00fasqueda de una nueva generaci\u00f3n de artistas bonaerenses de las siguientes cinco disciplinas:<br \/>\n\u2022 Fotograf\u00eda: \u201cSac\u00e1 el rock de tu ciudad\u201d (Tercera edici\u00f3n)<br \/>\nEsta competencia de fotograf\u00eda busca ilustrar el rock de las diferentes localidades de la Provincia a trav\u00e9s de la mirada joven, creativa y subjetiva de los nuevos fot\u00f3grafos de los distintos barrios bonaerenses. Los mismos \u2013que deber\u00e1n ser mayores de 18 a\u00f1os y residir en la Provincia- tendr\u00e1n la posibilidad de representar al mundo rockero de la manera en la que ellos lo sientan y perciban, sin restricciones en las t\u00e9cnicas utilizadas. Se seleccionar\u00e1n veinte fotograf\u00edas y solo habr\u00e1 un ganador que ser\u00e1 elegido por el jurado conformado por Mart\u00edn Bonetto, Nora Lezano y Fernando Dvoskin. En tanto, las veinte fotos seleccionadas ser\u00e1n expuestas durante el Festival y el ganador obtendr\u00e1 una orden de compra por $30 mil en una casa de fotograf\u00eda. Los interesados deber\u00e1n inscribirse en fotografiaprovinciaemergente@gmail.com<br \/>\n\u2022 Posters Emergentes 2019<br \/>\nLa Competencia busca una mirada joven y original de los nuevos ilustradores y dise\u00f1adores de las distintas regiones de la provincia. Los interesados deber\u00e1n realizar una ilustraci\u00f3n o p\u00f3ster que refleje su visi\u00f3n de la Provincia Emergente. Este concurso est\u00e1 destinado a artistas visuales de la regi\u00f3n quienes tendr\u00e1n absoluta libertad respecto a las t\u00e9cnicas y materiales a utilizar para la elaboraci\u00f3n del trabajo. Los p\u00f3ster seleccionados por el jurado (compuesto por Santiago Pozzi, Valentino Tettamanti y George Manta) ser\u00e1n expuestos durante el festival. En tanto, el ganador se har\u00e1 acreedor de una tableta gr\u00e1fica profesional. La inscripci\u00f3n es hasta el 1\u00b0 de abril en festivalesgba@gmail.com<br \/>\n<a title=\"11\" href=\"http:\/\/farm8.staticflickr.com\/7886\/47474177471_13dae96349.jpg\" rel=\"\"><img loading=\"lazy\" decoding=\"async\" class=\"alignleft\" style=\"float: left;\" title=\"11\" src=\"http:\/\/farm8.staticflickr.com\/7886\/47474177471_13dae96349.jpg\" alt=\"11\" width=\"500\" height=\"335\" \/><\/a>\u2022 Competencia de DJs: \u201cLa b\u00fasqueda del ritmo\u201d (Segunda edici\u00f3n)<br \/>\nLa Competencia de DJs 2019 &#8211; \u201cLa b\u00fasqueda del ritmo\u201d tiene como objetivo darle espacio a nuevas generaciones de DJs emergentes que puedan reflejar el ritmo de la Provincia durante el Festival en el Estadio \u00danico Ciudad de La Plata. Se seleccionar\u00e1n tres DJs y solo habr\u00e1 un ganador, elegido por el jurado compuesto por Tito del \u00c1guila, Lucas del Valle (ESDJ, Escuela de DJs de La Plata) y Mat\u00edas Del Oca (aka Matic Dell \/ Pura Vida). El premio ser\u00e1 un curso online de dos meses sobre \u201cT\u00e9cnicas avanzadas en mesas de mezcla y programas virtuales\u201d en EsDJ. La inscripci\u00f3n es hasta el 1\u00b0 de abril en festivalesgba@gmail.com<br \/>\n\u2022 Stand Up: \u201cOpen Mic\u201d (Segunda edici\u00f3n)<br \/>\nLa competencia de Stand Up 2019 \u201cOpen Mic\u201d busca elegir artistas de Stand Up de la Provincia de Buenos Aires que demuestren su verdadero talento y carisma sobre el escenario. Para ello se preseleccionar\u00e1n a 30 artistas que se presentar\u00e1n el d\u00eda 7 de abril de 2019 en la ciudad de La Plata. En dicha oportunidad, se elegir\u00e1n a los 20 artistas que participar\u00e1n de la competencia. Durante el festival se seleccionar\u00e1 a un ganador.<br \/>\nLos 20 humoristas seleccionados ser\u00e1n parte del escenario del Festival Provincia Emergente 2019. Los interesados deber\u00e1n inscribirse en festivalesgba@gmail.com hasta el 1\u00b0 de abril mientras que la selecci\u00f3n ser\u00e1 el 4 de ese mes.<br \/>\n\u2022 Bandas y Raperos ENVI\u00d3N<br \/>\nLos j\u00f3venes que participan en el Programa Envi\u00f3n del Ministerio de Desarrollo Social bonaerense tambi\u00e9n ser\u00e1n protagonistas de la cuarta edici\u00f3n del Festival Provincia Emergente. La gran celebraci\u00f3n de la cultura rock convoca a raperos y grupos musicales que asistan a las diferentes sedes de Envi\u00f3n en toda la Provincia. Un jurado de especialistas seleccionar\u00e1 a los ganadores (una banda y un rapero) que se presentar\u00e1n en Provincia Emergente el 7, 8 o 9 de junio en el Estadio \u00danico Ciudad de La Plata. El Programa de Responsabilidad Social Compartida Envi\u00f3n est\u00e1 destinado a chicos de entre 12 y 21 a\u00f1os que se encuentran en situaci\u00f3n de vulnerabilidad social. Su objetivo esencial es la inclusi\u00f3n, la contenci\u00f3n, el acompa\u00f1amiento y el dise\u00f1o de estrategias que fortalezcan la estima, reparen y brinden igualdad de oportunidades. Las inscripciones son hasta el 1\u00b0 de abril en festivalesgba@gmail.com<\/p>\n","protected":false},"excerpt":{"rendered":"<p>Bandas y raperos del Programa Envi\u00f3n, fot\u00f3grafos, DJs o musicalizadores, comediantes de Stand Up, ilustradores y dise\u00f1adores de la Provincia de Buenos Aires tendr\u00e1n la oportunidad de mostrar sus talentos, recibir premios y ser parte de este gran evento cultural que se llevar\u00e1 a cabo el 7, 8 y 9 de junio en el Estadio [&hellip;]<\/p>\n","protected":false},"author":3,"featured_media":0,"comment_status":"closed","ping_status":"open","sticky":false,"template":"","format":"standard","meta":{"footnotes":""},"categories":[35],"tags":[],"class_list":["post-30053","post","type-post","status-publish","format-standard","hentry","category-cultura"],"yoast_head":"<!-- This site is optimized with the Yoast SEO plugin v25.9 - https:\/\/yoast.com\/wordpress\/plugins\/seo\/ -->\n<title>Se viene uno de los eventos culturales m\u00e1s imponentes: el Festival Provincia Emergente 2019 - Noticias Radio Reflejos<\/title>\n<meta name=\"robots\" content=\"index, follow, max-snippet:-1, max-image-preview:large, max-video-preview:-1\" \/>\n<link rel=\"canonical\" href=\"https:\/\/www.noticiasradioreflejos.com.ar\/2021\/se-viene-uno-de-los-eventos-culturales-mas-imponentes-el-festival-provincia-emergente-2019\/\" \/>\n<meta property=\"og:locale\" content=\"es_ES\" \/>\n<meta property=\"og:type\" content=\"article\" \/>\n<meta property=\"og:title\" content=\"Se viene uno de los eventos culturales m\u00e1s imponentes: el Festival Provincia Emergente 2019 - Noticias Radio Reflejos\" \/>\n<meta property=\"og:description\" content=\"Bandas y raperos del Programa Envi\u00f3n, fot\u00f3grafos, DJs o musicalizadores, comediantes de Stand Up, ilustradores y dise\u00f1adores de la Provincia de Buenos Aires tendr\u00e1n la oportunidad de mostrar sus talentos, recibir premios y ser parte de este gran evento cultural que se llevar\u00e1 a cabo el 7, 8 y 9 de junio en el Estadio [&hellip;]\" \/>\n<meta property=\"og:url\" content=\"https:\/\/www.noticiasradioreflejos.com.ar\/2021\/se-viene-uno-de-los-eventos-culturales-mas-imponentes-el-festival-provincia-emergente-2019\/\" \/>\n<meta property=\"og:site_name\" content=\"Noticias Radio Reflejos\" \/>\n<meta property=\"article:published_time\" content=\"2019-03-26T20:29:27+00:00\" \/>\n<meta property=\"og:image\" content=\"http:\/\/farm8.staticflickr.com\/7817\/46558827415_9173c38153.jpg\" \/>\n<meta name=\"author\" content=\"Arnaldo Botto\" \/>\n<meta name=\"twitter:card\" content=\"summary_large_image\" \/>\n<script type=\"application\/ld+json\" class=\"yoast-schema-graph\">{\"@context\":\"https:\/\/schema.org\",\"@graph\":[{\"@type\":\"WebPage\",\"@id\":\"https:\/\/www.noticiasradioreflejos.com.ar\/2021\/se-viene-uno-de-los-eventos-culturales-mas-imponentes-el-festival-provincia-emergente-2019\/\",\"url\":\"https:\/\/www.noticiasradioreflejos.com.ar\/2021\/se-viene-uno-de-los-eventos-culturales-mas-imponentes-el-festival-provincia-emergente-2019\/\",\"name\":\"Se viene uno de los eventos culturales m\u00e1s imponentes: el Festival Provincia Emergente 2019 - Noticias Radio Reflejos\",\"isPartOf\":{\"@id\":\"https:\/\/www.noticiasradioreflejos.com.ar\/2021\/#website\"},\"primaryImageOfPage\":{\"@id\":\"https:\/\/www.noticiasradioreflejos.com.ar\/2021\/se-viene-uno-de-los-eventos-culturales-mas-imponentes-el-festival-provincia-emergente-2019\/#primaryimage\"},\"image\":{\"@id\":\"https:\/\/www.noticiasradioreflejos.com.ar\/2021\/se-viene-uno-de-los-eventos-culturales-mas-imponentes-el-festival-provincia-emergente-2019\/#primaryimage\"},\"thumbnailUrl\":\"http:\/\/farm8.staticflickr.com\/7817\/46558827415_9173c38153.jpg\",\"datePublished\":\"2019-03-26T20:29:27+00:00\",\"author\":{\"@id\":\"https:\/\/www.noticiasradioreflejos.com.ar\/2021\/#\/schema\/person\/ad82545263dcc5ec0996818884fd5fb1\"},\"breadcrumb\":{\"@id\":\"https:\/\/www.noticiasradioreflejos.com.ar\/2021\/se-viene-uno-de-los-eventos-culturales-mas-imponentes-el-festival-provincia-emergente-2019\/#breadcrumb\"},\"inLanguage\":\"es\",\"potentialAction\":[{\"@type\":\"ReadAction\",\"target\":[\"https:\/\/www.noticiasradioreflejos.com.ar\/2021\/se-viene-uno-de-los-eventos-culturales-mas-imponentes-el-festival-provincia-emergente-2019\/\"]}]},{\"@type\":\"ImageObject\",\"inLanguage\":\"es\",\"@id\":\"https:\/\/www.noticiasradioreflejos.com.ar\/2021\/se-viene-uno-de-los-eventos-culturales-mas-imponentes-el-festival-provincia-emergente-2019\/#primaryimage\",\"url\":\"http:\/\/farm8.staticflickr.com\/7817\/46558827415_9173c38153.jpg\",\"contentUrl\":\"http:\/\/farm8.staticflickr.com\/7817\/46558827415_9173c38153.jpg\"},{\"@type\":\"BreadcrumbList\",\"@id\":\"https:\/\/www.noticiasradioreflejos.com.ar\/2021\/se-viene-uno-de-los-eventos-culturales-mas-imponentes-el-festival-provincia-emergente-2019\/#breadcrumb\",\"itemListElement\":[{\"@type\":\"ListItem\",\"position\":1,\"name\":\"Portada\",\"item\":\"https:\/\/www.noticiasradioreflejos.com.ar\/2021\/\"},{\"@type\":\"ListItem\",\"position\":2,\"name\":\"Se viene uno de los eventos culturales m\u00e1s imponentes: el Festival Provincia Emergente 2019\"}]},{\"@type\":\"WebSite\",\"@id\":\"https:\/\/www.noticiasradioreflejos.com.ar\/2021\/#website\",\"url\":\"https:\/\/www.noticiasradioreflejos.com.ar\/2021\/\",\"name\":\"Noticias Radio Reflejos\",\"description\":\"Las noticias de mi comarca\",\"potentialAction\":[{\"@type\":\"SearchAction\",\"target\":{\"@type\":\"EntryPoint\",\"urlTemplate\":\"https:\/\/www.noticiasradioreflejos.com.ar\/2021\/?s={search_term_string}\"},\"query-input\":{\"@type\":\"PropertyValueSpecification\",\"valueRequired\":true,\"valueName\":\"search_term_string\"}}],\"inLanguage\":\"es\"},{\"@type\":\"Person\",\"@id\":\"https:\/\/www.noticiasradioreflejos.com.ar\/2021\/#\/schema\/person\/ad82545263dcc5ec0996818884fd5fb1\",\"name\":\"Arnaldo Botto\",\"image\":{\"@type\":\"ImageObject\",\"inLanguage\":\"es\",\"@id\":\"https:\/\/www.noticiasradioreflejos.com.ar\/2021\/#\/schema\/person\/image\/\",\"url\":\"https:\/\/secure.gravatar.com\/avatar\/55cb5e37c1efa326397366e6974cb338056df65cb50e7d64d1cf314e87504837?s=96&d=mm&r=g\",\"contentUrl\":\"https:\/\/secure.gravatar.com\/avatar\/55cb5e37c1efa326397366e6974cb338056df65cb50e7d64d1cf314e87504837?s=96&d=mm&r=g\",\"caption\":\"Arnaldo Botto\"},\"url\":\"https:\/\/www.noticiasradioreflejos.com.ar\/2021\/author\/arnaldo\/\"}]}<\/script>\n<!-- \/ Yoast SEO plugin. -->","yoast_head_json":{"title":"Se viene uno de los eventos culturales m\u00e1s imponentes: el Festival Provincia Emergente 2019 - Noticias Radio Reflejos","robots":{"index":"index","follow":"follow","max-snippet":"max-snippet:-1","max-image-preview":"max-image-preview:large","max-video-preview":"max-video-preview:-1"},"canonical":"https:\/\/www.noticiasradioreflejos.com.ar\/2021\/se-viene-uno-de-los-eventos-culturales-mas-imponentes-el-festival-provincia-emergente-2019\/","og_locale":"es_ES","og_type":"article","og_title":"Se viene uno de los eventos culturales m\u00e1s imponentes: el Festival Provincia Emergente 2019 - Noticias Radio Reflejos","og_description":"Bandas y raperos del Programa Envi\u00f3n, fot\u00f3grafos, DJs o musicalizadores, comediantes de Stand Up, ilustradores y dise\u00f1adores de la Provincia de Buenos Aires tendr\u00e1n la oportunidad de mostrar sus talentos, recibir premios y ser parte de este gran evento cultural que se llevar\u00e1 a cabo el 7, 8 y 9 de junio en el Estadio [&hellip;]","og_url":"https:\/\/www.noticiasradioreflejos.com.ar\/2021\/se-viene-uno-de-los-eventos-culturales-mas-imponentes-el-festival-provincia-emergente-2019\/","og_site_name":"Noticias Radio Reflejos","article_published_time":"2019-03-26T20:29:27+00:00","og_image":[{"url":"http:\/\/farm8.staticflickr.com\/7817\/46558827415_9173c38153.jpg","type":"","width":"","height":""}],"author":"Arnaldo Botto","twitter_card":"summary_large_image","schema":{"@context":"https:\/\/schema.org","@graph":[{"@type":"WebPage","@id":"https:\/\/www.noticiasradioreflejos.com.ar\/2021\/se-viene-uno-de-los-eventos-culturales-mas-imponentes-el-festival-provincia-emergente-2019\/","url":"https:\/\/www.noticiasradioreflejos.com.ar\/2021\/se-viene-uno-de-los-eventos-culturales-mas-imponentes-el-festival-provincia-emergente-2019\/","name":"Se viene uno de los eventos culturales m\u00e1s imponentes: el Festival Provincia Emergente 2019 - Noticias Radio Reflejos","isPartOf":{"@id":"https:\/\/www.noticiasradioreflejos.com.ar\/2021\/#website"},"primaryImageOfPage":{"@id":"https:\/\/www.noticiasradioreflejos.com.ar\/2021\/se-viene-uno-de-los-eventos-culturales-mas-imponentes-el-festival-provincia-emergente-2019\/#primaryimage"},"image":{"@id":"https:\/\/www.noticiasradioreflejos.com.ar\/2021\/se-viene-uno-de-los-eventos-culturales-mas-imponentes-el-festival-provincia-emergente-2019\/#primaryimage"},"thumbnailUrl":"http:\/\/farm8.staticflickr.com\/7817\/46558827415_9173c38153.jpg","datePublished":"2019-03-26T20:29:27+00:00","author":{"@id":"https:\/\/www.noticiasradioreflejos.com.ar\/2021\/#\/schema\/person\/ad82545263dcc5ec0996818884fd5fb1"},"breadcrumb":{"@id":"https:\/\/www.noticiasradioreflejos.com.ar\/2021\/se-viene-uno-de-los-eventos-culturales-mas-imponentes-el-festival-provincia-emergente-2019\/#breadcrumb"},"inLanguage":"es","potentialAction":[{"@type":"ReadAction","target":["https:\/\/www.noticiasradioreflejos.com.ar\/2021\/se-viene-uno-de-los-eventos-culturales-mas-imponentes-el-festival-provincia-emergente-2019\/"]}]},{"@type":"ImageObject","inLanguage":"es","@id":"https:\/\/www.noticiasradioreflejos.com.ar\/2021\/se-viene-uno-de-los-eventos-culturales-mas-imponentes-el-festival-provincia-emergente-2019\/#primaryimage","url":"http:\/\/farm8.staticflickr.com\/7817\/46558827415_9173c38153.jpg","contentUrl":"http:\/\/farm8.staticflickr.com\/7817\/46558827415_9173c38153.jpg"},{"@type":"BreadcrumbList","@id":"https:\/\/www.noticiasradioreflejos.com.ar\/2021\/se-viene-uno-de-los-eventos-culturales-mas-imponentes-el-festival-provincia-emergente-2019\/#breadcrumb","itemListElement":[{"@type":"ListItem","position":1,"name":"Portada","item":"https:\/\/www.noticiasradioreflejos.com.ar\/2021\/"},{"@type":"ListItem","position":2,"name":"Se viene uno de los eventos culturales m\u00e1s imponentes: el Festival Provincia Emergente 2019"}]},{"@type":"WebSite","@id":"https:\/\/www.noticiasradioreflejos.com.ar\/2021\/#website","url":"https:\/\/www.noticiasradioreflejos.com.ar\/2021\/","name":"Noticias Radio Reflejos","description":"Las noticias de mi comarca","potentialAction":[{"@type":"SearchAction","target":{"@type":"EntryPoint","urlTemplate":"https:\/\/www.noticiasradioreflejos.com.ar\/2021\/?s={search_term_string}"},"query-input":{"@type":"PropertyValueSpecification","valueRequired":true,"valueName":"search_term_string"}}],"inLanguage":"es"},{"@type":"Person","@id":"https:\/\/www.noticiasradioreflejos.com.ar\/2021\/#\/schema\/person\/ad82545263dcc5ec0996818884fd5fb1","name":"Arnaldo Botto","image":{"@type":"ImageObject","inLanguage":"es","@id":"https:\/\/www.noticiasradioreflejos.com.ar\/2021\/#\/schema\/person\/image\/","url":"https:\/\/secure.gravatar.com\/avatar\/55cb5e37c1efa326397366e6974cb338056df65cb50e7d64d1cf314e87504837?s=96&d=mm&r=g","contentUrl":"https:\/\/secure.gravatar.com\/avatar\/55cb5e37c1efa326397366e6974cb338056df65cb50e7d64d1cf314e87504837?s=96&d=mm&r=g","caption":"Arnaldo Botto"},"url":"https:\/\/www.noticiasradioreflejos.com.ar\/2021\/author\/arnaldo\/"}]}},"_links":{"self":[{"href":"https:\/\/www.noticiasradioreflejos.com.ar\/2021\/wp-json\/wp\/v2\/posts\/30053","targetHints":{"allow":["GET"]}}],"collection":[{"href":"https:\/\/www.noticiasradioreflejos.com.ar\/2021\/wp-json\/wp\/v2\/posts"}],"about":[{"href":"https:\/\/www.noticiasradioreflejos.com.ar\/2021\/wp-json\/wp\/v2\/types\/post"}],"author":[{"embeddable":true,"href":"https:\/\/www.noticiasradioreflejos.com.ar\/2021\/wp-json\/wp\/v2\/users\/3"}],"replies":[{"embeddable":true,"href":"https:\/\/www.noticiasradioreflejos.com.ar\/2021\/wp-json\/wp\/v2\/comments?post=30053"}],"version-history":[{"count":0,"href":"https:\/\/www.noticiasradioreflejos.com.ar\/2021\/wp-json\/wp\/v2\/posts\/30053\/revisions"}],"wp:attachment":[{"href":"https:\/\/www.noticiasradioreflejos.com.ar\/2021\/wp-json\/wp\/v2\/media?parent=30053"}],"wp:term":[{"taxonomy":"category","embeddable":true,"href":"https:\/\/www.noticiasradioreflejos.com.ar\/2021\/wp-json\/wp\/v2\/categories?post=30053"},{"taxonomy":"post_tag","embeddable":true,"href":"https:\/\/www.noticiasradioreflejos.com.ar\/2021\/wp-json\/wp\/v2\/tags?post=30053"}],"curies":[{"name":"wp","href":"https:\/\/api.w.org\/{rel}","templated":true}]}}