{"id":30047,"date":"2019-03-26T17:18:59","date_gmt":"2019-03-26T20:18:59","guid":{"rendered":"http:\/\/www.noticiasradioreflejos.com.ar\/noticias\/?p=30047"},"modified":"2019-03-26T17:18:59","modified_gmt":"2019-03-26T20:18:59","slug":"sesionara-el-consejo-escolar-de-tornquist-8","status":"publish","type":"post","link":"https:\/\/www.noticiasradioreflejos.com.ar\/2021\/sesionara-el-consejo-escolar-de-tornquist-8\/","title":{"rendered":"Sesionar\u00e1 el Consejo Escolar de Tornquist"},"content":{"rendered":"<p>El Consejo Escolar informa a la comunidad que sesionar\u00e1 el d\u00eda viernes 27\/03\/2019 a las 9 hs. en la sede de dicho organismo.<br \/>\n ORDEN DEL D\u00cdA <!--more--><br \/>\n-Correspondencia recibida y remitida<br \/>\nINFRAESTRUCTURA<br \/>\n&#8211;\tVisitas a escuelas.<br \/>\n&#8211;\tS\u00edntesis de obras ejecutadas y en proceso:<br \/>\n&#8211;\tEP N\u00ba 21\/EES N\u00ba 5. Avance de Obra. Adicionales.<br \/>\n&#8211;\tJI N\u00ba 906: Construcci\u00f3n de sala. Proceso de licitaci\u00f3n. \/ Sistema de desag\u00fces cloacales. Avance de obra.<br \/>\n&#8211;\tEEST N\u00ba 1. Recambio de cielorraso.<br \/>\n&#8211;\tEES N\u00ba 2. Intervenci\u00f3n. Arreglos varios.<br \/>\n&#8211;\tLuminarias. CEPT N\u00ba 12.<br \/>\n&#8211;\tEP N\u00ba 1: Reparaci\u00f3n de cubiertas y recambio de cielorrasos. Avance de obra.<br \/>\n&#8211;\tEP N\u00ba 10. Reparaci\u00f3n de cubiertas y recambio de cielorrasos. An\u00e1lisis de presupuestos.<br \/>\n&#8211;\t EP N\u00ba 24. Recambio de cielorrasos y reparaci\u00f3n de cubierta. Avance  de obra.<br \/>\n&#8211;\t CEPT N\u00ba 12. Obra de gas. Inicio de Obra.<br \/>\n&#8211;\tJI N\u00ba 903: Obra de gas. Avance de obra \/ Construcci\u00f3n de dep\u00f3sito. Avance de obra.<br \/>\n&#8211;\tEESA -Anexo 801  Villa Ventana. Recambio de cubierta del Vivero.<br \/>\n&#8211;\tJI N\u00ba 904: refacci\u00f3n instalaci\u00f3n el\u00e9ctrica.<br \/>\n&#8211;\tNecesidades menores. Revisi\u00f3n de pedidos.<br \/>\n&#8211;\t Mantenimiento de calefactores 2019.<br \/>\nTESORERIA<br \/>\n&#8211;\tAutorizaciones por Fondo Compensador.<br \/>\n&#8211;\tAutorizaciones por Fondo presupuestario.<br \/>\n&#8211;\tAutorizaciones por Fondos propios.<br \/>\n&#8211;\tAutorizaciones por Fondo Educativo.<br \/>\n&#8211;\tEstado de cuentas a la fecha.<br \/>\n&#8211;\tPago a proveedores.<br \/>\n&#8211;\tPago SAE: Febrero Lectivo.<br \/>\n&#8211;\tAgua potable. Adjudicaci\u00f3n.<br \/>\n&#8211;\tRendiciones.<br \/>\nOTROS<br \/>\n&#8211;\tExtintores.<br \/>\n&#8211;\tClorinadores. An\u00e1lisis de presupuestos.<br \/>\n&#8211;\tDesinfecci\u00f3n, desratizaci\u00f3n y desinsectaci\u00f3n. Llamado a contrataci\u00f3n.<br \/>\n&#8211;\tEquipamiento.<br \/>\n&#8211;\tViaje a La Plata. Reuni\u00f3n con el Director de Consejos Escolares.<\/p>\n","protected":false},"excerpt":{"rendered":"<p>El Consejo Escolar informa a la comunidad que sesionar\u00e1 el d\u00eda viernes 27\/03\/2019 a las 9 hs. en la sede de dicho organismo. ORDEN DEL D\u00cdA<\/p>\n","protected":false},"author":3,"featured_media":0,"comment_status":"closed","ping_status":"open","sticky":false,"template":"","format":"standard","meta":{"footnotes":""},"categories":[34],"tags":[],"class_list":["post-30047","post","type-post","status-publish","format-standard","hentry","category-educacion"],"yoast_head":"<!-- This site is optimized with the Yoast SEO plugin v25.9 - https:\/\/yoast.com\/wordpress\/plugins\/seo\/ -->\n<title>Sesionar\u00e1 el Consejo Escolar de Tornquist - Noticias Radio Reflejos<\/title>\n<meta name=\"robots\" content=\"index, follow, max-snippet:-1, max-image-preview:large, max-video-preview:-1\" \/>\n<link rel=\"canonical\" href=\"https:\/\/www.noticiasradioreflejos.com.ar\/2021\/sesionara-el-consejo-escolar-de-tornquist-8\/\" \/>\n<meta property=\"og:locale\" content=\"es_ES\" \/>\n<meta property=\"og:type\" content=\"article\" \/>\n<meta property=\"og:title\" content=\"Sesionar\u00e1 el Consejo Escolar de Tornquist - Noticias Radio Reflejos\" \/>\n<meta property=\"og:description\" content=\"El Consejo Escolar informa a la comunidad que sesionar\u00e1 el d\u00eda viernes 27\/03\/2019 a las 9 hs. en la sede de dicho organismo. ORDEN DEL D\u00cdA\" \/>\n<meta property=\"og:url\" content=\"https:\/\/www.noticiasradioreflejos.com.ar\/2021\/sesionara-el-consejo-escolar-de-tornquist-8\/\" \/>\n<meta property=\"og:site_name\" content=\"Noticias Radio Reflejos\" \/>\n<meta property=\"article:published_time\" content=\"2019-03-26T20:18:59+00:00\" \/>\n<meta property=\"og:image\" content=\"https:\/\/www.noticiasradioreflejos.com.ar\/2021\/wp-content\/uploads\/2021\/07\/logosol300x200.png\" \/>\n\t<meta property=\"og:image:width\" content=\"300\" \/>\n\t<meta property=\"og:image:height\" content=\"200\" \/>\n\t<meta property=\"og:image:type\" content=\"image\/png\" \/>\n<meta name=\"author\" content=\"Arnaldo Botto\" \/>\n<meta name=\"twitter:card\" content=\"summary_large_image\" \/>\n<script type=\"application\/ld+json\" class=\"yoast-schema-graph\">{\"@context\":\"https:\/\/schema.org\",\"@graph\":[{\"@type\":\"WebPage\",\"@id\":\"https:\/\/www.noticiasradioreflejos.com.ar\/2021\/sesionara-el-consejo-escolar-de-tornquist-8\/\",\"url\":\"https:\/\/www.noticiasradioreflejos.com.ar\/2021\/sesionara-el-consejo-escolar-de-tornquist-8\/\",\"name\":\"Sesionar\u00e1 el Consejo Escolar de Tornquist - Noticias Radio Reflejos\",\"isPartOf\":{\"@id\":\"https:\/\/www.noticiasradioreflejos.com.ar\/2021\/#website\"},\"datePublished\":\"2019-03-26T20:18:59+00:00\",\"author\":{\"@id\":\"https:\/\/www.noticiasradioreflejos.com.ar\/2021\/#\/schema\/person\/ad82545263dcc5ec0996818884fd5fb1\"},\"breadcrumb\":{\"@id\":\"https:\/\/www.noticiasradioreflejos.com.ar\/2021\/sesionara-el-consejo-escolar-de-tornquist-8\/#breadcrumb\"},\"inLanguage\":\"es\",\"potentialAction\":[{\"@type\":\"ReadAction\",\"target\":[\"https:\/\/www.noticiasradioreflejos.com.ar\/2021\/sesionara-el-consejo-escolar-de-tornquist-8\/\"]}]},{\"@type\":\"BreadcrumbList\",\"@id\":\"https:\/\/www.noticiasradioreflejos.com.ar\/2021\/sesionara-el-consejo-escolar-de-tornquist-8\/#breadcrumb\",\"itemListElement\":[{\"@type\":\"ListItem\",\"position\":1,\"name\":\"Portada\",\"item\":\"https:\/\/www.noticiasradioreflejos.com.ar\/2021\/\"},{\"@type\":\"ListItem\",\"position\":2,\"name\":\"Sesionar\u00e1 el Consejo Escolar de Tornquist\"}]},{\"@type\":\"WebSite\",\"@id\":\"https:\/\/www.noticiasradioreflejos.com.ar\/2021\/#website\",\"url\":\"https:\/\/www.noticiasradioreflejos.com.ar\/2021\/\",\"name\":\"Noticias Radio Reflejos\",\"description\":\"Las noticias de mi comarca\",\"potentialAction\":[{\"@type\":\"SearchAction\",\"target\":{\"@type\":\"EntryPoint\",\"urlTemplate\":\"https:\/\/www.noticiasradioreflejos.com.ar\/2021\/?s={search_term_string}\"},\"query-input\":{\"@type\":\"PropertyValueSpecification\",\"valueRequired\":true,\"valueName\":\"search_term_string\"}}],\"inLanguage\":\"es\"},{\"@type\":\"Person\",\"@id\":\"https:\/\/www.noticiasradioreflejos.com.ar\/2021\/#\/schema\/person\/ad82545263dcc5ec0996818884fd5fb1\",\"name\":\"Arnaldo Botto\",\"image\":{\"@type\":\"ImageObject\",\"inLanguage\":\"es\",\"@id\":\"https:\/\/www.noticiasradioreflejos.com.ar\/2021\/#\/schema\/person\/image\/\",\"url\":\"https:\/\/secure.gravatar.com\/avatar\/55cb5e37c1efa326397366e6974cb338056df65cb50e7d64d1cf314e87504837?s=96&d=mm&r=g\",\"contentUrl\":\"https:\/\/secure.gravatar.com\/avatar\/55cb5e37c1efa326397366e6974cb338056df65cb50e7d64d1cf314e87504837?s=96&d=mm&r=g\",\"caption\":\"Arnaldo Botto\"},\"url\":\"https:\/\/www.noticiasradioreflejos.com.ar\/2021\/author\/arnaldo\/\"}]}<\/script>\n<!-- \/ Yoast SEO plugin. -->","yoast_head_json":{"title":"Sesionar\u00e1 el Consejo Escolar de Tornquist - Noticias Radio Reflejos","robots":{"index":"index","follow":"follow","max-snippet":"max-snippet:-1","max-image-preview":"max-image-preview:large","max-video-preview":"max-video-preview:-1"},"canonical":"https:\/\/www.noticiasradioreflejos.com.ar\/2021\/sesionara-el-consejo-escolar-de-tornquist-8\/","og_locale":"es_ES","og_type":"article","og_title":"Sesionar\u00e1 el Consejo Escolar de Tornquist - Noticias Radio Reflejos","og_description":"El Consejo Escolar informa a la comunidad que sesionar\u00e1 el d\u00eda viernes 27\/03\/2019 a las 9 hs. en la sede de dicho organismo. ORDEN DEL D\u00cdA","og_url":"https:\/\/www.noticiasradioreflejos.com.ar\/2021\/sesionara-el-consejo-escolar-de-tornquist-8\/","og_site_name":"Noticias Radio Reflejos","article_published_time":"2019-03-26T20:18:59+00:00","og_image":[{"width":300,"height":200,"url":"https:\/\/www.noticiasradioreflejos.com.ar\/2021\/wp-content\/uploads\/2021\/07\/logosol300x200.png","type":"image\/png"}],"author":"Arnaldo Botto","twitter_card":"summary_large_image","schema":{"@context":"https:\/\/schema.org","@graph":[{"@type":"WebPage","@id":"https:\/\/www.noticiasradioreflejos.com.ar\/2021\/sesionara-el-consejo-escolar-de-tornquist-8\/","url":"https:\/\/www.noticiasradioreflejos.com.ar\/2021\/sesionara-el-consejo-escolar-de-tornquist-8\/","name":"Sesionar\u00e1 el Consejo Escolar de Tornquist - Noticias Radio Reflejos","isPartOf":{"@id":"https:\/\/www.noticiasradioreflejos.com.ar\/2021\/#website"},"datePublished":"2019-03-26T20:18:59+00:00","author":{"@id":"https:\/\/www.noticiasradioreflejos.com.ar\/2021\/#\/schema\/person\/ad82545263dcc5ec0996818884fd5fb1"},"breadcrumb":{"@id":"https:\/\/www.noticiasradioreflejos.com.ar\/2021\/sesionara-el-consejo-escolar-de-tornquist-8\/#breadcrumb"},"inLanguage":"es","potentialAction":[{"@type":"ReadAction","target":["https:\/\/www.noticiasradioreflejos.com.ar\/2021\/sesionara-el-consejo-escolar-de-tornquist-8\/"]}]},{"@type":"BreadcrumbList","@id":"https:\/\/www.noticiasradioreflejos.com.ar\/2021\/sesionara-el-consejo-escolar-de-tornquist-8\/#breadcrumb","itemListElement":[{"@type":"ListItem","position":1,"name":"Portada","item":"https:\/\/www.noticiasradioreflejos.com.ar\/2021\/"},{"@type":"ListItem","position":2,"name":"Sesionar\u00e1 el Consejo Escolar de Tornquist"}]},{"@type":"WebSite","@id":"https:\/\/www.noticiasradioreflejos.com.ar\/2021\/#website","url":"https:\/\/www.noticiasradioreflejos.com.ar\/2021\/","name":"Noticias Radio Reflejos","description":"Las noticias de mi comarca","potentialAction":[{"@type":"SearchAction","target":{"@type":"EntryPoint","urlTemplate":"https:\/\/www.noticiasradioreflejos.com.ar\/2021\/?s={search_term_string}"},"query-input":{"@type":"PropertyValueSpecification","valueRequired":true,"valueName":"search_term_string"}}],"inLanguage":"es"},{"@type":"Person","@id":"https:\/\/www.noticiasradioreflejos.com.ar\/2021\/#\/schema\/person\/ad82545263dcc5ec0996818884fd5fb1","name":"Arnaldo Botto","image":{"@type":"ImageObject","inLanguage":"es","@id":"https:\/\/www.noticiasradioreflejos.com.ar\/2021\/#\/schema\/person\/image\/","url":"https:\/\/secure.gravatar.com\/avatar\/55cb5e37c1efa326397366e6974cb338056df65cb50e7d64d1cf314e87504837?s=96&d=mm&r=g","contentUrl":"https:\/\/secure.gravatar.com\/avatar\/55cb5e37c1efa326397366e6974cb338056df65cb50e7d64d1cf314e87504837?s=96&d=mm&r=g","caption":"Arnaldo Botto"},"url":"https:\/\/www.noticiasradioreflejos.com.ar\/2021\/author\/arnaldo\/"}]}},"_links":{"self":[{"href":"https:\/\/www.noticiasradioreflejos.com.ar\/2021\/wp-json\/wp\/v2\/posts\/30047","targetHints":{"allow":["GET"]}}],"collection":[{"href":"https:\/\/www.noticiasradioreflejos.com.ar\/2021\/wp-json\/wp\/v2\/posts"}],"about":[{"href":"https:\/\/www.noticiasradioreflejos.com.ar\/2021\/wp-json\/wp\/v2\/types\/post"}],"author":[{"embeddable":true,"href":"https:\/\/www.noticiasradioreflejos.com.ar\/2021\/wp-json\/wp\/v2\/users\/3"}],"replies":[{"embeddable":true,"href":"https:\/\/www.noticiasradioreflejos.com.ar\/2021\/wp-json\/wp\/v2\/comments?post=30047"}],"version-history":[{"count":0,"href":"https:\/\/www.noticiasradioreflejos.com.ar\/2021\/wp-json\/wp\/v2\/posts\/30047\/revisions"}],"wp:attachment":[{"href":"https:\/\/www.noticiasradioreflejos.com.ar\/2021\/wp-json\/wp\/v2\/media?parent=30047"}],"wp:term":[{"taxonomy":"category","embeddable":true,"href":"https:\/\/www.noticiasradioreflejos.com.ar\/2021\/wp-json\/wp\/v2\/categories?post=30047"},{"taxonomy":"post_tag","embeddable":true,"href":"https:\/\/www.noticiasradioreflejos.com.ar\/2021\/wp-json\/wp\/v2\/tags?post=30047"}],"curies":[{"name":"wp","href":"https:\/\/api.w.org\/{rel}","templated":true}]}}