{"id":30043,"date":"2019-03-26T12:47:26","date_gmt":"2019-03-26T15:47:26","guid":{"rendered":"http:\/\/www.noticiasradioreflejos.com.ar\/noticias\/?p=30043"},"modified":"2019-03-26T12:47:26","modified_gmt":"2019-03-26T15:47:26","slug":"le-propuso-casamiento-sobre-el-escenario-en-medio-de-un-espectaculo-folclorico-en-cnel-pringles","status":"publish","type":"post","link":"https:\/\/www.noticiasradioreflejos.com.ar\/2021\/le-propuso-casamiento-sobre-el-escenario-en-medio-de-un-espectaculo-folclorico-en-cnel-pringles\/","title":{"rendered":"Le propuso casamiento sobre el escenario en medio de un espect\u00e1culo folcl\u00f3rico en Cnel. Pringles"},"content":{"rendered":"<p><a title=\"54728783_300873940605635_1458366500522950656_n\" href=\"http:\/\/farm8.staticflickr.com\/7860\/47419544842_627d633cf5.jpg\" rel=\"\"><img loading=\"lazy\" decoding=\"async\" class=\"alignleft\" style=\"float: left;\" title=\"54728783_300873940605635_1458366500522950656_n\" src=\"http:\/\/farm8.staticflickr.com\/7860\/47419544842_627d633cf5.jpg\" alt=\"54728783_300873940605635_1458366500522950656_n\" width=\"500\" height=\"329\" \/><\/a>Fue durante el desarrollo de la Fiesta Anual Tradicionalista del Fort\u00edn Tradici\u00f3n y Libertad de Coronel Pringles, donde un bailar\u00edn le propuso casamiento a su compa\u00f1era. Con Video <!--more--><br \/>\nUn hecho que no pas\u00f3 desapercibido durante la Fiesta del Fort\u00edn de Coronel Pringles, fue sin lugar a dudas la propuesta que le hizo un bailar\u00edn a su compa\u00f1era sobre el escenario en plena presentaci\u00f3n de uno de los espect\u00e1culos musicales. Es as\u00ed que Mart\u00edn Schreiber se acerc\u00f3 a su prometida y ante cientos de espectadores, le propuso matrimonio, bajo la atenta mirada de todos los presentes en el sal\u00f3n del Fort\u00edn Tradici\u00f3n y Libertad. De esta manera, la bailarina, Gabriela P\u00e1ez, no dud\u00f3 en aceptar la propuesta de su amado, pese a haber sido sorprendida por el modo en el que se dio la misma, y todo se sell\u00f3 con un beso y un fuerte aplauso de todo el p\u00fablico que festej\u00f3 esta acci\u00f3n.<br \/>\n<iframe loading=\"lazy\" src=\"https:\/\/www.youtube.com\/embed\/K28aWHvrdUw\" width=\"560\" height=\"315\" frameborder=\"0\" allowfullscreen=\"allowfullscreen\"><\/iframe><\/p>\n","protected":false},"excerpt":{"rendered":"<p>Fue durante el desarrollo de la Fiesta Anual Tradicionalista del Fort\u00edn Tradici\u00f3n y Libertad de Coronel Pringles, donde un bailar\u00edn le propuso casamiento a su compa\u00f1era. Con Video<\/p>\n","protected":false},"author":3,"featured_media":0,"comment_status":"closed","ping_status":"open","sticky":false,"template":"","format":"standard","meta":{"footnotes":""},"categories":[26],"tags":[],"class_list":["post-30043","post","type-post","status-publish","format-standard","hentry","category-sociedad"],"yoast_head":"<!-- This site is optimized with the Yoast SEO plugin v25.9 - https:\/\/yoast.com\/wordpress\/plugins\/seo\/ -->\n<title>Le propuso casamiento sobre el escenario en medio de un espect\u00e1culo folcl\u00f3rico en Cnel. Pringles - Noticias Radio Reflejos<\/title>\n<meta name=\"robots\" content=\"index, follow, max-snippet:-1, max-image-preview:large, max-video-preview:-1\" \/>\n<link rel=\"canonical\" href=\"https:\/\/www.noticiasradioreflejos.com.ar\/2021\/le-propuso-casamiento-sobre-el-escenario-en-medio-de-un-espectaculo-folclorico-en-cnel-pringles\/\" \/>\n<meta property=\"og:locale\" content=\"es_ES\" \/>\n<meta property=\"og:type\" content=\"article\" \/>\n<meta property=\"og:title\" content=\"Le propuso casamiento sobre el escenario en medio de un espect\u00e1culo folcl\u00f3rico en Cnel. Pringles - Noticias Radio Reflejos\" \/>\n<meta property=\"og:description\" content=\"Fue durante el desarrollo de la Fiesta Anual Tradicionalista del Fort\u00edn Tradici\u00f3n y Libertad de Coronel Pringles, donde un bailar\u00edn le propuso casamiento a su compa\u00f1era. Con Video\" \/>\n<meta property=\"og:url\" content=\"https:\/\/www.noticiasradioreflejos.com.ar\/2021\/le-propuso-casamiento-sobre-el-escenario-en-medio-de-un-espectaculo-folclorico-en-cnel-pringles\/\" \/>\n<meta property=\"og:site_name\" content=\"Noticias Radio Reflejos\" \/>\n<meta property=\"article:published_time\" content=\"2019-03-26T15:47:26+00:00\" \/>\n<meta property=\"og:image\" content=\"http:\/\/farm8.staticflickr.com\/7860\/47419544842_627d633cf5.jpg\" \/>\n<meta name=\"author\" content=\"Arnaldo Botto\" \/>\n<meta name=\"twitter:card\" content=\"summary_large_image\" \/>\n<script type=\"application\/ld+json\" class=\"yoast-schema-graph\">{\"@context\":\"https:\/\/schema.org\",\"@graph\":[{\"@type\":\"WebPage\",\"@id\":\"https:\/\/www.noticiasradioreflejos.com.ar\/2021\/le-propuso-casamiento-sobre-el-escenario-en-medio-de-un-espectaculo-folclorico-en-cnel-pringles\/\",\"url\":\"https:\/\/www.noticiasradioreflejos.com.ar\/2021\/le-propuso-casamiento-sobre-el-escenario-en-medio-de-un-espectaculo-folclorico-en-cnel-pringles\/\",\"name\":\"Le propuso casamiento sobre el escenario en medio de un espect\u00e1culo folcl\u00f3rico en Cnel. Pringles - Noticias Radio Reflejos\",\"isPartOf\":{\"@id\":\"https:\/\/www.noticiasradioreflejos.com.ar\/2021\/#website\"},\"primaryImageOfPage\":{\"@id\":\"https:\/\/www.noticiasradioreflejos.com.ar\/2021\/le-propuso-casamiento-sobre-el-escenario-en-medio-de-un-espectaculo-folclorico-en-cnel-pringles\/#primaryimage\"},\"image\":{\"@id\":\"https:\/\/www.noticiasradioreflejos.com.ar\/2021\/le-propuso-casamiento-sobre-el-escenario-en-medio-de-un-espectaculo-folclorico-en-cnel-pringles\/#primaryimage\"},\"thumbnailUrl\":\"http:\/\/farm8.staticflickr.com\/7860\/47419544842_627d633cf5.jpg\",\"datePublished\":\"2019-03-26T15:47:26+00:00\",\"author\":{\"@id\":\"https:\/\/www.noticiasradioreflejos.com.ar\/2021\/#\/schema\/person\/ad82545263dcc5ec0996818884fd5fb1\"},\"breadcrumb\":{\"@id\":\"https:\/\/www.noticiasradioreflejos.com.ar\/2021\/le-propuso-casamiento-sobre-el-escenario-en-medio-de-un-espectaculo-folclorico-en-cnel-pringles\/#breadcrumb\"},\"inLanguage\":\"es\",\"potentialAction\":[{\"@type\":\"ReadAction\",\"target\":[\"https:\/\/www.noticiasradioreflejos.com.ar\/2021\/le-propuso-casamiento-sobre-el-escenario-en-medio-de-un-espectaculo-folclorico-en-cnel-pringles\/\"]}]},{\"@type\":\"ImageObject\",\"inLanguage\":\"es\",\"@id\":\"https:\/\/www.noticiasradioreflejos.com.ar\/2021\/le-propuso-casamiento-sobre-el-escenario-en-medio-de-un-espectaculo-folclorico-en-cnel-pringles\/#primaryimage\",\"url\":\"http:\/\/farm8.staticflickr.com\/7860\/47419544842_627d633cf5.jpg\",\"contentUrl\":\"http:\/\/farm8.staticflickr.com\/7860\/47419544842_627d633cf5.jpg\"},{\"@type\":\"BreadcrumbList\",\"@id\":\"https:\/\/www.noticiasradioreflejos.com.ar\/2021\/le-propuso-casamiento-sobre-el-escenario-en-medio-de-un-espectaculo-folclorico-en-cnel-pringles\/#breadcrumb\",\"itemListElement\":[{\"@type\":\"ListItem\",\"position\":1,\"name\":\"Portada\",\"item\":\"https:\/\/www.noticiasradioreflejos.com.ar\/2021\/\"},{\"@type\":\"ListItem\",\"position\":2,\"name\":\"Le propuso casamiento sobre el escenario en medio de un espect\u00e1culo folcl\u00f3rico en Cnel. Pringles\"}]},{\"@type\":\"WebSite\",\"@id\":\"https:\/\/www.noticiasradioreflejos.com.ar\/2021\/#website\",\"url\":\"https:\/\/www.noticiasradioreflejos.com.ar\/2021\/\",\"name\":\"Noticias Radio Reflejos\",\"description\":\"Las noticias de mi comarca\",\"potentialAction\":[{\"@type\":\"SearchAction\",\"target\":{\"@type\":\"EntryPoint\",\"urlTemplate\":\"https:\/\/www.noticiasradioreflejos.com.ar\/2021\/?s={search_term_string}\"},\"query-input\":{\"@type\":\"PropertyValueSpecification\",\"valueRequired\":true,\"valueName\":\"search_term_string\"}}],\"inLanguage\":\"es\"},{\"@type\":\"Person\",\"@id\":\"https:\/\/www.noticiasradioreflejos.com.ar\/2021\/#\/schema\/person\/ad82545263dcc5ec0996818884fd5fb1\",\"name\":\"Arnaldo Botto\",\"image\":{\"@type\":\"ImageObject\",\"inLanguage\":\"es\",\"@id\":\"https:\/\/www.noticiasradioreflejos.com.ar\/2021\/#\/schema\/person\/image\/\",\"url\":\"https:\/\/secure.gravatar.com\/avatar\/55cb5e37c1efa326397366e6974cb338056df65cb50e7d64d1cf314e87504837?s=96&d=mm&r=g\",\"contentUrl\":\"https:\/\/secure.gravatar.com\/avatar\/55cb5e37c1efa326397366e6974cb338056df65cb50e7d64d1cf314e87504837?s=96&d=mm&r=g\",\"caption\":\"Arnaldo Botto\"},\"url\":\"https:\/\/www.noticiasradioreflejos.com.ar\/2021\/author\/arnaldo\/\"}]}<\/script>\n<!-- \/ Yoast SEO plugin. -->","yoast_head_json":{"title":"Le propuso casamiento sobre el escenario en medio de un espect\u00e1culo folcl\u00f3rico en Cnel. Pringles - Noticias Radio Reflejos","robots":{"index":"index","follow":"follow","max-snippet":"max-snippet:-1","max-image-preview":"max-image-preview:large","max-video-preview":"max-video-preview:-1"},"canonical":"https:\/\/www.noticiasradioreflejos.com.ar\/2021\/le-propuso-casamiento-sobre-el-escenario-en-medio-de-un-espectaculo-folclorico-en-cnel-pringles\/","og_locale":"es_ES","og_type":"article","og_title":"Le propuso casamiento sobre el escenario en medio de un espect\u00e1culo folcl\u00f3rico en Cnel. Pringles - Noticias Radio Reflejos","og_description":"Fue durante el desarrollo de la Fiesta Anual Tradicionalista del Fort\u00edn Tradici\u00f3n y Libertad de Coronel Pringles, donde un bailar\u00edn le propuso casamiento a su compa\u00f1era. Con Video","og_url":"https:\/\/www.noticiasradioreflejos.com.ar\/2021\/le-propuso-casamiento-sobre-el-escenario-en-medio-de-un-espectaculo-folclorico-en-cnel-pringles\/","og_site_name":"Noticias Radio Reflejos","article_published_time":"2019-03-26T15:47:26+00:00","og_image":[{"url":"http:\/\/farm8.staticflickr.com\/7860\/47419544842_627d633cf5.jpg","type":"","width":"","height":""}],"author":"Arnaldo Botto","twitter_card":"summary_large_image","schema":{"@context":"https:\/\/schema.org","@graph":[{"@type":"WebPage","@id":"https:\/\/www.noticiasradioreflejos.com.ar\/2021\/le-propuso-casamiento-sobre-el-escenario-en-medio-de-un-espectaculo-folclorico-en-cnel-pringles\/","url":"https:\/\/www.noticiasradioreflejos.com.ar\/2021\/le-propuso-casamiento-sobre-el-escenario-en-medio-de-un-espectaculo-folclorico-en-cnel-pringles\/","name":"Le propuso casamiento sobre el escenario en medio de un espect\u00e1culo folcl\u00f3rico en Cnel. Pringles - Noticias Radio Reflejos","isPartOf":{"@id":"https:\/\/www.noticiasradioreflejos.com.ar\/2021\/#website"},"primaryImageOfPage":{"@id":"https:\/\/www.noticiasradioreflejos.com.ar\/2021\/le-propuso-casamiento-sobre-el-escenario-en-medio-de-un-espectaculo-folclorico-en-cnel-pringles\/#primaryimage"},"image":{"@id":"https:\/\/www.noticiasradioreflejos.com.ar\/2021\/le-propuso-casamiento-sobre-el-escenario-en-medio-de-un-espectaculo-folclorico-en-cnel-pringles\/#primaryimage"},"thumbnailUrl":"http:\/\/farm8.staticflickr.com\/7860\/47419544842_627d633cf5.jpg","datePublished":"2019-03-26T15:47:26+00:00","author":{"@id":"https:\/\/www.noticiasradioreflejos.com.ar\/2021\/#\/schema\/person\/ad82545263dcc5ec0996818884fd5fb1"},"breadcrumb":{"@id":"https:\/\/www.noticiasradioreflejos.com.ar\/2021\/le-propuso-casamiento-sobre-el-escenario-en-medio-de-un-espectaculo-folclorico-en-cnel-pringles\/#breadcrumb"},"inLanguage":"es","potentialAction":[{"@type":"ReadAction","target":["https:\/\/www.noticiasradioreflejos.com.ar\/2021\/le-propuso-casamiento-sobre-el-escenario-en-medio-de-un-espectaculo-folclorico-en-cnel-pringles\/"]}]},{"@type":"ImageObject","inLanguage":"es","@id":"https:\/\/www.noticiasradioreflejos.com.ar\/2021\/le-propuso-casamiento-sobre-el-escenario-en-medio-de-un-espectaculo-folclorico-en-cnel-pringles\/#primaryimage","url":"http:\/\/farm8.staticflickr.com\/7860\/47419544842_627d633cf5.jpg","contentUrl":"http:\/\/farm8.staticflickr.com\/7860\/47419544842_627d633cf5.jpg"},{"@type":"BreadcrumbList","@id":"https:\/\/www.noticiasradioreflejos.com.ar\/2021\/le-propuso-casamiento-sobre-el-escenario-en-medio-de-un-espectaculo-folclorico-en-cnel-pringles\/#breadcrumb","itemListElement":[{"@type":"ListItem","position":1,"name":"Portada","item":"https:\/\/www.noticiasradioreflejos.com.ar\/2021\/"},{"@type":"ListItem","position":2,"name":"Le propuso casamiento sobre el escenario en medio de un espect\u00e1culo folcl\u00f3rico en Cnel. Pringles"}]},{"@type":"WebSite","@id":"https:\/\/www.noticiasradioreflejos.com.ar\/2021\/#website","url":"https:\/\/www.noticiasradioreflejos.com.ar\/2021\/","name":"Noticias Radio Reflejos","description":"Las noticias de mi comarca","potentialAction":[{"@type":"SearchAction","target":{"@type":"EntryPoint","urlTemplate":"https:\/\/www.noticiasradioreflejos.com.ar\/2021\/?s={search_term_string}"},"query-input":{"@type":"PropertyValueSpecification","valueRequired":true,"valueName":"search_term_string"}}],"inLanguage":"es"},{"@type":"Person","@id":"https:\/\/www.noticiasradioreflejos.com.ar\/2021\/#\/schema\/person\/ad82545263dcc5ec0996818884fd5fb1","name":"Arnaldo Botto","image":{"@type":"ImageObject","inLanguage":"es","@id":"https:\/\/www.noticiasradioreflejos.com.ar\/2021\/#\/schema\/person\/image\/","url":"https:\/\/secure.gravatar.com\/avatar\/55cb5e37c1efa326397366e6974cb338056df65cb50e7d64d1cf314e87504837?s=96&d=mm&r=g","contentUrl":"https:\/\/secure.gravatar.com\/avatar\/55cb5e37c1efa326397366e6974cb338056df65cb50e7d64d1cf314e87504837?s=96&d=mm&r=g","caption":"Arnaldo Botto"},"url":"https:\/\/www.noticiasradioreflejos.com.ar\/2021\/author\/arnaldo\/"}]}},"_links":{"self":[{"href":"https:\/\/www.noticiasradioreflejos.com.ar\/2021\/wp-json\/wp\/v2\/posts\/30043","targetHints":{"allow":["GET"]}}],"collection":[{"href":"https:\/\/www.noticiasradioreflejos.com.ar\/2021\/wp-json\/wp\/v2\/posts"}],"about":[{"href":"https:\/\/www.noticiasradioreflejos.com.ar\/2021\/wp-json\/wp\/v2\/types\/post"}],"author":[{"embeddable":true,"href":"https:\/\/www.noticiasradioreflejos.com.ar\/2021\/wp-json\/wp\/v2\/users\/3"}],"replies":[{"embeddable":true,"href":"https:\/\/www.noticiasradioreflejos.com.ar\/2021\/wp-json\/wp\/v2\/comments?post=30043"}],"version-history":[{"count":0,"href":"https:\/\/www.noticiasradioreflejos.com.ar\/2021\/wp-json\/wp\/v2\/posts\/30043\/revisions"}],"wp:attachment":[{"href":"https:\/\/www.noticiasradioreflejos.com.ar\/2021\/wp-json\/wp\/v2\/media?parent=30043"}],"wp:term":[{"taxonomy":"category","embeddable":true,"href":"https:\/\/www.noticiasradioreflejos.com.ar\/2021\/wp-json\/wp\/v2\/categories?post=30043"},{"taxonomy":"post_tag","embeddable":true,"href":"https:\/\/www.noticiasradioreflejos.com.ar\/2021\/wp-json\/wp\/v2\/tags?post=30043"}],"curies":[{"name":"wp","href":"https:\/\/api.w.org\/{rel}","templated":true}]}}