{"id":30030,"date":"2019-03-26T07:52:40","date_gmt":"2019-03-26T10:52:40","guid":{"rendered":"http:\/\/www.noticiasradioreflejos.com.ar\/noticias\/?p=30030"},"modified":"2019-03-26T07:52:40","modified_gmt":"2019-03-26T10:52:40","slug":"el-club-union-realiza-este-viernes-su-cena-pre-clasico","status":"publish","type":"post","link":"https:\/\/www.noticiasradioreflejos.com.ar\/2021\/el-club-union-realiza-este-viernes-su-cena-pre-clasico\/","title":{"rendered":"El Club Uni\u00f3n realiza este viernes su cena Pre-cl\u00e1sico"},"content":{"rendered":"<p><a title=\"Cena Preclasico CUT 29-3\" href=\"http:\/\/farm8.staticflickr.com\/7835\/47470666571_774ed11ef5_s.jpg\" rel=\"\"><img loading=\"lazy\" decoding=\"async\" class=\"alignleft\" style=\"float: left;\" title=\"Cena Preclasico CUT 29-3\" src=\"http:\/\/farm8.staticflickr.com\/7835\/47470666571_774ed11ef5.jpg\" alt=\"Cena Preclasico CUT 29-3\" width=\"500\" height=\"487\" \/><\/a>Este viernes desde las 21 hs en el sal\u00f3n VIP de su sede y con la organizaci\u00f3n de la Agrupaci\u00f3n \u2018Primero Uni\u00f3n\u2019, el Club Uni\u00f3n realizar\u00e1 su tradicional cena Pre\u00b4-cl\u00e1sico, como previa al choque con Automoto el pr\u00f3ximo domingo en el estadio \u2018J.J. Bolletta\u2019.<!--more--><br \/>\nLas tarjetas tienen un valor de $300 y se pueden adquirir en la Secretar\u00eda de la instituci\u00f3n (Av. Belgrano y 12 de Octubre) de 17 a 21 hs.<br \/>\nHabr\u00e1 lech\u00f3n, cordero, bebidas y mesa dulce, adem\u00e1s de m\u00fasica bailable y alguna sorpresa, en una noche para compartir junto a la Familia Verde y demostrarle el apoyo al plantel superior de f\u00fatbol para el partido del domingo.<br \/>\n\u00a1Te esperamos!<br \/>\nPrensa Club Uni\u00f3n<br \/>\nwww.uniondetornquist.com &#8211; clubuniondetornquist@gmail.com &#8211; \/ClubUnionDeTornquist &#8211; @UnionTornquist<\/p>\n","protected":false},"excerpt":{"rendered":"<p>Este viernes desde las 21 hs en el sal\u00f3n VIP de su sede y con la organizaci\u00f3n de la Agrupaci\u00f3n \u2018Primero Uni\u00f3n\u2019, el Club Uni\u00f3n realizar\u00e1 su tradicional cena Pre\u00b4-cl\u00e1sico, como previa al choque con Automoto el pr\u00f3ximo domingo en el estadio \u2018J.J. Bolletta\u2019.<\/p>\n","protected":false},"author":3,"featured_media":0,"comment_status":"closed","ping_status":"open","sticky":false,"template":"","format":"standard","meta":{"footnotes":""},"categories":[26],"tags":[],"class_list":["post-30030","post","type-post","status-publish","format-standard","hentry","category-sociedad"],"yoast_head":"<!-- This site is optimized with the Yoast SEO plugin v25.9 - https:\/\/yoast.com\/wordpress\/plugins\/seo\/ -->\n<title>El Club Uni\u00f3n realiza este viernes su cena Pre-cl\u00e1sico - Noticias Radio Reflejos<\/title>\n<meta name=\"robots\" content=\"index, follow, max-snippet:-1, max-image-preview:large, max-video-preview:-1\" \/>\n<link rel=\"canonical\" href=\"https:\/\/www.noticiasradioreflejos.com.ar\/2021\/el-club-union-realiza-este-viernes-su-cena-pre-clasico\/\" \/>\n<meta property=\"og:locale\" content=\"es_ES\" \/>\n<meta property=\"og:type\" content=\"article\" \/>\n<meta property=\"og:title\" content=\"El Club Uni\u00f3n realiza este viernes su cena Pre-cl\u00e1sico - Noticias Radio Reflejos\" \/>\n<meta property=\"og:description\" content=\"Este viernes desde las 21 hs en el sal\u00f3n VIP de su sede y con la organizaci\u00f3n de la Agrupaci\u00f3n \u2018Primero Uni\u00f3n\u2019, el Club Uni\u00f3n realizar\u00e1 su tradicional cena Pre\u00b4-cl\u00e1sico, como previa al choque con Automoto el pr\u00f3ximo domingo en el estadio \u2018J.J. Bolletta\u2019.\" \/>\n<meta property=\"og:url\" content=\"https:\/\/www.noticiasradioreflejos.com.ar\/2021\/el-club-union-realiza-este-viernes-su-cena-pre-clasico\/\" \/>\n<meta property=\"og:site_name\" content=\"Noticias Radio Reflejos\" \/>\n<meta property=\"article:published_time\" content=\"2019-03-26T10:52:40+00:00\" \/>\n<meta property=\"og:image\" content=\"http:\/\/farm8.staticflickr.com\/7835\/47470666571_774ed11ef5.jpg\" \/>\n<meta name=\"author\" content=\"Arnaldo Botto\" \/>\n<meta name=\"twitter:card\" content=\"summary_large_image\" \/>\n<script type=\"application\/ld+json\" class=\"yoast-schema-graph\">{\"@context\":\"https:\/\/schema.org\",\"@graph\":[{\"@type\":\"WebPage\",\"@id\":\"https:\/\/www.noticiasradioreflejos.com.ar\/2021\/el-club-union-realiza-este-viernes-su-cena-pre-clasico\/\",\"url\":\"https:\/\/www.noticiasradioreflejos.com.ar\/2021\/el-club-union-realiza-este-viernes-su-cena-pre-clasico\/\",\"name\":\"El Club Uni\u00f3n realiza este viernes su cena Pre-cl\u00e1sico - Noticias Radio Reflejos\",\"isPartOf\":{\"@id\":\"https:\/\/www.noticiasradioreflejos.com.ar\/2021\/#website\"},\"primaryImageOfPage\":{\"@id\":\"https:\/\/www.noticiasradioreflejos.com.ar\/2021\/el-club-union-realiza-este-viernes-su-cena-pre-clasico\/#primaryimage\"},\"image\":{\"@id\":\"https:\/\/www.noticiasradioreflejos.com.ar\/2021\/el-club-union-realiza-este-viernes-su-cena-pre-clasico\/#primaryimage\"},\"thumbnailUrl\":\"http:\/\/farm8.staticflickr.com\/7835\/47470666571_774ed11ef5.jpg\",\"datePublished\":\"2019-03-26T10:52:40+00:00\",\"author\":{\"@id\":\"https:\/\/www.noticiasradioreflejos.com.ar\/2021\/#\/schema\/person\/ad82545263dcc5ec0996818884fd5fb1\"},\"breadcrumb\":{\"@id\":\"https:\/\/www.noticiasradioreflejos.com.ar\/2021\/el-club-union-realiza-este-viernes-su-cena-pre-clasico\/#breadcrumb\"},\"inLanguage\":\"es\",\"potentialAction\":[{\"@type\":\"ReadAction\",\"target\":[\"https:\/\/www.noticiasradioreflejos.com.ar\/2021\/el-club-union-realiza-este-viernes-su-cena-pre-clasico\/\"]}]},{\"@type\":\"ImageObject\",\"inLanguage\":\"es\",\"@id\":\"https:\/\/www.noticiasradioreflejos.com.ar\/2021\/el-club-union-realiza-este-viernes-su-cena-pre-clasico\/#primaryimage\",\"url\":\"http:\/\/farm8.staticflickr.com\/7835\/47470666571_774ed11ef5.jpg\",\"contentUrl\":\"http:\/\/farm8.staticflickr.com\/7835\/47470666571_774ed11ef5.jpg\"},{\"@type\":\"BreadcrumbList\",\"@id\":\"https:\/\/www.noticiasradioreflejos.com.ar\/2021\/el-club-union-realiza-este-viernes-su-cena-pre-clasico\/#breadcrumb\",\"itemListElement\":[{\"@type\":\"ListItem\",\"position\":1,\"name\":\"Portada\",\"item\":\"https:\/\/www.noticiasradioreflejos.com.ar\/2021\/\"},{\"@type\":\"ListItem\",\"position\":2,\"name\":\"El Club Uni\u00f3n realiza este viernes su cena Pre-cl\u00e1sico\"}]},{\"@type\":\"WebSite\",\"@id\":\"https:\/\/www.noticiasradioreflejos.com.ar\/2021\/#website\",\"url\":\"https:\/\/www.noticiasradioreflejos.com.ar\/2021\/\",\"name\":\"Noticias Radio Reflejos\",\"description\":\"Las noticias de mi comarca\",\"potentialAction\":[{\"@type\":\"SearchAction\",\"target\":{\"@type\":\"EntryPoint\",\"urlTemplate\":\"https:\/\/www.noticiasradioreflejos.com.ar\/2021\/?s={search_term_string}\"},\"query-input\":{\"@type\":\"PropertyValueSpecification\",\"valueRequired\":true,\"valueName\":\"search_term_string\"}}],\"inLanguage\":\"es\"},{\"@type\":\"Person\",\"@id\":\"https:\/\/www.noticiasradioreflejos.com.ar\/2021\/#\/schema\/person\/ad82545263dcc5ec0996818884fd5fb1\",\"name\":\"Arnaldo Botto\",\"image\":{\"@type\":\"ImageObject\",\"inLanguage\":\"es\",\"@id\":\"https:\/\/www.noticiasradioreflejos.com.ar\/2021\/#\/schema\/person\/image\/\",\"url\":\"https:\/\/secure.gravatar.com\/avatar\/55cb5e37c1efa326397366e6974cb338056df65cb50e7d64d1cf314e87504837?s=96&d=mm&r=g\",\"contentUrl\":\"https:\/\/secure.gravatar.com\/avatar\/55cb5e37c1efa326397366e6974cb338056df65cb50e7d64d1cf314e87504837?s=96&d=mm&r=g\",\"caption\":\"Arnaldo Botto\"},\"url\":\"https:\/\/www.noticiasradioreflejos.com.ar\/2021\/author\/arnaldo\/\"}]}<\/script>\n<!-- \/ Yoast SEO plugin. -->","yoast_head_json":{"title":"El Club Uni\u00f3n realiza este viernes su cena Pre-cl\u00e1sico - Noticias Radio Reflejos","robots":{"index":"index","follow":"follow","max-snippet":"max-snippet:-1","max-image-preview":"max-image-preview:large","max-video-preview":"max-video-preview:-1"},"canonical":"https:\/\/www.noticiasradioreflejos.com.ar\/2021\/el-club-union-realiza-este-viernes-su-cena-pre-clasico\/","og_locale":"es_ES","og_type":"article","og_title":"El Club Uni\u00f3n realiza este viernes su cena Pre-cl\u00e1sico - Noticias Radio Reflejos","og_description":"Este viernes desde las 21 hs en el sal\u00f3n VIP de su sede y con la organizaci\u00f3n de la Agrupaci\u00f3n \u2018Primero Uni\u00f3n\u2019, el Club Uni\u00f3n realizar\u00e1 su tradicional cena Pre\u00b4-cl\u00e1sico, como previa al choque con Automoto el pr\u00f3ximo domingo en el estadio \u2018J.J. Bolletta\u2019.","og_url":"https:\/\/www.noticiasradioreflejos.com.ar\/2021\/el-club-union-realiza-este-viernes-su-cena-pre-clasico\/","og_site_name":"Noticias Radio Reflejos","article_published_time":"2019-03-26T10:52:40+00:00","og_image":[{"url":"http:\/\/farm8.staticflickr.com\/7835\/47470666571_774ed11ef5.jpg","type":"","width":"","height":""}],"author":"Arnaldo Botto","twitter_card":"summary_large_image","schema":{"@context":"https:\/\/schema.org","@graph":[{"@type":"WebPage","@id":"https:\/\/www.noticiasradioreflejos.com.ar\/2021\/el-club-union-realiza-este-viernes-su-cena-pre-clasico\/","url":"https:\/\/www.noticiasradioreflejos.com.ar\/2021\/el-club-union-realiza-este-viernes-su-cena-pre-clasico\/","name":"El Club Uni\u00f3n realiza este viernes su cena Pre-cl\u00e1sico - Noticias Radio Reflejos","isPartOf":{"@id":"https:\/\/www.noticiasradioreflejos.com.ar\/2021\/#website"},"primaryImageOfPage":{"@id":"https:\/\/www.noticiasradioreflejos.com.ar\/2021\/el-club-union-realiza-este-viernes-su-cena-pre-clasico\/#primaryimage"},"image":{"@id":"https:\/\/www.noticiasradioreflejos.com.ar\/2021\/el-club-union-realiza-este-viernes-su-cena-pre-clasico\/#primaryimage"},"thumbnailUrl":"http:\/\/farm8.staticflickr.com\/7835\/47470666571_774ed11ef5.jpg","datePublished":"2019-03-26T10:52:40+00:00","author":{"@id":"https:\/\/www.noticiasradioreflejos.com.ar\/2021\/#\/schema\/person\/ad82545263dcc5ec0996818884fd5fb1"},"breadcrumb":{"@id":"https:\/\/www.noticiasradioreflejos.com.ar\/2021\/el-club-union-realiza-este-viernes-su-cena-pre-clasico\/#breadcrumb"},"inLanguage":"es","potentialAction":[{"@type":"ReadAction","target":["https:\/\/www.noticiasradioreflejos.com.ar\/2021\/el-club-union-realiza-este-viernes-su-cena-pre-clasico\/"]}]},{"@type":"ImageObject","inLanguage":"es","@id":"https:\/\/www.noticiasradioreflejos.com.ar\/2021\/el-club-union-realiza-este-viernes-su-cena-pre-clasico\/#primaryimage","url":"http:\/\/farm8.staticflickr.com\/7835\/47470666571_774ed11ef5.jpg","contentUrl":"http:\/\/farm8.staticflickr.com\/7835\/47470666571_774ed11ef5.jpg"},{"@type":"BreadcrumbList","@id":"https:\/\/www.noticiasradioreflejos.com.ar\/2021\/el-club-union-realiza-este-viernes-su-cena-pre-clasico\/#breadcrumb","itemListElement":[{"@type":"ListItem","position":1,"name":"Portada","item":"https:\/\/www.noticiasradioreflejos.com.ar\/2021\/"},{"@type":"ListItem","position":2,"name":"El Club Uni\u00f3n realiza este viernes su cena Pre-cl\u00e1sico"}]},{"@type":"WebSite","@id":"https:\/\/www.noticiasradioreflejos.com.ar\/2021\/#website","url":"https:\/\/www.noticiasradioreflejos.com.ar\/2021\/","name":"Noticias Radio Reflejos","description":"Las noticias de mi comarca","potentialAction":[{"@type":"SearchAction","target":{"@type":"EntryPoint","urlTemplate":"https:\/\/www.noticiasradioreflejos.com.ar\/2021\/?s={search_term_string}"},"query-input":{"@type":"PropertyValueSpecification","valueRequired":true,"valueName":"search_term_string"}}],"inLanguage":"es"},{"@type":"Person","@id":"https:\/\/www.noticiasradioreflejos.com.ar\/2021\/#\/schema\/person\/ad82545263dcc5ec0996818884fd5fb1","name":"Arnaldo Botto","image":{"@type":"ImageObject","inLanguage":"es","@id":"https:\/\/www.noticiasradioreflejos.com.ar\/2021\/#\/schema\/person\/image\/","url":"https:\/\/secure.gravatar.com\/avatar\/55cb5e37c1efa326397366e6974cb338056df65cb50e7d64d1cf314e87504837?s=96&d=mm&r=g","contentUrl":"https:\/\/secure.gravatar.com\/avatar\/55cb5e37c1efa326397366e6974cb338056df65cb50e7d64d1cf314e87504837?s=96&d=mm&r=g","caption":"Arnaldo Botto"},"url":"https:\/\/www.noticiasradioreflejos.com.ar\/2021\/author\/arnaldo\/"}]}},"_links":{"self":[{"href":"https:\/\/www.noticiasradioreflejos.com.ar\/2021\/wp-json\/wp\/v2\/posts\/30030","targetHints":{"allow":["GET"]}}],"collection":[{"href":"https:\/\/www.noticiasradioreflejos.com.ar\/2021\/wp-json\/wp\/v2\/posts"}],"about":[{"href":"https:\/\/www.noticiasradioreflejos.com.ar\/2021\/wp-json\/wp\/v2\/types\/post"}],"author":[{"embeddable":true,"href":"https:\/\/www.noticiasradioreflejos.com.ar\/2021\/wp-json\/wp\/v2\/users\/3"}],"replies":[{"embeddable":true,"href":"https:\/\/www.noticiasradioreflejos.com.ar\/2021\/wp-json\/wp\/v2\/comments?post=30030"}],"version-history":[{"count":0,"href":"https:\/\/www.noticiasradioreflejos.com.ar\/2021\/wp-json\/wp\/v2\/posts\/30030\/revisions"}],"wp:attachment":[{"href":"https:\/\/www.noticiasradioreflejos.com.ar\/2021\/wp-json\/wp\/v2\/media?parent=30030"}],"wp:term":[{"taxonomy":"category","embeddable":true,"href":"https:\/\/www.noticiasradioreflejos.com.ar\/2021\/wp-json\/wp\/v2\/categories?post=30030"},{"taxonomy":"post_tag","embeddable":true,"href":"https:\/\/www.noticiasradioreflejos.com.ar\/2021\/wp-json\/wp\/v2\/tags?post=30030"}],"curies":[{"name":"wp","href":"https:\/\/api.w.org\/{rel}","templated":true}]}}