{"id":30018,"date":"2019-03-25T17:38:43","date_gmt":"2019-03-25T20:38:43","guid":{"rendered":"http:\/\/www.noticiasradioreflejos.com.ar\/noticias\/?p=30018"},"modified":"2019-03-25T17:38:43","modified_gmt":"2019-03-25T20:38:43","slug":"alientan-a-denunciar-trafico-ilegal-de-la-fauna-silvestre-en-la-provincia-de-buenos-aires","status":"publish","type":"post","link":"https:\/\/www.noticiasradioreflejos.com.ar\/2021\/alientan-a-denunciar-trafico-ilegal-de-la-fauna-silvestre-en-la-provincia-de-buenos-aires\/","title":{"rendered":"Alientan a denunciar tr\u00e1fico ilegal de la fauna silvestre en la Provincia de Buenos Aires"},"content":{"rendered":"<p>Con la intenci\u00f3n de generar conciencia sobre las consecuencias de la tenencia de fauna y, a la vez, poner en valor los recursos naturales, el Ministerio de Agroindustria de la Provincia de Buenos Aires recomienda evitar la captura y trasporte de animales silvestres, ya que esto puede conducir la extinci\u00f3n irremediable de la especie ocasionando as\u00ed un grave da\u00f1o a los ecosistemas naturales, adem\u00e1s de causar posibles heridas o la muerte tanto a las personas como a los propios animales.<!--more--><br \/>\nLas especies silvestres viven libres en la naturaleza de manera independiente del hombre para su reproducci\u00f3n o su alimentaci\u00f3n, que abarca las poblaciones libres o cautivas (por ejemplo un le\u00f3n o un tigre); a diferencia de las especies dom\u00e9sticas que surgen porque el hombre los domestic\u00f3 a partir de alguna especie silvestre. Este proceso de domesticaci\u00f3n dura cientos de a\u00f1os y atraviesa muchas generaciones. Algunos de estos animales dom\u00e9sticos son d\u00f3ciles y han sido criados para compa\u00f1\u00eda y para convivir con personas como el perro, el gato, el canario y el cobayo.<br \/>\nEn los \u00faltimos d\u00edas, inclusive, un caso registrado en La Plata volvi\u00f3 a alertar sobre este tema. Un mono caray\u00e1 que es tratado como una mascota por una familia de Ringuelet, lleva meses suelto meti\u00e9ndose en las casas, en los negocios. Hasta se lo vio dentro de la Escuela Primaria N\u00b0 60 jugando con maestras.<br \/>\nEl comportamiento responsable es evitar la compra de animales silvestres como mascotas, teniendo en cuenta que algunos animales silvestres son transmisores de enfermedades como tuberculosis, psitacosis, toxoplasmosis, herpes y filariasis. Adem\u00e1s, la conducta de los animales silvestres es impredecible y cualquier situaci\u00f3n desconocida para ellos podr\u00eda generar un comportamiento agresivo que produzca da\u00f1os y en muchos casos es motivo de abandono del animal.<br \/>\nEl desconocimiento sobre su alimentaci\u00f3n u otros requerimientos que permitan su bienestar hacen que estos animales sufran enfermedades, padezcan sufrimiento por aislamiento social con otros de su misma especie y tambi\u00e9n pueden provocar su muerte.<br \/>\nLa Estaci\u00f3n de Cr\u00eda de Animales Silvestres (ECAS), dependiente del Ministerio de Agroindustria bonaerense, es un centro de cr\u00eda y exhibici\u00f3n de especies de la fauna aut\u00f3ctona y ex\u00f3tica en semi-libertad y en recintos ambientados, las cuales son provenientes del mascotismo y el tr\u00e1fico ilegal de fauna.<br \/>\nEn el marco de denuncias de tr\u00e1fico ilegal en las que la Direcci\u00f3n de Flora y Fauna viene trabajando, el ECAS recibi\u00f3 300 ejemplares vivos de loros habladores de 600 que fueron secuestrados por Gendarmer\u00eda en San Nicol\u00e1s en un operativo de tr\u00e1fico ilegal. La mortandad fue del 50%.<br \/>\nEstos loros habladores, que viven en el norte de Argentina, son extra\u00eddos de sus nidos, aun pichones, sin capacidad de alimentarse por s\u00ed mismos, para soportar un largo viaje con temperaturas altas, sufriendo la deshidrataci\u00f3n e inanici\u00f3n. Durante los trayectos la mayor\u00eda de estas especies termina muriendo, convirti\u00e9ndose en v\u00edctima de la venta ilegal como mascotas.<br \/>\nPara denunciar la venta de especies prohibidas de animales silvestres, puede concurrir a la Direcci\u00f3n de Flora y Fauna ubicada en Calle 12 esq. 51, Torre I, 5\u00b0 Piso (La Plata), o puede comunicarse al (0221)429-5206\/36 o enviar un email a florayfauna@maa.gba.gov.ar.<\/p>\n","protected":false},"excerpt":{"rendered":"<p>Con la intenci\u00f3n de generar conciencia sobre las consecuencias de la tenencia de fauna y, a la vez, poner en valor los recursos naturales, el Ministerio de Agroindustria de la Provincia de Buenos Aires recomienda evitar la captura y trasporte de animales silvestres, ya que esto puede conducir la extinci\u00f3n irremediable de la especie ocasionando [&hellip;]<\/p>\n","protected":false},"author":3,"featured_media":0,"comment_status":"closed","ping_status":"open","sticky":false,"template":"","format":"standard","meta":{"footnotes":""},"categories":[29],"tags":[],"class_list":["post-30018","post","type-post","status-publish","format-standard","hentry","category-policiales"],"yoast_head":"<!-- This site is optimized with the Yoast SEO plugin v25.9 - https:\/\/yoast.com\/wordpress\/plugins\/seo\/ -->\n<title>Alientan a denunciar tr\u00e1fico ilegal de la fauna silvestre en la Provincia de Buenos Aires - Noticias Radio Reflejos<\/title>\n<meta name=\"robots\" content=\"index, follow, max-snippet:-1, max-image-preview:large, max-video-preview:-1\" \/>\n<link rel=\"canonical\" href=\"https:\/\/www.noticiasradioreflejos.com.ar\/2021\/alientan-a-denunciar-trafico-ilegal-de-la-fauna-silvestre-en-la-provincia-de-buenos-aires\/\" \/>\n<meta property=\"og:locale\" content=\"es_ES\" \/>\n<meta property=\"og:type\" content=\"article\" \/>\n<meta property=\"og:title\" content=\"Alientan a denunciar tr\u00e1fico ilegal de la fauna silvestre en la Provincia de Buenos Aires - Noticias Radio Reflejos\" \/>\n<meta property=\"og:description\" content=\"Con la intenci\u00f3n de generar conciencia sobre las consecuencias de la tenencia de fauna y, a la vez, poner en valor los recursos naturales, el Ministerio de Agroindustria de la Provincia de Buenos Aires recomienda evitar la captura y trasporte de animales silvestres, ya que esto puede conducir la extinci\u00f3n irremediable de la especie ocasionando [&hellip;]\" \/>\n<meta property=\"og:url\" content=\"https:\/\/www.noticiasradioreflejos.com.ar\/2021\/alientan-a-denunciar-trafico-ilegal-de-la-fauna-silvestre-en-la-provincia-de-buenos-aires\/\" \/>\n<meta property=\"og:site_name\" content=\"Noticias Radio Reflejos\" \/>\n<meta property=\"article:published_time\" content=\"2019-03-25T20:38:43+00:00\" \/>\n<meta property=\"og:image\" content=\"https:\/\/www.noticiasradioreflejos.com.ar\/2021\/wp-content\/uploads\/2021\/07\/logosol300x200.png\" \/>\n\t<meta property=\"og:image:width\" content=\"300\" \/>\n\t<meta property=\"og:image:height\" content=\"200\" \/>\n\t<meta property=\"og:image:type\" content=\"image\/png\" \/>\n<meta name=\"author\" content=\"Arnaldo Botto\" \/>\n<meta name=\"twitter:card\" content=\"summary_large_image\" \/>\n<script type=\"application\/ld+json\" class=\"yoast-schema-graph\">{\"@context\":\"https:\/\/schema.org\",\"@graph\":[{\"@type\":\"WebPage\",\"@id\":\"https:\/\/www.noticiasradioreflejos.com.ar\/2021\/alientan-a-denunciar-trafico-ilegal-de-la-fauna-silvestre-en-la-provincia-de-buenos-aires\/\",\"url\":\"https:\/\/www.noticiasradioreflejos.com.ar\/2021\/alientan-a-denunciar-trafico-ilegal-de-la-fauna-silvestre-en-la-provincia-de-buenos-aires\/\",\"name\":\"Alientan a denunciar tr\u00e1fico ilegal de la fauna silvestre en la Provincia de Buenos Aires - Noticias Radio Reflejos\",\"isPartOf\":{\"@id\":\"https:\/\/www.noticiasradioreflejos.com.ar\/2021\/#website\"},\"datePublished\":\"2019-03-25T20:38:43+00:00\",\"author\":{\"@id\":\"https:\/\/www.noticiasradioreflejos.com.ar\/2021\/#\/schema\/person\/ad82545263dcc5ec0996818884fd5fb1\"},\"breadcrumb\":{\"@id\":\"https:\/\/www.noticiasradioreflejos.com.ar\/2021\/alientan-a-denunciar-trafico-ilegal-de-la-fauna-silvestre-en-la-provincia-de-buenos-aires\/#breadcrumb\"},\"inLanguage\":\"es\",\"potentialAction\":[{\"@type\":\"ReadAction\",\"target\":[\"https:\/\/www.noticiasradioreflejos.com.ar\/2021\/alientan-a-denunciar-trafico-ilegal-de-la-fauna-silvestre-en-la-provincia-de-buenos-aires\/\"]}]},{\"@type\":\"BreadcrumbList\",\"@id\":\"https:\/\/www.noticiasradioreflejos.com.ar\/2021\/alientan-a-denunciar-trafico-ilegal-de-la-fauna-silvestre-en-la-provincia-de-buenos-aires\/#breadcrumb\",\"itemListElement\":[{\"@type\":\"ListItem\",\"position\":1,\"name\":\"Portada\",\"item\":\"https:\/\/www.noticiasradioreflejos.com.ar\/2021\/\"},{\"@type\":\"ListItem\",\"position\":2,\"name\":\"Alientan a denunciar tr\u00e1fico ilegal de la fauna silvestre en la Provincia de Buenos Aires\"}]},{\"@type\":\"WebSite\",\"@id\":\"https:\/\/www.noticiasradioreflejos.com.ar\/2021\/#website\",\"url\":\"https:\/\/www.noticiasradioreflejos.com.ar\/2021\/\",\"name\":\"Noticias Radio Reflejos\",\"description\":\"Las noticias de mi comarca\",\"potentialAction\":[{\"@type\":\"SearchAction\",\"target\":{\"@type\":\"EntryPoint\",\"urlTemplate\":\"https:\/\/www.noticiasradioreflejos.com.ar\/2021\/?s={search_term_string}\"},\"query-input\":{\"@type\":\"PropertyValueSpecification\",\"valueRequired\":true,\"valueName\":\"search_term_string\"}}],\"inLanguage\":\"es\"},{\"@type\":\"Person\",\"@id\":\"https:\/\/www.noticiasradioreflejos.com.ar\/2021\/#\/schema\/person\/ad82545263dcc5ec0996818884fd5fb1\",\"name\":\"Arnaldo Botto\",\"image\":{\"@type\":\"ImageObject\",\"inLanguage\":\"es\",\"@id\":\"https:\/\/www.noticiasradioreflejos.com.ar\/2021\/#\/schema\/person\/image\/\",\"url\":\"https:\/\/secure.gravatar.com\/avatar\/55cb5e37c1efa326397366e6974cb338056df65cb50e7d64d1cf314e87504837?s=96&d=mm&r=g\",\"contentUrl\":\"https:\/\/secure.gravatar.com\/avatar\/55cb5e37c1efa326397366e6974cb338056df65cb50e7d64d1cf314e87504837?s=96&d=mm&r=g\",\"caption\":\"Arnaldo Botto\"},\"url\":\"https:\/\/www.noticiasradioreflejos.com.ar\/2021\/author\/arnaldo\/\"}]}<\/script>\n<!-- \/ Yoast SEO plugin. -->","yoast_head_json":{"title":"Alientan a denunciar tr\u00e1fico ilegal de la fauna silvestre en la Provincia de Buenos Aires - Noticias Radio Reflejos","robots":{"index":"index","follow":"follow","max-snippet":"max-snippet:-1","max-image-preview":"max-image-preview:large","max-video-preview":"max-video-preview:-1"},"canonical":"https:\/\/www.noticiasradioreflejos.com.ar\/2021\/alientan-a-denunciar-trafico-ilegal-de-la-fauna-silvestre-en-la-provincia-de-buenos-aires\/","og_locale":"es_ES","og_type":"article","og_title":"Alientan a denunciar tr\u00e1fico ilegal de la fauna silvestre en la Provincia de Buenos Aires - Noticias Radio Reflejos","og_description":"Con la intenci\u00f3n de generar conciencia sobre las consecuencias de la tenencia de fauna y, a la vez, poner en valor los recursos naturales, el Ministerio de Agroindustria de la Provincia de Buenos Aires recomienda evitar la captura y trasporte de animales silvestres, ya que esto puede conducir la extinci\u00f3n irremediable de la especie ocasionando [&hellip;]","og_url":"https:\/\/www.noticiasradioreflejos.com.ar\/2021\/alientan-a-denunciar-trafico-ilegal-de-la-fauna-silvestre-en-la-provincia-de-buenos-aires\/","og_site_name":"Noticias Radio Reflejos","article_published_time":"2019-03-25T20:38:43+00:00","og_image":[{"width":300,"height":200,"url":"https:\/\/www.noticiasradioreflejos.com.ar\/2021\/wp-content\/uploads\/2021\/07\/logosol300x200.png","type":"image\/png"}],"author":"Arnaldo Botto","twitter_card":"summary_large_image","schema":{"@context":"https:\/\/schema.org","@graph":[{"@type":"WebPage","@id":"https:\/\/www.noticiasradioreflejos.com.ar\/2021\/alientan-a-denunciar-trafico-ilegal-de-la-fauna-silvestre-en-la-provincia-de-buenos-aires\/","url":"https:\/\/www.noticiasradioreflejos.com.ar\/2021\/alientan-a-denunciar-trafico-ilegal-de-la-fauna-silvestre-en-la-provincia-de-buenos-aires\/","name":"Alientan a denunciar tr\u00e1fico ilegal de la fauna silvestre en la Provincia de Buenos Aires - Noticias Radio Reflejos","isPartOf":{"@id":"https:\/\/www.noticiasradioreflejos.com.ar\/2021\/#website"},"datePublished":"2019-03-25T20:38:43+00:00","author":{"@id":"https:\/\/www.noticiasradioreflejos.com.ar\/2021\/#\/schema\/person\/ad82545263dcc5ec0996818884fd5fb1"},"breadcrumb":{"@id":"https:\/\/www.noticiasradioreflejos.com.ar\/2021\/alientan-a-denunciar-trafico-ilegal-de-la-fauna-silvestre-en-la-provincia-de-buenos-aires\/#breadcrumb"},"inLanguage":"es","potentialAction":[{"@type":"ReadAction","target":["https:\/\/www.noticiasradioreflejos.com.ar\/2021\/alientan-a-denunciar-trafico-ilegal-de-la-fauna-silvestre-en-la-provincia-de-buenos-aires\/"]}]},{"@type":"BreadcrumbList","@id":"https:\/\/www.noticiasradioreflejos.com.ar\/2021\/alientan-a-denunciar-trafico-ilegal-de-la-fauna-silvestre-en-la-provincia-de-buenos-aires\/#breadcrumb","itemListElement":[{"@type":"ListItem","position":1,"name":"Portada","item":"https:\/\/www.noticiasradioreflejos.com.ar\/2021\/"},{"@type":"ListItem","position":2,"name":"Alientan a denunciar tr\u00e1fico ilegal de la fauna silvestre en la Provincia de Buenos Aires"}]},{"@type":"WebSite","@id":"https:\/\/www.noticiasradioreflejos.com.ar\/2021\/#website","url":"https:\/\/www.noticiasradioreflejos.com.ar\/2021\/","name":"Noticias Radio Reflejos","description":"Las noticias de mi comarca","potentialAction":[{"@type":"SearchAction","target":{"@type":"EntryPoint","urlTemplate":"https:\/\/www.noticiasradioreflejos.com.ar\/2021\/?s={search_term_string}"},"query-input":{"@type":"PropertyValueSpecification","valueRequired":true,"valueName":"search_term_string"}}],"inLanguage":"es"},{"@type":"Person","@id":"https:\/\/www.noticiasradioreflejos.com.ar\/2021\/#\/schema\/person\/ad82545263dcc5ec0996818884fd5fb1","name":"Arnaldo Botto","image":{"@type":"ImageObject","inLanguage":"es","@id":"https:\/\/www.noticiasradioreflejos.com.ar\/2021\/#\/schema\/person\/image\/","url":"https:\/\/secure.gravatar.com\/avatar\/55cb5e37c1efa326397366e6974cb338056df65cb50e7d64d1cf314e87504837?s=96&d=mm&r=g","contentUrl":"https:\/\/secure.gravatar.com\/avatar\/55cb5e37c1efa326397366e6974cb338056df65cb50e7d64d1cf314e87504837?s=96&d=mm&r=g","caption":"Arnaldo Botto"},"url":"https:\/\/www.noticiasradioreflejos.com.ar\/2021\/author\/arnaldo\/"}]}},"_links":{"self":[{"href":"https:\/\/www.noticiasradioreflejos.com.ar\/2021\/wp-json\/wp\/v2\/posts\/30018","targetHints":{"allow":["GET"]}}],"collection":[{"href":"https:\/\/www.noticiasradioreflejos.com.ar\/2021\/wp-json\/wp\/v2\/posts"}],"about":[{"href":"https:\/\/www.noticiasradioreflejos.com.ar\/2021\/wp-json\/wp\/v2\/types\/post"}],"author":[{"embeddable":true,"href":"https:\/\/www.noticiasradioreflejos.com.ar\/2021\/wp-json\/wp\/v2\/users\/3"}],"replies":[{"embeddable":true,"href":"https:\/\/www.noticiasradioreflejos.com.ar\/2021\/wp-json\/wp\/v2\/comments?post=30018"}],"version-history":[{"count":0,"href":"https:\/\/www.noticiasradioreflejos.com.ar\/2021\/wp-json\/wp\/v2\/posts\/30018\/revisions"}],"wp:attachment":[{"href":"https:\/\/www.noticiasradioreflejos.com.ar\/2021\/wp-json\/wp\/v2\/media?parent=30018"}],"wp:term":[{"taxonomy":"category","embeddable":true,"href":"https:\/\/www.noticiasradioreflejos.com.ar\/2021\/wp-json\/wp\/v2\/categories?post=30018"},{"taxonomy":"post_tag","embeddable":true,"href":"https:\/\/www.noticiasradioreflejos.com.ar\/2021\/wp-json\/wp\/v2\/tags?post=30018"}],"curies":[{"name":"wp","href":"https:\/\/api.w.org\/{rel}","templated":true}]}}