{"id":30000,"date":"2019-03-25T08:52:00","date_gmt":"2019-03-25T11:52:00","guid":{"rendered":"http:\/\/www.noticiasradioreflejos.com.ar\/noticias\/?p=30000"},"modified":"2019-03-25T08:52:00","modified_gmt":"2019-03-25T11:52:00","slug":"ventana-gana-y-sigue-puntero","status":"publish","type":"post","link":"https:\/\/www.noticiasradioreflejos.com.ar\/2021\/ventana-gana-y-sigue-puntero\/","title":{"rendered":"Ventana gana y sigue puntero"},"content":{"rendered":"<p><a title=\"54798804_2436312229714512_1625550039550001152_n\" href=\"http:\/\/farm8.staticflickr.com\/7868\/33587072078_26bd57f3fa_s.jpg\" rel=\"\"><img loading=\"lazy\" decoding=\"async\" class=\"alignleft\" style=\"float: left;\" title=\"54798804_2436312229714512_1625550039550001152_n\" src=\"http:\/\/farm8.staticflickr.com\/7868\/33587072078_26bd57f3fa.jpg\" alt=\"54798804_2436312229714512_1625550039550001152_n\" width=\"500\" height=\"375\" \/><\/a>Almaceneros y Atl\u00e9tico Ventana ganaron sus respectivos partidos y son los l\u00edderes del torneo de Primera Divisi\u00f3n en Homenaje a \u00abCarlos Soto\u00bb.<br \/>\n<strong>Gana y sigue<\/strong><br \/>\nAtl\u00e9tico Ventana la tuvo complicada de local. Alem se puso arriba en el marcador por el tanto de Meyer y as\u00ed se fue al descanso.<br \/>\nEn el segundo tiempo, el \u00abTricolor Serrano\u00bb lo dio vuelta y sigue siendo uno de los dos l\u00edderes de la competencia.<br \/>\nPara completar una tarde redonda, Alberto Esp\u00ednola le contuvo un penal a Meyer en el segundo tiempo.<!--more--><br \/>\n<a title=\"formci\u00f3n\" href=\"http:\/\/farm8.staticflickr.com\/7916\/32521703577_eb20daed60.jpg\" rel=\"\"><img loading=\"lazy\" decoding=\"async\" title=\"formci\u00f3n\" src=\"http:\/\/farm8.staticflickr.com\/7916\/32521703577_eb20daed60.jpg\" alt=\"formci\u00f3n\" width=\"395\" height=\"297\" \/><\/a><br \/>\n<a href=\"https:\/\/www.facebook.com\/media\/set\/?set=ms.c.eJxFVseRRTEI62iHHPpvbOeJD756TJKEbDENZS7tZHPnP5kDEyXLltgDzu9GcM4BdX83ivJ3g6rpu1FmvxDKQo6m341kCS2O6juoTnbiraKUX0jG9kGCEM0NaTJU0V9Slu7vwNS3Uwl0SrU5tNGpXFlHp122B4nx~_8omIynxJhXKrw9uu7KMsqaHBwBKze2j~_Zul8hDL~%3BnKYyO~_GFYcWtRxAJuij5QDyQWwBMleE2A4naWhMtqzENJa64w~_3cdyag5fghZBVBrFtjFCFdatQug1iG0LMuLHcsslHpSnFMYeDvAOTmfbliAQvdI0RRBdxOQw0RB23TpAU7~%3Bic6ENWDtQOPMwO9YAcMk4OPdPagtyqXx~%3B8FJQ527CYqmH8N60IOi078Q~_EvRBSFfrw3Re2ii~%3BE68oOUXlEmQ1AcVVm514OVqhQYoXbBmkz9~_kUfbgelWmzhBcykrKVFLXMRp0cxAOSsoc6qPRddZZSrOnxYkWj5Ntbr1HQDqfhCKGblrEe8UDm2f3TqQT2hW8WY1Cpj~%3B0xFKkbX2fnbgm1MH7UmVJj~%3BNMpFURX8kRHDl6eXcTYRW4OnfWgt4SGjSo5aRvY1x2OSghV3kaNW7adB9WY41HJwuO4B6FDDppvOABEvAAJozGuA2imlbeEFiDKlzmV4eURpUAs1Q4gH4D0Oh23fI9FzOuRx5yiU~_sbX9GHx3sssPu8IdQGPPIMltBHkR7qCTPQ13pDp0R3MDauZ~_M6vOTxYoppQ0~_FIcBDF3WHsX2P2R4IpF3Fd~_A4uG3wQcyvU58llCfcaNzoq9JYIMttPUa4dsKNMYM8M~%3BAZn298d0zL11gwFplv2ki4pfbKIWhmOcfthCnRPjhc9YlOyxcgn9btWrceH0u5PkA2nyyd54bfDUMfLnVJgXo91K1mlsMUzxrVPWtJAFnX~_jjmOcl7TiIQ8h7gUCwyPdQLDmMPMUxrdNMGrI~%3ByrK~_m7DkuZ34g6zPp8PkqHJUdeBv4di7G~_XWdn6MhS83N0SNLPlmmB6rkItbQOtlpvRwhcu6QsBw6PxXCZ0LjuM3RqeqDEErOU3KMHPRCgkBUHoQxRNERFfOakl0V0fk68fahQCyJ9oDwh3mybK0Zn45siE79ytLoY7~_jQvD1uC~_ckCOE6BciTIob4YdHoqxvCPPcuI0qfEe1~_argd~%3BElupCakJsFn7zoFf8nyi9EtPaGNHLcvnQ58LAdrh1E5epDWBpJ9WbBL5gk78CnLF9ZhWB8MRW2CfEXMkkPIGqExOs0EgeR~%3B3Qmb9g~-.bps.a.2436302333048835&amp;type=1\"><strong>Ver fotos del encuentro de Emilce Seghetta<\/strong><\/a><br \/>\n<a title=\"55526765_2436307199715015_6961005353785884672_n\" href=\"http:\/\/farm8.staticflickr.com\/7848\/46740389844_60583723a4.jpg\" rel=\"\"><img loading=\"lazy\" decoding=\"async\" class=\"aligncenter\" title=\"55526765_2436307199715015_6961005353785884672_n\" src=\"http:\/\/farm8.staticflickr.com\/7848\/46740389844_60583723a4.jpg\" alt=\"55526765_2436307199715015_6961005353785884672_n\" width=\"500\" height=\"375\" \/><\/a><br \/>\nEn la cancha del \u00abTricolor\u00bb, Almaceneros fue m\u00e1s que su rival y gan\u00f3 un partido importante para seguir en la cima del certamen. En la primera parte, Luis Caro Serventi abri\u00f3 el marcador con un remate fuerte y bajo que no pudo contener Brian Marcos y 1 a 0.<br \/>\nLos de Franco apretaron y buscaron liquidar el pleito en el primer tiempo, pero los de Olasagastia le fueron tomando la vuelta al partido y al cierre del primer tiempo todo era incertidumbre.<br \/>\nEn el complemento, Almacenero peg\u00f3 de movida con un golazo de Mart\u00ednez por encima del uno y al rato de tiro libre, Caro Serventi clav\u00f3 otro golazo al \u00e1ngulo izquierdo de Marcos. Almaceneros gan\u00f3 bien y sigue siendo firme candidato.<br \/>\n<strong>Lo dio vuelta<\/strong><br \/>\nEn cancha de Alem hizo de local Independiente, pero el \u00abRojo\u00bb quiso marcar territorio. En la primera parte, Pascual abri\u00f3 el marcador y Alumni se fue al descanso ganando.<br \/>\nEn el complemento, la historia cambi\u00f3, Vallejos primero y Barrios luego pusieron el 1 a 1 y el 2 a 1 respectivamente.<br \/>\nAdem\u00e1s de los goles, en la segunda parte se fue expulsado, Acosta en Alumni primero, cuando el partido estaba 1 a 1 y luego con el 2 a 1 en su favor, vio la roja Esteban Castillo en el \u00abLomo Negro\u00bb<br \/>\n<a title=\"tablas\" href=\"http:\/\/farm8.staticflickr.com\/7840\/32521704627_c691cdc3ca_s.jpg\" rel=\"\"><img loading=\"lazy\" decoding=\"async\" class=\"aligncenter\" title=\"tablas\" src=\"http:\/\/farm8.staticflickr.com\/7840\/32521704627_671369d56b_o.png\" alt=\"tablas\" width=\"409\" height=\"202\" \/><\/a><br \/>\nLa reserva remont\u00f3 y gan\u00f3:<br \/>\nDesde las 14 hs la Reserva del Club Ventana jug\u00f3 un partido con abundancia de goles para ambas partes. Luego de ir cayendo por 3 a 1 y sufrir la anulaci\u00f3n de un gol de Brian C\u00e1ceres, se logr\u00f3 un empate en 3 gracias a Lusas Parodi.<br \/>\nEl resultado final termin\u00f3 en 5 a 4 a favor del tricolor gracias a 2 oportunos goles de Mat\u00edas Moreira.<\/p>\n","protected":false},"excerpt":{"rendered":"<p>Almaceneros y Atl\u00e9tico Ventana ganaron sus respectivos partidos y son los l\u00edderes del torneo de Primera Divisi\u00f3n en Homenaje a \u00abCarlos Soto\u00bb. Gana y sigue Atl\u00e9tico Ventana la tuvo complicada de local. Alem se puso arriba en el marcador por el tanto de Meyer y as\u00ed se fue al descanso. En el segundo tiempo, el [&hellip;]<\/p>\n","protected":false},"author":3,"featured_media":0,"comment_status":"closed","ping_status":"open","sticky":false,"template":"","format":"standard","meta":{"footnotes":""},"categories":[27],"tags":[],"class_list":["post-30000","post","type-post","status-publish","format-standard","hentry","category-deportes"],"yoast_head":"<!-- This site is optimized with the Yoast SEO plugin v25.9 - https:\/\/yoast.com\/wordpress\/plugins\/seo\/ -->\n<title>Ventana gana y sigue puntero - Noticias Radio Reflejos<\/title>\n<meta name=\"robots\" content=\"index, follow, max-snippet:-1, max-image-preview:large, max-video-preview:-1\" \/>\n<link rel=\"canonical\" href=\"https:\/\/www.noticiasradioreflejos.com.ar\/2021\/ventana-gana-y-sigue-puntero\/\" \/>\n<meta property=\"og:locale\" content=\"es_ES\" \/>\n<meta property=\"og:type\" content=\"article\" \/>\n<meta property=\"og:title\" content=\"Ventana gana y sigue puntero - Noticias Radio Reflejos\" \/>\n<meta property=\"og:description\" content=\"Almaceneros y Atl\u00e9tico Ventana ganaron sus respectivos partidos y son los l\u00edderes del torneo de Primera Divisi\u00f3n en Homenaje a \u00abCarlos Soto\u00bb. Gana y sigue Atl\u00e9tico Ventana la tuvo complicada de local. Alem se puso arriba en el marcador por el tanto de Meyer y as\u00ed se fue al descanso. En el segundo tiempo, el [&hellip;]\" \/>\n<meta property=\"og:url\" content=\"https:\/\/www.noticiasradioreflejos.com.ar\/2021\/ventana-gana-y-sigue-puntero\/\" \/>\n<meta property=\"og:site_name\" content=\"Noticias Radio Reflejos\" \/>\n<meta property=\"article:published_time\" content=\"2019-03-25T11:52:00+00:00\" \/>\n<meta property=\"og:image\" content=\"http:\/\/farm8.staticflickr.com\/7868\/33587072078_26bd57f3fa.jpg\" \/>\n<meta name=\"author\" content=\"Arnaldo Botto\" \/>\n<meta name=\"twitter:card\" content=\"summary_large_image\" \/>\n<script type=\"application\/ld+json\" class=\"yoast-schema-graph\">{\"@context\":\"https:\/\/schema.org\",\"@graph\":[{\"@type\":\"WebPage\",\"@id\":\"https:\/\/www.noticiasradioreflejos.com.ar\/2021\/ventana-gana-y-sigue-puntero\/\",\"url\":\"https:\/\/www.noticiasradioreflejos.com.ar\/2021\/ventana-gana-y-sigue-puntero\/\",\"name\":\"Ventana gana y sigue puntero - Noticias Radio Reflejos\",\"isPartOf\":{\"@id\":\"https:\/\/www.noticiasradioreflejos.com.ar\/2021\/#website\"},\"primaryImageOfPage\":{\"@id\":\"https:\/\/www.noticiasradioreflejos.com.ar\/2021\/ventana-gana-y-sigue-puntero\/#primaryimage\"},\"image\":{\"@id\":\"https:\/\/www.noticiasradioreflejos.com.ar\/2021\/ventana-gana-y-sigue-puntero\/#primaryimage\"},\"thumbnailUrl\":\"http:\/\/farm8.staticflickr.com\/7868\/33587072078_26bd57f3fa.jpg\",\"datePublished\":\"2019-03-25T11:52:00+00:00\",\"author\":{\"@id\":\"https:\/\/www.noticiasradioreflejos.com.ar\/2021\/#\/schema\/person\/ad82545263dcc5ec0996818884fd5fb1\"},\"breadcrumb\":{\"@id\":\"https:\/\/www.noticiasradioreflejos.com.ar\/2021\/ventana-gana-y-sigue-puntero\/#breadcrumb\"},\"inLanguage\":\"es\",\"potentialAction\":[{\"@type\":\"ReadAction\",\"target\":[\"https:\/\/www.noticiasradioreflejos.com.ar\/2021\/ventana-gana-y-sigue-puntero\/\"]}]},{\"@type\":\"ImageObject\",\"inLanguage\":\"es\",\"@id\":\"https:\/\/www.noticiasradioreflejos.com.ar\/2021\/ventana-gana-y-sigue-puntero\/#primaryimage\",\"url\":\"http:\/\/farm8.staticflickr.com\/7868\/33587072078_26bd57f3fa.jpg\",\"contentUrl\":\"http:\/\/farm8.staticflickr.com\/7868\/33587072078_26bd57f3fa.jpg\"},{\"@type\":\"BreadcrumbList\",\"@id\":\"https:\/\/www.noticiasradioreflejos.com.ar\/2021\/ventana-gana-y-sigue-puntero\/#breadcrumb\",\"itemListElement\":[{\"@type\":\"ListItem\",\"position\":1,\"name\":\"Portada\",\"item\":\"https:\/\/www.noticiasradioreflejos.com.ar\/2021\/\"},{\"@type\":\"ListItem\",\"position\":2,\"name\":\"Ventana gana y sigue puntero\"}]},{\"@type\":\"WebSite\",\"@id\":\"https:\/\/www.noticiasradioreflejos.com.ar\/2021\/#website\",\"url\":\"https:\/\/www.noticiasradioreflejos.com.ar\/2021\/\",\"name\":\"Noticias Radio Reflejos\",\"description\":\"Las noticias de mi comarca\",\"potentialAction\":[{\"@type\":\"SearchAction\",\"target\":{\"@type\":\"EntryPoint\",\"urlTemplate\":\"https:\/\/www.noticiasradioreflejos.com.ar\/2021\/?s={search_term_string}\"},\"query-input\":{\"@type\":\"PropertyValueSpecification\",\"valueRequired\":true,\"valueName\":\"search_term_string\"}}],\"inLanguage\":\"es\"},{\"@type\":\"Person\",\"@id\":\"https:\/\/www.noticiasradioreflejos.com.ar\/2021\/#\/schema\/person\/ad82545263dcc5ec0996818884fd5fb1\",\"name\":\"Arnaldo Botto\",\"image\":{\"@type\":\"ImageObject\",\"inLanguage\":\"es\",\"@id\":\"https:\/\/www.noticiasradioreflejos.com.ar\/2021\/#\/schema\/person\/image\/\",\"url\":\"https:\/\/secure.gravatar.com\/avatar\/55cb5e37c1efa326397366e6974cb338056df65cb50e7d64d1cf314e87504837?s=96&d=mm&r=g\",\"contentUrl\":\"https:\/\/secure.gravatar.com\/avatar\/55cb5e37c1efa326397366e6974cb338056df65cb50e7d64d1cf314e87504837?s=96&d=mm&r=g\",\"caption\":\"Arnaldo Botto\"},\"url\":\"https:\/\/www.noticiasradioreflejos.com.ar\/2021\/author\/arnaldo\/\"}]}<\/script>\n<!-- \/ Yoast SEO plugin. -->","yoast_head_json":{"title":"Ventana gana y sigue puntero - Noticias Radio Reflejos","robots":{"index":"index","follow":"follow","max-snippet":"max-snippet:-1","max-image-preview":"max-image-preview:large","max-video-preview":"max-video-preview:-1"},"canonical":"https:\/\/www.noticiasradioreflejos.com.ar\/2021\/ventana-gana-y-sigue-puntero\/","og_locale":"es_ES","og_type":"article","og_title":"Ventana gana y sigue puntero - Noticias Radio Reflejos","og_description":"Almaceneros y Atl\u00e9tico Ventana ganaron sus respectivos partidos y son los l\u00edderes del torneo de Primera Divisi\u00f3n en Homenaje a \u00abCarlos Soto\u00bb. Gana y sigue Atl\u00e9tico Ventana la tuvo complicada de local. Alem se puso arriba en el marcador por el tanto de Meyer y as\u00ed se fue al descanso. En el segundo tiempo, el [&hellip;]","og_url":"https:\/\/www.noticiasradioreflejos.com.ar\/2021\/ventana-gana-y-sigue-puntero\/","og_site_name":"Noticias Radio Reflejos","article_published_time":"2019-03-25T11:52:00+00:00","og_image":[{"url":"http:\/\/farm8.staticflickr.com\/7868\/33587072078_26bd57f3fa.jpg","type":"","width":"","height":""}],"author":"Arnaldo Botto","twitter_card":"summary_large_image","schema":{"@context":"https:\/\/schema.org","@graph":[{"@type":"WebPage","@id":"https:\/\/www.noticiasradioreflejos.com.ar\/2021\/ventana-gana-y-sigue-puntero\/","url":"https:\/\/www.noticiasradioreflejos.com.ar\/2021\/ventana-gana-y-sigue-puntero\/","name":"Ventana gana y sigue puntero - Noticias Radio Reflejos","isPartOf":{"@id":"https:\/\/www.noticiasradioreflejos.com.ar\/2021\/#website"},"primaryImageOfPage":{"@id":"https:\/\/www.noticiasradioreflejos.com.ar\/2021\/ventana-gana-y-sigue-puntero\/#primaryimage"},"image":{"@id":"https:\/\/www.noticiasradioreflejos.com.ar\/2021\/ventana-gana-y-sigue-puntero\/#primaryimage"},"thumbnailUrl":"http:\/\/farm8.staticflickr.com\/7868\/33587072078_26bd57f3fa.jpg","datePublished":"2019-03-25T11:52:00+00:00","author":{"@id":"https:\/\/www.noticiasradioreflejos.com.ar\/2021\/#\/schema\/person\/ad82545263dcc5ec0996818884fd5fb1"},"breadcrumb":{"@id":"https:\/\/www.noticiasradioreflejos.com.ar\/2021\/ventana-gana-y-sigue-puntero\/#breadcrumb"},"inLanguage":"es","potentialAction":[{"@type":"ReadAction","target":["https:\/\/www.noticiasradioreflejos.com.ar\/2021\/ventana-gana-y-sigue-puntero\/"]}]},{"@type":"ImageObject","inLanguage":"es","@id":"https:\/\/www.noticiasradioreflejos.com.ar\/2021\/ventana-gana-y-sigue-puntero\/#primaryimage","url":"http:\/\/farm8.staticflickr.com\/7868\/33587072078_26bd57f3fa.jpg","contentUrl":"http:\/\/farm8.staticflickr.com\/7868\/33587072078_26bd57f3fa.jpg"},{"@type":"BreadcrumbList","@id":"https:\/\/www.noticiasradioreflejos.com.ar\/2021\/ventana-gana-y-sigue-puntero\/#breadcrumb","itemListElement":[{"@type":"ListItem","position":1,"name":"Portada","item":"https:\/\/www.noticiasradioreflejos.com.ar\/2021\/"},{"@type":"ListItem","position":2,"name":"Ventana gana y sigue puntero"}]},{"@type":"WebSite","@id":"https:\/\/www.noticiasradioreflejos.com.ar\/2021\/#website","url":"https:\/\/www.noticiasradioreflejos.com.ar\/2021\/","name":"Noticias Radio Reflejos","description":"Las noticias de mi comarca","potentialAction":[{"@type":"SearchAction","target":{"@type":"EntryPoint","urlTemplate":"https:\/\/www.noticiasradioreflejos.com.ar\/2021\/?s={search_term_string}"},"query-input":{"@type":"PropertyValueSpecification","valueRequired":true,"valueName":"search_term_string"}}],"inLanguage":"es"},{"@type":"Person","@id":"https:\/\/www.noticiasradioreflejos.com.ar\/2021\/#\/schema\/person\/ad82545263dcc5ec0996818884fd5fb1","name":"Arnaldo Botto","image":{"@type":"ImageObject","inLanguage":"es","@id":"https:\/\/www.noticiasradioreflejos.com.ar\/2021\/#\/schema\/person\/image\/","url":"https:\/\/secure.gravatar.com\/avatar\/55cb5e37c1efa326397366e6974cb338056df65cb50e7d64d1cf314e87504837?s=96&d=mm&r=g","contentUrl":"https:\/\/secure.gravatar.com\/avatar\/55cb5e37c1efa326397366e6974cb338056df65cb50e7d64d1cf314e87504837?s=96&d=mm&r=g","caption":"Arnaldo Botto"},"url":"https:\/\/www.noticiasradioreflejos.com.ar\/2021\/author\/arnaldo\/"}]}},"_links":{"self":[{"href":"https:\/\/www.noticiasradioreflejos.com.ar\/2021\/wp-json\/wp\/v2\/posts\/30000","targetHints":{"allow":["GET"]}}],"collection":[{"href":"https:\/\/www.noticiasradioreflejos.com.ar\/2021\/wp-json\/wp\/v2\/posts"}],"about":[{"href":"https:\/\/www.noticiasradioreflejos.com.ar\/2021\/wp-json\/wp\/v2\/types\/post"}],"author":[{"embeddable":true,"href":"https:\/\/www.noticiasradioreflejos.com.ar\/2021\/wp-json\/wp\/v2\/users\/3"}],"replies":[{"embeddable":true,"href":"https:\/\/www.noticiasradioreflejos.com.ar\/2021\/wp-json\/wp\/v2\/comments?post=30000"}],"version-history":[{"count":0,"href":"https:\/\/www.noticiasradioreflejos.com.ar\/2021\/wp-json\/wp\/v2\/posts\/30000\/revisions"}],"wp:attachment":[{"href":"https:\/\/www.noticiasradioreflejos.com.ar\/2021\/wp-json\/wp\/v2\/media?parent=30000"}],"wp:term":[{"taxonomy":"category","embeddable":true,"href":"https:\/\/www.noticiasradioreflejos.com.ar\/2021\/wp-json\/wp\/v2\/categories?post=30000"},{"taxonomy":"post_tag","embeddable":true,"href":"https:\/\/www.noticiasradioreflejos.com.ar\/2021\/wp-json\/wp\/v2\/tags?post=30000"}],"curies":[{"name":"wp","href":"https:\/\/api.w.org\/{rel}","templated":true}]}}