{"id":29995,"date":"2019-03-25T08:32:15","date_gmt":"2019-03-25T11:32:15","guid":{"rendered":"http:\/\/www.noticiasradioreflejos.com.ar\/noticias\/?p=29995"},"modified":"2019-03-25T08:32:15","modified_gmt":"2019-03-25T11:32:15","slug":"ruta-33-dos-personas-resultan-heridas-tras-el-vuelco-de-un-camion","status":"publish","type":"post","link":"https:\/\/www.noticiasradioreflejos.com.ar\/2021\/ruta-33-dos-personas-resultan-heridas-tras-el-vuelco-de-un-camion\/","title":{"rendered":"Ruta 33: dos personas resultan heridas tras el vuelco de un cami\u00f3n"},"content":{"rendered":"<div class=\"news-title-box\"><\/div>\n<div id=\"maincontent\">\n<div class=\"column-left\">\n<div class=\"news-foto-box\">\n<div class=\"box-foto-nota\"><img decoding=\"async\" class=\"alignleft\" src=\"https:\/\/www.labrujula24.com\/adjuntos\/image\/2019\/vuelco(7).jpg\" \/><\/div>\n<div class=\"news-foto-epigrafe-box\">\n\u00a0Un hombre y una mujer debieron ser trasladados a un hospital de nuestra ciudad luego de que protagonizaran un vuelco con un cami\u00f3n en el kil\u00f3metro 36 de la Ruta 33, durante la \u00faltima medianoche.<br \/>\n<!--more-->\n<\/div>\n<div class=\"news-foto-epigrafe-box\">\u00a0Se trata de Ricardo Moreno, de 53 a\u00f1os, y Mercedes Graff, y seg\u00fan trascendi\u00f3, ambos sufrieron varios traumatismos y cortes producto del accidente. El cami\u00f3n con acoplado, marca Scania, iba cargado con semillas de girasol y transitaba desde Pringles a Bah\u00eda Blanca cuando, por motivos que se desconocen, termin\u00f3 volcando. Al lugar debieron dirigirse personal de la guardia de Defensa Civil y bomberos de Bah\u00eda; bomberos de Tornquist; y polic\u00eda. Seg\u00fan le informaron desde la delegaci\u00f3n de la Polic\u00eda Vial a la redacci\u00f3n de\u00a0<strong>LA BR\u00daJULA 24<\/strong>, la Ruta permanece cortada al tr\u00e1nsito pesado, ya que el cami\u00f3n volcado ocupa media calzada. En cuanto a los veh\u00edculos de menor tama\u00f1o, pueden cruzar el sector a baja velocidad y con asistencia de los uniformados que est\u00e1n trabajando all\u00ed.<\/div>\n<\/div>\n<div class=\"news-bajada-box\">\n<div id=\"textbody\">\n&nbsp;\n<\/div>\n<\/div>\n<\/div>\n<\/div>\n<p>&nbsp;<\/p>\n","protected":false},"excerpt":{"rendered":"<p>\u00a0Un hombre y una mujer debieron ser trasladados a un hospital de nuestra ciudad luego de que protagonizaran un vuelco con un cami\u00f3n en el kil\u00f3metro 36 de la Ruta 33, durante la \u00faltima medianoche.<\/p>\n","protected":false},"author":3,"featured_media":0,"comment_status":"closed","ping_status":"open","sticky":false,"template":"","format":"standard","meta":{"footnotes":""},"categories":[25],"tags":[],"class_list":["post-29995","post","type-post","status-publish","format-standard","hentry","category-uncategorized"],"yoast_head":"<!-- This site is optimized with the Yoast SEO plugin v25.9 - https:\/\/yoast.com\/wordpress\/plugins\/seo\/ -->\n<title>Ruta 33: dos personas resultan heridas tras el vuelco de un cami\u00f3n - Noticias Radio Reflejos<\/title>\n<meta name=\"robots\" content=\"index, follow, max-snippet:-1, max-image-preview:large, max-video-preview:-1\" \/>\n<link rel=\"canonical\" href=\"https:\/\/www.noticiasradioreflejos.com.ar\/2021\/ruta-33-dos-personas-resultan-heridas-tras-el-vuelco-de-un-camion\/\" \/>\n<meta property=\"og:locale\" content=\"es_ES\" \/>\n<meta property=\"og:type\" content=\"article\" \/>\n<meta property=\"og:title\" content=\"Ruta 33: dos personas resultan heridas tras el vuelco de un cami\u00f3n - Noticias Radio Reflejos\" \/>\n<meta property=\"og:description\" content=\"\u00a0Un hombre y una mujer debieron ser trasladados a un hospital de nuestra ciudad luego de que protagonizaran un vuelco con un cami\u00f3n en el kil\u00f3metro 36 de la Ruta 33, durante la \u00faltima medianoche.\" \/>\n<meta property=\"og:url\" content=\"https:\/\/www.noticiasradioreflejos.com.ar\/2021\/ruta-33-dos-personas-resultan-heridas-tras-el-vuelco-de-un-camion\/\" \/>\n<meta property=\"og:site_name\" content=\"Noticias Radio Reflejos\" \/>\n<meta property=\"article:published_time\" content=\"2019-03-25T11:32:15+00:00\" \/>\n<meta property=\"og:image\" content=\"https:\/\/www.labrujula24.com\/adjuntos\/image\/2019\/vuelco(7).jpg\" \/>\n<meta name=\"author\" content=\"Arnaldo Botto\" \/>\n<meta name=\"twitter:card\" content=\"summary_large_image\" \/>\n<script type=\"application\/ld+json\" class=\"yoast-schema-graph\">{\"@context\":\"https:\/\/schema.org\",\"@graph\":[{\"@type\":\"WebPage\",\"@id\":\"https:\/\/www.noticiasradioreflejos.com.ar\/2021\/ruta-33-dos-personas-resultan-heridas-tras-el-vuelco-de-un-camion\/\",\"url\":\"https:\/\/www.noticiasradioreflejos.com.ar\/2021\/ruta-33-dos-personas-resultan-heridas-tras-el-vuelco-de-un-camion\/\",\"name\":\"Ruta 33: dos personas resultan heridas tras el vuelco de un cami\u00f3n - Noticias Radio Reflejos\",\"isPartOf\":{\"@id\":\"https:\/\/www.noticiasradioreflejos.com.ar\/2021\/#website\"},\"primaryImageOfPage\":{\"@id\":\"https:\/\/www.noticiasradioreflejos.com.ar\/2021\/ruta-33-dos-personas-resultan-heridas-tras-el-vuelco-de-un-camion\/#primaryimage\"},\"image\":{\"@id\":\"https:\/\/www.noticiasradioreflejos.com.ar\/2021\/ruta-33-dos-personas-resultan-heridas-tras-el-vuelco-de-un-camion\/#primaryimage\"},\"thumbnailUrl\":\"https:\/\/www.labrujula24.com\/adjuntos\/image\/2019\/vuelco(7).jpg\",\"datePublished\":\"2019-03-25T11:32:15+00:00\",\"author\":{\"@id\":\"https:\/\/www.noticiasradioreflejos.com.ar\/2021\/#\/schema\/person\/ad82545263dcc5ec0996818884fd5fb1\"},\"breadcrumb\":{\"@id\":\"https:\/\/www.noticiasradioreflejos.com.ar\/2021\/ruta-33-dos-personas-resultan-heridas-tras-el-vuelco-de-un-camion\/#breadcrumb\"},\"inLanguage\":\"es\",\"potentialAction\":[{\"@type\":\"ReadAction\",\"target\":[\"https:\/\/www.noticiasradioreflejos.com.ar\/2021\/ruta-33-dos-personas-resultan-heridas-tras-el-vuelco-de-un-camion\/\"]}]},{\"@type\":\"ImageObject\",\"inLanguage\":\"es\",\"@id\":\"https:\/\/www.noticiasradioreflejos.com.ar\/2021\/ruta-33-dos-personas-resultan-heridas-tras-el-vuelco-de-un-camion\/#primaryimage\",\"url\":\"https:\/\/www.labrujula24.com\/adjuntos\/image\/2019\/vuelco(7).jpg\",\"contentUrl\":\"https:\/\/www.labrujula24.com\/adjuntos\/image\/2019\/vuelco(7).jpg\"},{\"@type\":\"BreadcrumbList\",\"@id\":\"https:\/\/www.noticiasradioreflejos.com.ar\/2021\/ruta-33-dos-personas-resultan-heridas-tras-el-vuelco-de-un-camion\/#breadcrumb\",\"itemListElement\":[{\"@type\":\"ListItem\",\"position\":1,\"name\":\"Portada\",\"item\":\"https:\/\/www.noticiasradioreflejos.com.ar\/2021\/\"},{\"@type\":\"ListItem\",\"position\":2,\"name\":\"Ruta 33: dos personas resultan heridas tras el vuelco de un cami\u00f3n\"}]},{\"@type\":\"WebSite\",\"@id\":\"https:\/\/www.noticiasradioreflejos.com.ar\/2021\/#website\",\"url\":\"https:\/\/www.noticiasradioreflejos.com.ar\/2021\/\",\"name\":\"Noticias Radio Reflejos\",\"description\":\"Las noticias de mi comarca\",\"potentialAction\":[{\"@type\":\"SearchAction\",\"target\":{\"@type\":\"EntryPoint\",\"urlTemplate\":\"https:\/\/www.noticiasradioreflejos.com.ar\/2021\/?s={search_term_string}\"},\"query-input\":{\"@type\":\"PropertyValueSpecification\",\"valueRequired\":true,\"valueName\":\"search_term_string\"}}],\"inLanguage\":\"es\"},{\"@type\":\"Person\",\"@id\":\"https:\/\/www.noticiasradioreflejos.com.ar\/2021\/#\/schema\/person\/ad82545263dcc5ec0996818884fd5fb1\",\"name\":\"Arnaldo Botto\",\"image\":{\"@type\":\"ImageObject\",\"inLanguage\":\"es\",\"@id\":\"https:\/\/www.noticiasradioreflejos.com.ar\/2021\/#\/schema\/person\/image\/\",\"url\":\"https:\/\/secure.gravatar.com\/avatar\/55cb5e37c1efa326397366e6974cb338056df65cb50e7d64d1cf314e87504837?s=96&d=mm&r=g\",\"contentUrl\":\"https:\/\/secure.gravatar.com\/avatar\/55cb5e37c1efa326397366e6974cb338056df65cb50e7d64d1cf314e87504837?s=96&d=mm&r=g\",\"caption\":\"Arnaldo Botto\"},\"url\":\"https:\/\/www.noticiasradioreflejos.com.ar\/2021\/author\/arnaldo\/\"}]}<\/script>\n<!-- \/ Yoast SEO plugin. -->","yoast_head_json":{"title":"Ruta 33: dos personas resultan heridas tras el vuelco de un cami\u00f3n - Noticias Radio Reflejos","robots":{"index":"index","follow":"follow","max-snippet":"max-snippet:-1","max-image-preview":"max-image-preview:large","max-video-preview":"max-video-preview:-1"},"canonical":"https:\/\/www.noticiasradioreflejos.com.ar\/2021\/ruta-33-dos-personas-resultan-heridas-tras-el-vuelco-de-un-camion\/","og_locale":"es_ES","og_type":"article","og_title":"Ruta 33: dos personas resultan heridas tras el vuelco de un cami\u00f3n - Noticias Radio Reflejos","og_description":"\u00a0Un hombre y una mujer debieron ser trasladados a un hospital de nuestra ciudad luego de que protagonizaran un vuelco con un cami\u00f3n en el kil\u00f3metro 36 de la Ruta 33, durante la \u00faltima medianoche.","og_url":"https:\/\/www.noticiasradioreflejos.com.ar\/2021\/ruta-33-dos-personas-resultan-heridas-tras-el-vuelco-de-un-camion\/","og_site_name":"Noticias Radio Reflejos","article_published_time":"2019-03-25T11:32:15+00:00","og_image":[{"url":"https:\/\/www.labrujula24.com\/adjuntos\/image\/2019\/vuelco(7).jpg","type":"","width":"","height":""}],"author":"Arnaldo Botto","twitter_card":"summary_large_image","schema":{"@context":"https:\/\/schema.org","@graph":[{"@type":"WebPage","@id":"https:\/\/www.noticiasradioreflejos.com.ar\/2021\/ruta-33-dos-personas-resultan-heridas-tras-el-vuelco-de-un-camion\/","url":"https:\/\/www.noticiasradioreflejos.com.ar\/2021\/ruta-33-dos-personas-resultan-heridas-tras-el-vuelco-de-un-camion\/","name":"Ruta 33: dos personas resultan heridas tras el vuelco de un cami\u00f3n - Noticias Radio Reflejos","isPartOf":{"@id":"https:\/\/www.noticiasradioreflejos.com.ar\/2021\/#website"},"primaryImageOfPage":{"@id":"https:\/\/www.noticiasradioreflejos.com.ar\/2021\/ruta-33-dos-personas-resultan-heridas-tras-el-vuelco-de-un-camion\/#primaryimage"},"image":{"@id":"https:\/\/www.noticiasradioreflejos.com.ar\/2021\/ruta-33-dos-personas-resultan-heridas-tras-el-vuelco-de-un-camion\/#primaryimage"},"thumbnailUrl":"https:\/\/www.labrujula24.com\/adjuntos\/image\/2019\/vuelco(7).jpg","datePublished":"2019-03-25T11:32:15+00:00","author":{"@id":"https:\/\/www.noticiasradioreflejos.com.ar\/2021\/#\/schema\/person\/ad82545263dcc5ec0996818884fd5fb1"},"breadcrumb":{"@id":"https:\/\/www.noticiasradioreflejos.com.ar\/2021\/ruta-33-dos-personas-resultan-heridas-tras-el-vuelco-de-un-camion\/#breadcrumb"},"inLanguage":"es","potentialAction":[{"@type":"ReadAction","target":["https:\/\/www.noticiasradioreflejos.com.ar\/2021\/ruta-33-dos-personas-resultan-heridas-tras-el-vuelco-de-un-camion\/"]}]},{"@type":"ImageObject","inLanguage":"es","@id":"https:\/\/www.noticiasradioreflejos.com.ar\/2021\/ruta-33-dos-personas-resultan-heridas-tras-el-vuelco-de-un-camion\/#primaryimage","url":"https:\/\/www.labrujula24.com\/adjuntos\/image\/2019\/vuelco(7).jpg","contentUrl":"https:\/\/www.labrujula24.com\/adjuntos\/image\/2019\/vuelco(7).jpg"},{"@type":"BreadcrumbList","@id":"https:\/\/www.noticiasradioreflejos.com.ar\/2021\/ruta-33-dos-personas-resultan-heridas-tras-el-vuelco-de-un-camion\/#breadcrumb","itemListElement":[{"@type":"ListItem","position":1,"name":"Portada","item":"https:\/\/www.noticiasradioreflejos.com.ar\/2021\/"},{"@type":"ListItem","position":2,"name":"Ruta 33: dos personas resultan heridas tras el vuelco de un cami\u00f3n"}]},{"@type":"WebSite","@id":"https:\/\/www.noticiasradioreflejos.com.ar\/2021\/#website","url":"https:\/\/www.noticiasradioreflejos.com.ar\/2021\/","name":"Noticias Radio Reflejos","description":"Las noticias de mi comarca","potentialAction":[{"@type":"SearchAction","target":{"@type":"EntryPoint","urlTemplate":"https:\/\/www.noticiasradioreflejos.com.ar\/2021\/?s={search_term_string}"},"query-input":{"@type":"PropertyValueSpecification","valueRequired":true,"valueName":"search_term_string"}}],"inLanguage":"es"},{"@type":"Person","@id":"https:\/\/www.noticiasradioreflejos.com.ar\/2021\/#\/schema\/person\/ad82545263dcc5ec0996818884fd5fb1","name":"Arnaldo Botto","image":{"@type":"ImageObject","inLanguage":"es","@id":"https:\/\/www.noticiasradioreflejos.com.ar\/2021\/#\/schema\/person\/image\/","url":"https:\/\/secure.gravatar.com\/avatar\/55cb5e37c1efa326397366e6974cb338056df65cb50e7d64d1cf314e87504837?s=96&d=mm&r=g","contentUrl":"https:\/\/secure.gravatar.com\/avatar\/55cb5e37c1efa326397366e6974cb338056df65cb50e7d64d1cf314e87504837?s=96&d=mm&r=g","caption":"Arnaldo Botto"},"url":"https:\/\/www.noticiasradioreflejos.com.ar\/2021\/author\/arnaldo\/"}]}},"_links":{"self":[{"href":"https:\/\/www.noticiasradioreflejos.com.ar\/2021\/wp-json\/wp\/v2\/posts\/29995","targetHints":{"allow":["GET"]}}],"collection":[{"href":"https:\/\/www.noticiasradioreflejos.com.ar\/2021\/wp-json\/wp\/v2\/posts"}],"about":[{"href":"https:\/\/www.noticiasradioreflejos.com.ar\/2021\/wp-json\/wp\/v2\/types\/post"}],"author":[{"embeddable":true,"href":"https:\/\/www.noticiasradioreflejos.com.ar\/2021\/wp-json\/wp\/v2\/users\/3"}],"replies":[{"embeddable":true,"href":"https:\/\/www.noticiasradioreflejos.com.ar\/2021\/wp-json\/wp\/v2\/comments?post=29995"}],"version-history":[{"count":0,"href":"https:\/\/www.noticiasradioreflejos.com.ar\/2021\/wp-json\/wp\/v2\/posts\/29995\/revisions"}],"wp:attachment":[{"href":"https:\/\/www.noticiasradioreflejos.com.ar\/2021\/wp-json\/wp\/v2\/media?parent=29995"}],"wp:term":[{"taxonomy":"category","embeddable":true,"href":"https:\/\/www.noticiasradioreflejos.com.ar\/2021\/wp-json\/wp\/v2\/categories?post=29995"},{"taxonomy":"post_tag","embeddable":true,"href":"https:\/\/www.noticiasradioreflejos.com.ar\/2021\/wp-json\/wp\/v2\/tags?post=29995"}],"curies":[{"name":"wp","href":"https:\/\/api.w.org\/{rel}","templated":true}]}}