{"id":29991,"date":"2019-03-25T08:28:28","date_gmt":"2019-03-25T11:28:28","guid":{"rendered":"http:\/\/www.noticiasradioreflejos.com.ar\/noticias\/?p=29991"},"modified":"2019-03-25T08:28:28","modified_gmt":"2019-03-25T11:28:28","slug":"el-acto-oficial-por-el-dia-de-la-memoria-se-realizo-este-domingo-en-el-teatro-municipal-rodolfo-funke","status":"publish","type":"post","link":"https:\/\/www.noticiasradioreflejos.com.ar\/2021\/el-acto-oficial-por-el-dia-de-la-memoria-se-realizo-este-domingo-en-el-teatro-municipal-rodolfo-funke\/","title":{"rendered":"El acto oficial por el d\u00eda de la memoria se realiz\u00f3 este domingo en el Teatro Municipal \u201cRodolfo Funke\u201d"},"content":{"rendered":"<p><a title=\"55448406_2580396535365581_5982854082862252032_n\" href=\"http:\/\/farm8.staticflickr.com\/7924\/46740239584_a5e92d6518.jpg\" rel=\"\"><img loading=\"lazy\" decoding=\"async\" class=\"alignleft\" style=\"float: left;\" title=\"55448406_2580396535365581_5982854082862252032_n\" src=\"http:\/\/farm8.staticflickr.com\/7924\/46740239584_a5e92d6518.jpg\" alt=\"55448406_2580396535365581_5982854082862252032_n\" width=\"500\" height=\"333\" \/><\/a>En un nuevo aniversario del 24 de Marzo. Actuaron el grupo de relatos \u00abLas Gorriti\u00bb y la banda local \u00abParcer\u00eda\u00bb.Habl\u00f3 el Dr. Gerardo Bucchi.<!--more--><br \/>\nPresidi\u00f3 el mismo el Intendente municipal Sergio Bordoni junto a miembros de su gabinete y dem\u00e1s autoridades.<br \/>\nLa palabra oficial estuvo a cargo del Director de Juventud Dr. Gerardo Bucchi. M\u00e1s tarde se asociaron el Grupo \u201cLas Gorriti\u201d con relatos sobre casos de desapariciones forzadas en el la dictadura y canciones que revivieron esos tristes momentos.<br \/>\nOtro grupo de artistas se presentaron como los chicos locales de Parcer\u00eda quienes dejaron muy buenos temas del Rock nacional con letras que se asociaron a esta importante fecha.<br \/>\nInstituciones y p\u00fablico en general acompa\u00f1aron la convocatoria.Las banderas oficiales que se hicieron presente fueron las ense\u00f1as de la Junta Vecinal del Barrio Sur.<br \/>\n<a title=\"54731339_2580395182032383_4808231044811587584_n\" href=\"http:\/\/farm8.staticflickr.com\/7866\/33586942118_b497a67456_s.jpg\" rel=\"\"><img loading=\"lazy\" decoding=\"async\" class=\"aligncenter\" title=\"54731339_2580395182032383_4808231044811587584_n\" src=\"http:\/\/farm8.staticflickr.com\/7866\/33586942118_b497a67456_z.jpg\" alt=\"54731339_2580395182032383_4808231044811587584_n\" width=\"640\" height=\"427\" \/><\/a><a title=\"55875471_2580396845365550_8584779712121798656_n\" href=\"http:\/\/farm8.staticflickr.com\/7877\/33586942068_5d91137a18_z.jpg\" rel=\"\"><img loading=\"lazy\" decoding=\"async\" class=\"aligncenter\" title=\"55875471_2580396845365550_8584779712121798656_n\" src=\"http:\/\/farm8.staticflickr.com\/7877\/33586942068_5d91137a18_z.jpg\" alt=\"55875471_2580396845365550_8584779712121798656_n\" width=\"640\" height=\"427\" \/><\/a><\/p>\n","protected":false},"excerpt":{"rendered":"<p>En un nuevo aniversario del 24 de Marzo. Actuaron el grupo de relatos \u00abLas Gorriti\u00bb y la banda local \u00abParcer\u00eda\u00bb.Habl\u00f3 el Dr. Gerardo Bucchi.<\/p>\n","protected":false},"author":3,"featured_media":0,"comment_status":"closed","ping_status":"open","sticky":false,"template":"","format":"standard","meta":{"footnotes":""},"categories":[24],"tags":[],"class_list":["post-29991","post","type-post","status-publish","format-standard","hentry","category-politica"],"yoast_head":"<!-- This site is optimized with the Yoast SEO plugin v25.9 - https:\/\/yoast.com\/wordpress\/plugins\/seo\/ -->\n<title>El acto oficial por el d\u00eda de la memoria se realiz\u00f3 este domingo en el Teatro Municipal \u201cRodolfo Funke\u201d - Noticias Radio Reflejos<\/title>\n<meta name=\"robots\" content=\"index, follow, max-snippet:-1, max-image-preview:large, max-video-preview:-1\" \/>\n<link rel=\"canonical\" href=\"https:\/\/www.noticiasradioreflejos.com.ar\/2021\/el-acto-oficial-por-el-dia-de-la-memoria-se-realizo-este-domingo-en-el-teatro-municipal-rodolfo-funke\/\" \/>\n<meta property=\"og:locale\" content=\"es_ES\" \/>\n<meta property=\"og:type\" content=\"article\" \/>\n<meta property=\"og:title\" content=\"El acto oficial por el d\u00eda de la memoria se realiz\u00f3 este domingo en el Teatro Municipal \u201cRodolfo Funke\u201d - Noticias Radio Reflejos\" \/>\n<meta property=\"og:description\" content=\"En un nuevo aniversario del 24 de Marzo. Actuaron el grupo de relatos \u00abLas Gorriti\u00bb y la banda local \u00abParcer\u00eda\u00bb.Habl\u00f3 el Dr. Gerardo Bucchi.\" \/>\n<meta property=\"og:url\" content=\"https:\/\/www.noticiasradioreflejos.com.ar\/2021\/el-acto-oficial-por-el-dia-de-la-memoria-se-realizo-este-domingo-en-el-teatro-municipal-rodolfo-funke\/\" \/>\n<meta property=\"og:site_name\" content=\"Noticias Radio Reflejos\" \/>\n<meta property=\"article:published_time\" content=\"2019-03-25T11:28:28+00:00\" \/>\n<meta property=\"og:image\" content=\"http:\/\/farm8.staticflickr.com\/7924\/46740239584_a5e92d6518.jpg\" \/>\n<meta name=\"author\" content=\"Arnaldo Botto\" \/>\n<meta name=\"twitter:card\" content=\"summary_large_image\" \/>\n<script type=\"application\/ld+json\" class=\"yoast-schema-graph\">{\"@context\":\"https:\/\/schema.org\",\"@graph\":[{\"@type\":\"WebPage\",\"@id\":\"https:\/\/www.noticiasradioreflejos.com.ar\/2021\/el-acto-oficial-por-el-dia-de-la-memoria-se-realizo-este-domingo-en-el-teatro-municipal-rodolfo-funke\/\",\"url\":\"https:\/\/www.noticiasradioreflejos.com.ar\/2021\/el-acto-oficial-por-el-dia-de-la-memoria-se-realizo-este-domingo-en-el-teatro-municipal-rodolfo-funke\/\",\"name\":\"El acto oficial por el d\u00eda de la memoria se realiz\u00f3 este domingo en el Teatro Municipal \u201cRodolfo Funke\u201d - Noticias Radio Reflejos\",\"isPartOf\":{\"@id\":\"https:\/\/www.noticiasradioreflejos.com.ar\/2021\/#website\"},\"primaryImageOfPage\":{\"@id\":\"https:\/\/www.noticiasradioreflejos.com.ar\/2021\/el-acto-oficial-por-el-dia-de-la-memoria-se-realizo-este-domingo-en-el-teatro-municipal-rodolfo-funke\/#primaryimage\"},\"image\":{\"@id\":\"https:\/\/www.noticiasradioreflejos.com.ar\/2021\/el-acto-oficial-por-el-dia-de-la-memoria-se-realizo-este-domingo-en-el-teatro-municipal-rodolfo-funke\/#primaryimage\"},\"thumbnailUrl\":\"http:\/\/farm8.staticflickr.com\/7924\/46740239584_a5e92d6518.jpg\",\"datePublished\":\"2019-03-25T11:28:28+00:00\",\"author\":{\"@id\":\"https:\/\/www.noticiasradioreflejos.com.ar\/2021\/#\/schema\/person\/ad82545263dcc5ec0996818884fd5fb1\"},\"breadcrumb\":{\"@id\":\"https:\/\/www.noticiasradioreflejos.com.ar\/2021\/el-acto-oficial-por-el-dia-de-la-memoria-se-realizo-este-domingo-en-el-teatro-municipal-rodolfo-funke\/#breadcrumb\"},\"inLanguage\":\"es\",\"potentialAction\":[{\"@type\":\"ReadAction\",\"target\":[\"https:\/\/www.noticiasradioreflejos.com.ar\/2021\/el-acto-oficial-por-el-dia-de-la-memoria-se-realizo-este-domingo-en-el-teatro-municipal-rodolfo-funke\/\"]}]},{\"@type\":\"ImageObject\",\"inLanguage\":\"es\",\"@id\":\"https:\/\/www.noticiasradioreflejos.com.ar\/2021\/el-acto-oficial-por-el-dia-de-la-memoria-se-realizo-este-domingo-en-el-teatro-municipal-rodolfo-funke\/#primaryimage\",\"url\":\"http:\/\/farm8.staticflickr.com\/7924\/46740239584_a5e92d6518.jpg\",\"contentUrl\":\"http:\/\/farm8.staticflickr.com\/7924\/46740239584_a5e92d6518.jpg\"},{\"@type\":\"BreadcrumbList\",\"@id\":\"https:\/\/www.noticiasradioreflejos.com.ar\/2021\/el-acto-oficial-por-el-dia-de-la-memoria-se-realizo-este-domingo-en-el-teatro-municipal-rodolfo-funke\/#breadcrumb\",\"itemListElement\":[{\"@type\":\"ListItem\",\"position\":1,\"name\":\"Portada\",\"item\":\"https:\/\/www.noticiasradioreflejos.com.ar\/2021\/\"},{\"@type\":\"ListItem\",\"position\":2,\"name\":\"El acto oficial por el d\u00eda de la memoria se realiz\u00f3 este domingo en el Teatro Municipal \u201cRodolfo Funke\u201d\"}]},{\"@type\":\"WebSite\",\"@id\":\"https:\/\/www.noticiasradioreflejos.com.ar\/2021\/#website\",\"url\":\"https:\/\/www.noticiasradioreflejos.com.ar\/2021\/\",\"name\":\"Noticias Radio Reflejos\",\"description\":\"Las noticias de mi comarca\",\"potentialAction\":[{\"@type\":\"SearchAction\",\"target\":{\"@type\":\"EntryPoint\",\"urlTemplate\":\"https:\/\/www.noticiasradioreflejos.com.ar\/2021\/?s={search_term_string}\"},\"query-input\":{\"@type\":\"PropertyValueSpecification\",\"valueRequired\":true,\"valueName\":\"search_term_string\"}}],\"inLanguage\":\"es\"},{\"@type\":\"Person\",\"@id\":\"https:\/\/www.noticiasradioreflejos.com.ar\/2021\/#\/schema\/person\/ad82545263dcc5ec0996818884fd5fb1\",\"name\":\"Arnaldo Botto\",\"image\":{\"@type\":\"ImageObject\",\"inLanguage\":\"es\",\"@id\":\"https:\/\/www.noticiasradioreflejos.com.ar\/2021\/#\/schema\/person\/image\/\",\"url\":\"https:\/\/secure.gravatar.com\/avatar\/55cb5e37c1efa326397366e6974cb338056df65cb50e7d64d1cf314e87504837?s=96&d=mm&r=g\",\"contentUrl\":\"https:\/\/secure.gravatar.com\/avatar\/55cb5e37c1efa326397366e6974cb338056df65cb50e7d64d1cf314e87504837?s=96&d=mm&r=g\",\"caption\":\"Arnaldo Botto\"},\"url\":\"https:\/\/www.noticiasradioreflejos.com.ar\/2021\/author\/arnaldo\/\"}]}<\/script>\n<!-- \/ Yoast SEO plugin. -->","yoast_head_json":{"title":"El acto oficial por el d\u00eda de la memoria se realiz\u00f3 este domingo en el Teatro Municipal \u201cRodolfo Funke\u201d - Noticias Radio Reflejos","robots":{"index":"index","follow":"follow","max-snippet":"max-snippet:-1","max-image-preview":"max-image-preview:large","max-video-preview":"max-video-preview:-1"},"canonical":"https:\/\/www.noticiasradioreflejos.com.ar\/2021\/el-acto-oficial-por-el-dia-de-la-memoria-se-realizo-este-domingo-en-el-teatro-municipal-rodolfo-funke\/","og_locale":"es_ES","og_type":"article","og_title":"El acto oficial por el d\u00eda de la memoria se realiz\u00f3 este domingo en el Teatro Municipal \u201cRodolfo Funke\u201d - Noticias Radio Reflejos","og_description":"En un nuevo aniversario del 24 de Marzo. Actuaron el grupo de relatos \u00abLas Gorriti\u00bb y la banda local \u00abParcer\u00eda\u00bb.Habl\u00f3 el Dr. Gerardo Bucchi.","og_url":"https:\/\/www.noticiasradioreflejos.com.ar\/2021\/el-acto-oficial-por-el-dia-de-la-memoria-se-realizo-este-domingo-en-el-teatro-municipal-rodolfo-funke\/","og_site_name":"Noticias Radio Reflejos","article_published_time":"2019-03-25T11:28:28+00:00","og_image":[{"url":"http:\/\/farm8.staticflickr.com\/7924\/46740239584_a5e92d6518.jpg","type":"","width":"","height":""}],"author":"Arnaldo Botto","twitter_card":"summary_large_image","schema":{"@context":"https:\/\/schema.org","@graph":[{"@type":"WebPage","@id":"https:\/\/www.noticiasradioreflejos.com.ar\/2021\/el-acto-oficial-por-el-dia-de-la-memoria-se-realizo-este-domingo-en-el-teatro-municipal-rodolfo-funke\/","url":"https:\/\/www.noticiasradioreflejos.com.ar\/2021\/el-acto-oficial-por-el-dia-de-la-memoria-se-realizo-este-domingo-en-el-teatro-municipal-rodolfo-funke\/","name":"El acto oficial por el d\u00eda de la memoria se realiz\u00f3 este domingo en el Teatro Municipal \u201cRodolfo Funke\u201d - Noticias Radio Reflejos","isPartOf":{"@id":"https:\/\/www.noticiasradioreflejos.com.ar\/2021\/#website"},"primaryImageOfPage":{"@id":"https:\/\/www.noticiasradioreflejos.com.ar\/2021\/el-acto-oficial-por-el-dia-de-la-memoria-se-realizo-este-domingo-en-el-teatro-municipal-rodolfo-funke\/#primaryimage"},"image":{"@id":"https:\/\/www.noticiasradioreflejos.com.ar\/2021\/el-acto-oficial-por-el-dia-de-la-memoria-se-realizo-este-domingo-en-el-teatro-municipal-rodolfo-funke\/#primaryimage"},"thumbnailUrl":"http:\/\/farm8.staticflickr.com\/7924\/46740239584_a5e92d6518.jpg","datePublished":"2019-03-25T11:28:28+00:00","author":{"@id":"https:\/\/www.noticiasradioreflejos.com.ar\/2021\/#\/schema\/person\/ad82545263dcc5ec0996818884fd5fb1"},"breadcrumb":{"@id":"https:\/\/www.noticiasradioreflejos.com.ar\/2021\/el-acto-oficial-por-el-dia-de-la-memoria-se-realizo-este-domingo-en-el-teatro-municipal-rodolfo-funke\/#breadcrumb"},"inLanguage":"es","potentialAction":[{"@type":"ReadAction","target":["https:\/\/www.noticiasradioreflejos.com.ar\/2021\/el-acto-oficial-por-el-dia-de-la-memoria-se-realizo-este-domingo-en-el-teatro-municipal-rodolfo-funke\/"]}]},{"@type":"ImageObject","inLanguage":"es","@id":"https:\/\/www.noticiasradioreflejos.com.ar\/2021\/el-acto-oficial-por-el-dia-de-la-memoria-se-realizo-este-domingo-en-el-teatro-municipal-rodolfo-funke\/#primaryimage","url":"http:\/\/farm8.staticflickr.com\/7924\/46740239584_a5e92d6518.jpg","contentUrl":"http:\/\/farm8.staticflickr.com\/7924\/46740239584_a5e92d6518.jpg"},{"@type":"BreadcrumbList","@id":"https:\/\/www.noticiasradioreflejos.com.ar\/2021\/el-acto-oficial-por-el-dia-de-la-memoria-se-realizo-este-domingo-en-el-teatro-municipal-rodolfo-funke\/#breadcrumb","itemListElement":[{"@type":"ListItem","position":1,"name":"Portada","item":"https:\/\/www.noticiasradioreflejos.com.ar\/2021\/"},{"@type":"ListItem","position":2,"name":"El acto oficial por el d\u00eda de la memoria se realiz\u00f3 este domingo en el Teatro Municipal \u201cRodolfo Funke\u201d"}]},{"@type":"WebSite","@id":"https:\/\/www.noticiasradioreflejos.com.ar\/2021\/#website","url":"https:\/\/www.noticiasradioreflejos.com.ar\/2021\/","name":"Noticias Radio Reflejos","description":"Las noticias de mi comarca","potentialAction":[{"@type":"SearchAction","target":{"@type":"EntryPoint","urlTemplate":"https:\/\/www.noticiasradioreflejos.com.ar\/2021\/?s={search_term_string}"},"query-input":{"@type":"PropertyValueSpecification","valueRequired":true,"valueName":"search_term_string"}}],"inLanguage":"es"},{"@type":"Person","@id":"https:\/\/www.noticiasradioreflejos.com.ar\/2021\/#\/schema\/person\/ad82545263dcc5ec0996818884fd5fb1","name":"Arnaldo Botto","image":{"@type":"ImageObject","inLanguage":"es","@id":"https:\/\/www.noticiasradioreflejos.com.ar\/2021\/#\/schema\/person\/image\/","url":"https:\/\/secure.gravatar.com\/avatar\/55cb5e37c1efa326397366e6974cb338056df65cb50e7d64d1cf314e87504837?s=96&d=mm&r=g","contentUrl":"https:\/\/secure.gravatar.com\/avatar\/55cb5e37c1efa326397366e6974cb338056df65cb50e7d64d1cf314e87504837?s=96&d=mm&r=g","caption":"Arnaldo Botto"},"url":"https:\/\/www.noticiasradioreflejos.com.ar\/2021\/author\/arnaldo\/"}]}},"_links":{"self":[{"href":"https:\/\/www.noticiasradioreflejos.com.ar\/2021\/wp-json\/wp\/v2\/posts\/29991","targetHints":{"allow":["GET"]}}],"collection":[{"href":"https:\/\/www.noticiasradioreflejos.com.ar\/2021\/wp-json\/wp\/v2\/posts"}],"about":[{"href":"https:\/\/www.noticiasradioreflejos.com.ar\/2021\/wp-json\/wp\/v2\/types\/post"}],"author":[{"embeddable":true,"href":"https:\/\/www.noticiasradioreflejos.com.ar\/2021\/wp-json\/wp\/v2\/users\/3"}],"replies":[{"embeddable":true,"href":"https:\/\/www.noticiasradioreflejos.com.ar\/2021\/wp-json\/wp\/v2\/comments?post=29991"}],"version-history":[{"count":0,"href":"https:\/\/www.noticiasradioreflejos.com.ar\/2021\/wp-json\/wp\/v2\/posts\/29991\/revisions"}],"wp:attachment":[{"href":"https:\/\/www.noticiasradioreflejos.com.ar\/2021\/wp-json\/wp\/v2\/media?parent=29991"}],"wp:term":[{"taxonomy":"category","embeddable":true,"href":"https:\/\/www.noticiasradioreflejos.com.ar\/2021\/wp-json\/wp\/v2\/categories?post=29991"},{"taxonomy":"post_tag","embeddable":true,"href":"https:\/\/www.noticiasradioreflejos.com.ar\/2021\/wp-json\/wp\/v2\/tags?post=29991"}],"curies":[{"name":"wp","href":"https:\/\/api.w.org\/{rel}","templated":true}]}}