{"id":29778,"date":"2019-03-16T10:50:50","date_gmt":"2019-03-16T13:50:50","guid":{"rendered":"http:\/\/www.noticiasradioreflejos.com.ar\/noticias\/?p=29778"},"modified":"2019-03-16T10:50:50","modified_gmt":"2019-03-16T13:50:50","slug":"lluvias-abundantes-en-toda-la-region","status":"publish","type":"post","link":"https:\/\/www.noticiasradioreflejos.com.ar\/2021\/lluvias-abundantes-en-toda-la-region\/","title":{"rendered":"Lluvias abundantes en toda la regi\u00f3n"},"content":{"rendered":"<p>Se cumpli\u00f3 el pron\u00f3stico, y llegaron lluvias en abundancia en toda la regi\u00f3n sudoeste de Buenos Aires, en la ciudad de Tornquist se acumularon 100 mil\u00edmetros hasta la hora 9 de hoy y en varias localidades tambi\u00e9n super\u00f3 la marca de los 100. En tanto en Sierra de la Ventana el pluvi\u00f3metro marc\u00f3 30 mm.<!--more--><br \/>\nEn forma suave y constante, las precipitaciones se hicieron presentes en toda la regi\u00f3n sudoeste, por momentos, acompa\u00f1ada de actividad el\u00e9ctrica y espor\u00e1dicas r\u00e1fagas de viento. Los mayores registros estuvieron en Daireaux con 140 mm y Vill Serrana La gruta con 130 mm.<br \/>\nEn tanto en varios barrios de Bah\u00eda Blanca la intensa lluvia registrada desde la tarde del viernes gener\u00f3 numerosos inconvenientes en distintos puntos de la ciudad.<br \/>\n<a title=\"LLUVIA\" href=\"http:\/\/farm5.staticflickr.com\/4829\/46479303055_752c043b19_n.jpg\" rel=\"\"><img loading=\"lazy\" decoding=\"async\" class=\"alignleft\" style=\"float: left;\" title=\"LLUVIA\" src=\"http:\/\/farm5.staticflickr.com\/4829\/46479303055_752c043b19_n.jpg\" alt=\"LLUVIA\" width=\"320\" height=\"178\" \/><\/a>El personal de Defensa Civil, Polic\u00eda, Tr\u00e1nsito Urbano, Sapem Ambiental y Bomberos, trabajaron a destajo para paliar la situaci\u00f3n.<br \/>\nDesde el servicio de emergencias se inform\u00f3 que fueron recepcionados m\u00e1s de 70 llamados de alerta por casas inundadas, cables ca\u00eddos, calles tapadas por agua y familias que debieron dejar sus hogares por precauci\u00f3n.(Fuente y foto de La Br\u00fajula 24)<br \/>\nEl pron\u00f3stico anticipa que continuar\u00e1 inestable con chaparrones aislados durante todo el d\u00eda s\u00e1bado y parte del domingo.<br \/>\n&nbsp;<br \/>\n<strong>Datos de la Zona: <\/strong><br \/>\n30 Mm en Sierra de la Ventana<br \/>\n33 mm en Calqu\u00edn<br \/>\n74 mm. en Villa Ventana<br \/>\n30 mm. en Saldungaray<br \/>\n130 mm en Villa Serrana La Gruta<br \/>\n100 mm en Tornquist<br \/>\n110 mm en Tres Picos<br \/>\n85 mm en Chasic\u00f3<br \/>\n107.5 mm. en Pig\u00fc\u00e9<br \/>\n130 mm. en Dufaur<br \/>\n100 mm. en Espartillar<br \/>\n136 mm. en Saavedra<br \/>\n160 mm. en Huanguel\u00e9n<br \/>\n78 mm. en Villa Iris<br \/>\n76 mm. en San Germ\u00e1n<br \/>\n65 mm. en Stroeder<br \/>\n40 mm. en Villalonga<br \/>\n106 mm. en 17 de Agosto<br \/>\n66 mm. en Coronel Su\u00e1rez<br \/>\n48 mm. en Bah\u00eda Blanca<br \/>\n110 mm. en Bonifacio<br \/>\n140 mm. en Daireaux<br \/>\n32 mm en Cabildo<br \/>\n26.5 en Bajo Hondo<br \/>\n16 mm en Frapal<br \/>\n26 mm en Monte Hermoso<br \/>\n17 mm en Cnel Dorrego<br \/>\n105.7 mm en Funke<br \/>\n73 mm en Puan<br \/>\n81.5 mm en Cura Malal<br \/>\n28 mm en San Eloy<br \/>\n30.6 mm en Cnel. Pringles<br \/>\n96 mm en Carhu\u00e9<br \/>\n13,2 mm en Guamin\u00ed<br \/>\n35 mm en El Pantanoso<br \/>\n36.5 mm en Punta Alta.<\/p>\n","protected":false},"excerpt":{"rendered":"<p>Se cumpli\u00f3 el pron\u00f3stico, y llegaron lluvias en abundancia en toda la regi\u00f3n sudoeste de Buenos Aires, en la ciudad de Tornquist se acumularon 100 mil\u00edmetros hasta la hora 9 de hoy y en varias localidades tambi\u00e9n super\u00f3 la marca de los 100. En tanto en Sierra de la Ventana el pluvi\u00f3metro marc\u00f3 30 mm.<\/p>\n","protected":false},"author":3,"featured_media":0,"comment_status":"closed","ping_status":"open","sticky":false,"template":"","format":"standard","meta":{"footnotes":""},"categories":[26],"tags":[],"class_list":["post-29778","post","type-post","status-publish","format-standard","hentry","category-sociedad"],"yoast_head":"<!-- This site is optimized with the Yoast SEO plugin v25.9 - https:\/\/yoast.com\/wordpress\/plugins\/seo\/ -->\n<title>Lluvias abundantes en toda la regi\u00f3n - Noticias Radio Reflejos<\/title>\n<meta name=\"robots\" content=\"index, follow, max-snippet:-1, max-image-preview:large, max-video-preview:-1\" \/>\n<link rel=\"canonical\" href=\"https:\/\/www.noticiasradioreflejos.com.ar\/2021\/lluvias-abundantes-en-toda-la-region\/\" \/>\n<meta property=\"og:locale\" content=\"es_ES\" \/>\n<meta property=\"og:type\" content=\"article\" \/>\n<meta property=\"og:title\" content=\"Lluvias abundantes en toda la regi\u00f3n - Noticias Radio Reflejos\" \/>\n<meta property=\"og:description\" content=\"Se cumpli\u00f3 el pron\u00f3stico, y llegaron lluvias en abundancia en toda la regi\u00f3n sudoeste de Buenos Aires, en la ciudad de Tornquist se acumularon 100 mil\u00edmetros hasta la hora 9 de hoy y en varias localidades tambi\u00e9n super\u00f3 la marca de los 100. En tanto en Sierra de la Ventana el pluvi\u00f3metro marc\u00f3 30 mm.\" \/>\n<meta property=\"og:url\" content=\"https:\/\/www.noticiasradioreflejos.com.ar\/2021\/lluvias-abundantes-en-toda-la-region\/\" \/>\n<meta property=\"og:site_name\" content=\"Noticias Radio Reflejos\" \/>\n<meta property=\"article:published_time\" content=\"2019-03-16T13:50:50+00:00\" \/>\n<meta property=\"og:image\" content=\"http:\/\/farm5.staticflickr.com\/4829\/46479303055_752c043b19_n.jpg\" \/>\n<meta name=\"author\" content=\"Arnaldo Botto\" \/>\n<meta name=\"twitter:card\" content=\"summary_large_image\" \/>\n<script type=\"application\/ld+json\" class=\"yoast-schema-graph\">{\"@context\":\"https:\/\/schema.org\",\"@graph\":[{\"@type\":\"WebPage\",\"@id\":\"https:\/\/www.noticiasradioreflejos.com.ar\/2021\/lluvias-abundantes-en-toda-la-region\/\",\"url\":\"https:\/\/www.noticiasradioreflejos.com.ar\/2021\/lluvias-abundantes-en-toda-la-region\/\",\"name\":\"Lluvias abundantes en toda la regi\u00f3n - Noticias Radio Reflejos\",\"isPartOf\":{\"@id\":\"https:\/\/www.noticiasradioreflejos.com.ar\/2021\/#website\"},\"primaryImageOfPage\":{\"@id\":\"https:\/\/www.noticiasradioreflejos.com.ar\/2021\/lluvias-abundantes-en-toda-la-region\/#primaryimage\"},\"image\":{\"@id\":\"https:\/\/www.noticiasradioreflejos.com.ar\/2021\/lluvias-abundantes-en-toda-la-region\/#primaryimage\"},\"thumbnailUrl\":\"http:\/\/farm5.staticflickr.com\/4829\/46479303055_752c043b19_n.jpg\",\"datePublished\":\"2019-03-16T13:50:50+00:00\",\"author\":{\"@id\":\"https:\/\/www.noticiasradioreflejos.com.ar\/2021\/#\/schema\/person\/ad82545263dcc5ec0996818884fd5fb1\"},\"breadcrumb\":{\"@id\":\"https:\/\/www.noticiasradioreflejos.com.ar\/2021\/lluvias-abundantes-en-toda-la-region\/#breadcrumb\"},\"inLanguage\":\"es\",\"potentialAction\":[{\"@type\":\"ReadAction\",\"target\":[\"https:\/\/www.noticiasradioreflejos.com.ar\/2021\/lluvias-abundantes-en-toda-la-region\/\"]}]},{\"@type\":\"ImageObject\",\"inLanguage\":\"es\",\"@id\":\"https:\/\/www.noticiasradioreflejos.com.ar\/2021\/lluvias-abundantes-en-toda-la-region\/#primaryimage\",\"url\":\"http:\/\/farm5.staticflickr.com\/4829\/46479303055_752c043b19_n.jpg\",\"contentUrl\":\"http:\/\/farm5.staticflickr.com\/4829\/46479303055_752c043b19_n.jpg\"},{\"@type\":\"BreadcrumbList\",\"@id\":\"https:\/\/www.noticiasradioreflejos.com.ar\/2021\/lluvias-abundantes-en-toda-la-region\/#breadcrumb\",\"itemListElement\":[{\"@type\":\"ListItem\",\"position\":1,\"name\":\"Portada\",\"item\":\"https:\/\/www.noticiasradioreflejos.com.ar\/2021\/\"},{\"@type\":\"ListItem\",\"position\":2,\"name\":\"Lluvias abundantes en toda la regi\u00f3n\"}]},{\"@type\":\"WebSite\",\"@id\":\"https:\/\/www.noticiasradioreflejos.com.ar\/2021\/#website\",\"url\":\"https:\/\/www.noticiasradioreflejos.com.ar\/2021\/\",\"name\":\"Noticias Radio Reflejos\",\"description\":\"Las noticias de mi comarca\",\"potentialAction\":[{\"@type\":\"SearchAction\",\"target\":{\"@type\":\"EntryPoint\",\"urlTemplate\":\"https:\/\/www.noticiasradioreflejos.com.ar\/2021\/?s={search_term_string}\"},\"query-input\":{\"@type\":\"PropertyValueSpecification\",\"valueRequired\":true,\"valueName\":\"search_term_string\"}}],\"inLanguage\":\"es\"},{\"@type\":\"Person\",\"@id\":\"https:\/\/www.noticiasradioreflejos.com.ar\/2021\/#\/schema\/person\/ad82545263dcc5ec0996818884fd5fb1\",\"name\":\"Arnaldo Botto\",\"image\":{\"@type\":\"ImageObject\",\"inLanguage\":\"es\",\"@id\":\"https:\/\/www.noticiasradioreflejos.com.ar\/2021\/#\/schema\/person\/image\/\",\"url\":\"https:\/\/secure.gravatar.com\/avatar\/55cb5e37c1efa326397366e6974cb338056df65cb50e7d64d1cf314e87504837?s=96&d=mm&r=g\",\"contentUrl\":\"https:\/\/secure.gravatar.com\/avatar\/55cb5e37c1efa326397366e6974cb338056df65cb50e7d64d1cf314e87504837?s=96&d=mm&r=g\",\"caption\":\"Arnaldo Botto\"},\"url\":\"https:\/\/www.noticiasradioreflejos.com.ar\/2021\/author\/arnaldo\/\"}]}<\/script>\n<!-- \/ Yoast SEO plugin. -->","yoast_head_json":{"title":"Lluvias abundantes en toda la regi\u00f3n - Noticias Radio Reflejos","robots":{"index":"index","follow":"follow","max-snippet":"max-snippet:-1","max-image-preview":"max-image-preview:large","max-video-preview":"max-video-preview:-1"},"canonical":"https:\/\/www.noticiasradioreflejos.com.ar\/2021\/lluvias-abundantes-en-toda-la-region\/","og_locale":"es_ES","og_type":"article","og_title":"Lluvias abundantes en toda la regi\u00f3n - Noticias Radio Reflejos","og_description":"Se cumpli\u00f3 el pron\u00f3stico, y llegaron lluvias en abundancia en toda la regi\u00f3n sudoeste de Buenos Aires, en la ciudad de Tornquist se acumularon 100 mil\u00edmetros hasta la hora 9 de hoy y en varias localidades tambi\u00e9n super\u00f3 la marca de los 100. En tanto en Sierra de la Ventana el pluvi\u00f3metro marc\u00f3 30 mm.","og_url":"https:\/\/www.noticiasradioreflejos.com.ar\/2021\/lluvias-abundantes-en-toda-la-region\/","og_site_name":"Noticias Radio Reflejos","article_published_time":"2019-03-16T13:50:50+00:00","og_image":[{"url":"http:\/\/farm5.staticflickr.com\/4829\/46479303055_752c043b19_n.jpg","type":"","width":"","height":""}],"author":"Arnaldo Botto","twitter_card":"summary_large_image","schema":{"@context":"https:\/\/schema.org","@graph":[{"@type":"WebPage","@id":"https:\/\/www.noticiasradioreflejos.com.ar\/2021\/lluvias-abundantes-en-toda-la-region\/","url":"https:\/\/www.noticiasradioreflejos.com.ar\/2021\/lluvias-abundantes-en-toda-la-region\/","name":"Lluvias abundantes en toda la regi\u00f3n - Noticias Radio Reflejos","isPartOf":{"@id":"https:\/\/www.noticiasradioreflejos.com.ar\/2021\/#website"},"primaryImageOfPage":{"@id":"https:\/\/www.noticiasradioreflejos.com.ar\/2021\/lluvias-abundantes-en-toda-la-region\/#primaryimage"},"image":{"@id":"https:\/\/www.noticiasradioreflejos.com.ar\/2021\/lluvias-abundantes-en-toda-la-region\/#primaryimage"},"thumbnailUrl":"http:\/\/farm5.staticflickr.com\/4829\/46479303055_752c043b19_n.jpg","datePublished":"2019-03-16T13:50:50+00:00","author":{"@id":"https:\/\/www.noticiasradioreflejos.com.ar\/2021\/#\/schema\/person\/ad82545263dcc5ec0996818884fd5fb1"},"breadcrumb":{"@id":"https:\/\/www.noticiasradioreflejos.com.ar\/2021\/lluvias-abundantes-en-toda-la-region\/#breadcrumb"},"inLanguage":"es","potentialAction":[{"@type":"ReadAction","target":["https:\/\/www.noticiasradioreflejos.com.ar\/2021\/lluvias-abundantes-en-toda-la-region\/"]}]},{"@type":"ImageObject","inLanguage":"es","@id":"https:\/\/www.noticiasradioreflejos.com.ar\/2021\/lluvias-abundantes-en-toda-la-region\/#primaryimage","url":"http:\/\/farm5.staticflickr.com\/4829\/46479303055_752c043b19_n.jpg","contentUrl":"http:\/\/farm5.staticflickr.com\/4829\/46479303055_752c043b19_n.jpg"},{"@type":"BreadcrumbList","@id":"https:\/\/www.noticiasradioreflejos.com.ar\/2021\/lluvias-abundantes-en-toda-la-region\/#breadcrumb","itemListElement":[{"@type":"ListItem","position":1,"name":"Portada","item":"https:\/\/www.noticiasradioreflejos.com.ar\/2021\/"},{"@type":"ListItem","position":2,"name":"Lluvias abundantes en toda la regi\u00f3n"}]},{"@type":"WebSite","@id":"https:\/\/www.noticiasradioreflejos.com.ar\/2021\/#website","url":"https:\/\/www.noticiasradioreflejos.com.ar\/2021\/","name":"Noticias Radio Reflejos","description":"Las noticias de mi comarca","potentialAction":[{"@type":"SearchAction","target":{"@type":"EntryPoint","urlTemplate":"https:\/\/www.noticiasradioreflejos.com.ar\/2021\/?s={search_term_string}"},"query-input":{"@type":"PropertyValueSpecification","valueRequired":true,"valueName":"search_term_string"}}],"inLanguage":"es"},{"@type":"Person","@id":"https:\/\/www.noticiasradioreflejos.com.ar\/2021\/#\/schema\/person\/ad82545263dcc5ec0996818884fd5fb1","name":"Arnaldo Botto","image":{"@type":"ImageObject","inLanguage":"es","@id":"https:\/\/www.noticiasradioreflejos.com.ar\/2021\/#\/schema\/person\/image\/","url":"https:\/\/secure.gravatar.com\/avatar\/55cb5e37c1efa326397366e6974cb338056df65cb50e7d64d1cf314e87504837?s=96&d=mm&r=g","contentUrl":"https:\/\/secure.gravatar.com\/avatar\/55cb5e37c1efa326397366e6974cb338056df65cb50e7d64d1cf314e87504837?s=96&d=mm&r=g","caption":"Arnaldo Botto"},"url":"https:\/\/www.noticiasradioreflejos.com.ar\/2021\/author\/arnaldo\/"}]}},"_links":{"self":[{"href":"https:\/\/www.noticiasradioreflejos.com.ar\/2021\/wp-json\/wp\/v2\/posts\/29778","targetHints":{"allow":["GET"]}}],"collection":[{"href":"https:\/\/www.noticiasradioreflejos.com.ar\/2021\/wp-json\/wp\/v2\/posts"}],"about":[{"href":"https:\/\/www.noticiasradioreflejos.com.ar\/2021\/wp-json\/wp\/v2\/types\/post"}],"author":[{"embeddable":true,"href":"https:\/\/www.noticiasradioreflejos.com.ar\/2021\/wp-json\/wp\/v2\/users\/3"}],"replies":[{"embeddable":true,"href":"https:\/\/www.noticiasradioreflejos.com.ar\/2021\/wp-json\/wp\/v2\/comments?post=29778"}],"version-history":[{"count":0,"href":"https:\/\/www.noticiasradioreflejos.com.ar\/2021\/wp-json\/wp\/v2\/posts\/29778\/revisions"}],"wp:attachment":[{"href":"https:\/\/www.noticiasradioreflejos.com.ar\/2021\/wp-json\/wp\/v2\/media?parent=29778"}],"wp:term":[{"taxonomy":"category","embeddable":true,"href":"https:\/\/www.noticiasradioreflejos.com.ar\/2021\/wp-json\/wp\/v2\/categories?post=29778"},{"taxonomy":"post_tag","embeddable":true,"href":"https:\/\/www.noticiasradioreflejos.com.ar\/2021\/wp-json\/wp\/v2\/tags?post=29778"}],"curies":[{"name":"wp","href":"https:\/\/api.w.org\/{rel}","templated":true}]}}