{"id":29775,"date":"2019-03-15T21:03:06","date_gmt":"2019-03-16T00:03:06","guid":{"rendered":"http:\/\/www.noticiasradioreflejos.com.ar\/noticias\/?p=29775"},"modified":"2019-03-15T21:03:06","modified_gmt":"2019-03-16T00:03:06","slug":"respuesta-al-sr-ruben-testa","status":"publish","type":"post","link":"https:\/\/www.noticiasradioreflejos.com.ar\/2021\/respuesta-al-sr-ruben-testa\/","title":{"rendered":"Respuesta al Sr. Rub\u00e9n Testa."},"content":{"rendered":"<p>Carta de lectores: Agradezco la posibilidad de poder expresarme por este medio sobre la nota publicada el d\u00eda 7 de Marzo de 2019 por el Sr. Rub\u00e9n Testa.<br \/>\nEste se\u00f1or hizo un comentario fuera de lugar respecto a mi esposo Sr. Hugo Scabuso, actual delegado de Villa Ventana.<br \/>\nDeseo manifestar que el Sr. Testa no se ha expresado con la verdad, como habitualmente nos tiene acostumbrados, con sus comentarios colmados de inter\u00e9s pol\u00edtico, sin ning\u00fan inter\u00e9s real sobre los habitantes de nuestra querida localidad. <!--more--><br \/>\nEsto lo demostr\u00f3 cuando \u00e9l fue delegado, con su incapacidad de manejo para con los vecinos, gritando por la radio que el agua era potable, cuando no lo era, y cuando de nuestras canillas el agua apenas sal\u00eda color marr\u00f3n. Este problema tan grave, termin\u00f3 con su mandato, por pedido del pueblo. Seguramente, creyendo que los vecinos han olvidado las penurias pasadas por la falta de agua, su soberbia, y creyendo poder ser reelecto, ahora ataca a mi esposo, quien no ha pedido unos d\u00edas de licencia sino por motivos de salud, quien atraviesa una enfermedad que necesita de chequeos regulares.<br \/>\nTambi\u00e9n quiero decir que mi esposo, durante esos d\u00edas que ha tomado, ha resuelto muchas necesidades que ten\u00edan los vecinos.<br \/>\nTanta mentira, tanto inter\u00e9s personal tiene que tener un l\u00edmite, y es el respeto a un hombre bueno, dedicado, y a una familia que no va a permitir que se juzgue sin saber los motivos de su ausencia.<br \/>\nQue el Sr. Testa duerma tranquilo, que Villa Ventana tiene un delegado, que atiende y trabaja con todos los habitantes e instituciones por igual, sin hacer diferencias por amiguismos. Basta de mentiras, no se puede volver a el pasado oscuro que vivi\u00f3 la Villa.<br \/>\n<strong>Firma: Sandra Rivarola<br \/>\nDNI: 26.154.091<\/strong><\/p>\n","protected":false},"excerpt":{"rendered":"<p>Carta de lectores: Agradezco la posibilidad de poder expresarme por este medio sobre la nota publicada el d\u00eda 7 de Marzo de 2019 por el Sr. Rub\u00e9n Testa. Este se\u00f1or hizo un comentario fuera de lugar respecto a mi esposo Sr. Hugo Scabuso, actual delegado de Villa Ventana. Deseo manifestar que el Sr. Testa no [&hellip;]<\/p>\n","protected":false},"author":3,"featured_media":0,"comment_status":"closed","ping_status":"open","sticky":false,"template":"","format":"standard","meta":{"footnotes":""},"categories":[26],"tags":[],"class_list":["post-29775","post","type-post","status-publish","format-standard","hentry","category-sociedad"],"yoast_head":"<!-- This site is optimized with the Yoast SEO plugin v25.9 - https:\/\/yoast.com\/wordpress\/plugins\/seo\/ -->\n<title>Respuesta al Sr. Rub\u00e9n Testa. - Noticias Radio Reflejos<\/title>\n<meta name=\"robots\" content=\"index, follow, max-snippet:-1, max-image-preview:large, max-video-preview:-1\" \/>\n<link rel=\"canonical\" href=\"https:\/\/www.noticiasradioreflejos.com.ar\/2021\/respuesta-al-sr-ruben-testa\/\" \/>\n<meta property=\"og:locale\" content=\"es_ES\" \/>\n<meta property=\"og:type\" content=\"article\" \/>\n<meta property=\"og:title\" content=\"Respuesta al Sr. Rub\u00e9n Testa. - Noticias Radio Reflejos\" \/>\n<meta property=\"og:description\" content=\"Carta de lectores: Agradezco la posibilidad de poder expresarme por este medio sobre la nota publicada el d\u00eda 7 de Marzo de 2019 por el Sr. Rub\u00e9n Testa. Este se\u00f1or hizo un comentario fuera de lugar respecto a mi esposo Sr. Hugo Scabuso, actual delegado de Villa Ventana. Deseo manifestar que el Sr. Testa no [&hellip;]\" \/>\n<meta property=\"og:url\" content=\"https:\/\/www.noticiasradioreflejos.com.ar\/2021\/respuesta-al-sr-ruben-testa\/\" \/>\n<meta property=\"og:site_name\" content=\"Noticias Radio Reflejos\" \/>\n<meta property=\"article:published_time\" content=\"2019-03-16T00:03:06+00:00\" \/>\n<meta property=\"og:image\" content=\"https:\/\/www.noticiasradioreflejos.com.ar\/2021\/wp-content\/uploads\/2018\/04\/carta_lector_1.jpg\" \/>\n\t<meta property=\"og:image:width\" content=\"935\" \/>\n\t<meta property=\"og:image:height\" content=\"595\" \/>\n\t<meta property=\"og:image:type\" content=\"image\/jpeg\" \/>\n<meta name=\"author\" content=\"Arnaldo Botto\" \/>\n<meta name=\"twitter:card\" content=\"summary_large_image\" \/>\n<script type=\"application\/ld+json\" class=\"yoast-schema-graph\">{\"@context\":\"https:\/\/schema.org\",\"@graph\":[{\"@type\":\"WebPage\",\"@id\":\"https:\/\/www.noticiasradioreflejos.com.ar\/2021\/respuesta-al-sr-ruben-testa\/\",\"url\":\"https:\/\/www.noticiasradioreflejos.com.ar\/2021\/respuesta-al-sr-ruben-testa\/\",\"name\":\"Respuesta al Sr. Rub\u00e9n Testa. - Noticias Radio Reflejos\",\"isPartOf\":{\"@id\":\"https:\/\/www.noticiasradioreflejos.com.ar\/2021\/#website\"},\"datePublished\":\"2019-03-16T00:03:06+00:00\",\"author\":{\"@id\":\"https:\/\/www.noticiasradioreflejos.com.ar\/2021\/#\/schema\/person\/ad82545263dcc5ec0996818884fd5fb1\"},\"breadcrumb\":{\"@id\":\"https:\/\/www.noticiasradioreflejos.com.ar\/2021\/respuesta-al-sr-ruben-testa\/#breadcrumb\"},\"inLanguage\":\"es\",\"potentialAction\":[{\"@type\":\"ReadAction\",\"target\":[\"https:\/\/www.noticiasradioreflejos.com.ar\/2021\/respuesta-al-sr-ruben-testa\/\"]}]},{\"@type\":\"BreadcrumbList\",\"@id\":\"https:\/\/www.noticiasradioreflejos.com.ar\/2021\/respuesta-al-sr-ruben-testa\/#breadcrumb\",\"itemListElement\":[{\"@type\":\"ListItem\",\"position\":1,\"name\":\"Portada\",\"item\":\"https:\/\/www.noticiasradioreflejos.com.ar\/2021\/\"},{\"@type\":\"ListItem\",\"position\":2,\"name\":\"Respuesta al Sr. Rub\u00e9n Testa.\"}]},{\"@type\":\"WebSite\",\"@id\":\"https:\/\/www.noticiasradioreflejos.com.ar\/2021\/#website\",\"url\":\"https:\/\/www.noticiasradioreflejos.com.ar\/2021\/\",\"name\":\"Noticias Radio Reflejos\",\"description\":\"Las noticias de mi comarca\",\"potentialAction\":[{\"@type\":\"SearchAction\",\"target\":{\"@type\":\"EntryPoint\",\"urlTemplate\":\"https:\/\/www.noticiasradioreflejos.com.ar\/2021\/?s={search_term_string}\"},\"query-input\":{\"@type\":\"PropertyValueSpecification\",\"valueRequired\":true,\"valueName\":\"search_term_string\"}}],\"inLanguage\":\"es\"},{\"@type\":\"Person\",\"@id\":\"https:\/\/www.noticiasradioreflejos.com.ar\/2021\/#\/schema\/person\/ad82545263dcc5ec0996818884fd5fb1\",\"name\":\"Arnaldo Botto\",\"image\":{\"@type\":\"ImageObject\",\"inLanguage\":\"es\",\"@id\":\"https:\/\/www.noticiasradioreflejos.com.ar\/2021\/#\/schema\/person\/image\/\",\"url\":\"https:\/\/secure.gravatar.com\/avatar\/55cb5e37c1efa326397366e6974cb338056df65cb50e7d64d1cf314e87504837?s=96&d=mm&r=g\",\"contentUrl\":\"https:\/\/secure.gravatar.com\/avatar\/55cb5e37c1efa326397366e6974cb338056df65cb50e7d64d1cf314e87504837?s=96&d=mm&r=g\",\"caption\":\"Arnaldo Botto\"},\"url\":\"https:\/\/www.noticiasradioreflejos.com.ar\/2021\/author\/arnaldo\/\"}]}<\/script>\n<!-- \/ Yoast SEO plugin. -->","yoast_head_json":{"title":"Respuesta al Sr. Rub\u00e9n Testa. - Noticias Radio Reflejos","robots":{"index":"index","follow":"follow","max-snippet":"max-snippet:-1","max-image-preview":"max-image-preview:large","max-video-preview":"max-video-preview:-1"},"canonical":"https:\/\/www.noticiasradioreflejos.com.ar\/2021\/respuesta-al-sr-ruben-testa\/","og_locale":"es_ES","og_type":"article","og_title":"Respuesta al Sr. Rub\u00e9n Testa. - Noticias Radio Reflejos","og_description":"Carta de lectores: Agradezco la posibilidad de poder expresarme por este medio sobre la nota publicada el d\u00eda 7 de Marzo de 2019 por el Sr. Rub\u00e9n Testa. Este se\u00f1or hizo un comentario fuera de lugar respecto a mi esposo Sr. Hugo Scabuso, actual delegado de Villa Ventana. Deseo manifestar que el Sr. Testa no [&hellip;]","og_url":"https:\/\/www.noticiasradioreflejos.com.ar\/2021\/respuesta-al-sr-ruben-testa\/","og_site_name":"Noticias Radio Reflejos","article_published_time":"2019-03-16T00:03:06+00:00","og_image":[{"width":935,"height":595,"url":"https:\/\/www.noticiasradioreflejos.com.ar\/2021\/wp-content\/uploads\/2018\/04\/carta_lector_1.jpg","type":"image\/jpeg"}],"author":"Arnaldo Botto","twitter_card":"summary_large_image","schema":{"@context":"https:\/\/schema.org","@graph":[{"@type":"WebPage","@id":"https:\/\/www.noticiasradioreflejos.com.ar\/2021\/respuesta-al-sr-ruben-testa\/","url":"https:\/\/www.noticiasradioreflejos.com.ar\/2021\/respuesta-al-sr-ruben-testa\/","name":"Respuesta al Sr. Rub\u00e9n Testa. - Noticias Radio Reflejos","isPartOf":{"@id":"https:\/\/www.noticiasradioreflejos.com.ar\/2021\/#website"},"datePublished":"2019-03-16T00:03:06+00:00","author":{"@id":"https:\/\/www.noticiasradioreflejos.com.ar\/2021\/#\/schema\/person\/ad82545263dcc5ec0996818884fd5fb1"},"breadcrumb":{"@id":"https:\/\/www.noticiasradioreflejos.com.ar\/2021\/respuesta-al-sr-ruben-testa\/#breadcrumb"},"inLanguage":"es","potentialAction":[{"@type":"ReadAction","target":["https:\/\/www.noticiasradioreflejos.com.ar\/2021\/respuesta-al-sr-ruben-testa\/"]}]},{"@type":"BreadcrumbList","@id":"https:\/\/www.noticiasradioreflejos.com.ar\/2021\/respuesta-al-sr-ruben-testa\/#breadcrumb","itemListElement":[{"@type":"ListItem","position":1,"name":"Portada","item":"https:\/\/www.noticiasradioreflejos.com.ar\/2021\/"},{"@type":"ListItem","position":2,"name":"Respuesta al Sr. Rub\u00e9n Testa."}]},{"@type":"WebSite","@id":"https:\/\/www.noticiasradioreflejos.com.ar\/2021\/#website","url":"https:\/\/www.noticiasradioreflejos.com.ar\/2021\/","name":"Noticias Radio Reflejos","description":"Las noticias de mi comarca","potentialAction":[{"@type":"SearchAction","target":{"@type":"EntryPoint","urlTemplate":"https:\/\/www.noticiasradioreflejos.com.ar\/2021\/?s={search_term_string}"},"query-input":{"@type":"PropertyValueSpecification","valueRequired":true,"valueName":"search_term_string"}}],"inLanguage":"es"},{"@type":"Person","@id":"https:\/\/www.noticiasradioreflejos.com.ar\/2021\/#\/schema\/person\/ad82545263dcc5ec0996818884fd5fb1","name":"Arnaldo Botto","image":{"@type":"ImageObject","inLanguage":"es","@id":"https:\/\/www.noticiasradioreflejos.com.ar\/2021\/#\/schema\/person\/image\/","url":"https:\/\/secure.gravatar.com\/avatar\/55cb5e37c1efa326397366e6974cb338056df65cb50e7d64d1cf314e87504837?s=96&d=mm&r=g","contentUrl":"https:\/\/secure.gravatar.com\/avatar\/55cb5e37c1efa326397366e6974cb338056df65cb50e7d64d1cf314e87504837?s=96&d=mm&r=g","caption":"Arnaldo Botto"},"url":"https:\/\/www.noticiasradioreflejos.com.ar\/2021\/author\/arnaldo\/"}]}},"_links":{"self":[{"href":"https:\/\/www.noticiasradioreflejos.com.ar\/2021\/wp-json\/wp\/v2\/posts\/29775","targetHints":{"allow":["GET"]}}],"collection":[{"href":"https:\/\/www.noticiasradioreflejos.com.ar\/2021\/wp-json\/wp\/v2\/posts"}],"about":[{"href":"https:\/\/www.noticiasradioreflejos.com.ar\/2021\/wp-json\/wp\/v2\/types\/post"}],"author":[{"embeddable":true,"href":"https:\/\/www.noticiasradioreflejos.com.ar\/2021\/wp-json\/wp\/v2\/users\/3"}],"replies":[{"embeddable":true,"href":"https:\/\/www.noticiasradioreflejos.com.ar\/2021\/wp-json\/wp\/v2\/comments?post=29775"}],"version-history":[{"count":0,"href":"https:\/\/www.noticiasradioreflejos.com.ar\/2021\/wp-json\/wp\/v2\/posts\/29775\/revisions"}],"wp:attachment":[{"href":"https:\/\/www.noticiasradioreflejos.com.ar\/2021\/wp-json\/wp\/v2\/media?parent=29775"}],"wp:term":[{"taxonomy":"category","embeddable":true,"href":"https:\/\/www.noticiasradioreflejos.com.ar\/2021\/wp-json\/wp\/v2\/categories?post=29775"},{"taxonomy":"post_tag","embeddable":true,"href":"https:\/\/www.noticiasradioreflejos.com.ar\/2021\/wp-json\/wp\/v2\/tags?post=29775"}],"curies":[{"name":"wp","href":"https:\/\/api.w.org\/{rel}","templated":true}]}}