{"id":29764,"date":"2019-03-15T18:53:26","date_gmt":"2019-03-15T21:53:26","guid":{"rendered":"http:\/\/www.noticiasradioreflejos.com.ar\/noticias\/?p=29764"},"modified":"2019-03-15T18:53:26","modified_gmt":"2019-03-15T21:53:26","slug":"asamblea-general-ordinaria-en-bomberos-voluntarios-de-villa-ventana","status":"publish","type":"post","link":"https:\/\/www.noticiasradioreflejos.com.ar\/2021\/asamblea-general-ordinaria-en-bomberos-voluntarios-de-villa-ventana\/","title":{"rendered":"Asamblea General Ordinaria en Bomberos Voluntarios de Villa Ventana."},"content":{"rendered":"<p>La Asociaci\u00f3n de <strong>Bomberos a Bomberos Voluntarios de Villa Ventana<\/strong> reitera su llamado a los socios para que asistan a la Asamblea de la entidad, a llevarse a cabo el d\u00eda 28 de Marzo de 2019, a partir de las 19 horas. Para asistir es necesario estar con las cuotas sociales al d\u00eda, en caso de no estarlo pueden solicitar la visita del cobrador al n\u00famero 0291-155037510.<br \/>\nEn la misma se proceder\u00e1 a la renovaci\u00f3n de autoridades, tratar lo actuado durante el a\u00f1o y conocer el Balance General de la entidad.<!--more--><br \/>\nSres. ASOCIADOS<br \/>\nDe nuestra mayor consideraci\u00f3n:<br \/>\nNos dirigimos a Uds. con el fin de convocarlos para la Asamblea General Ordinaria de nuestra Instituci\u00f3n que se llevar\u00e1 a cabo el d\u00eda 28 de marzo de 2019, a las 19,00 Hs, en nuestra sede sito en Cruz del Sur s\/n entre Zorzal y Calandria, Villa Ventana.<br \/>\nPara tratar los temas del siguiente orden del d\u00eda:<br \/>\nORDEN DEL DIA<br \/>\n1. Lectura del Acta anterior.<br \/>\n2. Aprobaci\u00f3n de la Memoria, Balance General y Cuadro de Gastos y Resultados.<br \/>\n3. Renovaci\u00f3n de los siguientes cargos de la Comisi\u00f3n Directiva:<br \/>\nPresidente, Secretario Gral., Secretario de Finanzas, 3 (tres) Consejeros suplentes, 1 (un) Revisor de Cuentas Titular y 1 (un) Revisor de Cuentas suplente, por finalizaci\u00f3n de mandato; y Vicepresidente y Secretario de Recaudaci\u00f3n por renuncia.<br \/>\n4. Consideraci\u00f3n Cuota social: Solicitar la renovaci\u00f3n de la autorizaci\u00f3n a la Asamblea para establecer la cuota societaria correspondiente al a\u00f1o 2019, a $ 75 mensuales.<br \/>\n5. Designaci\u00f3n de la junta escrutadora.<br \/>\n6. Se autoriza a la Comisi\u00f3n a dar de baja las cuotas sociales adeudadas al 31\/12\/18, correspondientes a los a\u00f1os 2016 y 2017.<br \/>\n7. Designaci\u00f3n de dos asociados para firmar el acta.<br \/>\nArt.40: Las asambleas se celebrar\u00e1n v\u00e1lidamente con la presencia de la mitad m\u00e1s uno de los socios con derecho a voto. Una hora despu\u00e9s de la fijada en la convocatoria, si antes no se hubiese conseguido ese n\u00famero se reunir\u00e1 legalmente constituida con el n\u00famero de socios presente, siempre que no fuera inferior al total de los miembros titulares del Consejo Directivo, excluidos estos.<br \/>\nSin m\u00e1s aprovechamos la oportunidad para saludarles muy atentamente.<br \/>\nJuan Alberto BUSTRIAZO\u00a0 \u00a0 \u00a0 \u00a0 \u00a0 \u00a0 \u00a0 \u00a0 \u00a0 \u00a0 \u00a0 \u00a0 \u00a0 \u00a0 \u00a0 \u00a0 \u00a0 \u00a0 \u00a0 \u00a0 \u00a0 \u00a0 \u00a0 \u00a0 \u00a0Ra\u00fal SALERNO<\/p>\n","protected":false},"excerpt":{"rendered":"<p>La Asociaci\u00f3n de Bomberos a Bomberos Voluntarios de Villa Ventana reitera su llamado a los socios para que asistan a la Asamblea de la entidad, a llevarse a cabo el d\u00eda 28 de Marzo de 2019, a partir de las 19 horas. Para asistir es necesario estar con las cuotas sociales al d\u00eda, en caso [&hellip;]<\/p>\n","protected":false},"author":3,"featured_media":0,"comment_status":"closed","ping_status":"open","sticky":false,"template":"","format":"standard","meta":{"footnotes":""},"categories":[26],"tags":[],"class_list":["post-29764","post","type-post","status-publish","format-standard","hentry","category-sociedad"],"yoast_head":"<!-- This site is optimized with the Yoast SEO plugin v25.9 - https:\/\/yoast.com\/wordpress\/plugins\/seo\/ -->\n<title>Asamblea General Ordinaria en Bomberos Voluntarios de Villa Ventana. - Noticias Radio Reflejos<\/title>\n<meta name=\"robots\" content=\"index, follow, max-snippet:-1, max-image-preview:large, max-video-preview:-1\" \/>\n<link rel=\"canonical\" href=\"https:\/\/www.noticiasradioreflejos.com.ar\/2021\/asamblea-general-ordinaria-en-bomberos-voluntarios-de-villa-ventana\/\" \/>\n<meta property=\"og:locale\" content=\"es_ES\" \/>\n<meta property=\"og:type\" content=\"article\" \/>\n<meta property=\"og:title\" content=\"Asamblea General Ordinaria en Bomberos Voluntarios de Villa Ventana. - Noticias Radio Reflejos\" \/>\n<meta property=\"og:description\" content=\"La Asociaci\u00f3n de Bomberos a Bomberos Voluntarios de Villa Ventana reitera su llamado a los socios para que asistan a la Asamblea de la entidad, a llevarse a cabo el d\u00eda 28 de Marzo de 2019, a partir de las 19 horas. Para asistir es necesario estar con las cuotas sociales al d\u00eda, en caso [&hellip;]\" \/>\n<meta property=\"og:url\" content=\"https:\/\/www.noticiasradioreflejos.com.ar\/2021\/asamblea-general-ordinaria-en-bomberos-voluntarios-de-villa-ventana\/\" \/>\n<meta property=\"og:site_name\" content=\"Noticias Radio Reflejos\" \/>\n<meta property=\"article:published_time\" content=\"2019-03-15T21:53:26+00:00\" \/>\n<meta property=\"og:image\" content=\"https:\/\/www.noticiasradioreflejos.com.ar\/2021\/wp-content\/uploads\/2018\/07\/bomberos-villa-ventana.jpg\" \/>\n\t<meta property=\"og:image:width\" content=\"200\" \/>\n\t<meta property=\"og:image:height\" content=\"258\" \/>\n\t<meta property=\"og:image:type\" content=\"image\/jpeg\" \/>\n<meta name=\"author\" content=\"Arnaldo Botto\" \/>\n<meta name=\"twitter:card\" content=\"summary_large_image\" \/>\n<script type=\"application\/ld+json\" class=\"yoast-schema-graph\">{\"@context\":\"https:\/\/schema.org\",\"@graph\":[{\"@type\":\"WebPage\",\"@id\":\"https:\/\/www.noticiasradioreflejos.com.ar\/2021\/asamblea-general-ordinaria-en-bomberos-voluntarios-de-villa-ventana\/\",\"url\":\"https:\/\/www.noticiasradioreflejos.com.ar\/2021\/asamblea-general-ordinaria-en-bomberos-voluntarios-de-villa-ventana\/\",\"name\":\"Asamblea General Ordinaria en Bomberos Voluntarios de Villa Ventana. - Noticias Radio Reflejos\",\"isPartOf\":{\"@id\":\"https:\/\/www.noticiasradioreflejos.com.ar\/2021\/#website\"},\"datePublished\":\"2019-03-15T21:53:26+00:00\",\"author\":{\"@id\":\"https:\/\/www.noticiasradioreflejos.com.ar\/2021\/#\/schema\/person\/ad82545263dcc5ec0996818884fd5fb1\"},\"breadcrumb\":{\"@id\":\"https:\/\/www.noticiasradioreflejos.com.ar\/2021\/asamblea-general-ordinaria-en-bomberos-voluntarios-de-villa-ventana\/#breadcrumb\"},\"inLanguage\":\"es\",\"potentialAction\":[{\"@type\":\"ReadAction\",\"target\":[\"https:\/\/www.noticiasradioreflejos.com.ar\/2021\/asamblea-general-ordinaria-en-bomberos-voluntarios-de-villa-ventana\/\"]}]},{\"@type\":\"BreadcrumbList\",\"@id\":\"https:\/\/www.noticiasradioreflejos.com.ar\/2021\/asamblea-general-ordinaria-en-bomberos-voluntarios-de-villa-ventana\/#breadcrumb\",\"itemListElement\":[{\"@type\":\"ListItem\",\"position\":1,\"name\":\"Portada\",\"item\":\"https:\/\/www.noticiasradioreflejos.com.ar\/2021\/\"},{\"@type\":\"ListItem\",\"position\":2,\"name\":\"Asamblea General Ordinaria en Bomberos Voluntarios de Villa Ventana.\"}]},{\"@type\":\"WebSite\",\"@id\":\"https:\/\/www.noticiasradioreflejos.com.ar\/2021\/#website\",\"url\":\"https:\/\/www.noticiasradioreflejos.com.ar\/2021\/\",\"name\":\"Noticias Radio Reflejos\",\"description\":\"Las noticias de mi comarca\",\"potentialAction\":[{\"@type\":\"SearchAction\",\"target\":{\"@type\":\"EntryPoint\",\"urlTemplate\":\"https:\/\/www.noticiasradioreflejos.com.ar\/2021\/?s={search_term_string}\"},\"query-input\":{\"@type\":\"PropertyValueSpecification\",\"valueRequired\":true,\"valueName\":\"search_term_string\"}}],\"inLanguage\":\"es\"},{\"@type\":\"Person\",\"@id\":\"https:\/\/www.noticiasradioreflejos.com.ar\/2021\/#\/schema\/person\/ad82545263dcc5ec0996818884fd5fb1\",\"name\":\"Arnaldo Botto\",\"image\":{\"@type\":\"ImageObject\",\"inLanguage\":\"es\",\"@id\":\"https:\/\/www.noticiasradioreflejos.com.ar\/2021\/#\/schema\/person\/image\/\",\"url\":\"https:\/\/secure.gravatar.com\/avatar\/55cb5e37c1efa326397366e6974cb338056df65cb50e7d64d1cf314e87504837?s=96&d=mm&r=g\",\"contentUrl\":\"https:\/\/secure.gravatar.com\/avatar\/55cb5e37c1efa326397366e6974cb338056df65cb50e7d64d1cf314e87504837?s=96&d=mm&r=g\",\"caption\":\"Arnaldo Botto\"},\"url\":\"https:\/\/www.noticiasradioreflejos.com.ar\/2021\/author\/arnaldo\/\"}]}<\/script>\n<!-- \/ Yoast SEO plugin. -->","yoast_head_json":{"title":"Asamblea General Ordinaria en Bomberos Voluntarios de Villa Ventana. - Noticias Radio Reflejos","robots":{"index":"index","follow":"follow","max-snippet":"max-snippet:-1","max-image-preview":"max-image-preview:large","max-video-preview":"max-video-preview:-1"},"canonical":"https:\/\/www.noticiasradioreflejos.com.ar\/2021\/asamblea-general-ordinaria-en-bomberos-voluntarios-de-villa-ventana\/","og_locale":"es_ES","og_type":"article","og_title":"Asamblea General Ordinaria en Bomberos Voluntarios de Villa Ventana. - Noticias Radio Reflejos","og_description":"La Asociaci\u00f3n de Bomberos a Bomberos Voluntarios de Villa Ventana reitera su llamado a los socios para que asistan a la Asamblea de la entidad, a llevarse a cabo el d\u00eda 28 de Marzo de 2019, a partir de las 19 horas. Para asistir es necesario estar con las cuotas sociales al d\u00eda, en caso [&hellip;]","og_url":"https:\/\/www.noticiasradioreflejos.com.ar\/2021\/asamblea-general-ordinaria-en-bomberos-voluntarios-de-villa-ventana\/","og_site_name":"Noticias Radio Reflejos","article_published_time":"2019-03-15T21:53:26+00:00","og_image":[{"width":200,"height":258,"url":"https:\/\/www.noticiasradioreflejos.com.ar\/2021\/wp-content\/uploads\/2018\/07\/bomberos-villa-ventana.jpg","type":"image\/jpeg"}],"author":"Arnaldo Botto","twitter_card":"summary_large_image","schema":{"@context":"https:\/\/schema.org","@graph":[{"@type":"WebPage","@id":"https:\/\/www.noticiasradioreflejos.com.ar\/2021\/asamblea-general-ordinaria-en-bomberos-voluntarios-de-villa-ventana\/","url":"https:\/\/www.noticiasradioreflejos.com.ar\/2021\/asamblea-general-ordinaria-en-bomberos-voluntarios-de-villa-ventana\/","name":"Asamblea General Ordinaria en Bomberos Voluntarios de Villa Ventana. - Noticias Radio Reflejos","isPartOf":{"@id":"https:\/\/www.noticiasradioreflejos.com.ar\/2021\/#website"},"datePublished":"2019-03-15T21:53:26+00:00","author":{"@id":"https:\/\/www.noticiasradioreflejos.com.ar\/2021\/#\/schema\/person\/ad82545263dcc5ec0996818884fd5fb1"},"breadcrumb":{"@id":"https:\/\/www.noticiasradioreflejos.com.ar\/2021\/asamblea-general-ordinaria-en-bomberos-voluntarios-de-villa-ventana\/#breadcrumb"},"inLanguage":"es","potentialAction":[{"@type":"ReadAction","target":["https:\/\/www.noticiasradioreflejos.com.ar\/2021\/asamblea-general-ordinaria-en-bomberos-voluntarios-de-villa-ventana\/"]}]},{"@type":"BreadcrumbList","@id":"https:\/\/www.noticiasradioreflejos.com.ar\/2021\/asamblea-general-ordinaria-en-bomberos-voluntarios-de-villa-ventana\/#breadcrumb","itemListElement":[{"@type":"ListItem","position":1,"name":"Portada","item":"https:\/\/www.noticiasradioreflejos.com.ar\/2021\/"},{"@type":"ListItem","position":2,"name":"Asamblea General Ordinaria en Bomberos Voluntarios de Villa Ventana."}]},{"@type":"WebSite","@id":"https:\/\/www.noticiasradioreflejos.com.ar\/2021\/#website","url":"https:\/\/www.noticiasradioreflejos.com.ar\/2021\/","name":"Noticias Radio Reflejos","description":"Las noticias de mi comarca","potentialAction":[{"@type":"SearchAction","target":{"@type":"EntryPoint","urlTemplate":"https:\/\/www.noticiasradioreflejos.com.ar\/2021\/?s={search_term_string}"},"query-input":{"@type":"PropertyValueSpecification","valueRequired":true,"valueName":"search_term_string"}}],"inLanguage":"es"},{"@type":"Person","@id":"https:\/\/www.noticiasradioreflejos.com.ar\/2021\/#\/schema\/person\/ad82545263dcc5ec0996818884fd5fb1","name":"Arnaldo Botto","image":{"@type":"ImageObject","inLanguage":"es","@id":"https:\/\/www.noticiasradioreflejos.com.ar\/2021\/#\/schema\/person\/image\/","url":"https:\/\/secure.gravatar.com\/avatar\/55cb5e37c1efa326397366e6974cb338056df65cb50e7d64d1cf314e87504837?s=96&d=mm&r=g","contentUrl":"https:\/\/secure.gravatar.com\/avatar\/55cb5e37c1efa326397366e6974cb338056df65cb50e7d64d1cf314e87504837?s=96&d=mm&r=g","caption":"Arnaldo Botto"},"url":"https:\/\/www.noticiasradioreflejos.com.ar\/2021\/author\/arnaldo\/"}]}},"_links":{"self":[{"href":"https:\/\/www.noticiasradioreflejos.com.ar\/2021\/wp-json\/wp\/v2\/posts\/29764","targetHints":{"allow":["GET"]}}],"collection":[{"href":"https:\/\/www.noticiasradioreflejos.com.ar\/2021\/wp-json\/wp\/v2\/posts"}],"about":[{"href":"https:\/\/www.noticiasradioreflejos.com.ar\/2021\/wp-json\/wp\/v2\/types\/post"}],"author":[{"embeddable":true,"href":"https:\/\/www.noticiasradioreflejos.com.ar\/2021\/wp-json\/wp\/v2\/users\/3"}],"replies":[{"embeddable":true,"href":"https:\/\/www.noticiasradioreflejos.com.ar\/2021\/wp-json\/wp\/v2\/comments?post=29764"}],"version-history":[{"count":0,"href":"https:\/\/www.noticiasradioreflejos.com.ar\/2021\/wp-json\/wp\/v2\/posts\/29764\/revisions"}],"wp:attachment":[{"href":"https:\/\/www.noticiasradioreflejos.com.ar\/2021\/wp-json\/wp\/v2\/media?parent=29764"}],"wp:term":[{"taxonomy":"category","embeddable":true,"href":"https:\/\/www.noticiasradioreflejos.com.ar\/2021\/wp-json\/wp\/v2\/categories?post=29764"},{"taxonomy":"post_tag","embeddable":true,"href":"https:\/\/www.noticiasradioreflejos.com.ar\/2021\/wp-json\/wp\/v2\/tags?post=29764"}],"curies":[{"name":"wp","href":"https:\/\/api.w.org\/{rel}","templated":true}]}}