{"id":29754,"date":"2019-03-15T11:40:16","date_gmt":"2019-03-15T14:40:16","guid":{"rendered":"http:\/\/www.noticiasradioreflejos.com.ar\/noticias\/?p=29754"},"modified":"2019-03-15T11:40:16","modified_gmt":"2019-03-15T14:40:16","slug":"el-intendente-sergio-bordoni-almuerza-en-olivos-con-el-presidente-mauricio-macri","status":"publish","type":"post","link":"https:\/\/www.noticiasradioreflejos.com.ar\/2021\/el-intendente-sergio-bordoni-almuerza-en-olivos-con-el-presidente-mauricio-macri\/","title":{"rendered":"El Intendente Sergio Bordoni almuerza en Olivos con el Presidente Mauricio Macri"},"content":{"rendered":"<p>El presidente almorzar\u00e1 con intendentes en Olivos y ma\u00f1ana con el grupo de los \u00abSin Tierra\u00bb. Hoy Cambiemos pierde en todos los escenarios en la provincia de Buenos Aires. Mauricio Macri le pidi\u00f3 a Mar\u00eda Eugenia Vidal una reuni\u00f3n con los intendentes de Cambiemos en la provincia de Buenos Aires que se concretar\u00e1 hoy en un almuerzo que se desarrollar\u00e1 en la Residencia de Olivos. El Intendente de Tornquist, Sergio Bordoni fu\u00e9 invitado y estar\u00e1 en la mesa junto al presidente.<!--more--><br \/>\nMa\u00f1ana, en San Miguel del Monte, el Presidente y la Gobernadora se reunir\u00e1n a las 12 con el grupo de \u00abLos Sin Tierra\u00bb, los dirigentes que en nombre de la coalici\u00f3n saldr\u00e1n a disputar los distritos gobernados por la oposici\u00f3n peronista.<br \/>\nFue el mism\u00edsimo Macri el que se interes\u00f3 por la realizaci\u00f3n de ambas convocatorias, buscando un ba\u00f1o de realidad con la propia tropa y consciente de que est\u00e1n pasando por un momento dif\u00edcil en el territorio, donde pegan fuerte las cr\u00edticas m\u00e1s duras al presente recesivo. Para el almuerzo de hoy se espera la presencia de los 69 intendentes de Cambiemos y para ma\u00f1ana m\u00e1s de 50 dirigentes, donde se destacan los que disputar\u00e1n en La Matanza, Florencio Varela, Almirante Brown, Esteban Echeverr\u00eda y Hurlingham.<br \/>\nAlgunos candidatos aseguran que ambos encuentros forman parte de una agenda normal con vistas a \u00aborganizar las energ\u00edas de cara a la campa\u00f1a\u00bb. Para otros, en cambio, se trata casi de un pedido de disculpas del Presidente frente a quienes llevan los colores de Cambiemos en la provincia de Buenos Aires, que hoy llevar\u00e1n adelante una campa\u00f1a con grandes dificultades y pocas ventajas, a pesar de que son oficialistas. \u00abHoy perdemos en todas las encuestas, hasta en las m\u00e1s optimistas\u00bb, repiten.<br \/>\nUn intendente, incluso, fue todav\u00eda m\u00e1s all\u00e1: \u00abdesde la Rosada hundieron el conurbano, es as\u00ed, no hay mucho que podamos hacer\u00bb. En su visi\u00f3n, dieron por perdidas la batalla contra el peronismo en los distritos m\u00e1s populosos y solo les interesa sacar el porcentaje necesario para que Macri puede reelegir, sin siquiera asegurar la victoria de la Gobernadora.<br \/>\nOtras opiniones son m\u00e1s optimistas. \u00abEs cierto que las cosas pudieron hacerse mejor, y siempre el Gobierno nacional privilegi\u00f3 la relaci\u00f3n con los gobernadores peronistas y no con Vidal, pero todav\u00eda hay tiempo, no hay que dar nada por perdido. Adem\u00e1s, nosotros siempre fuimos mejores cuando la corrimos de atr\u00e1s\u00bb, asegur\u00f3 otro jefe comunal de Cambiemos en el conurbano.<br \/>\nComo sea, lo que trascendi\u00f3 es que Macri quiere escuchar lo que dicen los intendentes y los que quieren llegar a serlo. Y tendr\u00e1 que poner mucha paciencia porque \u00absolo va a haber lamentos, porque la \u00fanica verdad es la realidad y es inocultable\u00bb.<br \/>\nEl encuentro que se concretar\u00e1 hoy, en realidad se iba a realizar ayer jueves por la tarde. Y con los \u00abSin Tierra\u00bb hoy. Pero despu\u00e9s Macri prefiri\u00f3 dejar m\u00e1s horas para estar en Jujuy, para mantener un di\u00e1logo m\u00e1s profundo con el gobernador Gerardo Morales, a quien considera un buen consejero.<br \/>\nEs que el v\u00ednculo con el radicalismo tambi\u00e9n le preocupa y, de hecho, est\u00e1 realizando ambos encuentros con intendentes de la Provincia sin que Vidal haya confirmado qui\u00e9n lo acompa\u00f1ar\u00e1 en la f\u00f3rmula para competir por la reelecci\u00f3n. La UCR viene presionando para que se confirme al actual vicegobernador, Daniel Salvador, pero hasta ahora no hubo se\u00f1ales firmes en ese sentido.<br \/>\nFuente Infobae<\/p>\n","protected":false},"excerpt":{"rendered":"<p>El presidente almorzar\u00e1 con intendentes en Olivos y ma\u00f1ana con el grupo de los \u00abSin Tierra\u00bb. Hoy Cambiemos pierde en todos los escenarios en la provincia de Buenos Aires. Mauricio Macri le pidi\u00f3 a Mar\u00eda Eugenia Vidal una reuni\u00f3n con los intendentes de Cambiemos en la provincia de Buenos Aires que se concretar\u00e1 hoy en [&hellip;]<\/p>\n","protected":false},"author":3,"featured_media":0,"comment_status":"closed","ping_status":"open","sticky":false,"template":"","format":"standard","meta":{"footnotes":""},"categories":[24],"tags":[],"class_list":["post-29754","post","type-post","status-publish","format-standard","hentry","category-politica"],"yoast_head":"<!-- This site is optimized with the Yoast SEO plugin v25.9 - https:\/\/yoast.com\/wordpress\/plugins\/seo\/ -->\n<title>El Intendente Sergio Bordoni almuerza en Olivos con el Presidente Mauricio Macri - Noticias Radio Reflejos<\/title>\n<meta name=\"robots\" content=\"index, follow, max-snippet:-1, max-image-preview:large, max-video-preview:-1\" \/>\n<link rel=\"canonical\" href=\"https:\/\/www.noticiasradioreflejos.com.ar\/2021\/el-intendente-sergio-bordoni-almuerza-en-olivos-con-el-presidente-mauricio-macri\/\" \/>\n<meta property=\"og:locale\" content=\"es_ES\" \/>\n<meta property=\"og:type\" content=\"article\" \/>\n<meta property=\"og:title\" content=\"El Intendente Sergio Bordoni almuerza en Olivos con el Presidente Mauricio Macri - Noticias Radio Reflejos\" \/>\n<meta property=\"og:description\" content=\"El presidente almorzar\u00e1 con intendentes en Olivos y ma\u00f1ana con el grupo de los \u00abSin Tierra\u00bb. Hoy Cambiemos pierde en todos los escenarios en la provincia de Buenos Aires. Mauricio Macri le pidi\u00f3 a Mar\u00eda Eugenia Vidal una reuni\u00f3n con los intendentes de Cambiemos en la provincia de Buenos Aires que se concretar\u00e1 hoy en [&hellip;]\" \/>\n<meta property=\"og:url\" content=\"https:\/\/www.noticiasradioreflejos.com.ar\/2021\/el-intendente-sergio-bordoni-almuerza-en-olivos-con-el-presidente-mauricio-macri\/\" \/>\n<meta property=\"og:site_name\" content=\"Noticias Radio Reflejos\" \/>\n<meta property=\"article:published_time\" content=\"2019-03-15T14:40:16+00:00\" \/>\n<meta property=\"og:image\" content=\"https:\/\/www.noticiasradioreflejos.com.ar\/2021\/wp-content\/uploads\/2021\/07\/logosol300x200.png\" \/>\n\t<meta property=\"og:image:width\" content=\"300\" \/>\n\t<meta property=\"og:image:height\" content=\"200\" \/>\n\t<meta property=\"og:image:type\" content=\"image\/png\" \/>\n<meta name=\"author\" content=\"Arnaldo Botto\" \/>\n<meta name=\"twitter:card\" content=\"summary_large_image\" \/>\n<script type=\"application\/ld+json\" class=\"yoast-schema-graph\">{\"@context\":\"https:\/\/schema.org\",\"@graph\":[{\"@type\":\"WebPage\",\"@id\":\"https:\/\/www.noticiasradioreflejos.com.ar\/2021\/el-intendente-sergio-bordoni-almuerza-en-olivos-con-el-presidente-mauricio-macri\/\",\"url\":\"https:\/\/www.noticiasradioreflejos.com.ar\/2021\/el-intendente-sergio-bordoni-almuerza-en-olivos-con-el-presidente-mauricio-macri\/\",\"name\":\"El Intendente Sergio Bordoni almuerza en Olivos con el Presidente Mauricio Macri - Noticias Radio Reflejos\",\"isPartOf\":{\"@id\":\"https:\/\/www.noticiasradioreflejos.com.ar\/2021\/#website\"},\"datePublished\":\"2019-03-15T14:40:16+00:00\",\"author\":{\"@id\":\"https:\/\/www.noticiasradioreflejos.com.ar\/2021\/#\/schema\/person\/ad82545263dcc5ec0996818884fd5fb1\"},\"breadcrumb\":{\"@id\":\"https:\/\/www.noticiasradioreflejos.com.ar\/2021\/el-intendente-sergio-bordoni-almuerza-en-olivos-con-el-presidente-mauricio-macri\/#breadcrumb\"},\"inLanguage\":\"es\",\"potentialAction\":[{\"@type\":\"ReadAction\",\"target\":[\"https:\/\/www.noticiasradioreflejos.com.ar\/2021\/el-intendente-sergio-bordoni-almuerza-en-olivos-con-el-presidente-mauricio-macri\/\"]}]},{\"@type\":\"BreadcrumbList\",\"@id\":\"https:\/\/www.noticiasradioreflejos.com.ar\/2021\/el-intendente-sergio-bordoni-almuerza-en-olivos-con-el-presidente-mauricio-macri\/#breadcrumb\",\"itemListElement\":[{\"@type\":\"ListItem\",\"position\":1,\"name\":\"Portada\",\"item\":\"https:\/\/www.noticiasradioreflejos.com.ar\/2021\/\"},{\"@type\":\"ListItem\",\"position\":2,\"name\":\"El Intendente Sergio Bordoni almuerza en Olivos con el Presidente Mauricio Macri\"}]},{\"@type\":\"WebSite\",\"@id\":\"https:\/\/www.noticiasradioreflejos.com.ar\/2021\/#website\",\"url\":\"https:\/\/www.noticiasradioreflejos.com.ar\/2021\/\",\"name\":\"Noticias Radio Reflejos\",\"description\":\"Las noticias de mi comarca\",\"potentialAction\":[{\"@type\":\"SearchAction\",\"target\":{\"@type\":\"EntryPoint\",\"urlTemplate\":\"https:\/\/www.noticiasradioreflejos.com.ar\/2021\/?s={search_term_string}\"},\"query-input\":{\"@type\":\"PropertyValueSpecification\",\"valueRequired\":true,\"valueName\":\"search_term_string\"}}],\"inLanguage\":\"es\"},{\"@type\":\"Person\",\"@id\":\"https:\/\/www.noticiasradioreflejos.com.ar\/2021\/#\/schema\/person\/ad82545263dcc5ec0996818884fd5fb1\",\"name\":\"Arnaldo Botto\",\"image\":{\"@type\":\"ImageObject\",\"inLanguage\":\"es\",\"@id\":\"https:\/\/www.noticiasradioreflejos.com.ar\/2021\/#\/schema\/person\/image\/\",\"url\":\"https:\/\/secure.gravatar.com\/avatar\/55cb5e37c1efa326397366e6974cb338056df65cb50e7d64d1cf314e87504837?s=96&d=mm&r=g\",\"contentUrl\":\"https:\/\/secure.gravatar.com\/avatar\/55cb5e37c1efa326397366e6974cb338056df65cb50e7d64d1cf314e87504837?s=96&d=mm&r=g\",\"caption\":\"Arnaldo Botto\"},\"url\":\"https:\/\/www.noticiasradioreflejos.com.ar\/2021\/author\/arnaldo\/\"}]}<\/script>\n<!-- \/ Yoast SEO plugin. -->","yoast_head_json":{"title":"El Intendente Sergio Bordoni almuerza en Olivos con el Presidente Mauricio Macri - Noticias Radio Reflejos","robots":{"index":"index","follow":"follow","max-snippet":"max-snippet:-1","max-image-preview":"max-image-preview:large","max-video-preview":"max-video-preview:-1"},"canonical":"https:\/\/www.noticiasradioreflejos.com.ar\/2021\/el-intendente-sergio-bordoni-almuerza-en-olivos-con-el-presidente-mauricio-macri\/","og_locale":"es_ES","og_type":"article","og_title":"El Intendente Sergio Bordoni almuerza en Olivos con el Presidente Mauricio Macri - Noticias Radio Reflejos","og_description":"El presidente almorzar\u00e1 con intendentes en Olivos y ma\u00f1ana con el grupo de los \u00abSin Tierra\u00bb. Hoy Cambiemos pierde en todos los escenarios en la provincia de Buenos Aires. Mauricio Macri le pidi\u00f3 a Mar\u00eda Eugenia Vidal una reuni\u00f3n con los intendentes de Cambiemos en la provincia de Buenos Aires que se concretar\u00e1 hoy en [&hellip;]","og_url":"https:\/\/www.noticiasradioreflejos.com.ar\/2021\/el-intendente-sergio-bordoni-almuerza-en-olivos-con-el-presidente-mauricio-macri\/","og_site_name":"Noticias Radio Reflejos","article_published_time":"2019-03-15T14:40:16+00:00","og_image":[{"width":300,"height":200,"url":"https:\/\/www.noticiasradioreflejos.com.ar\/2021\/wp-content\/uploads\/2021\/07\/logosol300x200.png","type":"image\/png"}],"author":"Arnaldo Botto","twitter_card":"summary_large_image","schema":{"@context":"https:\/\/schema.org","@graph":[{"@type":"WebPage","@id":"https:\/\/www.noticiasradioreflejos.com.ar\/2021\/el-intendente-sergio-bordoni-almuerza-en-olivos-con-el-presidente-mauricio-macri\/","url":"https:\/\/www.noticiasradioreflejos.com.ar\/2021\/el-intendente-sergio-bordoni-almuerza-en-olivos-con-el-presidente-mauricio-macri\/","name":"El Intendente Sergio Bordoni almuerza en Olivos con el Presidente Mauricio Macri - Noticias Radio Reflejos","isPartOf":{"@id":"https:\/\/www.noticiasradioreflejos.com.ar\/2021\/#website"},"datePublished":"2019-03-15T14:40:16+00:00","author":{"@id":"https:\/\/www.noticiasradioreflejos.com.ar\/2021\/#\/schema\/person\/ad82545263dcc5ec0996818884fd5fb1"},"breadcrumb":{"@id":"https:\/\/www.noticiasradioreflejos.com.ar\/2021\/el-intendente-sergio-bordoni-almuerza-en-olivos-con-el-presidente-mauricio-macri\/#breadcrumb"},"inLanguage":"es","potentialAction":[{"@type":"ReadAction","target":["https:\/\/www.noticiasradioreflejos.com.ar\/2021\/el-intendente-sergio-bordoni-almuerza-en-olivos-con-el-presidente-mauricio-macri\/"]}]},{"@type":"BreadcrumbList","@id":"https:\/\/www.noticiasradioreflejos.com.ar\/2021\/el-intendente-sergio-bordoni-almuerza-en-olivos-con-el-presidente-mauricio-macri\/#breadcrumb","itemListElement":[{"@type":"ListItem","position":1,"name":"Portada","item":"https:\/\/www.noticiasradioreflejos.com.ar\/2021\/"},{"@type":"ListItem","position":2,"name":"El Intendente Sergio Bordoni almuerza en Olivos con el Presidente Mauricio Macri"}]},{"@type":"WebSite","@id":"https:\/\/www.noticiasradioreflejos.com.ar\/2021\/#website","url":"https:\/\/www.noticiasradioreflejos.com.ar\/2021\/","name":"Noticias Radio Reflejos","description":"Las noticias de mi comarca","potentialAction":[{"@type":"SearchAction","target":{"@type":"EntryPoint","urlTemplate":"https:\/\/www.noticiasradioreflejos.com.ar\/2021\/?s={search_term_string}"},"query-input":{"@type":"PropertyValueSpecification","valueRequired":true,"valueName":"search_term_string"}}],"inLanguage":"es"},{"@type":"Person","@id":"https:\/\/www.noticiasradioreflejos.com.ar\/2021\/#\/schema\/person\/ad82545263dcc5ec0996818884fd5fb1","name":"Arnaldo Botto","image":{"@type":"ImageObject","inLanguage":"es","@id":"https:\/\/www.noticiasradioreflejos.com.ar\/2021\/#\/schema\/person\/image\/","url":"https:\/\/secure.gravatar.com\/avatar\/55cb5e37c1efa326397366e6974cb338056df65cb50e7d64d1cf314e87504837?s=96&d=mm&r=g","contentUrl":"https:\/\/secure.gravatar.com\/avatar\/55cb5e37c1efa326397366e6974cb338056df65cb50e7d64d1cf314e87504837?s=96&d=mm&r=g","caption":"Arnaldo Botto"},"url":"https:\/\/www.noticiasradioreflejos.com.ar\/2021\/author\/arnaldo\/"}]}},"_links":{"self":[{"href":"https:\/\/www.noticiasradioreflejos.com.ar\/2021\/wp-json\/wp\/v2\/posts\/29754","targetHints":{"allow":["GET"]}}],"collection":[{"href":"https:\/\/www.noticiasradioreflejos.com.ar\/2021\/wp-json\/wp\/v2\/posts"}],"about":[{"href":"https:\/\/www.noticiasradioreflejos.com.ar\/2021\/wp-json\/wp\/v2\/types\/post"}],"author":[{"embeddable":true,"href":"https:\/\/www.noticiasradioreflejos.com.ar\/2021\/wp-json\/wp\/v2\/users\/3"}],"replies":[{"embeddable":true,"href":"https:\/\/www.noticiasradioreflejos.com.ar\/2021\/wp-json\/wp\/v2\/comments?post=29754"}],"version-history":[{"count":0,"href":"https:\/\/www.noticiasradioreflejos.com.ar\/2021\/wp-json\/wp\/v2\/posts\/29754\/revisions"}],"wp:attachment":[{"href":"https:\/\/www.noticiasradioreflejos.com.ar\/2021\/wp-json\/wp\/v2\/media?parent=29754"}],"wp:term":[{"taxonomy":"category","embeddable":true,"href":"https:\/\/www.noticiasradioreflejos.com.ar\/2021\/wp-json\/wp\/v2\/categories?post=29754"},{"taxonomy":"post_tag","embeddable":true,"href":"https:\/\/www.noticiasradioreflejos.com.ar\/2021\/wp-json\/wp\/v2\/tags?post=29754"}],"curies":[{"name":"wp","href":"https:\/\/api.w.org\/{rel}","templated":true}]}}