{"id":29745,"date":"2019-03-15T10:00:39","date_gmt":"2019-03-15T13:00:39","guid":{"rendered":"http:\/\/www.noticiasradioreflejos.com.ar\/noticias\/?p=29745"},"modified":"2019-03-15T10:00:39","modified_gmt":"2019-03-15T13:00:39","slug":"llega-este-fin-de-semana-la-6ta-edicion-de-la-fiesta-de-la-vendimia","status":"publish","type":"post","link":"https:\/\/www.noticiasradioreflejos.com.ar\/2021\/llega-este-fin-de-semana-la-6ta-edicion-de-la-fiesta-de-la-vendimia\/","title":{"rendered":"Llega este fin de semana la 6ta edici\u00f3n de la FIESTA DE LA VENDIMIA"},"content":{"rendered":"<p>Con nuevas propuestas culturales, deportivas, gastron\u00f3micas y de turismo activo, llega una nueva edici\u00f3n de la Fiesta de Vendimia. En esta oportunidad los visitantes se sumergir\u00e1n en la impronta del terru\u00f1o a trav\u00e9s de sus sabores.<br \/>\nLa 6ta edici\u00f3n de la FIESTA DE LA VENDIMIA, tendr\u00e1 lugar este 16 y 17 de marzo, en la localidad de Saldungaray, en el Predio del Ferrocarril. <!--more--><br \/>\nDentro de la gran variedad de actividades tendr\u00e1n especial inter\u00e9s las bodegas y gastronom\u00eda propias.<br \/>\nDesde el \u00e1rea de Turismo te invitamos a vivir esta fiesta en donde podr\u00e1s recorrer el stand de las bodegas de la provincia, disfrutar de los patios: gastron\u00f3mico, cervecero, de artesanos y regionales. Adem\u00e1s habr\u00e1 un tr\u00e1iler de cocina del Ministerio de Educaci\u00f3n, en donde se podr\u00e1 degustar y aprender recetas t\u00edpicas.<br \/>\nEntre las propuestas musicales nuestra grilla incluye una gran variedad de artistas, y la presentaci\u00f3n especial del grupo KAYMANTA.<br \/>\nA continuaci\u00f3n detallamos por d\u00eda las actuaciones:<br \/>\n<strong>S\u00c1BADO 16<\/strong><br \/>\n\u2022 Apertura Escuela Folkl\u00f3rica Municipal<br \/>\n\u2022 APARCEROS<br \/>\n\u2022 EMILCE<br \/>\n\u2022 LOS MOSQUITOS<br \/>\n\u2022 VOCAL SHOW<br \/>\n\u2022 PE\u00d1A HUINCA MALAL<br \/>\n\u2022 KAYMANTA<br \/>\n\u2022 LOS REBELDES<br \/>\n<strong><br \/>\nDOMINGO 17<\/strong><br \/>\n\u2022 MAYRA ESQUIVEL ( Espect\u00e1culo Infantil con M\u00fasica de Disney);<br \/>\n\u2022 MARA<br \/>\n\u2022 Duo Aguado Paredes<br \/>\n\u2022 Escuela Folkl\u00f3rica Municipal<br \/>\n\u2022 LA OTRA PARTE<br \/>\n\u2022 FABIO GONZ\u00c1LEZ<\/p>\n","protected":false},"excerpt":{"rendered":"<p>Con nuevas propuestas culturales, deportivas, gastron\u00f3micas y de turismo activo, llega una nueva edici\u00f3n de la Fiesta de Vendimia. En esta oportunidad los visitantes se sumergir\u00e1n en la impronta del terru\u00f1o a trav\u00e9s de sus sabores. La 6ta edici\u00f3n de la FIESTA DE LA VENDIMIA, tendr\u00e1 lugar este 16 y 17 de marzo, en la [&hellip;]<\/p>\n","protected":false},"author":3,"featured_media":0,"comment_status":"closed","ping_status":"open","sticky":false,"template":"","format":"standard","meta":{"footnotes":""},"categories":[33],"tags":[],"class_list":["post-29745","post","type-post","status-publish","format-standard","hentry","category-turismo"],"yoast_head":"<!-- This site is optimized with the Yoast SEO plugin v25.9 - https:\/\/yoast.com\/wordpress\/plugins\/seo\/ -->\n<title>Llega este fin de semana la 6ta edici\u00f3n de la FIESTA DE LA VENDIMIA - Noticias Radio Reflejos<\/title>\n<meta name=\"robots\" content=\"index, follow, max-snippet:-1, max-image-preview:large, max-video-preview:-1\" \/>\n<link rel=\"canonical\" href=\"https:\/\/www.noticiasradioreflejos.com.ar\/2021\/llega-este-fin-de-semana-la-6ta-edicion-de-la-fiesta-de-la-vendimia\/\" \/>\n<meta property=\"og:locale\" content=\"es_ES\" \/>\n<meta property=\"og:type\" content=\"article\" \/>\n<meta property=\"og:title\" content=\"Llega este fin de semana la 6ta edici\u00f3n de la FIESTA DE LA VENDIMIA - Noticias Radio Reflejos\" \/>\n<meta property=\"og:description\" content=\"Con nuevas propuestas culturales, deportivas, gastron\u00f3micas y de turismo activo, llega una nueva edici\u00f3n de la Fiesta de Vendimia. En esta oportunidad los visitantes se sumergir\u00e1n en la impronta del terru\u00f1o a trav\u00e9s de sus sabores. La 6ta edici\u00f3n de la FIESTA DE LA VENDIMIA, tendr\u00e1 lugar este 16 y 17 de marzo, en la [&hellip;]\" \/>\n<meta property=\"og:url\" content=\"https:\/\/www.noticiasradioreflejos.com.ar\/2021\/llega-este-fin-de-semana-la-6ta-edicion-de-la-fiesta-de-la-vendimia\/\" \/>\n<meta property=\"og:site_name\" content=\"Noticias Radio Reflejos\" \/>\n<meta property=\"article:published_time\" content=\"2019-03-15T13:00:39+00:00\" \/>\n<meta property=\"og:image\" content=\"https:\/\/www.noticiasradioreflejos.com.ar\/2021\/wp-content\/uploads\/2021\/07\/logosol300x200.png\" \/>\n\t<meta property=\"og:image:width\" content=\"300\" \/>\n\t<meta property=\"og:image:height\" content=\"200\" \/>\n\t<meta property=\"og:image:type\" content=\"image\/png\" \/>\n<meta name=\"author\" content=\"Arnaldo Botto\" \/>\n<meta name=\"twitter:card\" content=\"summary_large_image\" \/>\n<script type=\"application\/ld+json\" class=\"yoast-schema-graph\">{\"@context\":\"https:\/\/schema.org\",\"@graph\":[{\"@type\":\"WebPage\",\"@id\":\"https:\/\/www.noticiasradioreflejos.com.ar\/2021\/llega-este-fin-de-semana-la-6ta-edicion-de-la-fiesta-de-la-vendimia\/\",\"url\":\"https:\/\/www.noticiasradioreflejos.com.ar\/2021\/llega-este-fin-de-semana-la-6ta-edicion-de-la-fiesta-de-la-vendimia\/\",\"name\":\"Llega este fin de semana la 6ta edici\u00f3n de la FIESTA DE LA VENDIMIA - Noticias Radio Reflejos\",\"isPartOf\":{\"@id\":\"https:\/\/www.noticiasradioreflejos.com.ar\/2021\/#website\"},\"datePublished\":\"2019-03-15T13:00:39+00:00\",\"author\":{\"@id\":\"https:\/\/www.noticiasradioreflejos.com.ar\/2021\/#\/schema\/person\/ad82545263dcc5ec0996818884fd5fb1\"},\"breadcrumb\":{\"@id\":\"https:\/\/www.noticiasradioreflejos.com.ar\/2021\/llega-este-fin-de-semana-la-6ta-edicion-de-la-fiesta-de-la-vendimia\/#breadcrumb\"},\"inLanguage\":\"es\",\"potentialAction\":[{\"@type\":\"ReadAction\",\"target\":[\"https:\/\/www.noticiasradioreflejos.com.ar\/2021\/llega-este-fin-de-semana-la-6ta-edicion-de-la-fiesta-de-la-vendimia\/\"]}]},{\"@type\":\"BreadcrumbList\",\"@id\":\"https:\/\/www.noticiasradioreflejos.com.ar\/2021\/llega-este-fin-de-semana-la-6ta-edicion-de-la-fiesta-de-la-vendimia\/#breadcrumb\",\"itemListElement\":[{\"@type\":\"ListItem\",\"position\":1,\"name\":\"Portada\",\"item\":\"https:\/\/www.noticiasradioreflejos.com.ar\/2021\/\"},{\"@type\":\"ListItem\",\"position\":2,\"name\":\"Llega este fin de semana la 6ta edici\u00f3n de la FIESTA DE LA VENDIMIA\"}]},{\"@type\":\"WebSite\",\"@id\":\"https:\/\/www.noticiasradioreflejos.com.ar\/2021\/#website\",\"url\":\"https:\/\/www.noticiasradioreflejos.com.ar\/2021\/\",\"name\":\"Noticias Radio Reflejos\",\"description\":\"Las noticias de mi comarca\",\"potentialAction\":[{\"@type\":\"SearchAction\",\"target\":{\"@type\":\"EntryPoint\",\"urlTemplate\":\"https:\/\/www.noticiasradioreflejos.com.ar\/2021\/?s={search_term_string}\"},\"query-input\":{\"@type\":\"PropertyValueSpecification\",\"valueRequired\":true,\"valueName\":\"search_term_string\"}}],\"inLanguage\":\"es\"},{\"@type\":\"Person\",\"@id\":\"https:\/\/www.noticiasradioreflejos.com.ar\/2021\/#\/schema\/person\/ad82545263dcc5ec0996818884fd5fb1\",\"name\":\"Arnaldo Botto\",\"image\":{\"@type\":\"ImageObject\",\"inLanguage\":\"es\",\"@id\":\"https:\/\/www.noticiasradioreflejos.com.ar\/2021\/#\/schema\/person\/image\/\",\"url\":\"https:\/\/secure.gravatar.com\/avatar\/55cb5e37c1efa326397366e6974cb338056df65cb50e7d64d1cf314e87504837?s=96&d=mm&r=g\",\"contentUrl\":\"https:\/\/secure.gravatar.com\/avatar\/55cb5e37c1efa326397366e6974cb338056df65cb50e7d64d1cf314e87504837?s=96&d=mm&r=g\",\"caption\":\"Arnaldo Botto\"},\"url\":\"https:\/\/www.noticiasradioreflejos.com.ar\/2021\/author\/arnaldo\/\"}]}<\/script>\n<!-- \/ Yoast SEO plugin. -->","yoast_head_json":{"title":"Llega este fin de semana la 6ta edici\u00f3n de la FIESTA DE LA VENDIMIA - Noticias Radio Reflejos","robots":{"index":"index","follow":"follow","max-snippet":"max-snippet:-1","max-image-preview":"max-image-preview:large","max-video-preview":"max-video-preview:-1"},"canonical":"https:\/\/www.noticiasradioreflejos.com.ar\/2021\/llega-este-fin-de-semana-la-6ta-edicion-de-la-fiesta-de-la-vendimia\/","og_locale":"es_ES","og_type":"article","og_title":"Llega este fin de semana la 6ta edici\u00f3n de la FIESTA DE LA VENDIMIA - Noticias Radio Reflejos","og_description":"Con nuevas propuestas culturales, deportivas, gastron\u00f3micas y de turismo activo, llega una nueva edici\u00f3n de la Fiesta de Vendimia. En esta oportunidad los visitantes se sumergir\u00e1n en la impronta del terru\u00f1o a trav\u00e9s de sus sabores. La 6ta edici\u00f3n de la FIESTA DE LA VENDIMIA, tendr\u00e1 lugar este 16 y 17 de marzo, en la [&hellip;]","og_url":"https:\/\/www.noticiasradioreflejos.com.ar\/2021\/llega-este-fin-de-semana-la-6ta-edicion-de-la-fiesta-de-la-vendimia\/","og_site_name":"Noticias Radio Reflejos","article_published_time":"2019-03-15T13:00:39+00:00","og_image":[{"width":300,"height":200,"url":"https:\/\/www.noticiasradioreflejos.com.ar\/2021\/wp-content\/uploads\/2021\/07\/logosol300x200.png","type":"image\/png"}],"author":"Arnaldo Botto","twitter_card":"summary_large_image","schema":{"@context":"https:\/\/schema.org","@graph":[{"@type":"WebPage","@id":"https:\/\/www.noticiasradioreflejos.com.ar\/2021\/llega-este-fin-de-semana-la-6ta-edicion-de-la-fiesta-de-la-vendimia\/","url":"https:\/\/www.noticiasradioreflejos.com.ar\/2021\/llega-este-fin-de-semana-la-6ta-edicion-de-la-fiesta-de-la-vendimia\/","name":"Llega este fin de semana la 6ta edici\u00f3n de la FIESTA DE LA VENDIMIA - Noticias Radio Reflejos","isPartOf":{"@id":"https:\/\/www.noticiasradioreflejos.com.ar\/2021\/#website"},"datePublished":"2019-03-15T13:00:39+00:00","author":{"@id":"https:\/\/www.noticiasradioreflejos.com.ar\/2021\/#\/schema\/person\/ad82545263dcc5ec0996818884fd5fb1"},"breadcrumb":{"@id":"https:\/\/www.noticiasradioreflejos.com.ar\/2021\/llega-este-fin-de-semana-la-6ta-edicion-de-la-fiesta-de-la-vendimia\/#breadcrumb"},"inLanguage":"es","potentialAction":[{"@type":"ReadAction","target":["https:\/\/www.noticiasradioreflejos.com.ar\/2021\/llega-este-fin-de-semana-la-6ta-edicion-de-la-fiesta-de-la-vendimia\/"]}]},{"@type":"BreadcrumbList","@id":"https:\/\/www.noticiasradioreflejos.com.ar\/2021\/llega-este-fin-de-semana-la-6ta-edicion-de-la-fiesta-de-la-vendimia\/#breadcrumb","itemListElement":[{"@type":"ListItem","position":1,"name":"Portada","item":"https:\/\/www.noticiasradioreflejos.com.ar\/2021\/"},{"@type":"ListItem","position":2,"name":"Llega este fin de semana la 6ta edici\u00f3n de la FIESTA DE LA VENDIMIA"}]},{"@type":"WebSite","@id":"https:\/\/www.noticiasradioreflejos.com.ar\/2021\/#website","url":"https:\/\/www.noticiasradioreflejos.com.ar\/2021\/","name":"Noticias Radio Reflejos","description":"Las noticias de mi comarca","potentialAction":[{"@type":"SearchAction","target":{"@type":"EntryPoint","urlTemplate":"https:\/\/www.noticiasradioreflejos.com.ar\/2021\/?s={search_term_string}"},"query-input":{"@type":"PropertyValueSpecification","valueRequired":true,"valueName":"search_term_string"}}],"inLanguage":"es"},{"@type":"Person","@id":"https:\/\/www.noticiasradioreflejos.com.ar\/2021\/#\/schema\/person\/ad82545263dcc5ec0996818884fd5fb1","name":"Arnaldo Botto","image":{"@type":"ImageObject","inLanguage":"es","@id":"https:\/\/www.noticiasradioreflejos.com.ar\/2021\/#\/schema\/person\/image\/","url":"https:\/\/secure.gravatar.com\/avatar\/55cb5e37c1efa326397366e6974cb338056df65cb50e7d64d1cf314e87504837?s=96&d=mm&r=g","contentUrl":"https:\/\/secure.gravatar.com\/avatar\/55cb5e37c1efa326397366e6974cb338056df65cb50e7d64d1cf314e87504837?s=96&d=mm&r=g","caption":"Arnaldo Botto"},"url":"https:\/\/www.noticiasradioreflejos.com.ar\/2021\/author\/arnaldo\/"}]}},"_links":{"self":[{"href":"https:\/\/www.noticiasradioreflejos.com.ar\/2021\/wp-json\/wp\/v2\/posts\/29745","targetHints":{"allow":["GET"]}}],"collection":[{"href":"https:\/\/www.noticiasradioreflejos.com.ar\/2021\/wp-json\/wp\/v2\/posts"}],"about":[{"href":"https:\/\/www.noticiasradioreflejos.com.ar\/2021\/wp-json\/wp\/v2\/types\/post"}],"author":[{"embeddable":true,"href":"https:\/\/www.noticiasradioreflejos.com.ar\/2021\/wp-json\/wp\/v2\/users\/3"}],"replies":[{"embeddable":true,"href":"https:\/\/www.noticiasradioreflejos.com.ar\/2021\/wp-json\/wp\/v2\/comments?post=29745"}],"version-history":[{"count":0,"href":"https:\/\/www.noticiasradioreflejos.com.ar\/2021\/wp-json\/wp\/v2\/posts\/29745\/revisions"}],"wp:attachment":[{"href":"https:\/\/www.noticiasradioreflejos.com.ar\/2021\/wp-json\/wp\/v2\/media?parent=29745"}],"wp:term":[{"taxonomy":"category","embeddable":true,"href":"https:\/\/www.noticiasradioreflejos.com.ar\/2021\/wp-json\/wp\/v2\/categories?post=29745"},{"taxonomy":"post_tag","embeddable":true,"href":"https:\/\/www.noticiasradioreflejos.com.ar\/2021\/wp-json\/wp\/v2\/tags?post=29745"}],"curies":[{"name":"wp","href":"https:\/\/api.w.org\/{rel}","templated":true}]}}