{"id":29742,"date":"2019-03-15T09:58:41","date_gmt":"2019-03-15T12:58:41","guid":{"rendered":"http:\/\/www.noticiasradioreflejos.com.ar\/noticias\/?p=29742"},"modified":"2019-03-15T09:58:41","modified_gmt":"2019-03-15T12:58:41","slug":"volco-un-camion-a-la-altura-del-puente-en-curva-cercano-a-pasman-sobre-ruta-85","status":"publish","type":"post","link":"https:\/\/www.noticiasradioreflejos.com.ar\/2021\/volco-un-camion-a-la-altura-del-puente-en-curva-cercano-a-pasman-sobre-ruta-85\/","title":{"rendered":"Volc\u00f3 un cami\u00f3n a la altura del puente en curva cercano a Pasman, sobre Ruta 85."},"content":{"rendered":"<p>Se solicita circular con precauci\u00f3n. Pasadas las 7 de la ma\u00f1ana del viernes se produjo el vuelco de un cami\u00f3n con acoplado en la ruta 85 en proximidades del puente del Arroyo Cura Malal.<!--more--><br \/>\nPor causas que se tratan de establecer, el veh\u00edculo rompi\u00f3 la contenci\u00f3n del puente y termin\u00f3 volcado en la banquina opuesta a la que circulaba, inmediatamente despu\u00e9s de pasar el puente.<br \/>\nAfortunadamente no se registraron heridos por lo que no se labran actuaciones policiales, no obstante personal del Puesto de Avanzada de Pasman y la Comisar\u00eda 1\u00ba de Coronel Su\u00e1rez se encuentran en el lugar de manera preventiva hasta tanto el rodado sea retirado del lugar.<br \/>\nPor tal motivo se solicita a los automovilistas circular con extrema precauci\u00f3n a la altura del puente mencionado.<\/p>\n","protected":false},"excerpt":{"rendered":"<p>Se solicita circular con precauci\u00f3n. Pasadas las 7 de la ma\u00f1ana del viernes se produjo el vuelco de un cami\u00f3n con acoplado en la ruta 85 en proximidades del puente del Arroyo Cura Malal.<\/p>\n","protected":false},"author":3,"featured_media":0,"comment_status":"closed","ping_status":"open","sticky":false,"template":"","format":"standard","meta":{"footnotes":""},"categories":[29],"tags":[],"class_list":["post-29742","post","type-post","status-publish","format-standard","hentry","category-policiales"],"yoast_head":"<!-- This site is optimized with the Yoast SEO plugin v25.9 - https:\/\/yoast.com\/wordpress\/plugins\/seo\/ -->\n<title>Volc\u00f3 un cami\u00f3n a la altura del puente en curva cercano a Pasman, sobre Ruta 85. - Noticias Radio Reflejos<\/title>\n<meta name=\"robots\" content=\"index, follow, max-snippet:-1, max-image-preview:large, max-video-preview:-1\" \/>\n<link rel=\"canonical\" href=\"https:\/\/www.noticiasradioreflejos.com.ar\/2021\/volco-un-camion-a-la-altura-del-puente-en-curva-cercano-a-pasman-sobre-ruta-85\/\" \/>\n<meta property=\"og:locale\" content=\"es_ES\" \/>\n<meta property=\"og:type\" content=\"article\" \/>\n<meta property=\"og:title\" content=\"Volc\u00f3 un cami\u00f3n a la altura del puente en curva cercano a Pasman, sobre Ruta 85. - Noticias Radio Reflejos\" \/>\n<meta property=\"og:description\" content=\"Se solicita circular con precauci\u00f3n. Pasadas las 7 de la ma\u00f1ana del viernes se produjo el vuelco de un cami\u00f3n con acoplado en la ruta 85 en proximidades del puente del Arroyo Cura Malal.\" \/>\n<meta property=\"og:url\" content=\"https:\/\/www.noticiasradioreflejos.com.ar\/2021\/volco-un-camion-a-la-altura-del-puente-en-curva-cercano-a-pasman-sobre-ruta-85\/\" \/>\n<meta property=\"og:site_name\" content=\"Noticias Radio Reflejos\" \/>\n<meta property=\"article:published_time\" content=\"2019-03-15T12:58:41+00:00\" \/>\n<meta property=\"og:image\" content=\"https:\/\/www.noticiasradioreflejos.com.ar\/2021\/wp-content\/uploads\/2021\/07\/logosol300x200.png\" \/>\n\t<meta property=\"og:image:width\" content=\"300\" \/>\n\t<meta property=\"og:image:height\" content=\"200\" \/>\n\t<meta property=\"og:image:type\" content=\"image\/png\" \/>\n<meta name=\"author\" content=\"Arnaldo Botto\" \/>\n<meta name=\"twitter:card\" content=\"summary_large_image\" \/>\n<script type=\"application\/ld+json\" class=\"yoast-schema-graph\">{\"@context\":\"https:\/\/schema.org\",\"@graph\":[{\"@type\":\"WebPage\",\"@id\":\"https:\/\/www.noticiasradioreflejos.com.ar\/2021\/volco-un-camion-a-la-altura-del-puente-en-curva-cercano-a-pasman-sobre-ruta-85\/\",\"url\":\"https:\/\/www.noticiasradioreflejos.com.ar\/2021\/volco-un-camion-a-la-altura-del-puente-en-curva-cercano-a-pasman-sobre-ruta-85\/\",\"name\":\"Volc\u00f3 un cami\u00f3n a la altura del puente en curva cercano a Pasman, sobre Ruta 85. - Noticias Radio Reflejos\",\"isPartOf\":{\"@id\":\"https:\/\/www.noticiasradioreflejos.com.ar\/2021\/#website\"},\"datePublished\":\"2019-03-15T12:58:41+00:00\",\"author\":{\"@id\":\"https:\/\/www.noticiasradioreflejos.com.ar\/2021\/#\/schema\/person\/ad82545263dcc5ec0996818884fd5fb1\"},\"breadcrumb\":{\"@id\":\"https:\/\/www.noticiasradioreflejos.com.ar\/2021\/volco-un-camion-a-la-altura-del-puente-en-curva-cercano-a-pasman-sobre-ruta-85\/#breadcrumb\"},\"inLanguage\":\"es\",\"potentialAction\":[{\"@type\":\"ReadAction\",\"target\":[\"https:\/\/www.noticiasradioreflejos.com.ar\/2021\/volco-un-camion-a-la-altura-del-puente-en-curva-cercano-a-pasman-sobre-ruta-85\/\"]}]},{\"@type\":\"BreadcrumbList\",\"@id\":\"https:\/\/www.noticiasradioreflejos.com.ar\/2021\/volco-un-camion-a-la-altura-del-puente-en-curva-cercano-a-pasman-sobre-ruta-85\/#breadcrumb\",\"itemListElement\":[{\"@type\":\"ListItem\",\"position\":1,\"name\":\"Portada\",\"item\":\"https:\/\/www.noticiasradioreflejos.com.ar\/2021\/\"},{\"@type\":\"ListItem\",\"position\":2,\"name\":\"Volc\u00f3 un cami\u00f3n a la altura del puente en curva cercano a Pasman, sobre Ruta 85.\"}]},{\"@type\":\"WebSite\",\"@id\":\"https:\/\/www.noticiasradioreflejos.com.ar\/2021\/#website\",\"url\":\"https:\/\/www.noticiasradioreflejos.com.ar\/2021\/\",\"name\":\"Noticias Radio Reflejos\",\"description\":\"Las noticias de mi comarca\",\"potentialAction\":[{\"@type\":\"SearchAction\",\"target\":{\"@type\":\"EntryPoint\",\"urlTemplate\":\"https:\/\/www.noticiasradioreflejos.com.ar\/2021\/?s={search_term_string}\"},\"query-input\":{\"@type\":\"PropertyValueSpecification\",\"valueRequired\":true,\"valueName\":\"search_term_string\"}}],\"inLanguage\":\"es\"},{\"@type\":\"Person\",\"@id\":\"https:\/\/www.noticiasradioreflejos.com.ar\/2021\/#\/schema\/person\/ad82545263dcc5ec0996818884fd5fb1\",\"name\":\"Arnaldo Botto\",\"image\":{\"@type\":\"ImageObject\",\"inLanguage\":\"es\",\"@id\":\"https:\/\/www.noticiasradioreflejos.com.ar\/2021\/#\/schema\/person\/image\/\",\"url\":\"https:\/\/secure.gravatar.com\/avatar\/55cb5e37c1efa326397366e6974cb338056df65cb50e7d64d1cf314e87504837?s=96&d=mm&r=g\",\"contentUrl\":\"https:\/\/secure.gravatar.com\/avatar\/55cb5e37c1efa326397366e6974cb338056df65cb50e7d64d1cf314e87504837?s=96&d=mm&r=g\",\"caption\":\"Arnaldo Botto\"},\"url\":\"https:\/\/www.noticiasradioreflejos.com.ar\/2021\/author\/arnaldo\/\"}]}<\/script>\n<!-- \/ Yoast SEO plugin. -->","yoast_head_json":{"title":"Volc\u00f3 un cami\u00f3n a la altura del puente en curva cercano a Pasman, sobre Ruta 85. - Noticias Radio Reflejos","robots":{"index":"index","follow":"follow","max-snippet":"max-snippet:-1","max-image-preview":"max-image-preview:large","max-video-preview":"max-video-preview:-1"},"canonical":"https:\/\/www.noticiasradioreflejos.com.ar\/2021\/volco-un-camion-a-la-altura-del-puente-en-curva-cercano-a-pasman-sobre-ruta-85\/","og_locale":"es_ES","og_type":"article","og_title":"Volc\u00f3 un cami\u00f3n a la altura del puente en curva cercano a Pasman, sobre Ruta 85. - Noticias Radio Reflejos","og_description":"Se solicita circular con precauci\u00f3n. Pasadas las 7 de la ma\u00f1ana del viernes se produjo el vuelco de un cami\u00f3n con acoplado en la ruta 85 en proximidades del puente del Arroyo Cura Malal.","og_url":"https:\/\/www.noticiasradioreflejos.com.ar\/2021\/volco-un-camion-a-la-altura-del-puente-en-curva-cercano-a-pasman-sobre-ruta-85\/","og_site_name":"Noticias Radio Reflejos","article_published_time":"2019-03-15T12:58:41+00:00","og_image":[{"width":300,"height":200,"url":"https:\/\/www.noticiasradioreflejos.com.ar\/2021\/wp-content\/uploads\/2021\/07\/logosol300x200.png","type":"image\/png"}],"author":"Arnaldo Botto","twitter_card":"summary_large_image","schema":{"@context":"https:\/\/schema.org","@graph":[{"@type":"WebPage","@id":"https:\/\/www.noticiasradioreflejos.com.ar\/2021\/volco-un-camion-a-la-altura-del-puente-en-curva-cercano-a-pasman-sobre-ruta-85\/","url":"https:\/\/www.noticiasradioreflejos.com.ar\/2021\/volco-un-camion-a-la-altura-del-puente-en-curva-cercano-a-pasman-sobre-ruta-85\/","name":"Volc\u00f3 un cami\u00f3n a la altura del puente en curva cercano a Pasman, sobre Ruta 85. - Noticias Radio Reflejos","isPartOf":{"@id":"https:\/\/www.noticiasradioreflejos.com.ar\/2021\/#website"},"datePublished":"2019-03-15T12:58:41+00:00","author":{"@id":"https:\/\/www.noticiasradioreflejos.com.ar\/2021\/#\/schema\/person\/ad82545263dcc5ec0996818884fd5fb1"},"breadcrumb":{"@id":"https:\/\/www.noticiasradioreflejos.com.ar\/2021\/volco-un-camion-a-la-altura-del-puente-en-curva-cercano-a-pasman-sobre-ruta-85\/#breadcrumb"},"inLanguage":"es","potentialAction":[{"@type":"ReadAction","target":["https:\/\/www.noticiasradioreflejos.com.ar\/2021\/volco-un-camion-a-la-altura-del-puente-en-curva-cercano-a-pasman-sobre-ruta-85\/"]}]},{"@type":"BreadcrumbList","@id":"https:\/\/www.noticiasradioreflejos.com.ar\/2021\/volco-un-camion-a-la-altura-del-puente-en-curva-cercano-a-pasman-sobre-ruta-85\/#breadcrumb","itemListElement":[{"@type":"ListItem","position":1,"name":"Portada","item":"https:\/\/www.noticiasradioreflejos.com.ar\/2021\/"},{"@type":"ListItem","position":2,"name":"Volc\u00f3 un cami\u00f3n a la altura del puente en curva cercano a Pasman, sobre Ruta 85."}]},{"@type":"WebSite","@id":"https:\/\/www.noticiasradioreflejos.com.ar\/2021\/#website","url":"https:\/\/www.noticiasradioreflejos.com.ar\/2021\/","name":"Noticias Radio Reflejos","description":"Las noticias de mi comarca","potentialAction":[{"@type":"SearchAction","target":{"@type":"EntryPoint","urlTemplate":"https:\/\/www.noticiasradioreflejos.com.ar\/2021\/?s={search_term_string}"},"query-input":{"@type":"PropertyValueSpecification","valueRequired":true,"valueName":"search_term_string"}}],"inLanguage":"es"},{"@type":"Person","@id":"https:\/\/www.noticiasradioreflejos.com.ar\/2021\/#\/schema\/person\/ad82545263dcc5ec0996818884fd5fb1","name":"Arnaldo Botto","image":{"@type":"ImageObject","inLanguage":"es","@id":"https:\/\/www.noticiasradioreflejos.com.ar\/2021\/#\/schema\/person\/image\/","url":"https:\/\/secure.gravatar.com\/avatar\/55cb5e37c1efa326397366e6974cb338056df65cb50e7d64d1cf314e87504837?s=96&d=mm&r=g","contentUrl":"https:\/\/secure.gravatar.com\/avatar\/55cb5e37c1efa326397366e6974cb338056df65cb50e7d64d1cf314e87504837?s=96&d=mm&r=g","caption":"Arnaldo Botto"},"url":"https:\/\/www.noticiasradioreflejos.com.ar\/2021\/author\/arnaldo\/"}]}},"_links":{"self":[{"href":"https:\/\/www.noticiasradioreflejos.com.ar\/2021\/wp-json\/wp\/v2\/posts\/29742","targetHints":{"allow":["GET"]}}],"collection":[{"href":"https:\/\/www.noticiasradioreflejos.com.ar\/2021\/wp-json\/wp\/v2\/posts"}],"about":[{"href":"https:\/\/www.noticiasradioreflejos.com.ar\/2021\/wp-json\/wp\/v2\/types\/post"}],"author":[{"embeddable":true,"href":"https:\/\/www.noticiasradioreflejos.com.ar\/2021\/wp-json\/wp\/v2\/users\/3"}],"replies":[{"embeddable":true,"href":"https:\/\/www.noticiasradioreflejos.com.ar\/2021\/wp-json\/wp\/v2\/comments?post=29742"}],"version-history":[{"count":0,"href":"https:\/\/www.noticiasradioreflejos.com.ar\/2021\/wp-json\/wp\/v2\/posts\/29742\/revisions"}],"wp:attachment":[{"href":"https:\/\/www.noticiasradioreflejos.com.ar\/2021\/wp-json\/wp\/v2\/media?parent=29742"}],"wp:term":[{"taxonomy":"category","embeddable":true,"href":"https:\/\/www.noticiasradioreflejos.com.ar\/2021\/wp-json\/wp\/v2\/categories?post=29742"},{"taxonomy":"post_tag","embeddable":true,"href":"https:\/\/www.noticiasradioreflejos.com.ar\/2021\/wp-json\/wp\/v2\/tags?post=29742"}],"curies":[{"name":"wp","href":"https:\/\/api.w.org\/{rel}","templated":true}]}}