{"id":29730,"date":"2019-03-15T08:09:35","date_gmt":"2019-03-15T11:09:35","guid":{"rendered":"http:\/\/www.noticiasradioreflejos.com.ar\/noticias\/?p=29730"},"modified":"2019-03-15T08:09:35","modified_gmt":"2019-03-15T11:09:35","slug":"lluvias-en-la-comarca-y-persiste-el-alerta-meteorologico","status":"publish","type":"post","link":"https:\/\/www.noticiasradioreflejos.com.ar\/2021\/lluvias-en-la-comarca-y-persiste-el-alerta-meteorologico\/","title":{"rendered":"LLuvias en la Comarca y persiste el alerta meteorol\u00f3gico."},"content":{"rendered":"<p>El Alerta emitido por el SMN contin\u00faa en todo el Sudoeste de la provincia de Buenos Aires, Oeste de C\u00f3rdoba, Este de La Pampa, Sur de La Rioja, Centro y norte de Mendoza, Este de San Juan, San Luis. En Sierra de la Ventana se produjeron lluvias suaves, con actividad el\u00e9ctrica desde la noche de ayer, Las precipitaciones alcanzaron los 7,3 mm en la zona urbana. <!--more--><br \/>\nEl pron\u00f3stico para hoy y ma\u00f1ana anuncia tiempo inestable, con alerta por lluvias y tormentas de variada intensidad. Se prev\u00e9 que durante las pr\u00f3ximas horas algunas puedan ser fuertes acompa\u00f1adas de r\u00e1fagas, fuerte actividad el\u00e9ctrica, ocasional ca\u00edda de granizo y abundante ca\u00edda de agua en cortos per\u00edodos y de forma localizada.<br \/>\n<strong>Totales de lluvias en la zona<\/strong><br \/>\n7.3 mm en Sierra de la Ventana<br \/>\n8 mm en Calqu\u00edn<br \/>\n8 mm en Villa Ventana.<br \/>\n6.9 mm en Tornquist<br \/>\n23 mm en Chasic\u00f3<br \/>\n4.5 mm en Funke<br \/>\n7 mm en Tres Picos<br \/>\n7 mm Bah\u00eda Blanca<br \/>\n6 mm en Dufaur<br \/>\n3. mm en El Pantanoso<br \/>\n1 mm en Cabildo<br \/>\n2 mm en Fra Pal<br \/>\n1.2 mm en Bajo Hondo<br \/>\n57 mm en 17 de Agosto<br \/>\n49 mm en Carhu\u00e9<br \/>\n15 mm en Puan<br \/>\n12.5 mm en Pig\u00fc\u00e9<br \/>\n0.4 mm en Cnel Pringles<\/p>\n","protected":false},"excerpt":{"rendered":"<p>El Alerta emitido por el SMN contin\u00faa en todo el Sudoeste de la provincia de Buenos Aires, Oeste de C\u00f3rdoba, Este de La Pampa, Sur de La Rioja, Centro y norte de Mendoza, Este de San Juan, San Luis. En Sierra de la Ventana se produjeron lluvias suaves, con actividad el\u00e9ctrica desde la noche de [&hellip;]<\/p>\n","protected":false},"author":3,"featured_media":0,"comment_status":"closed","ping_status":"open","sticky":false,"template":"","format":"standard","meta":{"footnotes":""},"categories":[26],"tags":[],"class_list":["post-29730","post","type-post","status-publish","format-standard","hentry","category-sociedad"],"yoast_head":"<!-- This site is optimized with the Yoast SEO plugin v25.9 - https:\/\/yoast.com\/wordpress\/plugins\/seo\/ -->\n<title>LLuvias en la Comarca y persiste el alerta meteorol\u00f3gico. - Noticias Radio Reflejos<\/title>\n<meta name=\"robots\" content=\"index, follow, max-snippet:-1, max-image-preview:large, max-video-preview:-1\" \/>\n<link rel=\"canonical\" href=\"https:\/\/www.noticiasradioreflejos.com.ar\/2021\/lluvias-en-la-comarca-y-persiste-el-alerta-meteorologico\/\" \/>\n<meta property=\"og:locale\" content=\"es_ES\" \/>\n<meta property=\"og:type\" content=\"article\" \/>\n<meta property=\"og:title\" content=\"LLuvias en la Comarca y persiste el alerta meteorol\u00f3gico. - Noticias Radio Reflejos\" \/>\n<meta property=\"og:description\" content=\"El Alerta emitido por el SMN contin\u00faa en todo el Sudoeste de la provincia de Buenos Aires, Oeste de C\u00f3rdoba, Este de La Pampa, Sur de La Rioja, Centro y norte de Mendoza, Este de San Juan, San Luis. En Sierra de la Ventana se produjeron lluvias suaves, con actividad el\u00e9ctrica desde la noche de [&hellip;]\" \/>\n<meta property=\"og:url\" content=\"https:\/\/www.noticiasradioreflejos.com.ar\/2021\/lluvias-en-la-comarca-y-persiste-el-alerta-meteorologico\/\" \/>\n<meta property=\"og:site_name\" content=\"Noticias Radio Reflejos\" \/>\n<meta property=\"article:published_time\" content=\"2019-03-15T11:09:35+00:00\" \/>\n<meta property=\"og:image\" content=\"https:\/\/www.noticiasradioreflejos.com.ar\/2021\/wp-content\/uploads\/2021\/07\/logosol300x200.png\" \/>\n\t<meta property=\"og:image:width\" content=\"300\" \/>\n\t<meta property=\"og:image:height\" content=\"200\" \/>\n\t<meta property=\"og:image:type\" content=\"image\/png\" \/>\n<meta name=\"author\" content=\"Arnaldo Botto\" \/>\n<meta name=\"twitter:card\" content=\"summary_large_image\" \/>\n<script type=\"application\/ld+json\" class=\"yoast-schema-graph\">{\"@context\":\"https:\/\/schema.org\",\"@graph\":[{\"@type\":\"WebPage\",\"@id\":\"https:\/\/www.noticiasradioreflejos.com.ar\/2021\/lluvias-en-la-comarca-y-persiste-el-alerta-meteorologico\/\",\"url\":\"https:\/\/www.noticiasradioreflejos.com.ar\/2021\/lluvias-en-la-comarca-y-persiste-el-alerta-meteorologico\/\",\"name\":\"LLuvias en la Comarca y persiste el alerta meteorol\u00f3gico. - Noticias Radio Reflejos\",\"isPartOf\":{\"@id\":\"https:\/\/www.noticiasradioreflejos.com.ar\/2021\/#website\"},\"datePublished\":\"2019-03-15T11:09:35+00:00\",\"author\":{\"@id\":\"https:\/\/www.noticiasradioreflejos.com.ar\/2021\/#\/schema\/person\/ad82545263dcc5ec0996818884fd5fb1\"},\"breadcrumb\":{\"@id\":\"https:\/\/www.noticiasradioreflejos.com.ar\/2021\/lluvias-en-la-comarca-y-persiste-el-alerta-meteorologico\/#breadcrumb\"},\"inLanguage\":\"es\",\"potentialAction\":[{\"@type\":\"ReadAction\",\"target\":[\"https:\/\/www.noticiasradioreflejos.com.ar\/2021\/lluvias-en-la-comarca-y-persiste-el-alerta-meteorologico\/\"]}]},{\"@type\":\"BreadcrumbList\",\"@id\":\"https:\/\/www.noticiasradioreflejos.com.ar\/2021\/lluvias-en-la-comarca-y-persiste-el-alerta-meteorologico\/#breadcrumb\",\"itemListElement\":[{\"@type\":\"ListItem\",\"position\":1,\"name\":\"Portada\",\"item\":\"https:\/\/www.noticiasradioreflejos.com.ar\/2021\/\"},{\"@type\":\"ListItem\",\"position\":2,\"name\":\"LLuvias en la Comarca y persiste el alerta meteorol\u00f3gico.\"}]},{\"@type\":\"WebSite\",\"@id\":\"https:\/\/www.noticiasradioreflejos.com.ar\/2021\/#website\",\"url\":\"https:\/\/www.noticiasradioreflejos.com.ar\/2021\/\",\"name\":\"Noticias Radio Reflejos\",\"description\":\"Las noticias de mi comarca\",\"potentialAction\":[{\"@type\":\"SearchAction\",\"target\":{\"@type\":\"EntryPoint\",\"urlTemplate\":\"https:\/\/www.noticiasradioreflejos.com.ar\/2021\/?s={search_term_string}\"},\"query-input\":{\"@type\":\"PropertyValueSpecification\",\"valueRequired\":true,\"valueName\":\"search_term_string\"}}],\"inLanguage\":\"es\"},{\"@type\":\"Person\",\"@id\":\"https:\/\/www.noticiasradioreflejos.com.ar\/2021\/#\/schema\/person\/ad82545263dcc5ec0996818884fd5fb1\",\"name\":\"Arnaldo Botto\",\"image\":{\"@type\":\"ImageObject\",\"inLanguage\":\"es\",\"@id\":\"https:\/\/www.noticiasradioreflejos.com.ar\/2021\/#\/schema\/person\/image\/\",\"url\":\"https:\/\/secure.gravatar.com\/avatar\/55cb5e37c1efa326397366e6974cb338056df65cb50e7d64d1cf314e87504837?s=96&d=mm&r=g\",\"contentUrl\":\"https:\/\/secure.gravatar.com\/avatar\/55cb5e37c1efa326397366e6974cb338056df65cb50e7d64d1cf314e87504837?s=96&d=mm&r=g\",\"caption\":\"Arnaldo Botto\"},\"url\":\"https:\/\/www.noticiasradioreflejos.com.ar\/2021\/author\/arnaldo\/\"}]}<\/script>\n<!-- \/ Yoast SEO plugin. -->","yoast_head_json":{"title":"LLuvias en la Comarca y persiste el alerta meteorol\u00f3gico. - Noticias Radio Reflejos","robots":{"index":"index","follow":"follow","max-snippet":"max-snippet:-1","max-image-preview":"max-image-preview:large","max-video-preview":"max-video-preview:-1"},"canonical":"https:\/\/www.noticiasradioreflejos.com.ar\/2021\/lluvias-en-la-comarca-y-persiste-el-alerta-meteorologico\/","og_locale":"es_ES","og_type":"article","og_title":"LLuvias en la Comarca y persiste el alerta meteorol\u00f3gico. - Noticias Radio Reflejos","og_description":"El Alerta emitido por el SMN contin\u00faa en todo el Sudoeste de la provincia de Buenos Aires, Oeste de C\u00f3rdoba, Este de La Pampa, Sur de La Rioja, Centro y norte de Mendoza, Este de San Juan, San Luis. En Sierra de la Ventana se produjeron lluvias suaves, con actividad el\u00e9ctrica desde la noche de [&hellip;]","og_url":"https:\/\/www.noticiasradioreflejos.com.ar\/2021\/lluvias-en-la-comarca-y-persiste-el-alerta-meteorologico\/","og_site_name":"Noticias Radio Reflejos","article_published_time":"2019-03-15T11:09:35+00:00","og_image":[{"width":300,"height":200,"url":"https:\/\/www.noticiasradioreflejos.com.ar\/2021\/wp-content\/uploads\/2021\/07\/logosol300x200.png","type":"image\/png"}],"author":"Arnaldo Botto","twitter_card":"summary_large_image","schema":{"@context":"https:\/\/schema.org","@graph":[{"@type":"WebPage","@id":"https:\/\/www.noticiasradioreflejos.com.ar\/2021\/lluvias-en-la-comarca-y-persiste-el-alerta-meteorologico\/","url":"https:\/\/www.noticiasradioreflejos.com.ar\/2021\/lluvias-en-la-comarca-y-persiste-el-alerta-meteorologico\/","name":"LLuvias en la Comarca y persiste el alerta meteorol\u00f3gico. - Noticias Radio Reflejos","isPartOf":{"@id":"https:\/\/www.noticiasradioreflejos.com.ar\/2021\/#website"},"datePublished":"2019-03-15T11:09:35+00:00","author":{"@id":"https:\/\/www.noticiasradioreflejos.com.ar\/2021\/#\/schema\/person\/ad82545263dcc5ec0996818884fd5fb1"},"breadcrumb":{"@id":"https:\/\/www.noticiasradioreflejos.com.ar\/2021\/lluvias-en-la-comarca-y-persiste-el-alerta-meteorologico\/#breadcrumb"},"inLanguage":"es","potentialAction":[{"@type":"ReadAction","target":["https:\/\/www.noticiasradioreflejos.com.ar\/2021\/lluvias-en-la-comarca-y-persiste-el-alerta-meteorologico\/"]}]},{"@type":"BreadcrumbList","@id":"https:\/\/www.noticiasradioreflejos.com.ar\/2021\/lluvias-en-la-comarca-y-persiste-el-alerta-meteorologico\/#breadcrumb","itemListElement":[{"@type":"ListItem","position":1,"name":"Portada","item":"https:\/\/www.noticiasradioreflejos.com.ar\/2021\/"},{"@type":"ListItem","position":2,"name":"LLuvias en la Comarca y persiste el alerta meteorol\u00f3gico."}]},{"@type":"WebSite","@id":"https:\/\/www.noticiasradioreflejos.com.ar\/2021\/#website","url":"https:\/\/www.noticiasradioreflejos.com.ar\/2021\/","name":"Noticias Radio Reflejos","description":"Las noticias de mi comarca","potentialAction":[{"@type":"SearchAction","target":{"@type":"EntryPoint","urlTemplate":"https:\/\/www.noticiasradioreflejos.com.ar\/2021\/?s={search_term_string}"},"query-input":{"@type":"PropertyValueSpecification","valueRequired":true,"valueName":"search_term_string"}}],"inLanguage":"es"},{"@type":"Person","@id":"https:\/\/www.noticiasradioreflejos.com.ar\/2021\/#\/schema\/person\/ad82545263dcc5ec0996818884fd5fb1","name":"Arnaldo Botto","image":{"@type":"ImageObject","inLanguage":"es","@id":"https:\/\/www.noticiasradioreflejos.com.ar\/2021\/#\/schema\/person\/image\/","url":"https:\/\/secure.gravatar.com\/avatar\/55cb5e37c1efa326397366e6974cb338056df65cb50e7d64d1cf314e87504837?s=96&d=mm&r=g","contentUrl":"https:\/\/secure.gravatar.com\/avatar\/55cb5e37c1efa326397366e6974cb338056df65cb50e7d64d1cf314e87504837?s=96&d=mm&r=g","caption":"Arnaldo Botto"},"url":"https:\/\/www.noticiasradioreflejos.com.ar\/2021\/author\/arnaldo\/"}]}},"_links":{"self":[{"href":"https:\/\/www.noticiasradioreflejos.com.ar\/2021\/wp-json\/wp\/v2\/posts\/29730","targetHints":{"allow":["GET"]}}],"collection":[{"href":"https:\/\/www.noticiasradioreflejos.com.ar\/2021\/wp-json\/wp\/v2\/posts"}],"about":[{"href":"https:\/\/www.noticiasradioreflejos.com.ar\/2021\/wp-json\/wp\/v2\/types\/post"}],"author":[{"embeddable":true,"href":"https:\/\/www.noticiasradioreflejos.com.ar\/2021\/wp-json\/wp\/v2\/users\/3"}],"replies":[{"embeddable":true,"href":"https:\/\/www.noticiasradioreflejos.com.ar\/2021\/wp-json\/wp\/v2\/comments?post=29730"}],"version-history":[{"count":0,"href":"https:\/\/www.noticiasradioreflejos.com.ar\/2021\/wp-json\/wp\/v2\/posts\/29730\/revisions"}],"wp:attachment":[{"href":"https:\/\/www.noticiasradioreflejos.com.ar\/2021\/wp-json\/wp\/v2\/media?parent=29730"}],"wp:term":[{"taxonomy":"category","embeddable":true,"href":"https:\/\/www.noticiasradioreflejos.com.ar\/2021\/wp-json\/wp\/v2\/categories?post=29730"},{"taxonomy":"post_tag","embeddable":true,"href":"https:\/\/www.noticiasradioreflejos.com.ar\/2021\/wp-json\/wp\/v2\/tags?post=29730"}],"curies":[{"name":"wp","href":"https:\/\/api.w.org\/{rel}","templated":true}]}}