{"id":29728,"date":"2019-03-14T17:21:18","date_gmt":"2019-03-14T20:21:18","guid":{"rendered":"http:\/\/www.noticiasradioreflejos.com.ar\/noticias\/?p=29728"},"modified":"2019-03-14T17:21:18","modified_gmt":"2019-03-14T20:21:18","slug":"cierre-de-actividades-por-el-dia-internacional-de-la-mujer","status":"publish","type":"post","link":"https:\/\/www.noticiasradioreflejos.com.ar\/2021\/cierre-de-actividades-por-el-dia-internacional-de-la-mujer\/","title":{"rendered":"Cierre de actividades por el &quot;D\u00eda Internacional de la Mujer&quot;."},"content":{"rendered":"<p><a title=\"Foto de Iv\u00e1n\" href=\"http:\/\/farm8.staticflickr.com\/7842\/32438746257_93cbebb8e2.jpg\" rel=\"\"><img loading=\"lazy\" decoding=\"async\" class=\"alignleft\" style=\"float: left;\" title=\"Foto de Iv\u00e1n\" src=\"http:\/\/farm8.staticflickr.com\/7842\/32438746257_93cbebb8e2.jpg\" alt=\"Foto de Iv\u00e1n\" width=\"500\" height=\"500\" \/><\/a>\u201cMelod\u00eda de Mujeres\u201d es el evento que cierra la semana de actividades programadas para conmemorar el D\u00eda Internacional de la Mujer.<!--more--><br \/>\nEl evento musical se llevar\u00e1 a cabo ma\u00f1ana, viernes 15, a las 20.00 hs. en teatro Rodolfo Funke.<br \/>\nAcercate a disfrutar de las voces de un grupo de artistas locales y del Tr\u00edo Vocal L\u00edrico proveniente de Bah\u00eda Blanca.<\/p>\n","protected":false},"excerpt":{"rendered":"<p>\u201cMelod\u00eda de Mujeres\u201d es el evento que cierra la semana de actividades programadas para conmemorar el D\u00eda Internacional de la Mujer.<\/p>\n","protected":false},"author":3,"featured_media":0,"comment_status":"closed","ping_status":"open","sticky":false,"template":"","format":"standard","meta":{"footnotes":""},"categories":[35],"tags":[],"class_list":["post-29728","post","type-post","status-publish","format-standard","hentry","category-cultura"],"yoast_head":"<!-- This site is optimized with the Yoast SEO plugin v25.9 - https:\/\/yoast.com\/wordpress\/plugins\/seo\/ -->\n<title>Cierre de actividades por el &quot;D\u00eda Internacional de la Mujer&quot;. - Noticias Radio Reflejos<\/title>\n<meta name=\"robots\" content=\"index, follow, max-snippet:-1, max-image-preview:large, max-video-preview:-1\" \/>\n<link rel=\"canonical\" href=\"https:\/\/www.noticiasradioreflejos.com.ar\/2021\/cierre-de-actividades-por-el-dia-internacional-de-la-mujer\/\" \/>\n<meta property=\"og:locale\" content=\"es_ES\" \/>\n<meta property=\"og:type\" content=\"article\" \/>\n<meta property=\"og:title\" content=\"Cierre de actividades por el &quot;D\u00eda Internacional de la Mujer&quot;. - Noticias Radio Reflejos\" \/>\n<meta property=\"og:description\" content=\"\u201cMelod\u00eda de Mujeres\u201d es el evento que cierra la semana de actividades programadas para conmemorar el D\u00eda Internacional de la Mujer.\" \/>\n<meta property=\"og:url\" content=\"https:\/\/www.noticiasradioreflejos.com.ar\/2021\/cierre-de-actividades-por-el-dia-internacional-de-la-mujer\/\" \/>\n<meta property=\"og:site_name\" content=\"Noticias Radio Reflejos\" \/>\n<meta property=\"article:published_time\" content=\"2019-03-14T20:21:18+00:00\" \/>\n<meta property=\"og:image\" content=\"http:\/\/farm8.staticflickr.com\/7842\/32438746257_93cbebb8e2.jpg\" \/>\n<meta name=\"author\" content=\"Arnaldo Botto\" \/>\n<meta name=\"twitter:card\" content=\"summary_large_image\" \/>\n<script type=\"application\/ld+json\" class=\"yoast-schema-graph\">{\"@context\":\"https:\/\/schema.org\",\"@graph\":[{\"@type\":\"WebPage\",\"@id\":\"https:\/\/www.noticiasradioreflejos.com.ar\/2021\/cierre-de-actividades-por-el-dia-internacional-de-la-mujer\/\",\"url\":\"https:\/\/www.noticiasradioreflejos.com.ar\/2021\/cierre-de-actividades-por-el-dia-internacional-de-la-mujer\/\",\"name\":\"Cierre de actividades por el &quot;D\u00eda Internacional de la Mujer&quot;. - Noticias Radio Reflejos\",\"isPartOf\":{\"@id\":\"https:\/\/www.noticiasradioreflejos.com.ar\/2021\/#website\"},\"primaryImageOfPage\":{\"@id\":\"https:\/\/www.noticiasradioreflejos.com.ar\/2021\/cierre-de-actividades-por-el-dia-internacional-de-la-mujer\/#primaryimage\"},\"image\":{\"@id\":\"https:\/\/www.noticiasradioreflejos.com.ar\/2021\/cierre-de-actividades-por-el-dia-internacional-de-la-mujer\/#primaryimage\"},\"thumbnailUrl\":\"http:\/\/farm8.staticflickr.com\/7842\/32438746257_93cbebb8e2.jpg\",\"datePublished\":\"2019-03-14T20:21:18+00:00\",\"author\":{\"@id\":\"https:\/\/www.noticiasradioreflejos.com.ar\/2021\/#\/schema\/person\/ad82545263dcc5ec0996818884fd5fb1\"},\"breadcrumb\":{\"@id\":\"https:\/\/www.noticiasradioreflejos.com.ar\/2021\/cierre-de-actividades-por-el-dia-internacional-de-la-mujer\/#breadcrumb\"},\"inLanguage\":\"es\",\"potentialAction\":[{\"@type\":\"ReadAction\",\"target\":[\"https:\/\/www.noticiasradioreflejos.com.ar\/2021\/cierre-de-actividades-por-el-dia-internacional-de-la-mujer\/\"]}]},{\"@type\":\"ImageObject\",\"inLanguage\":\"es\",\"@id\":\"https:\/\/www.noticiasradioreflejos.com.ar\/2021\/cierre-de-actividades-por-el-dia-internacional-de-la-mujer\/#primaryimage\",\"url\":\"http:\/\/farm8.staticflickr.com\/7842\/32438746257_93cbebb8e2.jpg\",\"contentUrl\":\"http:\/\/farm8.staticflickr.com\/7842\/32438746257_93cbebb8e2.jpg\"},{\"@type\":\"BreadcrumbList\",\"@id\":\"https:\/\/www.noticiasradioreflejos.com.ar\/2021\/cierre-de-actividades-por-el-dia-internacional-de-la-mujer\/#breadcrumb\",\"itemListElement\":[{\"@type\":\"ListItem\",\"position\":1,\"name\":\"Portada\",\"item\":\"https:\/\/www.noticiasradioreflejos.com.ar\/2021\/\"},{\"@type\":\"ListItem\",\"position\":2,\"name\":\"Cierre de actividades por el &quot;D\u00eda Internacional de la Mujer&quot;.\"}]},{\"@type\":\"WebSite\",\"@id\":\"https:\/\/www.noticiasradioreflejos.com.ar\/2021\/#website\",\"url\":\"https:\/\/www.noticiasradioreflejos.com.ar\/2021\/\",\"name\":\"Noticias Radio Reflejos\",\"description\":\"Las noticias de mi comarca\",\"potentialAction\":[{\"@type\":\"SearchAction\",\"target\":{\"@type\":\"EntryPoint\",\"urlTemplate\":\"https:\/\/www.noticiasradioreflejos.com.ar\/2021\/?s={search_term_string}\"},\"query-input\":{\"@type\":\"PropertyValueSpecification\",\"valueRequired\":true,\"valueName\":\"search_term_string\"}}],\"inLanguage\":\"es\"},{\"@type\":\"Person\",\"@id\":\"https:\/\/www.noticiasradioreflejos.com.ar\/2021\/#\/schema\/person\/ad82545263dcc5ec0996818884fd5fb1\",\"name\":\"Arnaldo Botto\",\"image\":{\"@type\":\"ImageObject\",\"inLanguage\":\"es\",\"@id\":\"https:\/\/www.noticiasradioreflejos.com.ar\/2021\/#\/schema\/person\/image\/\",\"url\":\"https:\/\/secure.gravatar.com\/avatar\/55cb5e37c1efa326397366e6974cb338056df65cb50e7d64d1cf314e87504837?s=96&d=mm&r=g\",\"contentUrl\":\"https:\/\/secure.gravatar.com\/avatar\/55cb5e37c1efa326397366e6974cb338056df65cb50e7d64d1cf314e87504837?s=96&d=mm&r=g\",\"caption\":\"Arnaldo Botto\"},\"url\":\"https:\/\/www.noticiasradioreflejos.com.ar\/2021\/author\/arnaldo\/\"}]}<\/script>\n<!-- \/ Yoast SEO plugin. -->","yoast_head_json":{"title":"Cierre de actividades por el &quot;D\u00eda Internacional de la Mujer&quot;. - Noticias Radio Reflejos","robots":{"index":"index","follow":"follow","max-snippet":"max-snippet:-1","max-image-preview":"max-image-preview:large","max-video-preview":"max-video-preview:-1"},"canonical":"https:\/\/www.noticiasradioreflejos.com.ar\/2021\/cierre-de-actividades-por-el-dia-internacional-de-la-mujer\/","og_locale":"es_ES","og_type":"article","og_title":"Cierre de actividades por el &quot;D\u00eda Internacional de la Mujer&quot;. - Noticias Radio Reflejos","og_description":"\u201cMelod\u00eda de Mujeres\u201d es el evento que cierra la semana de actividades programadas para conmemorar el D\u00eda Internacional de la Mujer.","og_url":"https:\/\/www.noticiasradioreflejos.com.ar\/2021\/cierre-de-actividades-por-el-dia-internacional-de-la-mujer\/","og_site_name":"Noticias Radio Reflejos","article_published_time":"2019-03-14T20:21:18+00:00","og_image":[{"url":"http:\/\/farm8.staticflickr.com\/7842\/32438746257_93cbebb8e2.jpg","type":"","width":"","height":""}],"author":"Arnaldo Botto","twitter_card":"summary_large_image","schema":{"@context":"https:\/\/schema.org","@graph":[{"@type":"WebPage","@id":"https:\/\/www.noticiasradioreflejos.com.ar\/2021\/cierre-de-actividades-por-el-dia-internacional-de-la-mujer\/","url":"https:\/\/www.noticiasradioreflejos.com.ar\/2021\/cierre-de-actividades-por-el-dia-internacional-de-la-mujer\/","name":"Cierre de actividades por el &quot;D\u00eda Internacional de la Mujer&quot;. - Noticias Radio Reflejos","isPartOf":{"@id":"https:\/\/www.noticiasradioreflejos.com.ar\/2021\/#website"},"primaryImageOfPage":{"@id":"https:\/\/www.noticiasradioreflejos.com.ar\/2021\/cierre-de-actividades-por-el-dia-internacional-de-la-mujer\/#primaryimage"},"image":{"@id":"https:\/\/www.noticiasradioreflejos.com.ar\/2021\/cierre-de-actividades-por-el-dia-internacional-de-la-mujer\/#primaryimage"},"thumbnailUrl":"http:\/\/farm8.staticflickr.com\/7842\/32438746257_93cbebb8e2.jpg","datePublished":"2019-03-14T20:21:18+00:00","author":{"@id":"https:\/\/www.noticiasradioreflejos.com.ar\/2021\/#\/schema\/person\/ad82545263dcc5ec0996818884fd5fb1"},"breadcrumb":{"@id":"https:\/\/www.noticiasradioreflejos.com.ar\/2021\/cierre-de-actividades-por-el-dia-internacional-de-la-mujer\/#breadcrumb"},"inLanguage":"es","potentialAction":[{"@type":"ReadAction","target":["https:\/\/www.noticiasradioreflejos.com.ar\/2021\/cierre-de-actividades-por-el-dia-internacional-de-la-mujer\/"]}]},{"@type":"ImageObject","inLanguage":"es","@id":"https:\/\/www.noticiasradioreflejos.com.ar\/2021\/cierre-de-actividades-por-el-dia-internacional-de-la-mujer\/#primaryimage","url":"http:\/\/farm8.staticflickr.com\/7842\/32438746257_93cbebb8e2.jpg","contentUrl":"http:\/\/farm8.staticflickr.com\/7842\/32438746257_93cbebb8e2.jpg"},{"@type":"BreadcrumbList","@id":"https:\/\/www.noticiasradioreflejos.com.ar\/2021\/cierre-de-actividades-por-el-dia-internacional-de-la-mujer\/#breadcrumb","itemListElement":[{"@type":"ListItem","position":1,"name":"Portada","item":"https:\/\/www.noticiasradioreflejos.com.ar\/2021\/"},{"@type":"ListItem","position":2,"name":"Cierre de actividades por el &quot;D\u00eda Internacional de la Mujer&quot;."}]},{"@type":"WebSite","@id":"https:\/\/www.noticiasradioreflejos.com.ar\/2021\/#website","url":"https:\/\/www.noticiasradioreflejos.com.ar\/2021\/","name":"Noticias Radio Reflejos","description":"Las noticias de mi comarca","potentialAction":[{"@type":"SearchAction","target":{"@type":"EntryPoint","urlTemplate":"https:\/\/www.noticiasradioreflejos.com.ar\/2021\/?s={search_term_string}"},"query-input":{"@type":"PropertyValueSpecification","valueRequired":true,"valueName":"search_term_string"}}],"inLanguage":"es"},{"@type":"Person","@id":"https:\/\/www.noticiasradioreflejos.com.ar\/2021\/#\/schema\/person\/ad82545263dcc5ec0996818884fd5fb1","name":"Arnaldo Botto","image":{"@type":"ImageObject","inLanguage":"es","@id":"https:\/\/www.noticiasradioreflejos.com.ar\/2021\/#\/schema\/person\/image\/","url":"https:\/\/secure.gravatar.com\/avatar\/55cb5e37c1efa326397366e6974cb338056df65cb50e7d64d1cf314e87504837?s=96&d=mm&r=g","contentUrl":"https:\/\/secure.gravatar.com\/avatar\/55cb5e37c1efa326397366e6974cb338056df65cb50e7d64d1cf314e87504837?s=96&d=mm&r=g","caption":"Arnaldo Botto"},"url":"https:\/\/www.noticiasradioreflejos.com.ar\/2021\/author\/arnaldo\/"}]}},"_links":{"self":[{"href":"https:\/\/www.noticiasradioreflejos.com.ar\/2021\/wp-json\/wp\/v2\/posts\/29728","targetHints":{"allow":["GET"]}}],"collection":[{"href":"https:\/\/www.noticiasradioreflejos.com.ar\/2021\/wp-json\/wp\/v2\/posts"}],"about":[{"href":"https:\/\/www.noticiasradioreflejos.com.ar\/2021\/wp-json\/wp\/v2\/types\/post"}],"author":[{"embeddable":true,"href":"https:\/\/www.noticiasradioreflejos.com.ar\/2021\/wp-json\/wp\/v2\/users\/3"}],"replies":[{"embeddable":true,"href":"https:\/\/www.noticiasradioreflejos.com.ar\/2021\/wp-json\/wp\/v2\/comments?post=29728"}],"version-history":[{"count":0,"href":"https:\/\/www.noticiasradioreflejos.com.ar\/2021\/wp-json\/wp\/v2\/posts\/29728\/revisions"}],"wp:attachment":[{"href":"https:\/\/www.noticiasradioreflejos.com.ar\/2021\/wp-json\/wp\/v2\/media?parent=29728"}],"wp:term":[{"taxonomy":"category","embeddable":true,"href":"https:\/\/www.noticiasradioreflejos.com.ar\/2021\/wp-json\/wp\/v2\/categories?post=29728"},{"taxonomy":"post_tag","embeddable":true,"href":"https:\/\/www.noticiasradioreflejos.com.ar\/2021\/wp-json\/wp\/v2\/tags?post=29728"}],"curies":[{"name":"wp","href":"https:\/\/api.w.org\/{rel}","templated":true}]}}