{"id":29711,"date":"2019-03-13T12:17:20","date_gmt":"2019-03-13T15:17:20","guid":{"rendered":"http:\/\/www.noticiasradioreflejos.com.ar\/noticias\/?p=29711"},"modified":"2019-03-13T12:17:20","modified_gmt":"2019-03-13T15:17:20","slug":"informe-de-sesion-autoconvocada-del-hcd","status":"publish","type":"post","link":"https:\/\/www.noticiasradioreflejos.com.ar\/2021\/informe-de-sesion-autoconvocada-del-hcd\/","title":{"rendered":"Informe de Sesi\u00f3n autoconvocada del HCD."},"content":{"rendered":"<p>El martes 12  de marzo los Ediles resolvieron autoconvocarse en Sesi\u00f3n Extraordinaria, seg\u00fan las facultades otorgadas por el Art\u00edculo 68\u00ba  inciso 5 de la Ley Org\u00e1nica de las Municipalidades para tratar los siguientes temas:<!--more--><br \/>\nExpte. N\u00ba 017\/19: D.E. Adquisici\u00f3n de un Cami\u00f3n con Batea Volcadora. (Licitaci\u00f3n P\u00fablica N\u00ba 01\/19).<br \/>\nSe aprueba por unanimidad la Ordenanza con el N\u00ba 3120\/19 por la que se autoriza  al Departamento Ejecutivo Municipal a adjudicar a la firma VITTORI CEREALES S.R.L., con domicilio en Av. Moreno N\u00ba 1185 de la ciudad de Tornquist, la compra de un cami\u00f3n usado equipado con batea volcadora, seg\u00fan Pliego de Bases y Condiciones objeto de la Licitaci\u00f3n P\u00fablica N\u00ba 01\/19, en la suma de PESOS DOS MILLONES DOSCIENTOS MIL CON 00\/100 ($ 2.200.000,00).-<br \/>\nExpte. N\u00ba 043\/19: D.E. Solicita autorizaci\u00f3n p\/ el cobro Derecho de Ingreso a la Fiesta Provincial de la Vendimia.<br \/>\nSe aprueba por unanimidad la Ordenanza con el N\u00ba 3117\/19 por la que se autoriza al Departamento Ejecutivo a cobrar en concepto de entrada general a la 6\u00ba FIESTA PROVINCIAL DE LA VENDIMIA, (a llevarse a cabo los d\u00edas 16 y 17 de Marzo de 2019), y derecho a espect\u00e1culo, la suma de $ 50,00 (pesos cincuenta) por persona por d\u00eda. Este valor se aplicar\u00e1 a todo persona mayor de 12 a\u00f1os.-<br \/>\nExpte. N\u00ba 047\/18: D.E. Convalida la firma del Contrato de Locaci\u00f3n celebrado entre el Sr. Luis Fiorentini y la Municipalidad de Tornquist. Alojamiento Estudiantil (Casa) Bah\u00eda Blanca.<br \/>\nSe aprueba por unanimidad la Ordenanza con el N\u00ba 3118\/19 por la que se convalida la Adenda al  Contrato de Locaci\u00f3n suscripta entre el Sr. Luis Roberto Fiorentini y el Sr. Intendente Municipal Sr. Sergio Fabi\u00e1n Bordoni en representaci\u00f3n de la Municipalidad de Tornquist, por el inmueble ubicado en la calle Juan Molina N\u00ba 169\/175 de la ciudad de Bah\u00eda Blanca, compuesto por una casa en planta alta con terraza, y una casa en planta baja con garaje y patio interno, con destino al alojamiento de Estudiantes del Distrito que cursan estudios superiores en esa ciudad.-<br \/>\nExpte. N\u00ba 069\/18: D.E. Convalida la firma del Contrato de Locaci\u00f3n celebrado entre el Sr. Luis Fiorentini y la Municipalidad de Tornquist. Alojamiento Estudiantil (Departamento Interno) Bah\u00eda Blanca.<br \/>\nSe aprueba por unanimidad la Ordenanza con el N\u00ba 3119\/19  por la que se convalida  la Adenda al Contrato de Locaci\u00f3n suscripta entre el Sr. Luis Roberto Fiorentini y el Sr. Intendente Municipal Sr. Sergio Fabi\u00e1n Bordoni en representaci\u00f3n de la Municipalidad de Tornquist, por el inmueble ubicado en la calle Juan Molina N\u00ba 169\/175 de la ciudad de Bah\u00eda Blanca, compuesto por un departamento interno con patio, con destino al alojamiento de Estudiantes del Distrito que cursan estudios superiores en esa ciudad.-<br \/>\nExpte. N\u00ba 7093\/19: Bloques P.P.V. y F.J.C. Proyecto de Resoluci\u00f3n: ref. accesibilidad de los vecinos del Distrito al Programa ProCreAr.<br \/>\nSe aprueba por unanimidad la Resoluci\u00f3n con el N\u00ba 02\/19 por la que,  teniendo en cuenta el Programa ProCreAr para acceder a participar de un sorteo por el derecho de presentaci\u00f3n de una carpeta crediticia, y gestionar el tr\u00e1mite de adjudicaci\u00f3n de un terreno, se solicita al Sr. Intendente Municipal Sergio Bordoni arbitre los medios necesarios para que al momento de la adjudicaci\u00f3n de un terreno, priorice a los vecinos residentes en el Distrito de Tornquist.-<br \/>\nHONORABLE CONCEJO DELIBERANTE<\/p>\n","protected":false},"excerpt":{"rendered":"<p>El martes 12 de marzo los Ediles resolvieron autoconvocarse en Sesi\u00f3n Extraordinaria, seg\u00fan las facultades otorgadas por el Art\u00edculo 68\u00ba inciso 5 de la Ley Org\u00e1nica de las Municipalidades para tratar los siguientes temas:<\/p>\n","protected":false},"author":3,"featured_media":0,"comment_status":"closed","ping_status":"open","sticky":false,"template":"","format":"standard","meta":{"footnotes":""},"categories":[28],"tags":[],"class_list":["post-29711","post","type-post","status-publish","format-standard","hentry","category-municipales"],"yoast_head":"<!-- This site is optimized with the Yoast SEO plugin v25.9 - https:\/\/yoast.com\/wordpress\/plugins\/seo\/ -->\n<title>Informe de Sesi\u00f3n autoconvocada del HCD. - Noticias Radio Reflejos<\/title>\n<meta name=\"robots\" content=\"index, follow, max-snippet:-1, max-image-preview:large, max-video-preview:-1\" \/>\n<link rel=\"canonical\" href=\"https:\/\/www.noticiasradioreflejos.com.ar\/2021\/informe-de-sesion-autoconvocada-del-hcd\/\" \/>\n<meta property=\"og:locale\" content=\"es_ES\" \/>\n<meta property=\"og:type\" content=\"article\" \/>\n<meta property=\"og:title\" content=\"Informe de Sesi\u00f3n autoconvocada del HCD. - Noticias Radio Reflejos\" \/>\n<meta property=\"og:description\" content=\"El martes 12 de marzo los Ediles resolvieron autoconvocarse en Sesi\u00f3n Extraordinaria, seg\u00fan las facultades otorgadas por el Art\u00edculo 68\u00ba inciso 5 de la Ley Org\u00e1nica de las Municipalidades para tratar los siguientes temas:\" \/>\n<meta property=\"og:url\" content=\"https:\/\/www.noticiasradioreflejos.com.ar\/2021\/informe-de-sesion-autoconvocada-del-hcd\/\" \/>\n<meta property=\"og:site_name\" content=\"Noticias Radio Reflejos\" \/>\n<meta property=\"article:published_time\" content=\"2019-03-13T15:17:20+00:00\" \/>\n<meta property=\"og:image\" content=\"https:\/\/www.noticiasradioreflejos.com.ar\/2021\/wp-content\/uploads\/2021\/07\/logosol300x200.png\" \/>\n\t<meta property=\"og:image:width\" content=\"300\" \/>\n\t<meta property=\"og:image:height\" content=\"200\" \/>\n\t<meta property=\"og:image:type\" content=\"image\/png\" \/>\n<meta name=\"author\" content=\"Arnaldo Botto\" \/>\n<meta name=\"twitter:card\" content=\"summary_large_image\" \/>\n<script type=\"application\/ld+json\" class=\"yoast-schema-graph\">{\"@context\":\"https:\/\/schema.org\",\"@graph\":[{\"@type\":\"WebPage\",\"@id\":\"https:\/\/www.noticiasradioreflejos.com.ar\/2021\/informe-de-sesion-autoconvocada-del-hcd\/\",\"url\":\"https:\/\/www.noticiasradioreflejos.com.ar\/2021\/informe-de-sesion-autoconvocada-del-hcd\/\",\"name\":\"Informe de Sesi\u00f3n autoconvocada del HCD. - Noticias Radio Reflejos\",\"isPartOf\":{\"@id\":\"https:\/\/www.noticiasradioreflejos.com.ar\/2021\/#website\"},\"datePublished\":\"2019-03-13T15:17:20+00:00\",\"author\":{\"@id\":\"https:\/\/www.noticiasradioreflejos.com.ar\/2021\/#\/schema\/person\/ad82545263dcc5ec0996818884fd5fb1\"},\"breadcrumb\":{\"@id\":\"https:\/\/www.noticiasradioreflejos.com.ar\/2021\/informe-de-sesion-autoconvocada-del-hcd\/#breadcrumb\"},\"inLanguage\":\"es\",\"potentialAction\":[{\"@type\":\"ReadAction\",\"target\":[\"https:\/\/www.noticiasradioreflejos.com.ar\/2021\/informe-de-sesion-autoconvocada-del-hcd\/\"]}]},{\"@type\":\"BreadcrumbList\",\"@id\":\"https:\/\/www.noticiasradioreflejos.com.ar\/2021\/informe-de-sesion-autoconvocada-del-hcd\/#breadcrumb\",\"itemListElement\":[{\"@type\":\"ListItem\",\"position\":1,\"name\":\"Portada\",\"item\":\"https:\/\/www.noticiasradioreflejos.com.ar\/2021\/\"},{\"@type\":\"ListItem\",\"position\":2,\"name\":\"Informe de Sesi\u00f3n autoconvocada del HCD.\"}]},{\"@type\":\"WebSite\",\"@id\":\"https:\/\/www.noticiasradioreflejos.com.ar\/2021\/#website\",\"url\":\"https:\/\/www.noticiasradioreflejos.com.ar\/2021\/\",\"name\":\"Noticias Radio Reflejos\",\"description\":\"Las noticias de mi comarca\",\"potentialAction\":[{\"@type\":\"SearchAction\",\"target\":{\"@type\":\"EntryPoint\",\"urlTemplate\":\"https:\/\/www.noticiasradioreflejos.com.ar\/2021\/?s={search_term_string}\"},\"query-input\":{\"@type\":\"PropertyValueSpecification\",\"valueRequired\":true,\"valueName\":\"search_term_string\"}}],\"inLanguage\":\"es\"},{\"@type\":\"Person\",\"@id\":\"https:\/\/www.noticiasradioreflejos.com.ar\/2021\/#\/schema\/person\/ad82545263dcc5ec0996818884fd5fb1\",\"name\":\"Arnaldo Botto\",\"image\":{\"@type\":\"ImageObject\",\"inLanguage\":\"es\",\"@id\":\"https:\/\/www.noticiasradioreflejos.com.ar\/2021\/#\/schema\/person\/image\/\",\"url\":\"https:\/\/secure.gravatar.com\/avatar\/55cb5e37c1efa326397366e6974cb338056df65cb50e7d64d1cf314e87504837?s=96&d=mm&r=g\",\"contentUrl\":\"https:\/\/secure.gravatar.com\/avatar\/55cb5e37c1efa326397366e6974cb338056df65cb50e7d64d1cf314e87504837?s=96&d=mm&r=g\",\"caption\":\"Arnaldo Botto\"},\"url\":\"https:\/\/www.noticiasradioreflejos.com.ar\/2021\/author\/arnaldo\/\"}]}<\/script>\n<!-- \/ Yoast SEO plugin. -->","yoast_head_json":{"title":"Informe de Sesi\u00f3n autoconvocada del HCD. - Noticias Radio Reflejos","robots":{"index":"index","follow":"follow","max-snippet":"max-snippet:-1","max-image-preview":"max-image-preview:large","max-video-preview":"max-video-preview:-1"},"canonical":"https:\/\/www.noticiasradioreflejos.com.ar\/2021\/informe-de-sesion-autoconvocada-del-hcd\/","og_locale":"es_ES","og_type":"article","og_title":"Informe de Sesi\u00f3n autoconvocada del HCD. - Noticias Radio Reflejos","og_description":"El martes 12 de marzo los Ediles resolvieron autoconvocarse en Sesi\u00f3n Extraordinaria, seg\u00fan las facultades otorgadas por el Art\u00edculo 68\u00ba inciso 5 de la Ley Org\u00e1nica de las Municipalidades para tratar los siguientes temas:","og_url":"https:\/\/www.noticiasradioreflejos.com.ar\/2021\/informe-de-sesion-autoconvocada-del-hcd\/","og_site_name":"Noticias Radio Reflejos","article_published_time":"2019-03-13T15:17:20+00:00","og_image":[{"width":300,"height":200,"url":"https:\/\/www.noticiasradioreflejos.com.ar\/2021\/wp-content\/uploads\/2021\/07\/logosol300x200.png","type":"image\/png"}],"author":"Arnaldo Botto","twitter_card":"summary_large_image","schema":{"@context":"https:\/\/schema.org","@graph":[{"@type":"WebPage","@id":"https:\/\/www.noticiasradioreflejos.com.ar\/2021\/informe-de-sesion-autoconvocada-del-hcd\/","url":"https:\/\/www.noticiasradioreflejos.com.ar\/2021\/informe-de-sesion-autoconvocada-del-hcd\/","name":"Informe de Sesi\u00f3n autoconvocada del HCD. - Noticias Radio Reflejos","isPartOf":{"@id":"https:\/\/www.noticiasradioreflejos.com.ar\/2021\/#website"},"datePublished":"2019-03-13T15:17:20+00:00","author":{"@id":"https:\/\/www.noticiasradioreflejos.com.ar\/2021\/#\/schema\/person\/ad82545263dcc5ec0996818884fd5fb1"},"breadcrumb":{"@id":"https:\/\/www.noticiasradioreflejos.com.ar\/2021\/informe-de-sesion-autoconvocada-del-hcd\/#breadcrumb"},"inLanguage":"es","potentialAction":[{"@type":"ReadAction","target":["https:\/\/www.noticiasradioreflejos.com.ar\/2021\/informe-de-sesion-autoconvocada-del-hcd\/"]}]},{"@type":"BreadcrumbList","@id":"https:\/\/www.noticiasradioreflejos.com.ar\/2021\/informe-de-sesion-autoconvocada-del-hcd\/#breadcrumb","itemListElement":[{"@type":"ListItem","position":1,"name":"Portada","item":"https:\/\/www.noticiasradioreflejos.com.ar\/2021\/"},{"@type":"ListItem","position":2,"name":"Informe de Sesi\u00f3n autoconvocada del HCD."}]},{"@type":"WebSite","@id":"https:\/\/www.noticiasradioreflejos.com.ar\/2021\/#website","url":"https:\/\/www.noticiasradioreflejos.com.ar\/2021\/","name":"Noticias Radio Reflejos","description":"Las noticias de mi comarca","potentialAction":[{"@type":"SearchAction","target":{"@type":"EntryPoint","urlTemplate":"https:\/\/www.noticiasradioreflejos.com.ar\/2021\/?s={search_term_string}"},"query-input":{"@type":"PropertyValueSpecification","valueRequired":true,"valueName":"search_term_string"}}],"inLanguage":"es"},{"@type":"Person","@id":"https:\/\/www.noticiasradioreflejos.com.ar\/2021\/#\/schema\/person\/ad82545263dcc5ec0996818884fd5fb1","name":"Arnaldo Botto","image":{"@type":"ImageObject","inLanguage":"es","@id":"https:\/\/www.noticiasradioreflejos.com.ar\/2021\/#\/schema\/person\/image\/","url":"https:\/\/secure.gravatar.com\/avatar\/55cb5e37c1efa326397366e6974cb338056df65cb50e7d64d1cf314e87504837?s=96&d=mm&r=g","contentUrl":"https:\/\/secure.gravatar.com\/avatar\/55cb5e37c1efa326397366e6974cb338056df65cb50e7d64d1cf314e87504837?s=96&d=mm&r=g","caption":"Arnaldo Botto"},"url":"https:\/\/www.noticiasradioreflejos.com.ar\/2021\/author\/arnaldo\/"}]}},"_links":{"self":[{"href":"https:\/\/www.noticiasradioreflejos.com.ar\/2021\/wp-json\/wp\/v2\/posts\/29711","targetHints":{"allow":["GET"]}}],"collection":[{"href":"https:\/\/www.noticiasradioreflejos.com.ar\/2021\/wp-json\/wp\/v2\/posts"}],"about":[{"href":"https:\/\/www.noticiasradioreflejos.com.ar\/2021\/wp-json\/wp\/v2\/types\/post"}],"author":[{"embeddable":true,"href":"https:\/\/www.noticiasradioreflejos.com.ar\/2021\/wp-json\/wp\/v2\/users\/3"}],"replies":[{"embeddable":true,"href":"https:\/\/www.noticiasradioreflejos.com.ar\/2021\/wp-json\/wp\/v2\/comments?post=29711"}],"version-history":[{"count":0,"href":"https:\/\/www.noticiasradioreflejos.com.ar\/2021\/wp-json\/wp\/v2\/posts\/29711\/revisions"}],"wp:attachment":[{"href":"https:\/\/www.noticiasradioreflejos.com.ar\/2021\/wp-json\/wp\/v2\/media?parent=29711"}],"wp:term":[{"taxonomy":"category","embeddable":true,"href":"https:\/\/www.noticiasradioreflejos.com.ar\/2021\/wp-json\/wp\/v2\/categories?post=29711"},{"taxonomy":"post_tag","embeddable":true,"href":"https:\/\/www.noticiasradioreflejos.com.ar\/2021\/wp-json\/wp\/v2\/tags?post=29711"}],"curies":[{"name":"wp","href":"https:\/\/api.w.org\/{rel}","templated":true}]}}