{"id":29709,"date":"2019-03-13T12:13:28","date_gmt":"2019-03-13T15:13:28","guid":{"rendered":"http:\/\/www.noticiasradioreflejos.com.ar\/noticias\/?p=29709"},"modified":"2019-03-13T12:13:28","modified_gmt":"2019-03-13T15:13:28","slug":"parte-de-prensa-por-la-aprehension-del-futbolista-de-racing-de-carhue","status":"publish","type":"post","link":"https:\/\/www.noticiasradioreflejos.com.ar\/2021\/parte-de-prensa-por-la-aprehension-del-futbolista-de-racing-de-carhue\/","title":{"rendered":"Parte de prensa por la aprehensi\u00f3n del futbolista de Racing de Carhu\u00e9."},"content":{"rendered":"<p><a href=\"http:\/\/farm8.staticflickr.com\/7886\/47369175011_70318e66c1.jpg\" title=\"IMG-20190310-WA0013\" rel=\"\"><img loading=\"lazy\" decoding=\"async\" src=\"http:\/\/farm8.staticflickr.com\/7886\/47369175011_70318e66c1.jpg\" width=\"375\" height=\"500\" alt=\"IMG-20190310-WA0013\" title=\"IMG-20190310-WA0013\" class=\"alignleft\" style=\"float: left;\"><\/a>La Secretar\u00eda de Seguridad de la Municipalidad de Tornquist pone en conocimiento de la poblaci\u00f3n que con fecha 10 del corriente mes y a\u00f1o, en momentos en que se disputaba el primer Encuentro Futbol\u00edstico por el Torneo Apertura de la Liga Regional de F\u00fatbol de Coronel Suarez entre los Clubes Uni\u00f3n de Tornquist y Racing Club de Carhu\u00e9,<!--more--><br \/>\na escaso minutos de estar finalizando el primer tiempo de la divisi\u00f3n primera se produce una gresca originada por un jugador del Club Racing identificado como HERNAN AGUSTIN DURAN, de 26 a\u00f1os, domiciliado en la localidad de Carhu\u00e9, en donde a golpes de pu\u00f1o lesiona a cuatro jugadores del Club Uni\u00f3n, trat\u00e1ndose de Mat\u00edas German Fritz, Ezequiel Schmidt, Marcelo Damian Bruzzone Maccari y Fernando Nicol\u00e1s Salazar, lo que provocara la intervenci\u00f3n de los efectivos policiales de la Estaci\u00f3n de Polic\u00eda Comunal local, quienes procedieron a la APREHENSION del mencionado Duran por ser penalmente responsable del delito de LESIONES d\u00e1ndose intervenci\u00f3n a la Fiscal\u00eda Especializada de delitos en Flagrancia Numero 15 de Bah\u00eda Blanca. No obstante a ello, paralelamente se le iniciaron a Duran Actuaciones Contravencionales por INFRACCION A LOS ARTICULOS 10 y 14 DE LA LEY DEL DEPORTE N\u00ba 11.929, con intervenci\u00f3n del Juzgado de Paz Letrado del Partido de Tornquist.-<br \/>\nSECRETARIA DE SEGURIDAD \u2013 MUNICIPALIDAD DE TORNQUIST<br \/>\nFEBRERO 11 DE 2019.-<\/p>\n","protected":false},"excerpt":{"rendered":"<p>La Secretar\u00eda de Seguridad de la Municipalidad de Tornquist pone en conocimiento de la poblaci\u00f3n que con fecha 10 del corriente mes y a\u00f1o, en momentos en que se disputaba el primer Encuentro Futbol\u00edstico por el Torneo Apertura de la Liga Regional de F\u00fatbol de Coronel Suarez entre los Clubes Uni\u00f3n de Tornquist y Racing [&hellip;]<\/p>\n","protected":false},"author":3,"featured_media":0,"comment_status":"closed","ping_status":"open","sticky":false,"template":"","format":"standard","meta":{"footnotes":""},"categories":[29],"tags":[],"class_list":["post-29709","post","type-post","status-publish","format-standard","hentry","category-policiales"],"yoast_head":"<!-- This site is optimized with the Yoast SEO plugin v25.9 - https:\/\/yoast.com\/wordpress\/plugins\/seo\/ -->\n<title>Parte de prensa por la aprehensi\u00f3n del futbolista de Racing de Carhu\u00e9. - Noticias Radio Reflejos<\/title>\n<meta name=\"robots\" content=\"index, follow, max-snippet:-1, max-image-preview:large, max-video-preview:-1\" \/>\n<link rel=\"canonical\" href=\"https:\/\/www.noticiasradioreflejos.com.ar\/2021\/parte-de-prensa-por-la-aprehension-del-futbolista-de-racing-de-carhue\/\" \/>\n<meta property=\"og:locale\" content=\"es_ES\" \/>\n<meta property=\"og:type\" content=\"article\" \/>\n<meta property=\"og:title\" content=\"Parte de prensa por la aprehensi\u00f3n del futbolista de Racing de Carhu\u00e9. - Noticias Radio Reflejos\" \/>\n<meta property=\"og:description\" content=\"La Secretar\u00eda de Seguridad de la Municipalidad de Tornquist pone en conocimiento de la poblaci\u00f3n que con fecha 10 del corriente mes y a\u00f1o, en momentos en que se disputaba el primer Encuentro Futbol\u00edstico por el Torneo Apertura de la Liga Regional de F\u00fatbol de Coronel Suarez entre los Clubes Uni\u00f3n de Tornquist y Racing [&hellip;]\" \/>\n<meta property=\"og:url\" content=\"https:\/\/www.noticiasradioreflejos.com.ar\/2021\/parte-de-prensa-por-la-aprehension-del-futbolista-de-racing-de-carhue\/\" \/>\n<meta property=\"og:site_name\" content=\"Noticias Radio Reflejos\" \/>\n<meta property=\"article:published_time\" content=\"2019-03-13T15:13:28+00:00\" \/>\n<meta property=\"og:image\" content=\"http:\/\/farm8.staticflickr.com\/7886\/47369175011_70318e66c1.jpg\" \/>\n<meta name=\"author\" content=\"Arnaldo Botto\" \/>\n<meta name=\"twitter:card\" content=\"summary_large_image\" \/>\n<script type=\"application\/ld+json\" class=\"yoast-schema-graph\">{\"@context\":\"https:\/\/schema.org\",\"@graph\":[{\"@type\":\"WebPage\",\"@id\":\"https:\/\/www.noticiasradioreflejos.com.ar\/2021\/parte-de-prensa-por-la-aprehension-del-futbolista-de-racing-de-carhue\/\",\"url\":\"https:\/\/www.noticiasradioreflejos.com.ar\/2021\/parte-de-prensa-por-la-aprehension-del-futbolista-de-racing-de-carhue\/\",\"name\":\"Parte de prensa por la aprehensi\u00f3n del futbolista de Racing de Carhu\u00e9. - Noticias Radio Reflejos\",\"isPartOf\":{\"@id\":\"https:\/\/www.noticiasradioreflejos.com.ar\/2021\/#website\"},\"primaryImageOfPage\":{\"@id\":\"https:\/\/www.noticiasradioreflejos.com.ar\/2021\/parte-de-prensa-por-la-aprehension-del-futbolista-de-racing-de-carhue\/#primaryimage\"},\"image\":{\"@id\":\"https:\/\/www.noticiasradioreflejos.com.ar\/2021\/parte-de-prensa-por-la-aprehension-del-futbolista-de-racing-de-carhue\/#primaryimage\"},\"thumbnailUrl\":\"http:\/\/farm8.staticflickr.com\/7886\/47369175011_70318e66c1.jpg\",\"datePublished\":\"2019-03-13T15:13:28+00:00\",\"author\":{\"@id\":\"https:\/\/www.noticiasradioreflejos.com.ar\/2021\/#\/schema\/person\/ad82545263dcc5ec0996818884fd5fb1\"},\"breadcrumb\":{\"@id\":\"https:\/\/www.noticiasradioreflejos.com.ar\/2021\/parte-de-prensa-por-la-aprehension-del-futbolista-de-racing-de-carhue\/#breadcrumb\"},\"inLanguage\":\"es\",\"potentialAction\":[{\"@type\":\"ReadAction\",\"target\":[\"https:\/\/www.noticiasradioreflejos.com.ar\/2021\/parte-de-prensa-por-la-aprehension-del-futbolista-de-racing-de-carhue\/\"]}]},{\"@type\":\"ImageObject\",\"inLanguage\":\"es\",\"@id\":\"https:\/\/www.noticiasradioreflejos.com.ar\/2021\/parte-de-prensa-por-la-aprehension-del-futbolista-de-racing-de-carhue\/#primaryimage\",\"url\":\"http:\/\/farm8.staticflickr.com\/7886\/47369175011_70318e66c1.jpg\",\"contentUrl\":\"http:\/\/farm8.staticflickr.com\/7886\/47369175011_70318e66c1.jpg\"},{\"@type\":\"BreadcrumbList\",\"@id\":\"https:\/\/www.noticiasradioreflejos.com.ar\/2021\/parte-de-prensa-por-la-aprehension-del-futbolista-de-racing-de-carhue\/#breadcrumb\",\"itemListElement\":[{\"@type\":\"ListItem\",\"position\":1,\"name\":\"Portada\",\"item\":\"https:\/\/www.noticiasradioreflejos.com.ar\/2021\/\"},{\"@type\":\"ListItem\",\"position\":2,\"name\":\"Parte de prensa por la aprehensi\u00f3n del futbolista de Racing de Carhu\u00e9.\"}]},{\"@type\":\"WebSite\",\"@id\":\"https:\/\/www.noticiasradioreflejos.com.ar\/2021\/#website\",\"url\":\"https:\/\/www.noticiasradioreflejos.com.ar\/2021\/\",\"name\":\"Noticias Radio Reflejos\",\"description\":\"Las noticias de mi comarca\",\"potentialAction\":[{\"@type\":\"SearchAction\",\"target\":{\"@type\":\"EntryPoint\",\"urlTemplate\":\"https:\/\/www.noticiasradioreflejos.com.ar\/2021\/?s={search_term_string}\"},\"query-input\":{\"@type\":\"PropertyValueSpecification\",\"valueRequired\":true,\"valueName\":\"search_term_string\"}}],\"inLanguage\":\"es\"},{\"@type\":\"Person\",\"@id\":\"https:\/\/www.noticiasradioreflejos.com.ar\/2021\/#\/schema\/person\/ad82545263dcc5ec0996818884fd5fb1\",\"name\":\"Arnaldo Botto\",\"image\":{\"@type\":\"ImageObject\",\"inLanguage\":\"es\",\"@id\":\"https:\/\/www.noticiasradioreflejos.com.ar\/2021\/#\/schema\/person\/image\/\",\"url\":\"https:\/\/secure.gravatar.com\/avatar\/55cb5e37c1efa326397366e6974cb338056df65cb50e7d64d1cf314e87504837?s=96&d=mm&r=g\",\"contentUrl\":\"https:\/\/secure.gravatar.com\/avatar\/55cb5e37c1efa326397366e6974cb338056df65cb50e7d64d1cf314e87504837?s=96&d=mm&r=g\",\"caption\":\"Arnaldo Botto\"},\"url\":\"https:\/\/www.noticiasradioreflejos.com.ar\/2021\/author\/arnaldo\/\"}]}<\/script>\n<!-- \/ Yoast SEO plugin. -->","yoast_head_json":{"title":"Parte de prensa por la aprehensi\u00f3n del futbolista de Racing de Carhu\u00e9. - Noticias Radio Reflejos","robots":{"index":"index","follow":"follow","max-snippet":"max-snippet:-1","max-image-preview":"max-image-preview:large","max-video-preview":"max-video-preview:-1"},"canonical":"https:\/\/www.noticiasradioreflejos.com.ar\/2021\/parte-de-prensa-por-la-aprehension-del-futbolista-de-racing-de-carhue\/","og_locale":"es_ES","og_type":"article","og_title":"Parte de prensa por la aprehensi\u00f3n del futbolista de Racing de Carhu\u00e9. - Noticias Radio Reflejos","og_description":"La Secretar\u00eda de Seguridad de la Municipalidad de Tornquist pone en conocimiento de la poblaci\u00f3n que con fecha 10 del corriente mes y a\u00f1o, en momentos en que se disputaba el primer Encuentro Futbol\u00edstico por el Torneo Apertura de la Liga Regional de F\u00fatbol de Coronel Suarez entre los Clubes Uni\u00f3n de Tornquist y Racing [&hellip;]","og_url":"https:\/\/www.noticiasradioreflejos.com.ar\/2021\/parte-de-prensa-por-la-aprehension-del-futbolista-de-racing-de-carhue\/","og_site_name":"Noticias Radio Reflejos","article_published_time":"2019-03-13T15:13:28+00:00","og_image":[{"url":"http:\/\/farm8.staticflickr.com\/7886\/47369175011_70318e66c1.jpg","type":"","width":"","height":""}],"author":"Arnaldo Botto","twitter_card":"summary_large_image","schema":{"@context":"https:\/\/schema.org","@graph":[{"@type":"WebPage","@id":"https:\/\/www.noticiasradioreflejos.com.ar\/2021\/parte-de-prensa-por-la-aprehension-del-futbolista-de-racing-de-carhue\/","url":"https:\/\/www.noticiasradioreflejos.com.ar\/2021\/parte-de-prensa-por-la-aprehension-del-futbolista-de-racing-de-carhue\/","name":"Parte de prensa por la aprehensi\u00f3n del futbolista de Racing de Carhu\u00e9. - Noticias Radio Reflejos","isPartOf":{"@id":"https:\/\/www.noticiasradioreflejos.com.ar\/2021\/#website"},"primaryImageOfPage":{"@id":"https:\/\/www.noticiasradioreflejos.com.ar\/2021\/parte-de-prensa-por-la-aprehension-del-futbolista-de-racing-de-carhue\/#primaryimage"},"image":{"@id":"https:\/\/www.noticiasradioreflejos.com.ar\/2021\/parte-de-prensa-por-la-aprehension-del-futbolista-de-racing-de-carhue\/#primaryimage"},"thumbnailUrl":"http:\/\/farm8.staticflickr.com\/7886\/47369175011_70318e66c1.jpg","datePublished":"2019-03-13T15:13:28+00:00","author":{"@id":"https:\/\/www.noticiasradioreflejos.com.ar\/2021\/#\/schema\/person\/ad82545263dcc5ec0996818884fd5fb1"},"breadcrumb":{"@id":"https:\/\/www.noticiasradioreflejos.com.ar\/2021\/parte-de-prensa-por-la-aprehension-del-futbolista-de-racing-de-carhue\/#breadcrumb"},"inLanguage":"es","potentialAction":[{"@type":"ReadAction","target":["https:\/\/www.noticiasradioreflejos.com.ar\/2021\/parte-de-prensa-por-la-aprehension-del-futbolista-de-racing-de-carhue\/"]}]},{"@type":"ImageObject","inLanguage":"es","@id":"https:\/\/www.noticiasradioreflejos.com.ar\/2021\/parte-de-prensa-por-la-aprehension-del-futbolista-de-racing-de-carhue\/#primaryimage","url":"http:\/\/farm8.staticflickr.com\/7886\/47369175011_70318e66c1.jpg","contentUrl":"http:\/\/farm8.staticflickr.com\/7886\/47369175011_70318e66c1.jpg"},{"@type":"BreadcrumbList","@id":"https:\/\/www.noticiasradioreflejos.com.ar\/2021\/parte-de-prensa-por-la-aprehension-del-futbolista-de-racing-de-carhue\/#breadcrumb","itemListElement":[{"@type":"ListItem","position":1,"name":"Portada","item":"https:\/\/www.noticiasradioreflejos.com.ar\/2021\/"},{"@type":"ListItem","position":2,"name":"Parte de prensa por la aprehensi\u00f3n del futbolista de Racing de Carhu\u00e9."}]},{"@type":"WebSite","@id":"https:\/\/www.noticiasradioreflejos.com.ar\/2021\/#website","url":"https:\/\/www.noticiasradioreflejos.com.ar\/2021\/","name":"Noticias Radio Reflejos","description":"Las noticias de mi comarca","potentialAction":[{"@type":"SearchAction","target":{"@type":"EntryPoint","urlTemplate":"https:\/\/www.noticiasradioreflejos.com.ar\/2021\/?s={search_term_string}"},"query-input":{"@type":"PropertyValueSpecification","valueRequired":true,"valueName":"search_term_string"}}],"inLanguage":"es"},{"@type":"Person","@id":"https:\/\/www.noticiasradioreflejos.com.ar\/2021\/#\/schema\/person\/ad82545263dcc5ec0996818884fd5fb1","name":"Arnaldo Botto","image":{"@type":"ImageObject","inLanguage":"es","@id":"https:\/\/www.noticiasradioreflejos.com.ar\/2021\/#\/schema\/person\/image\/","url":"https:\/\/secure.gravatar.com\/avatar\/55cb5e37c1efa326397366e6974cb338056df65cb50e7d64d1cf314e87504837?s=96&d=mm&r=g","contentUrl":"https:\/\/secure.gravatar.com\/avatar\/55cb5e37c1efa326397366e6974cb338056df65cb50e7d64d1cf314e87504837?s=96&d=mm&r=g","caption":"Arnaldo Botto"},"url":"https:\/\/www.noticiasradioreflejos.com.ar\/2021\/author\/arnaldo\/"}]}},"_links":{"self":[{"href":"https:\/\/www.noticiasradioreflejos.com.ar\/2021\/wp-json\/wp\/v2\/posts\/29709","targetHints":{"allow":["GET"]}}],"collection":[{"href":"https:\/\/www.noticiasradioreflejos.com.ar\/2021\/wp-json\/wp\/v2\/posts"}],"about":[{"href":"https:\/\/www.noticiasradioreflejos.com.ar\/2021\/wp-json\/wp\/v2\/types\/post"}],"author":[{"embeddable":true,"href":"https:\/\/www.noticiasradioreflejos.com.ar\/2021\/wp-json\/wp\/v2\/users\/3"}],"replies":[{"embeddable":true,"href":"https:\/\/www.noticiasradioreflejos.com.ar\/2021\/wp-json\/wp\/v2\/comments?post=29709"}],"version-history":[{"count":0,"href":"https:\/\/www.noticiasradioreflejos.com.ar\/2021\/wp-json\/wp\/v2\/posts\/29709\/revisions"}],"wp:attachment":[{"href":"https:\/\/www.noticiasradioreflejos.com.ar\/2021\/wp-json\/wp\/v2\/media?parent=29709"}],"wp:term":[{"taxonomy":"category","embeddable":true,"href":"https:\/\/www.noticiasradioreflejos.com.ar\/2021\/wp-json\/wp\/v2\/categories?post=29709"},{"taxonomy":"post_tag","embeddable":true,"href":"https:\/\/www.noticiasradioreflejos.com.ar\/2021\/wp-json\/wp\/v2\/tags?post=29709"}],"curies":[{"name":"wp","href":"https:\/\/api.w.org\/{rel}","templated":true}]}}