{"id":29705,"date":"2019-03-13T11:56:31","date_gmt":"2019-03-13T14:56:31","guid":{"rendered":"http:\/\/www.noticiasradioreflejos.com.ar\/noticias\/?p=29705"},"modified":"2019-03-13T11:56:31","modified_gmt":"2019-03-13T14:56:31","slug":"una-fiesta-muy-austera-con-mucho-esfuerzo-del-municipio-susana-dos-santos","status":"publish","type":"post","link":"https:\/\/www.noticiasradioreflejos.com.ar\/2021\/una-fiesta-muy-austera-con-mucho-esfuerzo-del-municipio-susana-dos-santos\/","title":{"rendered":"&quot;Una fiesta muy austera con mucho esfuerzo del municipio&quot; Susana Dos Santos."},"content":{"rendered":"<p><a title=\"5 Fiesta de la vendimia (115)\" href=\"http:\/\/farm8.staticflickr.com\/7885\/47369066291_ff3b4289d6.jpg\" rel=\"\"><img loading=\"lazy\" decoding=\"async\" class=\"alignleft\" style=\"float: left;\" title=\"5 Fiesta de la vendimia (115)\" src=\"http:\/\/farm8.staticflickr.com\/7885\/47369066291_ff3b4289d6.jpg\" alt=\"5 Fiesta de la vendimia (115)\" width=\"500\" height=\"281\" \/><\/a>A pocas horas del comienzo de la 6ta edici\u00f3n de la <strong>Fiesta Provincial de la Vendimia en Saldungaray<\/strong>, charlamos con la Secretaria de Turismo de Tornquist Municipio Susana Dos Santos, que se encontraba en plena tarea de organizaci\u00f3n del evento, en el predio donde el s\u00e1bado desde el mediod\u00eda tendr\u00e1 lugar la popular fiesta de la comarca.<!--more--><br \/>\nMirando al cielo y a los pron\u00f3sticos, se trabaja intensamente en la organizaci\u00f3n del predio donde tendr\u00e1 lugar la 6ta Edici\u00f3n de la Fiesta Provincial de la Vendimia, este a\u00f1o nuevamente en el predio del Ferrocarril. Durante la nota telef\u00f3nica, Susana nos describe c\u00f3mo se est\u00e1 trabajando en el galp\u00f3n ferroviario, que tiene una dimensi\u00f3n de unos 70 mts de largo por unos 16 mts de ancho donde se ubicaran los puestos de producciones regionales y artesan\u00edas. Tambi\u00e9n, se est\u00e1n armando dos carpas para la ubicaci\u00f3n de bodegas que expondr\u00e1n sus productos y comodidad de los visitantes. \u00abMucho no va a variar, ya tenemos la experiencia, ya lo hicimos y lo que se agrega este a\u00f1o es el aula m\u00f3vil del ministerio de educaci\u00f3n\u00bb, nos informaba la funcionaria.<br \/>\nDos Santos destaca durante la charla el gran esfuerzo que est\u00e1 haciendo el municipio de Tornquist, que en esta oportunidad decidi\u00f3 correr con todos los gastos que genere la fiesta, sin apoyo econ\u00f3mico de provincia ni naci\u00f3n, confirmando la firme decisi\u00f3n del Intendente Sergio Bordoni en hacer la fiesta este a\u00f1o.<br \/>\nLos puestos gastron\u00f3micos estar\u00e1n abiertos desde el medio d\u00eda, donde tambi\u00e9n en el aula taller m\u00f3vil gastron\u00f3mico del Ministerio de Educaci\u00f3n de la Naci\u00f3n, tendr\u00e1n lugar capacitaciones en vivo a cargo de destacados chefs, con el prop\u00f3sito de revalorizar las ra\u00edces, la identidad y la historia, enfatizando la rica producci\u00f3n artesanal de nuestra Comarca. PAra los espect\u00e1culos el horario de comienzo estar\u00eda fijado para la hora 18.<br \/>\nSusana tambi\u00e9n confirma que la entrada tendr\u00e1 un costo de 50.- pesos y que el estacionamiento es totalmente gratuito.<br \/>\n<iframe loading=\"lazy\" src=\"https:\/\/w.soundcloud.com\/player\/?url=https%3A\/\/api.soundcloud.com\/tracks\/589438620&amp;color=%23ff5500&amp;auto_play=false&amp;hide_related=false&amp;show_comments=true&amp;show_user=true&amp;show_reposts=false&amp;show_teaser=true\" width=\"100%\" height=\"166\" frameborder=\"no\" scrolling=\"no\"><\/iframe><\/p>\n","protected":false},"excerpt":{"rendered":"<p>A pocas horas del comienzo de la 6ta edici\u00f3n de la Fiesta Provincial de la Vendimia en Saldungaray, charlamos con la Secretaria de Turismo de Tornquist Municipio Susana Dos Santos, que se encontraba en plena tarea de organizaci\u00f3n del evento, en el predio donde el s\u00e1bado desde el mediod\u00eda tendr\u00e1 lugar la popular fiesta de [&hellip;]<\/p>\n","protected":false},"author":3,"featured_media":0,"comment_status":"closed","ping_status":"open","sticky":false,"template":"","format":"standard","meta":{"footnotes":""},"categories":[33],"tags":[],"class_list":["post-29705","post","type-post","status-publish","format-standard","hentry","category-turismo"],"yoast_head":"<!-- This site is optimized with the Yoast SEO plugin v25.9 - https:\/\/yoast.com\/wordpress\/plugins\/seo\/ -->\n<title>&quot;Una fiesta muy austera con mucho esfuerzo del municipio&quot; Susana Dos Santos. - Noticias Radio Reflejos<\/title>\n<meta name=\"robots\" content=\"index, follow, max-snippet:-1, max-image-preview:large, max-video-preview:-1\" \/>\n<link rel=\"canonical\" href=\"https:\/\/www.noticiasradioreflejos.com.ar\/2021\/una-fiesta-muy-austera-con-mucho-esfuerzo-del-municipio-susana-dos-santos\/\" \/>\n<meta property=\"og:locale\" content=\"es_ES\" \/>\n<meta property=\"og:type\" content=\"article\" \/>\n<meta property=\"og:title\" content=\"&quot;Una fiesta muy austera con mucho esfuerzo del municipio&quot; Susana Dos Santos. - Noticias Radio Reflejos\" \/>\n<meta property=\"og:description\" content=\"A pocas horas del comienzo de la 6ta edici\u00f3n de la Fiesta Provincial de la Vendimia en Saldungaray, charlamos con la Secretaria de Turismo de Tornquist Municipio Susana Dos Santos, que se encontraba en plena tarea de organizaci\u00f3n del evento, en el predio donde el s\u00e1bado desde el mediod\u00eda tendr\u00e1 lugar la popular fiesta de [&hellip;]\" \/>\n<meta property=\"og:url\" content=\"https:\/\/www.noticiasradioreflejos.com.ar\/2021\/una-fiesta-muy-austera-con-mucho-esfuerzo-del-municipio-susana-dos-santos\/\" \/>\n<meta property=\"og:site_name\" content=\"Noticias Radio Reflejos\" \/>\n<meta property=\"article:published_time\" content=\"2019-03-13T14:56:31+00:00\" \/>\n<meta property=\"og:image\" content=\"http:\/\/farm8.staticflickr.com\/7885\/47369066291_ff3b4289d6.jpg\" \/>\n<meta name=\"author\" content=\"Arnaldo Botto\" \/>\n<meta name=\"twitter:card\" content=\"summary_large_image\" \/>\n<script type=\"application\/ld+json\" class=\"yoast-schema-graph\">{\"@context\":\"https:\/\/schema.org\",\"@graph\":[{\"@type\":\"WebPage\",\"@id\":\"https:\/\/www.noticiasradioreflejos.com.ar\/2021\/una-fiesta-muy-austera-con-mucho-esfuerzo-del-municipio-susana-dos-santos\/\",\"url\":\"https:\/\/www.noticiasradioreflejos.com.ar\/2021\/una-fiesta-muy-austera-con-mucho-esfuerzo-del-municipio-susana-dos-santos\/\",\"name\":\"&quot;Una fiesta muy austera con mucho esfuerzo del municipio&quot; Susana Dos Santos. - Noticias Radio Reflejos\",\"isPartOf\":{\"@id\":\"https:\/\/www.noticiasradioreflejos.com.ar\/2021\/#website\"},\"primaryImageOfPage\":{\"@id\":\"https:\/\/www.noticiasradioreflejos.com.ar\/2021\/una-fiesta-muy-austera-con-mucho-esfuerzo-del-municipio-susana-dos-santos\/#primaryimage\"},\"image\":{\"@id\":\"https:\/\/www.noticiasradioreflejos.com.ar\/2021\/una-fiesta-muy-austera-con-mucho-esfuerzo-del-municipio-susana-dos-santos\/#primaryimage\"},\"thumbnailUrl\":\"http:\/\/farm8.staticflickr.com\/7885\/47369066291_ff3b4289d6.jpg\",\"datePublished\":\"2019-03-13T14:56:31+00:00\",\"author\":{\"@id\":\"https:\/\/www.noticiasradioreflejos.com.ar\/2021\/#\/schema\/person\/ad82545263dcc5ec0996818884fd5fb1\"},\"breadcrumb\":{\"@id\":\"https:\/\/www.noticiasradioreflejos.com.ar\/2021\/una-fiesta-muy-austera-con-mucho-esfuerzo-del-municipio-susana-dos-santos\/#breadcrumb\"},\"inLanguage\":\"es\",\"potentialAction\":[{\"@type\":\"ReadAction\",\"target\":[\"https:\/\/www.noticiasradioreflejos.com.ar\/2021\/una-fiesta-muy-austera-con-mucho-esfuerzo-del-municipio-susana-dos-santos\/\"]}]},{\"@type\":\"ImageObject\",\"inLanguage\":\"es\",\"@id\":\"https:\/\/www.noticiasradioreflejos.com.ar\/2021\/una-fiesta-muy-austera-con-mucho-esfuerzo-del-municipio-susana-dos-santos\/#primaryimage\",\"url\":\"http:\/\/farm8.staticflickr.com\/7885\/47369066291_ff3b4289d6.jpg\",\"contentUrl\":\"http:\/\/farm8.staticflickr.com\/7885\/47369066291_ff3b4289d6.jpg\"},{\"@type\":\"BreadcrumbList\",\"@id\":\"https:\/\/www.noticiasradioreflejos.com.ar\/2021\/una-fiesta-muy-austera-con-mucho-esfuerzo-del-municipio-susana-dos-santos\/#breadcrumb\",\"itemListElement\":[{\"@type\":\"ListItem\",\"position\":1,\"name\":\"Portada\",\"item\":\"https:\/\/www.noticiasradioreflejos.com.ar\/2021\/\"},{\"@type\":\"ListItem\",\"position\":2,\"name\":\"&quot;Una fiesta muy austera con mucho esfuerzo del municipio&quot; Susana Dos Santos.\"}]},{\"@type\":\"WebSite\",\"@id\":\"https:\/\/www.noticiasradioreflejos.com.ar\/2021\/#website\",\"url\":\"https:\/\/www.noticiasradioreflejos.com.ar\/2021\/\",\"name\":\"Noticias Radio Reflejos\",\"description\":\"Las noticias de mi comarca\",\"potentialAction\":[{\"@type\":\"SearchAction\",\"target\":{\"@type\":\"EntryPoint\",\"urlTemplate\":\"https:\/\/www.noticiasradioreflejos.com.ar\/2021\/?s={search_term_string}\"},\"query-input\":{\"@type\":\"PropertyValueSpecification\",\"valueRequired\":true,\"valueName\":\"search_term_string\"}}],\"inLanguage\":\"es\"},{\"@type\":\"Person\",\"@id\":\"https:\/\/www.noticiasradioreflejos.com.ar\/2021\/#\/schema\/person\/ad82545263dcc5ec0996818884fd5fb1\",\"name\":\"Arnaldo Botto\",\"image\":{\"@type\":\"ImageObject\",\"inLanguage\":\"es\",\"@id\":\"https:\/\/www.noticiasradioreflejos.com.ar\/2021\/#\/schema\/person\/image\/\",\"url\":\"https:\/\/secure.gravatar.com\/avatar\/55cb5e37c1efa326397366e6974cb338056df65cb50e7d64d1cf314e87504837?s=96&d=mm&r=g\",\"contentUrl\":\"https:\/\/secure.gravatar.com\/avatar\/55cb5e37c1efa326397366e6974cb338056df65cb50e7d64d1cf314e87504837?s=96&d=mm&r=g\",\"caption\":\"Arnaldo Botto\"},\"url\":\"https:\/\/www.noticiasradioreflejos.com.ar\/2021\/author\/arnaldo\/\"}]}<\/script>\n<!-- \/ Yoast SEO plugin. -->","yoast_head_json":{"title":"&quot;Una fiesta muy austera con mucho esfuerzo del municipio&quot; Susana Dos Santos. - Noticias Radio Reflejos","robots":{"index":"index","follow":"follow","max-snippet":"max-snippet:-1","max-image-preview":"max-image-preview:large","max-video-preview":"max-video-preview:-1"},"canonical":"https:\/\/www.noticiasradioreflejos.com.ar\/2021\/una-fiesta-muy-austera-con-mucho-esfuerzo-del-municipio-susana-dos-santos\/","og_locale":"es_ES","og_type":"article","og_title":"&quot;Una fiesta muy austera con mucho esfuerzo del municipio&quot; Susana Dos Santos. - Noticias Radio Reflejos","og_description":"A pocas horas del comienzo de la 6ta edici\u00f3n de la Fiesta Provincial de la Vendimia en Saldungaray, charlamos con la Secretaria de Turismo de Tornquist Municipio Susana Dos Santos, que se encontraba en plena tarea de organizaci\u00f3n del evento, en el predio donde el s\u00e1bado desde el mediod\u00eda tendr\u00e1 lugar la popular fiesta de [&hellip;]","og_url":"https:\/\/www.noticiasradioreflejos.com.ar\/2021\/una-fiesta-muy-austera-con-mucho-esfuerzo-del-municipio-susana-dos-santos\/","og_site_name":"Noticias Radio Reflejos","article_published_time":"2019-03-13T14:56:31+00:00","og_image":[{"url":"http:\/\/farm8.staticflickr.com\/7885\/47369066291_ff3b4289d6.jpg","type":"","width":"","height":""}],"author":"Arnaldo Botto","twitter_card":"summary_large_image","schema":{"@context":"https:\/\/schema.org","@graph":[{"@type":"WebPage","@id":"https:\/\/www.noticiasradioreflejos.com.ar\/2021\/una-fiesta-muy-austera-con-mucho-esfuerzo-del-municipio-susana-dos-santos\/","url":"https:\/\/www.noticiasradioreflejos.com.ar\/2021\/una-fiesta-muy-austera-con-mucho-esfuerzo-del-municipio-susana-dos-santos\/","name":"&quot;Una fiesta muy austera con mucho esfuerzo del municipio&quot; Susana Dos Santos. - Noticias Radio Reflejos","isPartOf":{"@id":"https:\/\/www.noticiasradioreflejos.com.ar\/2021\/#website"},"primaryImageOfPage":{"@id":"https:\/\/www.noticiasradioreflejos.com.ar\/2021\/una-fiesta-muy-austera-con-mucho-esfuerzo-del-municipio-susana-dos-santos\/#primaryimage"},"image":{"@id":"https:\/\/www.noticiasradioreflejos.com.ar\/2021\/una-fiesta-muy-austera-con-mucho-esfuerzo-del-municipio-susana-dos-santos\/#primaryimage"},"thumbnailUrl":"http:\/\/farm8.staticflickr.com\/7885\/47369066291_ff3b4289d6.jpg","datePublished":"2019-03-13T14:56:31+00:00","author":{"@id":"https:\/\/www.noticiasradioreflejos.com.ar\/2021\/#\/schema\/person\/ad82545263dcc5ec0996818884fd5fb1"},"breadcrumb":{"@id":"https:\/\/www.noticiasradioreflejos.com.ar\/2021\/una-fiesta-muy-austera-con-mucho-esfuerzo-del-municipio-susana-dos-santos\/#breadcrumb"},"inLanguage":"es","potentialAction":[{"@type":"ReadAction","target":["https:\/\/www.noticiasradioreflejos.com.ar\/2021\/una-fiesta-muy-austera-con-mucho-esfuerzo-del-municipio-susana-dos-santos\/"]}]},{"@type":"ImageObject","inLanguage":"es","@id":"https:\/\/www.noticiasradioreflejos.com.ar\/2021\/una-fiesta-muy-austera-con-mucho-esfuerzo-del-municipio-susana-dos-santos\/#primaryimage","url":"http:\/\/farm8.staticflickr.com\/7885\/47369066291_ff3b4289d6.jpg","contentUrl":"http:\/\/farm8.staticflickr.com\/7885\/47369066291_ff3b4289d6.jpg"},{"@type":"BreadcrumbList","@id":"https:\/\/www.noticiasradioreflejos.com.ar\/2021\/una-fiesta-muy-austera-con-mucho-esfuerzo-del-municipio-susana-dos-santos\/#breadcrumb","itemListElement":[{"@type":"ListItem","position":1,"name":"Portada","item":"https:\/\/www.noticiasradioreflejos.com.ar\/2021\/"},{"@type":"ListItem","position":2,"name":"&quot;Una fiesta muy austera con mucho esfuerzo del municipio&quot; Susana Dos Santos."}]},{"@type":"WebSite","@id":"https:\/\/www.noticiasradioreflejos.com.ar\/2021\/#website","url":"https:\/\/www.noticiasradioreflejos.com.ar\/2021\/","name":"Noticias Radio Reflejos","description":"Las noticias de mi comarca","potentialAction":[{"@type":"SearchAction","target":{"@type":"EntryPoint","urlTemplate":"https:\/\/www.noticiasradioreflejos.com.ar\/2021\/?s={search_term_string}"},"query-input":{"@type":"PropertyValueSpecification","valueRequired":true,"valueName":"search_term_string"}}],"inLanguage":"es"},{"@type":"Person","@id":"https:\/\/www.noticiasradioreflejos.com.ar\/2021\/#\/schema\/person\/ad82545263dcc5ec0996818884fd5fb1","name":"Arnaldo Botto","image":{"@type":"ImageObject","inLanguage":"es","@id":"https:\/\/www.noticiasradioreflejos.com.ar\/2021\/#\/schema\/person\/image\/","url":"https:\/\/secure.gravatar.com\/avatar\/55cb5e37c1efa326397366e6974cb338056df65cb50e7d64d1cf314e87504837?s=96&d=mm&r=g","contentUrl":"https:\/\/secure.gravatar.com\/avatar\/55cb5e37c1efa326397366e6974cb338056df65cb50e7d64d1cf314e87504837?s=96&d=mm&r=g","caption":"Arnaldo Botto"},"url":"https:\/\/www.noticiasradioreflejos.com.ar\/2021\/author\/arnaldo\/"}]}},"_links":{"self":[{"href":"https:\/\/www.noticiasradioreflejos.com.ar\/2021\/wp-json\/wp\/v2\/posts\/29705","targetHints":{"allow":["GET"]}}],"collection":[{"href":"https:\/\/www.noticiasradioreflejos.com.ar\/2021\/wp-json\/wp\/v2\/posts"}],"about":[{"href":"https:\/\/www.noticiasradioreflejos.com.ar\/2021\/wp-json\/wp\/v2\/types\/post"}],"author":[{"embeddable":true,"href":"https:\/\/www.noticiasradioreflejos.com.ar\/2021\/wp-json\/wp\/v2\/users\/3"}],"replies":[{"embeddable":true,"href":"https:\/\/www.noticiasradioreflejos.com.ar\/2021\/wp-json\/wp\/v2\/comments?post=29705"}],"version-history":[{"count":0,"href":"https:\/\/www.noticiasradioreflejos.com.ar\/2021\/wp-json\/wp\/v2\/posts\/29705\/revisions"}],"wp:attachment":[{"href":"https:\/\/www.noticiasradioreflejos.com.ar\/2021\/wp-json\/wp\/v2\/media?parent=29705"}],"wp:term":[{"taxonomy":"category","embeddable":true,"href":"https:\/\/www.noticiasradioreflejos.com.ar\/2021\/wp-json\/wp\/v2\/categories?post=29705"},{"taxonomy":"post_tag","embeddable":true,"href":"https:\/\/www.noticiasradioreflejos.com.ar\/2021\/wp-json\/wp\/v2\/tags?post=29705"}],"curies":[{"name":"wp","href":"https:\/\/api.w.org\/{rel}","templated":true}]}}