{"id":29702,"date":"2019-03-13T10:42:37","date_gmt":"2019-03-13T13:42:37","guid":{"rendered":"http:\/\/www.noticiasradioreflejos.com.ar\/noticias\/?p=29702"},"modified":"2019-03-13T10:42:37","modified_gmt":"2019-03-13T13:42:37","slug":"informe-sesion-ordinaria-de-fecha-06-03-19","status":"publish","type":"post","link":"https:\/\/www.noticiasradioreflejos.com.ar\/2021\/informe-sesion-ordinaria-de-fecha-06-03-19\/","title":{"rendered":"Informe Sesi\u00f3n Ordinaria de fecha 06-03-19"},"content":{"rendered":"<p>El Concejo Deliberante de Tornquist se reuni\u00f3 en sesi\u00f3n ordinaria el mi\u00e9rcoles 6 de marzo, donde trataron el siguiente orden:<!--more--><br \/>\nComunicaciones Oficiales y dict\u00e1menes de las Comisiones:<br \/>\nExpte. N\u00ba 4114-040\/19: &#8211; D.E. \u2013 Autorizaci\u00f3n para endeudamiento \u2013 Programa Provincial de Desarrollo. Plan Girsu 2020.<br \/>\nSe solicita tratamiento sobre Tablas.<br \/>\nSe aprueba por unanimidad la Ordenanza Preparatoria N\u00ba 3116\/19 por la que se autoriza al Departamento Ejecutivo a concertar con la Provincia de Buenos Aires, a trav\u00e9s del Ministerio de Econom\u00eda, un pr\u00e9stamo por la suma total de pesos once millones seiscientos veintid\u00f3s mil seiscientos doce con 25\/100 ($11.622.612,25) para la ejecuci\u00f3n del Proyecto \u201cPlan Girsu 2020\u201d N\u00b0 11419, monto que se ajustar\u00e1 en el momento de la firma del Contrato de adjudicaci\u00f3n del Proyecto. El pr\u00e9stamo que se autoriza a contraer por el art\u00edculo anterior, en el marco del Programa Provincial de Desarrollo seg\u00fan lo dispuesto por el Decreto N\u00ba 541\/15 y su reglamentaci\u00f3n, estar\u00e1 sujeto a las siguientes condiciones financieras:<br \/>\nEl porcentaje de Financiamiento del Programa es de hasta el setenta y cinco por ciento (75%) del monto total del Proyecto. El municipio deber\u00e1 aportar los recursos resultantes que garanticen la ejecuci\u00f3n del cien por ciento (100%) del Proyecto.<br \/>\nAmortizaci\u00f3n: El capital se cancelar\u00e1 en su totalidad, en un \u00fanico pago, a los cuatro (4) a\u00f1os contados a partir de la fecha del primer desembolso.<br \/>\nInter\u00e9s: La tasa de inter\u00e9s ser\u00e1 el promedio aritm\u00e9tico simple de la tasa de inter\u00e9s para dep\u00f3sitos a plazo fijo de m\u00e1s un mill\u00f3n de pesos ($ 1.000.000) de treinta (30) a treinta y cinco (35) d\u00edas, -Badlar Bancos Privados &#8211; o aquella que en el futuro la sustituya, calculado considerando las tasas promedio diarias publicadas por el Banco Central de la Rep\u00fablica Argentina desde los cinco (5) d\u00edas h\u00e1biles bancarios anteriores al inicio de cada per\u00edodo de inter\u00e9s y hasta los cinco (5) d\u00edas h\u00e1biles bancarios anteriores al vencimiento de cada servicio de inter\u00e9s con un l\u00edmite m\u00e1ximo del doce por ciento (12%), utiliz\u00e1ndose la convenci\u00f3n de intereses de d\u00edas reales sobre trescientos sesenta y cinco (365) d\u00edas.<br \/>\nLos intereses se pagar\u00e1n semestralmente, deveng\u00e1ndose a partir de la fecha de cada desembolso, no siendo capitalizables.<br \/>\nLos fondos del pr\u00e9stamo ser\u00e1n afectados \u00edntegra y exclusivamente a la ejecuci\u00f3n del proyecto incluido en el Programa Provincial de Desarrollo \u201cPlan Girsu 2020\u201d N\u00b0 11419.-<br \/>\nExpte. N\u00ba 024\/19: &#8211; Modificaci\u00f3n C\u00f3digo Tributario Municipal.<br \/>\nSe solicita tratamiento sobre Tablas.<br \/>\nSe aprueba por unanimidad la Ordenanza con el N\u00ba 3114\/19 por la que se realizan modificaciones de forma a los Art\u00edculos 31\u00ba, 168\u00ba y 170\u00ba del C\u00f3digo Tributario Municipal.<br \/>\nExpte. N\u00ba 035\/19: &#8211; D.E. \u2013 Reestructuraci\u00f3n de Guardias Agentes de Salud.<br \/>\nSe solicita tratamiento sobre Tablas.<br \/>\nSe aprueba por unanimidad la Ordenanza con el N\u00ba 3115\/19 por la que se deroga en todos sus t\u00e9rminos la Ordenanza N\u00ba 3056\/18 mediante la cual se establecen los valores de las atenciones en unidades sanitarias del distrito, guardias m\u00e9dicas pasivas, activas y especialidades. Se establece a partir del 1\u00ba de marzo de 2019, un nuevo esquema de valores a abonar por atenci\u00f3n en salas, guardias y especialidades.-<br \/>\nExpte. N\u00ba 7054\/18: &#8211; N.P. \u2013 Cooperativa Permacol\u00f3gica de Villa Ventana: Ref. Cooperativa de Trabajo en Villa Ventana para desarrollo de Huerta Comunitaria.<br \/>\nPasa a las Comisiones de Asuntos Municipales, Obras P\u00fablicas, Ecolog\u00eda y Medio Ambiente y Producci\u00f3n, Comercio e Industria.<br \/>\nExpte. N\u00ba 7075\/18: &#8211; Bloques F.P.V. y P.J. \u2013 Solicita consulta al H.T.C. ref. Expte. N\u00ba 333\/18, Caratulado: \u201c- D.E. \u2013 Convalida la firma del Convenio Celebrado entre Luz de Tres Picos S.A. y la Municipalidad de Tornquist\u201d y Expte. N\u00ba 334\/18, Caratulado: \u201cD.E. \u2013 Convalida la firma del Convenio celebrado entre Energ\u00e9tica Argentina S.A. y la Municipalidad de Tornquist\u201d.<br \/>\nPasa a las Comisiones de Asuntos Municipales, Interpretaci\u00f3n y Reglamento, y Presupuesto y Hacienda.<br \/>\nExpte. N\u00ba 7085\/18: &#8211; N.P. &#8211; Mariana Devoto: Solicita considerar de Inter\u00e9s Cultural el Paseo Bonsai de Villa Ventana.<br \/>\nPasa a la Comisi\u00f3n de Asuntos Municipales.<br \/>\nProyectos Presentados:<br \/>\nBloque Cambiemos Buenos Aires- Proyecto de Ordenanza: En relaci\u00f3n a la Ley N\u00ba 27.350 que establece \u00abun marco regulatorio para la investigaci\u00f3n m\u00e9dica y cient\u00edfica del uso medicinal, terap\u00e9utico y\/o paliativo del dolor, de la planta de cannabis y sus derivados, garantizando y promoviendo el cuidado integral de la salud\u00bb y adem\u00e1s autoriza el consumo de Cannabis con fines medicinales, este Proyecto autoriza al Departamento Ejecutivo Municipal a realizar todas las gestiones necesarias, en el marco de sus competencias, y de la Ley 27350 para el uso exclusivamente medicinal, terap\u00e9utico y de investigaci\u00f3n de la planta de Cannabis en la ciudad de Tornquist.-<br \/>\nSe solicita formaci\u00f3n de Expediente y pase a Comisi\u00f3n.<br \/>\nBloques Frente para la Victoria y Frente Justicialista Cumplir- Proyecto De Resoluci\u00f3n: Teniendo en cuenta el Programa ProCreAr para acceder a participar de un sorteo por el derecho de presentaci\u00f3n de una carpeta crediticia, y gestionar el tr\u00e1mite de adjudicaci\u00f3n de un terreno, solicita al Sr. Intendente Municipal Sergio Bordoni arbitre los medios necesarios para que al momento de la adjudicaci\u00f3n de un terreno se priorice a los vecinos residentes en el distrito de Tornquist.-<br \/>\nDe este Proyecto surgen dos mociones:<br \/>\nLa primera moci\u00f3n solicita formaci\u00f3n de Expediente y tratamiento sobre Tablas.<br \/>\nLa segunda moci\u00f3n solicita formaci\u00f3n de Expediente y pase a Comisi\u00f3n.<br \/>\nSe aprueba por mayor\u00eda (votaci\u00f3n 7 a 5) la segunda moci\u00f3n, es decir se forma Expediente y pasa a Comisi\u00f3n.<br \/>\nConcejal L\u00f6ffler Guillermo:<br \/>\n\u201cNo quer\u00eda dejar pasar esta oportunidad porque un proyecto que hemos presentado para defender a los ciudadanos y a todos los vecinos de nuestro Distrito, vemos que el Cuerpo Oficialista lo est\u00e1 votando en contra, porque es algo que ya cerr\u00f3 el programa, ya cerr\u00f3 la inscripci\u00f3n.. Lo estamos pidiendo que se trate sobre Tablas para que el Intendente pueda interceder ante las autoridades de ANSES, y ver que los terrenos que son nuestros, que son de nuestro Distrito sean para nuestra gente. El tema de dilatarlo como lo plantea el Concejal Bassi hace que capaz lleguemos tarde y para cuando se aprueba la Resoluci\u00f3n ya los terrenos est\u00e9n dados a gente que no es de nuestra localidad, de nuestro Distrito, de nuestra localidad, siempre tomando lo nuestro. Como nuestros terrenos de Tornquist tienen que ser de todos los tornquistenses, de toda la gente de nuestro Distrito, si lo demoramos podemos llegar tarde, pueden estar adjudicados, y despu\u00e9s \u00bfpara qu\u00e9 se hizo la Resoluci\u00f3n? La verdad me llama mucho la atenci\u00f3n que no se defienda los intereses de nuestros vecinos. Nada m\u00e1s se\u00f1or Presidente\u201d.<br \/>\nConcejal Bassi Sebasti\u00e1n:<br \/>\n\u201cSimplemente dejar en claro que no nos oponemos. Queremos un par de d\u00edas para analizarlo y bueno, ir en profundidad. Asesorarnos bien con la parte Ejecutiva y obviamente acompa\u00f1arlo, nadie est\u00e1 en contra de los intereses, y menos de los vecinos nuestros, que los vemos y acompa\u00f1amos a diario. Unas horas, unos d\u00edas de an\u00e1lisis. Desconozco sinceramente si en 48 horas expira, eso no lo puedo afirmar ahora. No creo que sea as\u00ed, pero como dije, pedimos ese plazo para un mayor an\u00e1lisis y nos vamos a expedir en breve. Nada m\u00e1s\u201d.<br \/>\nConcejal L\u00f6ffler Guillermo:<br \/>\n\u201cEl proyecto que hemos presentado no requiere mucho an\u00e1lisis, solamente le estamos pidiendo al se\u00f1or Intendente que seguramente estar\u00e1 de acuerdo, con gestionar que los terrenos del Distrito de Tornquist sea para gente del Distrito de Tornquist, no creo que necesite mucho an\u00e1lisis eso, m\u00e1s que levantar la mano, aprobarlo y queda en el Intendente darle una herramienta y un empujoncito para que vaya a gestionar. De esta forma, vuelvo a reiterar, en la pr\u00f3xima Sesi\u00f3n, cuando se trate, capaz sea tarde, y ser\u00eda una l\u00e1stima perder la oportunidad. La verdad eso me dar\u00eda mucha pena que no se est\u00e1 defendiendo los intereses de nuestros vecinos. Nada m\u00e1s se\u00f1or Presidente\u201d.<br \/>\nConcejal Skolak Mar\u00eda Ofelia:<br \/>\n\u201cAc\u00e1 se\u00f1or Presidente se muestra bien clara la diferencia. Nos piden que aprobemos hoy s\u00ed o s\u00ed una autorizaci\u00f3n para endeudamiento sobre el Programa Provincial de Desarrollo. Plan Girsu 2020, que queremos dejar en claro que solicitamos tener una reuni\u00f3n con la Directora de Medio Ambiente o alguien de Producci\u00f3n y Medio Ambiente para que nos explicara ciertos interrogantes que ten\u00edamos. Nos dijeron que se trataba hoy s\u00ed o s\u00ed, y sobre Tablas. Estuvimos dos horas leyendo, porque para que tengan conocimiento no nos hab\u00edan enviado copia del proyecto, lo remitieron 19,30 horas. En ese proyecto hab\u00eda varias dudas que quer\u00edamos tener conocimiento, por lo tanto usted se\u00f1or Presidente tuvo la amabilidad de ponernos en contacto con la Directora de Medio Ambiente Melisa Herrada, la que pudo darnos respuestas a todas las dudas. Yo no puedo creer que una Resoluci\u00f3n donde priorice a los vecinos del Distrito para que tengan en primer lugar la posibilidad de ser adjudicatarios de los terrenos ProCreAr sea para analizar tanto. La verdad que ac\u00e1 se marca bien en claro la diferencia cuando uno pone voluntad de acompa\u00f1ar en algo. Nada m\u00e1s se\u00f1or Presidente\u201d.<br \/>\nConcejal Bassi Sebasti\u00e1n:<br \/>\nPara no extenderme en este debate, quiero dejar en claro por un lado esto mismo, dista mucho de querer, obviamente, perjudicar al vecino, que convivimos a diario. Pero si as\u00ed lo fuera, el compromiso es este, estas horas en el caso de ser de suma urgencia, pedimos una Sesi\u00f3n Extraordinaria para aprobar esto. Simplemente pedimos asesorarnos un poco m\u00e1s. Nada m\u00e1s\u201d.<br \/>\nAsuntos Particulares<br \/>\nN.P. Rub\u00e9n Eleno, Secretario- Asociaci\u00f3n de Fomento Barrio Parque Golf, Sierra de la Ventana- Informa situaciones preocupantes que se producen en el barrio.-<br \/>\nDesde Presidencia se informa que se realizar\u00e1 una reuni\u00f3n el d\u00eda 12 del corriente mes.-<br \/>\nN.P. Doctor Sergio Zalba, Profesor Asociado Universidad Nacional del Sur, Investigador Independiente CONICET; Doctora Samanta Cairo, Docente Investigadora Universidad Nacional del Sur- Departamento de Biolog\u00eda, Bioqu\u00edmica y Farmacia: Solicita apoyo para el desarrollo de un proyecto de investigaci\u00f3n destinado a la conservaci\u00f3n de la Iguana de Cobre.-<br \/>\nSe solicita formaci\u00f3n de Expediente y pase a Comisi\u00f3n.-<br \/>\nN.P. Empleados de Casino y ciudadanos del Distrito de Tornquist: Invitan a que el Cuerpo Deliberativo aprueba el Proyecto de Resoluci\u00f3n presentado por los Bloques Frente para la Victoria y Frente Justicialista Cumplir en relaci\u00f3n a la legalizaci\u00f3n del juego de azar on-line.-<br \/>\nDado que se aprob\u00f3 la Resoluci\u00f3n N\u00ba 34\/18, se solicita adjuntar la nota al Expediente N\u00ba 7089\/18.-<br \/>\nN.P. Silvia Zabala, Presidenta; Marcela G\u00f3mez, Secretaria, Consejo Municipal de las Mujeres: Solicitan recursos econ\u00f3micos para el funcionamiento del Consejo Municipal de las Mujeres.-<br \/>\nSe solicita formaci\u00f3n de Expediente y pase a Comisi\u00f3n.-<br \/>\nN.P. Edgardo Marcolini Secretario General: Luis Navas, Tesorero; Sindicato de Obreros y Empleados Papeleros de Tornquist: Solicitan cesi\u00f3n de terreno lindante a las piletas del CEF para la construcci\u00f3n de su centro recreativo.<br \/>\nDesde Presidencia se informa que tratar\u00e1n de concretar una reuni\u00f3n en pr\u00f3ximos d\u00edas, previa consulta al Departamento Ejecutivo.<br \/>\nN.P. Sabrina Wolff, Directora de la Direcci\u00f3n Jur\u00eddico Legal, Instituto Provincial de Loter\u00edas y Casinos- Gobierno de la Provincia de Buenos Aires: En respuesta a la Resoluci\u00f3n N\u00ba 34\/18 sancionada por este Cuerpo Deliberativo, sobre el rechazo a la legalizaci\u00f3n de los sitios de internet de juegos de azar online, expresa las consideraciones tenidas en vista en la reciente normativa, procediendo a contextualizar la situaci\u00f3n actual.<br \/>\nSe solicita adjuntar la nota al Expediente N\u00ba 7089\/18.-<br \/>\nN.P. Silvia Zabala, Presidenta; Marcela G\u00f3mez, Secretaria, Consejo Municipal de las Mujeres: Requiere urgente declaraci\u00f3n de la emergencia en violencia de g\u00e9nero en el Distrito de Tornquist.<br \/>\nSe solicita adjuntar la nota al Expediente anteriormente formado.<br \/>\nN.P. Blanca Barriviera, Mar\u00eda Teresa Rodr\u00edguez: Solicitan analizar el valor de los costos m\u00e9dicos que implica la renovaci\u00f3n de la Licencia de Conducir para las personas mayores de 70 a\u00f1os.-<br \/>\nDesde Presidencia se organiz\u00f3 una reuni\u00f3n con las autoridades de Salud para el d\u00eda 7 de marzo a las 10 hs.<br \/>\nN.P. Franco Mariano Badana, Director; Mar\u00eda de los \u00c1ngeles Yatzky, Propietaria FM Disco: Env\u00eda copia al Concejo Deliberante del reclamo que fuera formulado en relaci\u00f3n a la pauta publicitaria para la emisora FM Disco.-<br \/>\nSe solicita formaci\u00f3n de Expediente y pase a Comisi\u00f3n.-<br \/>\nN.P. Claudio Masson, Unidad Ciudadana Tornquist; Dar\u00edo G\u00f3mez, Agrupaci\u00f3n Solidaria Milla Cura: Requieren gesti\u00f3n para la reparaci\u00f3n de la Ruta 76, tramo San Eloy- Sierra de la Ventana.<br \/>\nDesde Secretar\u00eda se le dar\u00e1 respuesta.-<br \/>\nN.P. Maximiliano Bedouret: Solicita vi\u00e1tico mensual para participar de competencias cicl\u00edsticas de alto rendimiento.<br \/>\nSe solicita formaci\u00f3n de Expediente y pase a Comisi\u00f3n.<br \/>\nN.P. Oscar Alfredo Corvatta- Jefe de Estaci\u00f3n Ferroviaria: Solicita declarar de Inter\u00e9s Municipal el evento que se llevar\u00e1 a cabo el d\u00eda 21 de marzo de 2019 en la Estaci\u00f3n Ferroviaria de Tornquist donde se emplazar\u00e1 un \u201cBanco Rojo\u201d dentro de la \u201cCampa\u00f1a Internacional Banco Rojo\u201d.<br \/>\nSe solicita formaci\u00f3n de Expediente y tratamiento sobre Tablas.<br \/>\nSe forma el Expediente N\u00ba 7091\/19 y se aprueba por unanimidad la Resoluci\u00f3n N\u00ba 01\/19 por la que se declara de Inter\u00e9s Municipal el evento a llevarse a cabo el d\u00eda 28 de marzo de 2019 en la Estaci\u00f3n Ferrocarril de la localidad de Tornquist, en horario a confirmar, donde se emplazara un Banco Rojo dentro del marco de la \u201cCampa\u00f1a Internacional Banco Rojo\u201d. Se env\u00eda copia de la presente al Consejo Municipal de las Mujeres y al Jefe de Estaci\u00f3n de Ferrocarril Sr. Oscar Alfredo Corvatta.-<br \/>\nN.P. Silvia Zabala, Presidenta; Marcela G\u00f3mez, Secretaria, Consejo Municipal de las Mujeres: Detalla listado de pasos a seguir para ser analizados, y posterior tratamiento y aprobaci\u00f3n.-<br \/>\nSe solicita adjuntar la nota al Expediente anteriormente formado.<br \/>\nN.P. Osvaldo Oscar Lofredo, Editor \u201cAvisos de la Sierra\u201d: solicita se declare de Inter\u00e9s Municipal ese medio gr\u00e1fico, y su suplemento \u201cVentaneando en la Sierra\u201d, que lleva 14 a\u00f1os de permanencia en la Comarca.<br \/>\nSe solicita formaci\u00f3n de Expediente y pase a Comisi\u00f3n.<br \/>\nN.P. Equipo Organizador de la Feria del Libro en Sierra de la Ventana: Invitan a declarar de Inter\u00e9s Municipal el evento cultural \u201cD\u00e9cima edici\u00f3n Feria del Libro Sierra de la Ventana\u201d, a realizarse los d\u00edas 8, 9 y 10 de noviembre.<br \/>\nSe solicita formaci\u00f3n de Expediente y pase a Comisi\u00f3n.<br \/>\nN.P. David C. Sandoval, Presidente Obispo Confraternidad de Pastores de Tornquist; Karina Cepeda, Secretaria: Deja en conocimiento que desde hace ya dos d\u00e9cadas est\u00e1 trabajando en forma independiente de la Unidad Pastoral que \u00faltimamente se ha formado por un grupo de Pastores que la representan.<br \/>\nLos Concejales se notifican de la misma.<br \/>\nAlocuciones de los se\u00f1ores Concejales:<br \/>\nConcejal Montibeller Viviana:<br \/>\n\u201cBueno, hoy ten\u00edamos la oportunidad y la posibilidad los Concejales de hacer realidad una promesa que hace a\u00f1os venimos escuchando los que padecemos los basureros a cielo abierto, y la verdad que ponernos de acuerdo todos los Concejales me da mucho orgullo y siento que estamos por el camino correcto. Quiero agradecer que hayamos podido ponernos de acuerdo. La verdad que hace a\u00f1os que venimos pidiendo la erradicaci\u00f3n, sobre todo los que vivimos en Saldungaray, hemos vivido en Saldungaray, tenemos familiares en Saldungaray, en Sierra de la Ventana, nos hemos levantado siempre cuando hemos tenido, que se prende fuego el basurero y dem\u00e1s, y nos hemos quejado; y hoy nuestra responsabilidad creo que era esta, de votar a favor de este proyecto, as\u00ed que agradecer a todos que pusimos por adelante lo que necesita la gente y no nuestros intereses pol\u00edticos. Muchas gracias se\u00f1or Presidente\u201d.<br \/>\nConcejal Sagredo M\u00f3nica:<br \/>\n\u201cEn principio quiero hablar de las coincidencias que justamente como dec\u00eda Viviana desde hace muchos a\u00f1os, y bueno, especialmente los que vivimos en Saldungaray o en Sierra de la Ventana hemos padecido este tema del basurero, los incendios y dem\u00e1s. Pero bueno, este proyecto se inicia en la gesti\u00f3n anterior, lo hemos hablado ya muchas veces, estaba el proyecto aprobado, el financiamiento, se realiz\u00f3 una etapa. Durante bastante tiempo se fueron realizando innumerable cantidad de acciones tendientes a llegar finalmente a la erradicaci\u00f3n de los basurales a cielo abierto. Hoy hemos aprobado esta solicitud de empr\u00e9stito que tomar\u00eda el municipio, endeudamiento, es como una Preparatoria, no es la Definitiva todav\u00eda, pero bueno, hay algunas consideraciones que queremos hacer con respecto a esto. En primer lugar lo que tiene que ver con los fondos para poder concretar esto tan anhelado por todos los vecinos del Distrito. Los fondos que se van a utilizar provienen en su mayor\u00eda de tomar deuda, lo ideal hubiese sido que los fondos hubiesen provenido de alg\u00fan subsidio otorgado por, por ejemplo la Secretar\u00eda de Ambiente de la Naci\u00f3n como fue en su momento. Pero adem\u00e1s, en diciembre el municipio recibi\u00f3 sesenta millones de pesos por las tasas tributadas a los parque e\u00f3licos, y en marzo estamos aprobando un endeudamiento que va a terminar de pagarse, se va a pagar dentro de cuatro a\u00f1os, o sea que puede llegar a ser el Intendente actual o no, depende de lo que la gente decida este a\u00f1o, que es un a\u00f1o electoral. De todos modos por supuesto que celebramos y deseamos que realmente esto se concrete, el plazo de ejecuci\u00f3n es de seis meses, as\u00ed que en este a\u00f1o tendr\u00edan que estar erradicados los dos basurales a cielo abierto, el de Saldungaray y el de Sierra de la Ventana. Pero particularmente con lo que tiene que ver con el proyecto en s\u00ed de erradicaci\u00f3n, el d\u00eda viernes 1 de marzo, en la Sesi\u00f3n Inaugural el Intendente Sergio Bordoni hizo este anuncio de que quedaba en manos de los Concejales poder erradicar los basurales a cielo abierto. Este Expediente por el endeudamiento ingres\u00f3 al Concejo Deliberante ese mismo d\u00eda viernes tomamos conocimiento de ello a la tarde. El mismo d\u00eda despu\u00e9s de la Sesi\u00f3n le solicitamos a la Directora de Medio Ambiente que nos enviara el proyecto para poder analizarlo porque si vamos a endeudarnos, vamos a tomar un pr\u00e9stamos de once millones y algo, cuatrocientos mil y pico, bueno tenemos que saber c\u00f3mo se van a utilizar esos fondos. A la fecha, el horario de inicio de Sesi\u00f3n era a la 20 hs., comenzamos pasadas las 21, porque nos encontramos con que no ten\u00edamos todav\u00eda ning\u00fan proyecto para poder ver, qu\u00e9 era lo que se iba a hacer, cu\u00e1les eran las etapas, cu\u00e1les eran los plazos, cu\u00e1les eran los montos pormenorizados, los presupuestos para cada etapa. Hicimos consulta primeramente con el Secretario Legislativo, solicitamos que pudiera la Directora de Medio Ambiente acercarse para tener una reuni\u00f3n con ella, para poder evacuar dudas que ten\u00edamos de lo que est\u00e1bamos leyendo que nos lo enviaron reci\u00e9n a las 19.30 hs., cuando pudimos hablar gracias a que usted se\u00f1or Presidente se comunic\u00f3 con Melisa Herrada y tuvimos todos los Concejales de la oposici\u00f3n una comunicaci\u00f3n telef\u00f3nica con ella, nos manifiesta que nos hab\u00eda enviado este proyecto y otro m\u00e1s que a\u00fan no lo hemos recibido. Entonces por eso hoy cuando la Concejal Skolak hablaba de esta resoluci\u00f3n que presentamos del ProCreAr que hab\u00eda tantas dudas para consultar, con este tema tan importante como es un endeudamiento para poder realizar, concretar un anhelo de tantos a\u00f1os, creemos que deber\u00eda haberse tratado con un poco m\u00e1s de tiempo. Por supuesto que no nos vamos a oponer y por eso lo aprobamos, pero bueno, como dije al principio esto es algo preparatorio, hay varia instancia todav\u00eda, \u00bfs\u00ed?, se necesita de una autorizaci\u00f3n de econom\u00eda, del Tribunal de Cuentas, para reci\u00e9n despu\u00e9s poder hacer la ordenanza definitiva, entonces lo que quer\u00eda solicitar, es que en este tiempo, no ya, no urgente, sino mientras llegamos a la parte definitiva digamos, podamos por un lado que se nos adjunte toda la documentaci\u00f3n del proyecto que hoy nos hicieron llegar, repito a las 19.30 hs., que se adjunte toda la documentaci\u00f3n, y a su vez ser\u00eda oportuno tambi\u00e9n en alg\u00fan momento poder mantener una reuni\u00f3n con la Directora de Medio Ambiente, para que una vez analizado toda la documentaci\u00f3n que se env\u00ede nuevamente podamos evacuar todas aquellas dudas que surjan. Nada m\u00e1s se\u00f1or Presidente\u201d.<br \/>\nConcejal Bassi Sebasti\u00e1n:<br \/>\n\u201cBueno, en primer lugar quiero tambi\u00e9n expresar mi enorme satisfacci\u00f3n y adherir a las palabras de la Concejal Montibeller porque este tema a tratar hoy, el principal, que es cierto que los tiempos no han sido los mejores, para, bueno, para poder analizarlo, pero que data ya de a\u00f1os y que viene a dar una soluci\u00f3n, no solamente en cuanto a la ecolog\u00eda respecta, sino en cuanto a la salud de la poblaci\u00f3n que tantas veces hemos hablado, nos hemos enojado con toda la raz\u00f3n, lo hemos padecido y obviamente esto tiene varias aristas. Cuando hablamos del proyecto en s\u00ed o bueno, de tomar endeudamiento a veces a m\u00ed esa palabra no me gusta mucho o es fuerte, o a veces tambi\u00e9n est\u00e1 muy trillada como se dice ahora. A m\u00ed me gusta decir que se toma un cr\u00e9dito, un cr\u00e9dito que viene a dar una soluci\u00f3n a un problema de a\u00f1os, de a\u00f1os de algo que hemos padecido y sufrido todos los que vivimos all\u00e1 principalmente o los que viven en Saldungaray tambi\u00e9n en Sierra y obviamente en toda la Comarca. Este cr\u00e9dito es en una tasa que van entre el 7 y el 12 % a lo sumo que se paga de manera semestral, que va a dar un promedio de 7,5 % que obviamente quedan algunas etapas por formalizar. La nuestra era cumplir con esto, con aprobar los n\u00fameros, y el proyecto, es cierto, lleg\u00f3 hoy en horas de la tarde, pero son esos que est\u00e1n a la vista y ese es el compromiso que asume desde el Intendente, todo el Departamento Ejecutivo y bueno, y nosotros en cuanto a velar porque se cumplan con esos valores, en la adquisici\u00f3n de todos los elementos y bueno las construcciones que se tengan que hacer. Pero, no me quiero ir por las ramas, s\u00ed expresar esto mismo, para m\u00ed es el comienzo de una soluci\u00f3n de a\u00f1os que bueno, que todos la esperamos, eso a nadie le cabe dudas. Y para finalizar me quiero tomar el atrevimiento de hablar en nombre del ex Concejal Germ\u00e1n de Larena, para mostrar, nada, una an\u00e9cdota llam\u00e9mosle, \u00e9l en su momento cuando se le invita a participar a incursionar en pol\u00edtica de manera formal, \u00e9l, doy fe que manifiesta que uno de los compromisos que le ped\u00eda al actual Intendente, era poder trabajar para erradicar este basurero, estos basureros a cielo abierto, y bueno, tuvimos que esperar, estamos y vamos a seguir esperando un tiempito m\u00e1s, pero como dije esa gran satisfacci\u00f3n que siento yo la siente tambi\u00e9n \u00e9l, y bueno, todos los compa\u00f1eros del Bloque y todos los habitantes no me cabe dudas. Porque bueno, con esto que aprobamos hoy empezamos a marchar y a ver la soluci\u00f3n final. Nada m\u00e1s se\u00f1or Presidente\u201d.<br \/>\nConcejal L\u00f6ffler Guillermo:<br \/>\n\u201cS\u00ed, yo tambi\u00e9n quer\u00eda sumar mis palabras, y la verdad que lo veo con buenos ojos que podamos m\u00e1s all\u00e1 del partido pol\u00edtico ponernos de acuerdo en algo y tomarlo como habl\u00e1bamos hoy, tomar la eliminaci\u00f3n de basureros a cielo abierto como una pol\u00edtica de estado, pero para la cual quer\u00eda sumarme a lo que dec\u00eda mi compa\u00f1era M\u00f3nica Sagredo, que no son los tiempos as\u00ed, nosotros pedimos el proyecto, lo quer\u00edamos analizar, y bueno, ya est\u00e1, lo aprobamos. Le agradezco a usted se\u00f1or Presidente por haber hecho el nexo para que podamos conversar con la Directora de Medio Ambiente. Y despu\u00e9s le quiero pedir un compromiso a cada uno de los Concejales que estamos ac\u00e1, y que pongamos todo nuestro control para que ese dinero se use para erradicar el basurero, no que por ah\u00ed se use como un anuncio pol\u00edtico y despu\u00e9s se cambien los recursos como se han cambiado en otras obras, que han venido recursos, no se han ejecutado y se han usado con otro destino. Creo que una vez que vemos que tenemos la posibilidad, porque es un trabajo grande que se viene haciendo, si bien escucho, por ah\u00ed los Concejales cuando dicen algo que data de mucho tiempo, s\u00ed es cierto, pero hab\u00eda acciones que se ven\u00edan tomando y sabemos que no es f\u00e1cil erradicarlo. Lleva mucho tiempo, mucha concientizaci\u00f3n y no va a ser f\u00e1cil por m\u00e1s que tengamos el dinero, pero s\u00ed comprometerlos a todos que el Ejecutivo utilice los fondos que le van a mandar del Ministerio si se aprueba todo el Expediente para realizar la eliminaci\u00f3n de los basureros abiertos. Y pedirle compromiso a todos los Concejales para que hagamos un seguimiento cercano del destino de esos fondos, y lo decimos porque ha pasado con otras obras, en las cuales se ha mandado el dinero y los fondos se han utilizado con otro destino, entonces creo que esto lo tenemos que tomar todos como una pol\u00edtica de estado y nada, pedirle el compromiso a todos y que juntos hagamos el seguimiento. No s\u00e9 si formar una comisi\u00f3n o no, o juntarnos y salir a recorrer y ver y seguir las compras que se van haciendo, las acciones que se van tomando, pero que los basureros se erradiquen de una vez por todas en nuestro Distrito. Nada m\u00e1s se\u00f1or Presidente\u201d.<br \/>\nConcejal Montibeller Viviana:<br \/>\n\u201cBueno, entiendo el temor por ah\u00ed de los Concejales de hacer un seguimiento y dem\u00e1s, porque realmente esta ha sido una de las promesas con las que m\u00e1s nos han embelesado los pol\u00edticos, diciendo que van a terminar con el basurero. Es verdad que se han hecho muchas cosas, pero mi palabra al menos como Concejal de que los fondos sean destinados a lo que realmente debe destinarse es lo que yo te digo hoy. Pero bueno, comprendo ese temor, y querer seguir todos los pasos que se vayan a seguir, a llevar a cabo, porque realmente fue as\u00ed, a\u00f1os tras a\u00f1os nos han dicho eso, que se iba a terminar con el basurero y nunca lo vimos terminado. Nada m\u00e1s se\u00f1or Presidente\u201d.<br \/>\nConcejal Sagredo M\u00f3nica:<br \/>\n\u201cEs cierto, el basurero siempre ha sido tema en las distintas campa\u00f1as. Pero quiero marcar una diferencia, anteriormente se hablaba de la erradicaci\u00f3n pero nunca por lo menos yo escuche en alg\u00fan candidato a Intendente prometer que en cuesti\u00f3n de meses se erradicaban los basurales a cielo abierto. S\u00ed lo escuche al Intendente Sergio Bordoni en la campa\u00f1a 2015 en el debate en Sierra de la Ventana prometer entre otras cosas, la erradicaci\u00f3n del basural a cielo abierto entre Sierra de la Ventana y Saldungaray en cuesti\u00f3n de meses. Gracias a Dios ahora estamos por tomar un cr\u00e9dito, endeudamiento es la palabra que dice el Expediente para poder concretar esto, as\u00ed que ojal\u00e1 s\u00ed esta vez realmente se concrete en seis meses como se est\u00e1 prometiendo ahora. Pero bueno, a lo que quer\u00eda hacer alusi\u00f3n tambi\u00e9n es que bueno justamente uno de los temas que ha pasado siempre con los basureros y que sigue pasando es el de los incendios. Que muchas veces se ha dicho que son intencionales, incluso se ha hablado de intencionalidad pol\u00edtica. Tambi\u00e9n el a\u00f1o pasado recordamos en Saldungaray ese hecho extra\u00f1o que ocurri\u00f3, en el que se arrojaron residuos provenientes de otro lugar, en ese momento hicimos un Pedido de Informe, hablamos con el Secretario de Seguridad, se nos dijo que se estaba investigando. Hoy justamente entre las notas le\u00eddas una era de la Asociaci\u00f3n del Barrio Parque Golf, y entre los temas planteados uno dec\u00eda inseguridad. El s\u00e1bado 8 de diciembre del 2018, desconocidos atentaron contra tres casas de barrio, arrojando botellas contra puertas y ventana, provocando roturas. La situaci\u00f3n fue denunciada. Este fin de semana nos hemos enterado todos, hemos visto los partes de prensa en los medios de comunicaci\u00f3n, nuevamente robos en Sierra de la Ventana, en Tornquist. A\u00fan permanece sin esclarecerse el hecho grave que le ocurri\u00f3 al sr. Simon en Sierra de la Ventana hace unas semanas atr\u00e1s. El ocurrido en Saldungaray tambi\u00e9n de manera muy violenta al sr. Punta, y eso sumado a un mont\u00f3n m\u00e1s de casos que se vienen dando cada vez con mayor frecuencia, con mayor violencia, con mayor intensidad. Y s\u00ed, siempre se est\u00e1 investigando pero nunca llegamos a una conclusi\u00f3n a un resultado de esas investigaciones. Y la verdad que el tema de seguridad nos preocupa, no s\u00f3lo a nosotros sino a toda la comunidad del Distrito, especialmente a la gente de las localidades m\u00e1s peque\u00f1as como lo es Saldungaray, Sierra de la Ventana, tambi\u00e9n Tornquist por supuesto, est\u00e1n sumamente preocupados porque realmente uno ve que esto se est\u00e1 como yendo de las manos. Que en lugares muy chiquitos est\u00e1n ocurriendo cosas graves y cada vez con mayor asiduidad. Y con respecto a esto, haciendo un repaso desde cu\u00e1ndo venimos con esto de seguridad, haciendo pedidos y propuestas, ya en el 2016 hicimos el primer Pedido de Informes en el que solicit\u00e1bamos al se\u00f1or Intendente que se nos informe el saldo de la cuenta Fondo Municipal para el Fortalecimiento de la Seguridad y otros gastos asociados, eran 11 millones de pesos, un detalle de las erogaciones con esos recursos pedimos, no fue respondido nunca al d\u00eda de hoy. En mayo de 2017 realizamos otro Pedido de Informe referido a las c\u00e1maras de seguridad, pedimos el cronograma de monitoreo en tiempo real, los empleados afectados, los rangos horarios, en ese momento hab\u00eda ocurrido, recuerdan, el robo al sr. Minujin, tambi\u00e9n fue un hecho bastante importante. En mayo tambi\u00e9n de 2017, a trav\u00e9s de una nota pedimos al se\u00f1or Intendente la urgente conformaci\u00f3n del Foro de Seguridad, este mismo pedido lo hemos hecho desde la Banca, en diferentes reuniones, lo ha realizado tambi\u00e9n en ese mismo a\u00f1o 2017 a trav\u00e9s de una nota el Frente Renovador. Hemos tenido muchas, no me fij\u00e9 cu\u00e1ntas, pero muchas reuniones con el Secretario de Seguridad e incluso comunicaciones en forma personal, particular con \u00e9l, en las cuales debo decir la verdad, siempre el se\u00f1or Mart\u00edn Cenizo nos ha atendido amablemente, pero bueno, lamentablemente sin poder darnos respuesta. Sigue sum\u00e1ndose la cantidad de hechos no esclarecidos, lo dec\u00edamos el viernes en la Sesi\u00f3n Inaugural, que poco se habl\u00f3 de seguridad, poco habl\u00f3 de seguridad el se\u00f1or Intendente. Hablamos del atentado a la combi de Chasic\u00f3, nunca se esclareci\u00f3. Los tubos de ox\u00edgeno, el vaciamiento de los tubos de oxigeno del Hospital, nunca se esclareci\u00f3. Los incendios forestales del verano 2018, nunca se esclareci\u00f3. Los robos como dec\u00eda en distintas localidades. Lo del basurero. El 13 de febrero enviamos una nota al se\u00f1or Intendente nuevamente pidiendo que nos responda los Pedidos de Informe, que nos indiquen cu\u00e1les eran las acciones llevadas a cabo por el municipio, cu\u00e1les eran las medidas de seguridad con las que cont\u00e1bamos. Sigue sin haber respuesta. Este fin de semana nuevamente se produjeron varios hechos en Tornquist, en Sierra de la Ventana, los vecinos de las localidades est\u00e1n necesitando respuestas urgentes. Hace unos 15 d\u00edas m\u00e1s o menos, recibimos cada Concejal, no ingres\u00f3 tal vez, no se ley\u00f3, porque ingres\u00f3 como nota al Concejo Deliberante, pero s\u00ed cada Concejal de manera personal recibimos una nota de CAMCOTISAS de la C\u00e1mara de Comercio de Sierra de la Ventana y Saldungaray en la que se solicitaba una reuni\u00f3n, es m\u00e1s, hasta propon\u00edan un lugar que era el Centro Cultural de Sierra de la Ventana en la que estuviesen presentes el Intendente, el Secretario de Seguridad, los Delegados, incluso tambi\u00e9n de Villa La Arcadia. Se nos invitaba a los Concejales, a las autoridades policiales, para tratar justamente esto que hoy nos est\u00e1 preocupando tanto y que es la inseguridad en un lugar que siempre se caracteriz\u00f3 por la tranquilidad que tenemos. Entonces, por favor le pido se\u00f1or Presidente y a todos los Concejales que seamos intermediarios, que solicitemos al se\u00f1or Intendente Municipal que es la autoridad m\u00e1xima del distrito, que es el responsable de la polic\u00eda comunal, que podamos empezar a trabajar en conjunto tambi\u00e9n en esto, junto con la comunidad, junto con las autoridades policiales, junto con las autoridades del Ejecutivo, los Concejales, las instituciones. Seguimos creyendo que la manera es la conformaci\u00f3n del Foro de Seguridad, que adem\u00e1s es Ley porque seguimos repitiendo lo mismo que siempre decimos, al no conformar el Foro de Seguridad se est\u00e1 incumplimiento una Ley Provincial. As\u00ed que bueno, ese es mi pedido que nos unamos tambi\u00e9n en esto, que pidamos por la seguridad, que recuperemos la seguridad en nuestro Distrito y que podamos dar respuesta urgente a los vecinos que la est\u00e1n solicitando. Nada m\u00e1s se\u00f1or Presidente\u201d.<br \/>\nConcejal Bassi Sebasti\u00e1n:<br \/>\n\u201cRetomando el tema de los basurero, y bueno, y el compromiso que nos ped\u00eda el Concejal L\u00f6ffler que obviamente coincido plenamente, lo vamos a hacer, digamos, es parte de nuestra funci\u00f3n, de una manera si queremos decirlo m\u00e1s visible o m\u00e1s reforzada, est\u00e1 bien. A m\u00ed no me cabe duda y poder dar garant\u00edas al igual que mis compa\u00f1eros de Bloque que esos fondos est\u00e1n actualizados, esos \u00edtem en qu\u00e9 se va a gastar el dinero y que obviamente vamos a velar. Me parece b\u00e1rbaro si el asunto de reforzarlo, pero de manera impl\u00edcita ya est\u00e1 en nuestras tareas, eso por un lado. La Concejal Sagredo hizo referencia bueno, a un tema preocupante que a veces tiene sus picos como es la inseguridad, y bueno, nos preocupa a todos realmente vivimos all\u00e1 y nadie est\u00e1 libre que suceda alguno de estos hechos. Que puedo decir al respecto, esta ma\u00f1ana en comunicaci\u00f3n con el Secretario de Seguridad me transmit\u00eda esto mismo, que se est\u00e1n ocupando, que est\u00e1n ocupados, preocupando, que est\u00e1n analizando diferentes, bueno, l\u00edneas investigativas, que bueno, nosotros lo que vemos es esto que Sierra de la Ventana principalmente como fue Villa en alg\u00fan momento, tiene estos picos de afluencia de gente en distintas etapas del a\u00f1o, esto no justifica nada, simplemente, queremos, digamos, transmitir no solamente a todos los Concejales, sino a la poblaci\u00f3n que se est\u00e1 haciendo todo lo humanamente posible para llegar a esclarecer. Algunos casos sabemos, que bueno, que cuestan m\u00e1s que otros, pero que bueno hay un compromiso desde el minuto uno y bueno, estamos abiertos. Estoy en conocimiento que el viernes el Intendente se re\u00fane con la C\u00e1mara de Comercio y Turismo, CAMCOTISAS, por esta cuesti\u00f3n y bueno, estamos preocupados todos y queriendo dar soluci\u00f3n y un corte a este tema que bueno, es de total desagrado y bueno, preocupaci\u00f3n para todos. Nada m\u00e1s se\u00f1or Presidente\u201d.<br \/>\nConcejal Fonfr\u00eda Jos\u00e9:<br \/>\n\u201cBueno, respondi\u00e9ndole, o no s\u00e9 si respondi\u00e9ndole a la Concejal Sagredo, realmente la inseguridad es algo que nos preocupa a todos. El Intendente, quedate tranquila que est\u00e1 tan preocupado como nosotros. Se est\u00e1 investigando, no es f\u00e1cil descubrir ese tipo de hechos, pero de la forma que lo plante\u00f3 la Concejal Sagredo es como que la inseguridad empez\u00f3 en el 2016. En Sierra de la Ventana hubo una seguidilla de cuatro asaltos a mano armada a casas antes del 2016, que tampoco nunca fue, lamentablemente, nunca fueron esclarecidos. El tema inseguridad es algo que nos viene pegando en el pa\u00eds desde hace mucho. No nos olvidemos que hasta hubo un Presidente, una Presidente, que dijo que era una sensaci\u00f3n la inseguridad. La inseguridad es algo hoy lamentablemente la tenemos en todos lados, obvio que cualquier ciudadano com\u00fan, cualquier ciudadano de bien quiere que eso se termine, se quieren descubrir, a ver c\u00f3mo vinieron los casos, si es gente de ac\u00e1, si es gente de afuera, si es gente de paso, si tienen log\u00edstica en la ciudad o en los pueblos o en d\u00f3nde sea. As\u00ed que, estoy totalmente seguro que el Ejecutivo se est\u00e1 encargando de eso. Con respecto a los fondos del basurero que se quede tranquilo el Concejal L\u00f6ffler, que los fondos van a ir a donde tienen que ir, porque es algo que es prioritario, que fue prioritario siempre para Pino, as\u00ed que yo creo y me sumo a lo que dijo Viviana Montibeller que es algo que viene de a\u00f1os y a\u00f1os y a\u00f1os y hoy nosotros ac\u00e1 estamos dando el primer paso para que eso se logre. Y no quer\u00eda que se termine la Sesi\u00f3n sin mencionar que hoy en Saldungaray hist\u00f3ricamente, se dio el inicio a la carrera de Martillero y Corredor P\u00fablico de la Universidad, la UPSO, la Universidad Provincial del Sudoeste, que para una localidad como Saldungaray haya 80 inscriptos en una carrera universitaria que se va a dictar en Saldungaray realmente es un orgullo que se haya podido lograr eso. Tambi\u00e9n me llam\u00f3 mucho la atenci\u00f3n que no hubiera prensa, se hizo la inauguraci\u00f3n de eso que es tan importante sin prensa, cuando por ah\u00ed la prensa ante el menor conflicto que haya, por el fuego del basurero o por lo que sea al otro d\u00eda est\u00e1n sacando todas las notas. As\u00ed que bueno, remarcar lo importante que es para Saldungaray lo que se inaugur\u00f3 hoy. Nada m\u00e1s se\u00f1or Presidente\u201d.<br \/>\nConcejal Sagredo M\u00f3nica:<br \/>\n\u201cPor supuesto celebramos lo que sucedi\u00f3 hoy en Saldungaray, realmente es muy importante, la cantidad de inscriptos que hay por supuesto no solo de Saldungaray, incluso no solo del Distrito \u00bfno?, tambi\u00e9n hay , tengo entendido de la zona hay una gran cantidad de inscriptos, hay muchos inscriptos de la zona. Pero bueno, poder ofrecer esta posibilidad justamente la UPSO es regional por eso incluso muchas personas, no digo j\u00f3venes, porque incluso personas adultas tambi\u00e9n del Distrito de trasladan a Su\u00e1rez o a Dorrego o a Bah\u00eda a hacer carreras de la UPSO. Por supuesto que es para celebrarlo, a ver, no quiero hablar yo por la prensa pero no s\u00e9 si habr\u00e1 sucedido lo mismo por ejemplo as\u00ed como no hubo prensa presente tampoco estuvimos presente ning\u00fan Concejal de la oposici\u00f3n, y de hecho nos llam\u00f3 mucho la atenci\u00f3n porque no recibimos ninguna invitaci\u00f3n a la presentaci\u00f3n de la Carrera. Supimos por supuesto cuando vimos las fotos y dem\u00e1s, o cuando nos comentaban o nos preguntaban por qu\u00e9 no est\u00e1bamos, y bueno no hab\u00edamos sido invitados, nos ha ocurrido en otras oportunidades, tambi\u00e9n creo que es algo para corregir, para evaluar, para rever, esto de que m\u00e1s all\u00e1 de que despu\u00e9s se pueda asistir o no, pero que todos estemos invitados a este tipo de cosas tan importantes. Y volviendo al tema de la inseguridad yo no dije que la inseguridad comenz\u00f3 en el 2016, lo que planteo es que desde el a\u00f1o 2016 venimos haciendo pedidos con respecto, por ejemplo a fondos que llegaron para ese fin, al monitoreo de las c\u00e1maras, a los hechos delictivos que hubo que fueron denunciados y que no han sido esclarecidos, y que es algo creciente, no comenz\u00f3 en el 2016, de hecho si existen c\u00e1maras de seguridad es porque ya el tema estaba siendo preocupante y se hab\u00edan tomado acciones para poder mejorar, para disminuir la inseguridad. Entonces, no digo que comenz\u00f3 en el 2016, s\u00ed digo que va creciendo, que cada d\u00eda se torna m\u00e1s preocupante y lo que se ve es falta de respuesta concreta de las autoridades. No s\u00f3lo en esto que tiene que ver con Pedido de Informes y dem\u00e1s sino en esto de, el poder reunirse con vecinos y dem\u00e1s. Nada m\u00e1s se\u00f1or Presidente\u201d.<br \/>\nConcejal Bassi Sebasti\u00e1n:<br \/>\n\u201cMe qued\u00f3 algo pendiente con respecto, bueno, a una referencia que hizo la Concejal Sagredo indicando que, bueno, que no se hab\u00eda dado respuesta, que es cierto no se le dio respuesta al Bloque, espec\u00edficamente a ellos, respecto a una partida que vino para seguridad de alrededor de, no llegada a 12 millones que ven\u00eda provenientes del Ministerio de Seguridad, esa partida, bueno, ya fue usada, bien usada en m\u00f3viles, en reacondicionamiento de destacamentos policiales, c\u00e1maras, y bueno la rendici\u00f3n como dije fue hecha y aprobada. Qued\u00f3 pendiente, y bueno, es algo a corregir, puede ser, el haberle dado respuesta y mostrarle lo que se present\u00f3 en el Tribunal de Cuentas para dicha aprobaci\u00f3n que est\u00e1 todo bien, y como dije se optimizaron esos recursos y esos 12 millones se les saco el mayor provecho, eso por un lado. Para ir finalizando de mi parte, el otro d\u00eda en la Sesi\u00f3n Inaugural la Concejal Rosatelli como cr\u00edtica constructiva se pon\u00eda en cuesti\u00f3n el comunicado que hab\u00eda sacado la Secretar\u00eda de Salud haciendo referencia a las guardias. Esa fue una Sesi\u00f3n intensa, naturalmente porque daba inicio a esto que hoy estamos practicando pero principalmente, porque bueno, quedaron en caso particular de mi persona, quedaron algunas cuestiones, haci\u00e9ndome bastante ruido. Es por ello que me comuniqu\u00e9 digamos directamente con las personas funcionaria encargadas de esta \u00e1rea, y bueno, y volvimos a ver este asunto. \u00bfQu\u00e9 me transmit\u00edan? Por eso quiero llevar un manto de claridad, y tambi\u00e9n de que se entienda que era, cu\u00e1l era el mensaje o lo qu\u00e9 quieren hacer ellos. En primer lugar quieren transmitir que este mismo comunicado, es cierto, yo lo busqu\u00e9 en los medios el 7 de septiembre en una nota digamos general del trabajo que ven\u00edan haciendo la Dra. Guido y la administrativa Baier, hablando de su trabajo, de su gesti\u00f3n, de sus proyectos, indicaban y hac\u00edan refuerzo al cuidado de las guardias. Sobre todo, bueno, a diferenciar bien y a transmitirle al vecino com\u00fan esto mismo, el medirse, el cuidado de los recursos de no negarles la asistencia al Hospital, pero si la mesura \u00bfpor qu\u00e9? Porque, por varias cuestiones, pero una de las cuestione es que si llenamos o congestionamos las guardias, bueno el riesgo aumenta ante una necesidad de urgencia o emergencia, el profesional que le toque ese d\u00eda no estar\u00e1 a la altura de las circunstancias. Para ser m\u00e1s claros, ellas en esa nota que se hizo referencia, y bueno, y ah\u00ed es como que nadie la percibi\u00f3 o la vimos natural, y ese mismo comunicado lo vuelven a sacar ahora y bueno, y suceden estas interpretaciones. En esa nota, ellas dec\u00edan eso, recib\u00edan 90, ten\u00edan un promedio o un n\u00famero de 90 pacientes en la guardia por d\u00eda, lo que daba una atenci\u00f3n promedio estamos hablando de 16 minutos, un paciente cada 16 minutos, y ello conlleva bueno, a todo un alto riesgo como dec\u00eda, que el que realmente venga con una descompensaci\u00f3n, con un infarto, bueno, yo no soy del \u00e1rea de salud, pero todos sabemos cu\u00e1les son las emergencias. El que vaya a atenderse si los otros 89 por ejemplo, por decir un n\u00famero, por ejemplo iban por un certificado por revisar una radiograf\u00eda, lo, bueno, lo perjudicaban en definitiva. Quiero ser claro en esa idea. \u00bfQu\u00e9 dec\u00edan? Que este problema tambi\u00e9n es com\u00fan a toda, o a gran parte de los centros asistenciales, y lo que quieren transmitir principalmente es esto mismo, una concientizaci\u00f3n, una educaci\u00f3n al ciudadano, de no prohibici\u00f3n, porque si algo que tenemos bueno en este pa\u00eds y lo seguimos conservando, es la salud p\u00fablica. Pero s\u00ed el cuidado de los recursos, en eso creo que vamos a coincidir todos, cuidar los recursos en todos sus aspectos, desde los humanos hasta bueno, hasta los materiales. De parte de ellas, recordarles que es una Secretar\u00eda de puertas abiertas, sinceramente es cuesti\u00f3n de coordinar una entrevista y despejar cualquier tipo de dudas y como siempre la emisi\u00f3n de ellas o este mensaje era para cuidar, concientizar al vecino y bueno, hacer escuela como quien dice. Nada m\u00e1s se\u00f1or Presidente\u201d.<br \/>\nConcejal Sagredo M\u00f3nica:<br \/>\n\u201cSimplemente quer\u00eda hacer una aclaraci\u00f3n con respecto a esos 11 millones de seguridad. No es una respuesta que tengan que darnos a los Concejales de la oposici\u00f3n, fue un Pedido de Informe aprobado por unanimidad en el a\u00f1o 2016. Por lo tanto si el detalle est\u00e1 rendido, aprobado, deber\u00edamos tener la respuesta despu\u00e9s de tres a\u00f1os. Nada m\u00e1s se\u00f1or Presidente\u201d.<br \/>\nConcejal Rosatelli Laura:<br \/>\n\u201cQuiero hacer menci\u00f3n y contestar a la alocuci\u00f3n del Concejal Bassi. S\u00ed, decir que sigo sosteniendo lo mismo que dije en la Sesi\u00f3n Inaugural, por suerte bueno, ma\u00f1ana vamos a tener una reuni\u00f3n con el \u00e1rea de Salud, la Subsecretaria y la Directora, y bueno, me parece que como el Concejal Bassi lo dijo, hay que hacer educaci\u00f3n y me parece que s\u00ed, hay que educar, pero hay que hacer una fuerte, lo dije el otro d\u00eda, una fuerte campa\u00f1a informativa, porque no cualquier persona sabe distinguir lo qu\u00e9 es una emergencia o una urgencia o una consulta m\u00e9dica. No tenemos en este pueblo, no tenemos otro lugar donde ir que no sea el Hospital, no tenemos centros pagos donde uno puede ir y hacerse atender, entonces, no somos m\u00e9dicos, no conocemos ante un s\u00edntoma como lo dije el otro d\u00eda, se suma el temor, \u00bfa d\u00f3nde acudimos? al hospital. Claro que tenemos que ser responsables cuando llegamos a la guardia, me parece que a todos nos ha pasado, ninguno vamos de visita al hospital, no vamos porque nos gusta, vamos y nos preguntan, yo no voy a ir a hacer una receta, no voy a ir a mostrar una placa, me parece que si vamos es porque realmente lo necesitamos. Entonces insisto, hay que educar, pero para educar hay que informar. Nada m\u00e1s se\u00f1or Presidente\u201d.<br \/>\nConcejal Skolak Mar\u00eda Ofelia:<br \/>\n\u201cSe\u00f1or Presidente, yo me quiero referir al tema de salud e inseguridad. Con respecto al tema de salud, de acuerdo a lo que expuso el Concejal Bassi, un vecino com\u00fan de la localidad, no funcionario ni Concejal, no tiene la posibilidad de llegar como llega el Concejal Bassi a la Secretaria de Salud o a la Directora de Salud para que le explique detalladamente las estad\u00edsticas y todo lo que detall\u00f3 en su alocuci\u00f3n. El vecino quiere tener la tranquilidad, la libertad de poder acudir al Hospital en el momento que lo necesite, y esto lo decimos porque los mismos vecinos, muchos nos han transmitido que ante esa nota no sab\u00edan en qu\u00e9 situaci\u00f3n tienen que acercarse o no al Hospital, eso por un lado. Y en segundo lugar, con respecto a la inseguridad, el Concejal Fonfr\u00eda habla del a\u00f1o 2016 para atr\u00e1s. El vecino quiere la respuesta ahora, dej\u00e9monos de hablar del pasado, tomemos conocimiento de lo que est\u00e1 sucediendo ahora como dijo la Concejal Sagredo, no es un hecho no son dos ni tres, son varios hechos de inseguridad que se vienen dando \u00faltimamente que son de p\u00fablico conocimiento la mayor\u00eda, y demos soluci\u00f3n, busquemos acciones, trabajemos en conjunto. Estamos a disposici\u00f3n para trabajar con el Departamento Ejecutivo y buscar la forma de empezar a prevenir los que pueden llegar a venir. Entonces a m\u00ed me parece de que la persona damnificada, que han sido varias en este \u00faltimo tiempo necesitan escuchar eso, hag\u00e1monos cargo de c\u00f3mo colaborar y de c\u00f3mo resolver esta situaci\u00f3n, y el responsable es el Intendente Municipal que ni siquiera hizo menci\u00f3n a la inseguridad del Distrito de Tornquist en su alocuci\u00f3n el d\u00eda de la Sesi\u00f3n Inaugural. Nada m\u00e1s se\u00f1or Presidente\u201d.<br \/>\nConcejal Bassi Sebasti\u00e1n:<br \/>\nRetomo el tema salud. Dejar claro a todos los vecinos, a todos los habitantes de este distrito que nadie de este Bloque, de este equipo de gesti\u00f3n solicita un autodiagn\u00f3stico, eso, si se entendi\u00f3 eso nada que ver. Reitero, el comunicado, coincido que hay que hacer una fuerte campa\u00f1a de difusi\u00f3n, pero esto digo, ayudar a diferenciar que por ejemplo, una receta, una radiograf\u00eda, porque no es solo un caso, yo no tengo todos los n\u00fameros, para eso vamos a ped\u00edrselo cuando corresponda a las funcionarias del \u00e1rea de salud. Explicar esto mismo, que una radiograf\u00eda, revisar una radiograf\u00eda, una placa, una receta, no deber\u00eda ir por una guardia o una urgencia, para ello existen consultorios externos. Se viene haciendo un trabajo fuerte y muy bueno dentro del Hospital, como tambi\u00e9n en todas las salas del Distrito, entonces esto mismo, voy a coincidir que hacen falta o trabajemos en una campa\u00f1a de informaci\u00f3n y difusi\u00f3n a todos los vecinos del distrito. Nada m\u00e1s se\u00f1or Presidente\u201d.<br \/>\nHONORABLE CONCEJO DELIBERANTE<\/p>\n","protected":false},"excerpt":{"rendered":"<p>El Concejo Deliberante de Tornquist se reuni\u00f3 en sesi\u00f3n ordinaria el mi\u00e9rcoles 6 de marzo, donde trataron el siguiente orden:<\/p>\n","protected":false},"author":3,"featured_media":0,"comment_status":"closed","ping_status":"open","sticky":false,"template":"","format":"standard","meta":{"footnotes":""},"categories":[28],"tags":[],"class_list":["post-29702","post","type-post","status-publish","format-standard","hentry","category-municipales"],"yoast_head":"<!-- This site is optimized with the Yoast SEO plugin v25.9 - https:\/\/yoast.com\/wordpress\/plugins\/seo\/ -->\n<title>Informe Sesi\u00f3n Ordinaria de fecha 06-03-19 - Noticias Radio Reflejos<\/title>\n<meta name=\"robots\" content=\"index, follow, max-snippet:-1, max-image-preview:large, max-video-preview:-1\" \/>\n<link rel=\"canonical\" href=\"https:\/\/www.noticiasradioreflejos.com.ar\/2021\/informe-sesion-ordinaria-de-fecha-06-03-19\/\" \/>\n<meta property=\"og:locale\" content=\"es_ES\" \/>\n<meta property=\"og:type\" content=\"article\" \/>\n<meta property=\"og:title\" content=\"Informe Sesi\u00f3n Ordinaria de fecha 06-03-19 - Noticias Radio Reflejos\" \/>\n<meta property=\"og:description\" content=\"El Concejo Deliberante de Tornquist se reuni\u00f3 en sesi\u00f3n ordinaria el mi\u00e9rcoles 6 de marzo, donde trataron el siguiente orden:\" \/>\n<meta property=\"og:url\" content=\"https:\/\/www.noticiasradioreflejos.com.ar\/2021\/informe-sesion-ordinaria-de-fecha-06-03-19\/\" \/>\n<meta property=\"og:site_name\" content=\"Noticias Radio Reflejos\" \/>\n<meta property=\"article:published_time\" content=\"2019-03-13T13:42:37+00:00\" \/>\n<meta property=\"og:image\" content=\"https:\/\/www.noticiasradioreflejos.com.ar\/2021\/wp-content\/uploads\/2021\/07\/logosol300x200.png\" \/>\n\t<meta property=\"og:image:width\" content=\"300\" \/>\n\t<meta property=\"og:image:height\" content=\"200\" \/>\n\t<meta property=\"og:image:type\" content=\"image\/png\" \/>\n<meta name=\"author\" content=\"Arnaldo Botto\" \/>\n<meta name=\"twitter:card\" content=\"summary_large_image\" \/>\n<script type=\"application\/ld+json\" class=\"yoast-schema-graph\">{\"@context\":\"https:\/\/schema.org\",\"@graph\":[{\"@type\":\"WebPage\",\"@id\":\"https:\/\/www.noticiasradioreflejos.com.ar\/2021\/informe-sesion-ordinaria-de-fecha-06-03-19\/\",\"url\":\"https:\/\/www.noticiasradioreflejos.com.ar\/2021\/informe-sesion-ordinaria-de-fecha-06-03-19\/\",\"name\":\"Informe Sesi\u00f3n Ordinaria de fecha 06-03-19 - Noticias Radio Reflejos\",\"isPartOf\":{\"@id\":\"https:\/\/www.noticiasradioreflejos.com.ar\/2021\/#website\"},\"datePublished\":\"2019-03-13T13:42:37+00:00\",\"author\":{\"@id\":\"https:\/\/www.noticiasradioreflejos.com.ar\/2021\/#\/schema\/person\/ad82545263dcc5ec0996818884fd5fb1\"},\"breadcrumb\":{\"@id\":\"https:\/\/www.noticiasradioreflejos.com.ar\/2021\/informe-sesion-ordinaria-de-fecha-06-03-19\/#breadcrumb\"},\"inLanguage\":\"es\",\"potentialAction\":[{\"@type\":\"ReadAction\",\"target\":[\"https:\/\/www.noticiasradioreflejos.com.ar\/2021\/informe-sesion-ordinaria-de-fecha-06-03-19\/\"]}]},{\"@type\":\"BreadcrumbList\",\"@id\":\"https:\/\/www.noticiasradioreflejos.com.ar\/2021\/informe-sesion-ordinaria-de-fecha-06-03-19\/#breadcrumb\",\"itemListElement\":[{\"@type\":\"ListItem\",\"position\":1,\"name\":\"Portada\",\"item\":\"https:\/\/www.noticiasradioreflejos.com.ar\/2021\/\"},{\"@type\":\"ListItem\",\"position\":2,\"name\":\"Informe Sesi\u00f3n Ordinaria de fecha 06-03-19\"}]},{\"@type\":\"WebSite\",\"@id\":\"https:\/\/www.noticiasradioreflejos.com.ar\/2021\/#website\",\"url\":\"https:\/\/www.noticiasradioreflejos.com.ar\/2021\/\",\"name\":\"Noticias Radio Reflejos\",\"description\":\"Las noticias de mi comarca\",\"potentialAction\":[{\"@type\":\"SearchAction\",\"target\":{\"@type\":\"EntryPoint\",\"urlTemplate\":\"https:\/\/www.noticiasradioreflejos.com.ar\/2021\/?s={search_term_string}\"},\"query-input\":{\"@type\":\"PropertyValueSpecification\",\"valueRequired\":true,\"valueName\":\"search_term_string\"}}],\"inLanguage\":\"es\"},{\"@type\":\"Person\",\"@id\":\"https:\/\/www.noticiasradioreflejos.com.ar\/2021\/#\/schema\/person\/ad82545263dcc5ec0996818884fd5fb1\",\"name\":\"Arnaldo Botto\",\"image\":{\"@type\":\"ImageObject\",\"inLanguage\":\"es\",\"@id\":\"https:\/\/www.noticiasradioreflejos.com.ar\/2021\/#\/schema\/person\/image\/\",\"url\":\"https:\/\/secure.gravatar.com\/avatar\/55cb5e37c1efa326397366e6974cb338056df65cb50e7d64d1cf314e87504837?s=96&d=mm&r=g\",\"contentUrl\":\"https:\/\/secure.gravatar.com\/avatar\/55cb5e37c1efa326397366e6974cb338056df65cb50e7d64d1cf314e87504837?s=96&d=mm&r=g\",\"caption\":\"Arnaldo Botto\"},\"url\":\"https:\/\/www.noticiasradioreflejos.com.ar\/2021\/author\/arnaldo\/\"}]}<\/script>\n<!-- \/ Yoast SEO plugin. -->","yoast_head_json":{"title":"Informe Sesi\u00f3n Ordinaria de fecha 06-03-19 - Noticias Radio Reflejos","robots":{"index":"index","follow":"follow","max-snippet":"max-snippet:-1","max-image-preview":"max-image-preview:large","max-video-preview":"max-video-preview:-1"},"canonical":"https:\/\/www.noticiasradioreflejos.com.ar\/2021\/informe-sesion-ordinaria-de-fecha-06-03-19\/","og_locale":"es_ES","og_type":"article","og_title":"Informe Sesi\u00f3n Ordinaria de fecha 06-03-19 - Noticias Radio Reflejos","og_description":"El Concejo Deliberante de Tornquist se reuni\u00f3 en sesi\u00f3n ordinaria el mi\u00e9rcoles 6 de marzo, donde trataron el siguiente orden:","og_url":"https:\/\/www.noticiasradioreflejos.com.ar\/2021\/informe-sesion-ordinaria-de-fecha-06-03-19\/","og_site_name":"Noticias Radio Reflejos","article_published_time":"2019-03-13T13:42:37+00:00","og_image":[{"width":300,"height":200,"url":"https:\/\/www.noticiasradioreflejos.com.ar\/2021\/wp-content\/uploads\/2021\/07\/logosol300x200.png","type":"image\/png"}],"author":"Arnaldo Botto","twitter_card":"summary_large_image","schema":{"@context":"https:\/\/schema.org","@graph":[{"@type":"WebPage","@id":"https:\/\/www.noticiasradioreflejos.com.ar\/2021\/informe-sesion-ordinaria-de-fecha-06-03-19\/","url":"https:\/\/www.noticiasradioreflejos.com.ar\/2021\/informe-sesion-ordinaria-de-fecha-06-03-19\/","name":"Informe Sesi\u00f3n Ordinaria de fecha 06-03-19 - Noticias Radio Reflejos","isPartOf":{"@id":"https:\/\/www.noticiasradioreflejos.com.ar\/2021\/#website"},"datePublished":"2019-03-13T13:42:37+00:00","author":{"@id":"https:\/\/www.noticiasradioreflejos.com.ar\/2021\/#\/schema\/person\/ad82545263dcc5ec0996818884fd5fb1"},"breadcrumb":{"@id":"https:\/\/www.noticiasradioreflejos.com.ar\/2021\/informe-sesion-ordinaria-de-fecha-06-03-19\/#breadcrumb"},"inLanguage":"es","potentialAction":[{"@type":"ReadAction","target":["https:\/\/www.noticiasradioreflejos.com.ar\/2021\/informe-sesion-ordinaria-de-fecha-06-03-19\/"]}]},{"@type":"BreadcrumbList","@id":"https:\/\/www.noticiasradioreflejos.com.ar\/2021\/informe-sesion-ordinaria-de-fecha-06-03-19\/#breadcrumb","itemListElement":[{"@type":"ListItem","position":1,"name":"Portada","item":"https:\/\/www.noticiasradioreflejos.com.ar\/2021\/"},{"@type":"ListItem","position":2,"name":"Informe Sesi\u00f3n Ordinaria de fecha 06-03-19"}]},{"@type":"WebSite","@id":"https:\/\/www.noticiasradioreflejos.com.ar\/2021\/#website","url":"https:\/\/www.noticiasradioreflejos.com.ar\/2021\/","name":"Noticias Radio Reflejos","description":"Las noticias de mi comarca","potentialAction":[{"@type":"SearchAction","target":{"@type":"EntryPoint","urlTemplate":"https:\/\/www.noticiasradioreflejos.com.ar\/2021\/?s={search_term_string}"},"query-input":{"@type":"PropertyValueSpecification","valueRequired":true,"valueName":"search_term_string"}}],"inLanguage":"es"},{"@type":"Person","@id":"https:\/\/www.noticiasradioreflejos.com.ar\/2021\/#\/schema\/person\/ad82545263dcc5ec0996818884fd5fb1","name":"Arnaldo Botto","image":{"@type":"ImageObject","inLanguage":"es","@id":"https:\/\/www.noticiasradioreflejos.com.ar\/2021\/#\/schema\/person\/image\/","url":"https:\/\/secure.gravatar.com\/avatar\/55cb5e37c1efa326397366e6974cb338056df65cb50e7d64d1cf314e87504837?s=96&d=mm&r=g","contentUrl":"https:\/\/secure.gravatar.com\/avatar\/55cb5e37c1efa326397366e6974cb338056df65cb50e7d64d1cf314e87504837?s=96&d=mm&r=g","caption":"Arnaldo Botto"},"url":"https:\/\/www.noticiasradioreflejos.com.ar\/2021\/author\/arnaldo\/"}]}},"_links":{"self":[{"href":"https:\/\/www.noticiasradioreflejos.com.ar\/2021\/wp-json\/wp\/v2\/posts\/29702","targetHints":{"allow":["GET"]}}],"collection":[{"href":"https:\/\/www.noticiasradioreflejos.com.ar\/2021\/wp-json\/wp\/v2\/posts"}],"about":[{"href":"https:\/\/www.noticiasradioreflejos.com.ar\/2021\/wp-json\/wp\/v2\/types\/post"}],"author":[{"embeddable":true,"href":"https:\/\/www.noticiasradioreflejos.com.ar\/2021\/wp-json\/wp\/v2\/users\/3"}],"replies":[{"embeddable":true,"href":"https:\/\/www.noticiasradioreflejos.com.ar\/2021\/wp-json\/wp\/v2\/comments?post=29702"}],"version-history":[{"count":0,"href":"https:\/\/www.noticiasradioreflejos.com.ar\/2021\/wp-json\/wp\/v2\/posts\/29702\/revisions"}],"wp:attachment":[{"href":"https:\/\/www.noticiasradioreflejos.com.ar\/2021\/wp-json\/wp\/v2\/media?parent=29702"}],"wp:term":[{"taxonomy":"category","embeddable":true,"href":"https:\/\/www.noticiasradioreflejos.com.ar\/2021\/wp-json\/wp\/v2\/categories?post=29702"},{"taxonomy":"post_tag","embeddable":true,"href":"https:\/\/www.noticiasradioreflejos.com.ar\/2021\/wp-json\/wp\/v2\/tags?post=29702"}],"curies":[{"name":"wp","href":"https:\/\/api.w.org\/{rel}","templated":true}]}}