{"id":29689,"date":"2019-03-12T17:31:04","date_gmt":"2019-03-12T20:31:04","guid":{"rendered":"http:\/\/www.noticiasradioreflejos.com.ar\/noticias\/?p=29689"},"modified":"2019-03-12T17:31:04","modified_gmt":"2019-03-12T20:31:04","slug":"55-ciclistas-se-sumaron-a-la-jornada-de-cicloturismo","status":"publish","type":"post","link":"https:\/\/www.noticiasradioreflejos.com.ar\/2021\/55-ciclistas-se-sumaron-a-la-jornada-de-cicloturismo\/","title":{"rendered":"55 ciclistas se sumaron a la Jornada de Cicloturismo"},"content":{"rendered":"<p>El domingo 10, tal cual estaba previsto, 55 ciclistas participaron de la Jornada de Cicloturismo organizada por la Direcci\u00f3n de Deportes, en el marco del D\u00eda Internacional de la Mujer.<!--more--><br \/>\nEl d\u00eda acompa\u00f1\u00f3, y permiti\u00f3 vivir una muy linda experiencia a aquellos que lo hac\u00edan por primera vez, quienes junto a los que ya hab\u00edan participado en otra oportunidad disfrutaron de una jornada diferente.<br \/>\nDesde el Parque lineal los 55 ciclistas, provenientes de distintas localidades de la regi\u00f3n, partieron dispuestos a disfrutar del ciclismo y de los 47 km de hermosos paisajes que ofrece el Circuito Chico.<br \/>\nDesde la Direcci\u00f3n agradecen a quienes se sumaron a esta propuesta y a los comercios locales que colaboraron con los presentes que fueron sorteados: Cipress, Cicles Rodr\u00edguez, f\u00e1brica de pastas \u201cLos Hermanos\u201d y Confiter\u00eda Automoto.<br \/>\nPor otro lado Deportes inform\u00f3 que est\u00e1 prevista para el mes de mayo una nueva jornada cicl\u00edstica con el objeto de incentivar a m\u00e1s personas a sumarse a este hermoso deporte que fusiona aventura, salud, deporte y vida al aire libre.<\/p>\n","protected":false},"excerpt":{"rendered":"<p>El domingo 10, tal cual estaba previsto, 55 ciclistas participaron de la Jornada de Cicloturismo organizada por la Direcci\u00f3n de Deportes, en el marco del D\u00eda Internacional de la Mujer.<\/p>\n","protected":false},"author":3,"featured_media":0,"comment_status":"closed","ping_status":"open","sticky":false,"template":"","format":"standard","meta":{"footnotes":""},"categories":[27],"tags":[],"class_list":["post-29689","post","type-post","status-publish","format-standard","hentry","category-deportes"],"yoast_head":"<!-- This site is optimized with the Yoast SEO plugin v25.9 - https:\/\/yoast.com\/wordpress\/plugins\/seo\/ -->\n<title>55 ciclistas se sumaron a la Jornada de Cicloturismo - Noticias Radio Reflejos<\/title>\n<meta name=\"robots\" content=\"index, follow, max-snippet:-1, max-image-preview:large, max-video-preview:-1\" \/>\n<link rel=\"canonical\" href=\"https:\/\/www.noticiasradioreflejos.com.ar\/2021\/55-ciclistas-se-sumaron-a-la-jornada-de-cicloturismo\/\" \/>\n<meta property=\"og:locale\" content=\"es_ES\" \/>\n<meta property=\"og:type\" content=\"article\" \/>\n<meta property=\"og:title\" content=\"55 ciclistas se sumaron a la Jornada de Cicloturismo - Noticias Radio Reflejos\" \/>\n<meta property=\"og:description\" content=\"El domingo 10, tal cual estaba previsto, 55 ciclistas participaron de la Jornada de Cicloturismo organizada por la Direcci\u00f3n de Deportes, en el marco del D\u00eda Internacional de la Mujer.\" \/>\n<meta property=\"og:url\" content=\"https:\/\/www.noticiasradioreflejos.com.ar\/2021\/55-ciclistas-se-sumaron-a-la-jornada-de-cicloturismo\/\" \/>\n<meta property=\"og:site_name\" content=\"Noticias Radio Reflejos\" \/>\n<meta property=\"article:published_time\" content=\"2019-03-12T20:31:04+00:00\" \/>\n<meta property=\"og:image\" content=\"https:\/\/www.noticiasradioreflejos.com.ar\/2021\/wp-content\/uploads\/2021\/07\/logosol300x200.png\" \/>\n\t<meta property=\"og:image:width\" content=\"300\" \/>\n\t<meta property=\"og:image:height\" content=\"200\" \/>\n\t<meta property=\"og:image:type\" content=\"image\/png\" \/>\n<meta name=\"author\" content=\"Arnaldo Botto\" \/>\n<meta name=\"twitter:card\" content=\"summary_large_image\" \/>\n<script type=\"application\/ld+json\" class=\"yoast-schema-graph\">{\"@context\":\"https:\/\/schema.org\",\"@graph\":[{\"@type\":\"WebPage\",\"@id\":\"https:\/\/www.noticiasradioreflejos.com.ar\/2021\/55-ciclistas-se-sumaron-a-la-jornada-de-cicloturismo\/\",\"url\":\"https:\/\/www.noticiasradioreflejos.com.ar\/2021\/55-ciclistas-se-sumaron-a-la-jornada-de-cicloturismo\/\",\"name\":\"55 ciclistas se sumaron a la Jornada de Cicloturismo - Noticias Radio Reflejos\",\"isPartOf\":{\"@id\":\"https:\/\/www.noticiasradioreflejos.com.ar\/2021\/#website\"},\"datePublished\":\"2019-03-12T20:31:04+00:00\",\"author\":{\"@id\":\"https:\/\/www.noticiasradioreflejos.com.ar\/2021\/#\/schema\/person\/ad82545263dcc5ec0996818884fd5fb1\"},\"breadcrumb\":{\"@id\":\"https:\/\/www.noticiasradioreflejos.com.ar\/2021\/55-ciclistas-se-sumaron-a-la-jornada-de-cicloturismo\/#breadcrumb\"},\"inLanguage\":\"es\",\"potentialAction\":[{\"@type\":\"ReadAction\",\"target\":[\"https:\/\/www.noticiasradioreflejos.com.ar\/2021\/55-ciclistas-se-sumaron-a-la-jornada-de-cicloturismo\/\"]}]},{\"@type\":\"BreadcrumbList\",\"@id\":\"https:\/\/www.noticiasradioreflejos.com.ar\/2021\/55-ciclistas-se-sumaron-a-la-jornada-de-cicloturismo\/#breadcrumb\",\"itemListElement\":[{\"@type\":\"ListItem\",\"position\":1,\"name\":\"Portada\",\"item\":\"https:\/\/www.noticiasradioreflejos.com.ar\/2021\/\"},{\"@type\":\"ListItem\",\"position\":2,\"name\":\"55 ciclistas se sumaron a la Jornada de Cicloturismo\"}]},{\"@type\":\"WebSite\",\"@id\":\"https:\/\/www.noticiasradioreflejos.com.ar\/2021\/#website\",\"url\":\"https:\/\/www.noticiasradioreflejos.com.ar\/2021\/\",\"name\":\"Noticias Radio Reflejos\",\"description\":\"Las noticias de mi comarca\",\"potentialAction\":[{\"@type\":\"SearchAction\",\"target\":{\"@type\":\"EntryPoint\",\"urlTemplate\":\"https:\/\/www.noticiasradioreflejos.com.ar\/2021\/?s={search_term_string}\"},\"query-input\":{\"@type\":\"PropertyValueSpecification\",\"valueRequired\":true,\"valueName\":\"search_term_string\"}}],\"inLanguage\":\"es\"},{\"@type\":\"Person\",\"@id\":\"https:\/\/www.noticiasradioreflejos.com.ar\/2021\/#\/schema\/person\/ad82545263dcc5ec0996818884fd5fb1\",\"name\":\"Arnaldo Botto\",\"image\":{\"@type\":\"ImageObject\",\"inLanguage\":\"es\",\"@id\":\"https:\/\/www.noticiasradioreflejos.com.ar\/2021\/#\/schema\/person\/image\/\",\"url\":\"https:\/\/secure.gravatar.com\/avatar\/55cb5e37c1efa326397366e6974cb338056df65cb50e7d64d1cf314e87504837?s=96&d=mm&r=g\",\"contentUrl\":\"https:\/\/secure.gravatar.com\/avatar\/55cb5e37c1efa326397366e6974cb338056df65cb50e7d64d1cf314e87504837?s=96&d=mm&r=g\",\"caption\":\"Arnaldo Botto\"},\"url\":\"https:\/\/www.noticiasradioreflejos.com.ar\/2021\/author\/arnaldo\/\"}]}<\/script>\n<!-- \/ Yoast SEO plugin. -->","yoast_head_json":{"title":"55 ciclistas se sumaron a la Jornada de Cicloturismo - Noticias Radio Reflejos","robots":{"index":"index","follow":"follow","max-snippet":"max-snippet:-1","max-image-preview":"max-image-preview:large","max-video-preview":"max-video-preview:-1"},"canonical":"https:\/\/www.noticiasradioreflejos.com.ar\/2021\/55-ciclistas-se-sumaron-a-la-jornada-de-cicloturismo\/","og_locale":"es_ES","og_type":"article","og_title":"55 ciclistas se sumaron a la Jornada de Cicloturismo - Noticias Radio Reflejos","og_description":"El domingo 10, tal cual estaba previsto, 55 ciclistas participaron de la Jornada de Cicloturismo organizada por la Direcci\u00f3n de Deportes, en el marco del D\u00eda Internacional de la Mujer.","og_url":"https:\/\/www.noticiasradioreflejos.com.ar\/2021\/55-ciclistas-se-sumaron-a-la-jornada-de-cicloturismo\/","og_site_name":"Noticias Radio Reflejos","article_published_time":"2019-03-12T20:31:04+00:00","og_image":[{"width":300,"height":200,"url":"https:\/\/www.noticiasradioreflejos.com.ar\/2021\/wp-content\/uploads\/2021\/07\/logosol300x200.png","type":"image\/png"}],"author":"Arnaldo Botto","twitter_card":"summary_large_image","schema":{"@context":"https:\/\/schema.org","@graph":[{"@type":"WebPage","@id":"https:\/\/www.noticiasradioreflejos.com.ar\/2021\/55-ciclistas-se-sumaron-a-la-jornada-de-cicloturismo\/","url":"https:\/\/www.noticiasradioreflejos.com.ar\/2021\/55-ciclistas-se-sumaron-a-la-jornada-de-cicloturismo\/","name":"55 ciclistas se sumaron a la Jornada de Cicloturismo - Noticias Radio Reflejos","isPartOf":{"@id":"https:\/\/www.noticiasradioreflejos.com.ar\/2021\/#website"},"datePublished":"2019-03-12T20:31:04+00:00","author":{"@id":"https:\/\/www.noticiasradioreflejos.com.ar\/2021\/#\/schema\/person\/ad82545263dcc5ec0996818884fd5fb1"},"breadcrumb":{"@id":"https:\/\/www.noticiasradioreflejos.com.ar\/2021\/55-ciclistas-se-sumaron-a-la-jornada-de-cicloturismo\/#breadcrumb"},"inLanguage":"es","potentialAction":[{"@type":"ReadAction","target":["https:\/\/www.noticiasradioreflejos.com.ar\/2021\/55-ciclistas-se-sumaron-a-la-jornada-de-cicloturismo\/"]}]},{"@type":"BreadcrumbList","@id":"https:\/\/www.noticiasradioreflejos.com.ar\/2021\/55-ciclistas-se-sumaron-a-la-jornada-de-cicloturismo\/#breadcrumb","itemListElement":[{"@type":"ListItem","position":1,"name":"Portada","item":"https:\/\/www.noticiasradioreflejos.com.ar\/2021\/"},{"@type":"ListItem","position":2,"name":"55 ciclistas se sumaron a la Jornada de Cicloturismo"}]},{"@type":"WebSite","@id":"https:\/\/www.noticiasradioreflejos.com.ar\/2021\/#website","url":"https:\/\/www.noticiasradioreflejos.com.ar\/2021\/","name":"Noticias Radio Reflejos","description":"Las noticias de mi comarca","potentialAction":[{"@type":"SearchAction","target":{"@type":"EntryPoint","urlTemplate":"https:\/\/www.noticiasradioreflejos.com.ar\/2021\/?s={search_term_string}"},"query-input":{"@type":"PropertyValueSpecification","valueRequired":true,"valueName":"search_term_string"}}],"inLanguage":"es"},{"@type":"Person","@id":"https:\/\/www.noticiasradioreflejos.com.ar\/2021\/#\/schema\/person\/ad82545263dcc5ec0996818884fd5fb1","name":"Arnaldo Botto","image":{"@type":"ImageObject","inLanguage":"es","@id":"https:\/\/www.noticiasradioreflejos.com.ar\/2021\/#\/schema\/person\/image\/","url":"https:\/\/secure.gravatar.com\/avatar\/55cb5e37c1efa326397366e6974cb338056df65cb50e7d64d1cf314e87504837?s=96&d=mm&r=g","contentUrl":"https:\/\/secure.gravatar.com\/avatar\/55cb5e37c1efa326397366e6974cb338056df65cb50e7d64d1cf314e87504837?s=96&d=mm&r=g","caption":"Arnaldo Botto"},"url":"https:\/\/www.noticiasradioreflejos.com.ar\/2021\/author\/arnaldo\/"}]}},"_links":{"self":[{"href":"https:\/\/www.noticiasradioreflejos.com.ar\/2021\/wp-json\/wp\/v2\/posts\/29689","targetHints":{"allow":["GET"]}}],"collection":[{"href":"https:\/\/www.noticiasradioreflejos.com.ar\/2021\/wp-json\/wp\/v2\/posts"}],"about":[{"href":"https:\/\/www.noticiasradioreflejos.com.ar\/2021\/wp-json\/wp\/v2\/types\/post"}],"author":[{"embeddable":true,"href":"https:\/\/www.noticiasradioreflejos.com.ar\/2021\/wp-json\/wp\/v2\/users\/3"}],"replies":[{"embeddable":true,"href":"https:\/\/www.noticiasradioreflejos.com.ar\/2021\/wp-json\/wp\/v2\/comments?post=29689"}],"version-history":[{"count":0,"href":"https:\/\/www.noticiasradioreflejos.com.ar\/2021\/wp-json\/wp\/v2\/posts\/29689\/revisions"}],"wp:attachment":[{"href":"https:\/\/www.noticiasradioreflejos.com.ar\/2021\/wp-json\/wp\/v2\/media?parent=29689"}],"wp:term":[{"taxonomy":"category","embeddable":true,"href":"https:\/\/www.noticiasradioreflejos.com.ar\/2021\/wp-json\/wp\/v2\/categories?post=29689"},{"taxonomy":"post_tag","embeddable":true,"href":"https:\/\/www.noticiasradioreflejos.com.ar\/2021\/wp-json\/wp\/v2\/tags?post=29689"}],"curies":[{"name":"wp","href":"https:\/\/api.w.org\/{rel}","templated":true}]}}