{"id":29684,"date":"2019-03-12T11:42:11","date_gmt":"2019-03-12T14:42:11","guid":{"rendered":"http:\/\/www.noticiasradioreflejos.com.ar\/noticias\/?p=29684"},"modified":"2019-03-12T11:42:11","modified_gmt":"2019-03-12T14:42:11","slug":"miercoles-13-charla-los-desafios-de-las-mujeres-a-partir-de-los-35-anos","status":"publish","type":"post","link":"https:\/\/www.noticiasradioreflejos.com.ar\/2021\/miercoles-13-charla-los-desafios-de-las-mujeres-a-partir-de-los-35-anos\/","title":{"rendered":"Mi\u00e9rcoles 13: charla \u201cLos desaf\u00edos de las mujeres a partir de los 35 a\u00f1os\u201d"},"content":{"rendered":"<p><a title=\"WhatsApp Image 2019-03-12 at 11.20.58\" href=\"http:\/\/farm8.staticflickr.com\/7893\/46636533824_a664aa7479.jpg\" rel=\"\"><img loading=\"lazy\" decoding=\"async\" class=\"alignleft\" style=\"float: left;\" title=\"WhatsApp Image 2019-03-12 at 11.20.58\" src=\"http:\/\/farm8.staticflickr.com\/7893\/46636533824_a664aa7479.jpg\" alt=\"WhatsApp Image 2019-03-12 at 11.20.58\" width=\"500\" height=\"500\" \/><\/a>\u201cLos desaf\u00edos de las mujeres a partir de los 35 a\u00f1os\u201d es la charla programada para ma\u00f1ana mi\u00e9rcoles 13, en el marco de las actividades por que se vienen realizado en conmemoraci\u00f3n al D\u00eda Internacional de la Mujer.<!--more--><br \/>\nEl evento, organizado por la Direcci\u00f3n de Cultura, tendr\u00e1 lugar a las 20.00 hs. en el Museo TQT (Av. E. Tornquist y General Paz), y estar\u00e1 a cargo de Marcela Berdugo, profesora de gimnasia; Karen Callava, nutricionista y Estefan\u00eda Egler, cosmet\u00f3loga.<br \/>\nSe recuerda que todas las actividades previstas son con entrada libre y gratuita.<\/p>\n","protected":false},"excerpt":{"rendered":"<p>\u201cLos desaf\u00edos de las mujeres a partir de los 35 a\u00f1os\u201d es la charla programada para ma\u00f1ana mi\u00e9rcoles 13, en el marco de las actividades por que se vienen realizado en conmemoraci\u00f3n al D\u00eda Internacional de la Mujer.<\/p>\n","protected":false},"author":3,"featured_media":0,"comment_status":"closed","ping_status":"open","sticky":false,"template":"","format":"standard","meta":{"footnotes":""},"categories":[35],"tags":[],"class_list":["post-29684","post","type-post","status-publish","format-standard","hentry","category-cultura"],"yoast_head":"<!-- This site is optimized with the Yoast SEO plugin v25.9 - https:\/\/yoast.com\/wordpress\/plugins\/seo\/ -->\n<title>Mi\u00e9rcoles 13: charla \u201cLos desaf\u00edos de las mujeres a partir de los 35 a\u00f1os\u201d - Noticias Radio Reflejos<\/title>\n<meta name=\"robots\" content=\"index, follow, max-snippet:-1, max-image-preview:large, max-video-preview:-1\" \/>\n<link rel=\"canonical\" href=\"https:\/\/www.noticiasradioreflejos.com.ar\/2021\/miercoles-13-charla-los-desafios-de-las-mujeres-a-partir-de-los-35-anos\/\" \/>\n<meta property=\"og:locale\" content=\"es_ES\" \/>\n<meta property=\"og:type\" content=\"article\" \/>\n<meta property=\"og:title\" content=\"Mi\u00e9rcoles 13: charla \u201cLos desaf\u00edos de las mujeres a partir de los 35 a\u00f1os\u201d - Noticias Radio Reflejos\" \/>\n<meta property=\"og:description\" content=\"\u201cLos desaf\u00edos de las mujeres a partir de los 35 a\u00f1os\u201d es la charla programada para ma\u00f1ana mi\u00e9rcoles 13, en el marco de las actividades por que se vienen realizado en conmemoraci\u00f3n al D\u00eda Internacional de la Mujer.\" \/>\n<meta property=\"og:url\" content=\"https:\/\/www.noticiasradioreflejos.com.ar\/2021\/miercoles-13-charla-los-desafios-de-las-mujeres-a-partir-de-los-35-anos\/\" \/>\n<meta property=\"og:site_name\" content=\"Noticias Radio Reflejos\" \/>\n<meta property=\"article:published_time\" content=\"2019-03-12T14:42:11+00:00\" \/>\n<meta property=\"og:image\" content=\"http:\/\/farm8.staticflickr.com\/7893\/46636533824_a664aa7479.jpg\" \/>\n<meta name=\"author\" content=\"Arnaldo Botto\" \/>\n<meta name=\"twitter:card\" content=\"summary_large_image\" \/>\n<script type=\"application\/ld+json\" class=\"yoast-schema-graph\">{\"@context\":\"https:\/\/schema.org\",\"@graph\":[{\"@type\":\"WebPage\",\"@id\":\"https:\/\/www.noticiasradioreflejos.com.ar\/2021\/miercoles-13-charla-los-desafios-de-las-mujeres-a-partir-de-los-35-anos\/\",\"url\":\"https:\/\/www.noticiasradioreflejos.com.ar\/2021\/miercoles-13-charla-los-desafios-de-las-mujeres-a-partir-de-los-35-anos\/\",\"name\":\"Mi\u00e9rcoles 13: charla \u201cLos desaf\u00edos de las mujeres a partir de los 35 a\u00f1os\u201d - Noticias Radio Reflejos\",\"isPartOf\":{\"@id\":\"https:\/\/www.noticiasradioreflejos.com.ar\/2021\/#website\"},\"primaryImageOfPage\":{\"@id\":\"https:\/\/www.noticiasradioreflejos.com.ar\/2021\/miercoles-13-charla-los-desafios-de-las-mujeres-a-partir-de-los-35-anos\/#primaryimage\"},\"image\":{\"@id\":\"https:\/\/www.noticiasradioreflejos.com.ar\/2021\/miercoles-13-charla-los-desafios-de-las-mujeres-a-partir-de-los-35-anos\/#primaryimage\"},\"thumbnailUrl\":\"http:\/\/farm8.staticflickr.com\/7893\/46636533824_a664aa7479.jpg\",\"datePublished\":\"2019-03-12T14:42:11+00:00\",\"author\":{\"@id\":\"https:\/\/www.noticiasradioreflejos.com.ar\/2021\/#\/schema\/person\/ad82545263dcc5ec0996818884fd5fb1\"},\"breadcrumb\":{\"@id\":\"https:\/\/www.noticiasradioreflejos.com.ar\/2021\/miercoles-13-charla-los-desafios-de-las-mujeres-a-partir-de-los-35-anos\/#breadcrumb\"},\"inLanguage\":\"es\",\"potentialAction\":[{\"@type\":\"ReadAction\",\"target\":[\"https:\/\/www.noticiasradioreflejos.com.ar\/2021\/miercoles-13-charla-los-desafios-de-las-mujeres-a-partir-de-los-35-anos\/\"]}]},{\"@type\":\"ImageObject\",\"inLanguage\":\"es\",\"@id\":\"https:\/\/www.noticiasradioreflejos.com.ar\/2021\/miercoles-13-charla-los-desafios-de-las-mujeres-a-partir-de-los-35-anos\/#primaryimage\",\"url\":\"http:\/\/farm8.staticflickr.com\/7893\/46636533824_a664aa7479.jpg\",\"contentUrl\":\"http:\/\/farm8.staticflickr.com\/7893\/46636533824_a664aa7479.jpg\"},{\"@type\":\"BreadcrumbList\",\"@id\":\"https:\/\/www.noticiasradioreflejos.com.ar\/2021\/miercoles-13-charla-los-desafios-de-las-mujeres-a-partir-de-los-35-anos\/#breadcrumb\",\"itemListElement\":[{\"@type\":\"ListItem\",\"position\":1,\"name\":\"Portada\",\"item\":\"https:\/\/www.noticiasradioreflejos.com.ar\/2021\/\"},{\"@type\":\"ListItem\",\"position\":2,\"name\":\"Mi\u00e9rcoles 13: charla \u201cLos desaf\u00edos de las mujeres a partir de los 35 a\u00f1os\u201d\"}]},{\"@type\":\"WebSite\",\"@id\":\"https:\/\/www.noticiasradioreflejos.com.ar\/2021\/#website\",\"url\":\"https:\/\/www.noticiasradioreflejos.com.ar\/2021\/\",\"name\":\"Noticias Radio Reflejos\",\"description\":\"Las noticias de mi comarca\",\"potentialAction\":[{\"@type\":\"SearchAction\",\"target\":{\"@type\":\"EntryPoint\",\"urlTemplate\":\"https:\/\/www.noticiasradioreflejos.com.ar\/2021\/?s={search_term_string}\"},\"query-input\":{\"@type\":\"PropertyValueSpecification\",\"valueRequired\":true,\"valueName\":\"search_term_string\"}}],\"inLanguage\":\"es\"},{\"@type\":\"Person\",\"@id\":\"https:\/\/www.noticiasradioreflejos.com.ar\/2021\/#\/schema\/person\/ad82545263dcc5ec0996818884fd5fb1\",\"name\":\"Arnaldo Botto\",\"image\":{\"@type\":\"ImageObject\",\"inLanguage\":\"es\",\"@id\":\"https:\/\/www.noticiasradioreflejos.com.ar\/2021\/#\/schema\/person\/image\/\",\"url\":\"https:\/\/secure.gravatar.com\/avatar\/55cb5e37c1efa326397366e6974cb338056df65cb50e7d64d1cf314e87504837?s=96&d=mm&r=g\",\"contentUrl\":\"https:\/\/secure.gravatar.com\/avatar\/55cb5e37c1efa326397366e6974cb338056df65cb50e7d64d1cf314e87504837?s=96&d=mm&r=g\",\"caption\":\"Arnaldo Botto\"},\"url\":\"https:\/\/www.noticiasradioreflejos.com.ar\/2021\/author\/arnaldo\/\"}]}<\/script>\n<!-- \/ Yoast SEO plugin. -->","yoast_head_json":{"title":"Mi\u00e9rcoles 13: charla \u201cLos desaf\u00edos de las mujeres a partir de los 35 a\u00f1os\u201d - Noticias Radio Reflejos","robots":{"index":"index","follow":"follow","max-snippet":"max-snippet:-1","max-image-preview":"max-image-preview:large","max-video-preview":"max-video-preview:-1"},"canonical":"https:\/\/www.noticiasradioreflejos.com.ar\/2021\/miercoles-13-charla-los-desafios-de-las-mujeres-a-partir-de-los-35-anos\/","og_locale":"es_ES","og_type":"article","og_title":"Mi\u00e9rcoles 13: charla \u201cLos desaf\u00edos de las mujeres a partir de los 35 a\u00f1os\u201d - Noticias Radio Reflejos","og_description":"\u201cLos desaf\u00edos de las mujeres a partir de los 35 a\u00f1os\u201d es la charla programada para ma\u00f1ana mi\u00e9rcoles 13, en el marco de las actividades por que se vienen realizado en conmemoraci\u00f3n al D\u00eda Internacional de la Mujer.","og_url":"https:\/\/www.noticiasradioreflejos.com.ar\/2021\/miercoles-13-charla-los-desafios-de-las-mujeres-a-partir-de-los-35-anos\/","og_site_name":"Noticias Radio Reflejos","article_published_time":"2019-03-12T14:42:11+00:00","og_image":[{"url":"http:\/\/farm8.staticflickr.com\/7893\/46636533824_a664aa7479.jpg","type":"","width":"","height":""}],"author":"Arnaldo Botto","twitter_card":"summary_large_image","schema":{"@context":"https:\/\/schema.org","@graph":[{"@type":"WebPage","@id":"https:\/\/www.noticiasradioreflejos.com.ar\/2021\/miercoles-13-charla-los-desafios-de-las-mujeres-a-partir-de-los-35-anos\/","url":"https:\/\/www.noticiasradioreflejos.com.ar\/2021\/miercoles-13-charla-los-desafios-de-las-mujeres-a-partir-de-los-35-anos\/","name":"Mi\u00e9rcoles 13: charla \u201cLos desaf\u00edos de las mujeres a partir de los 35 a\u00f1os\u201d - Noticias Radio Reflejos","isPartOf":{"@id":"https:\/\/www.noticiasradioreflejos.com.ar\/2021\/#website"},"primaryImageOfPage":{"@id":"https:\/\/www.noticiasradioreflejos.com.ar\/2021\/miercoles-13-charla-los-desafios-de-las-mujeres-a-partir-de-los-35-anos\/#primaryimage"},"image":{"@id":"https:\/\/www.noticiasradioreflejos.com.ar\/2021\/miercoles-13-charla-los-desafios-de-las-mujeres-a-partir-de-los-35-anos\/#primaryimage"},"thumbnailUrl":"http:\/\/farm8.staticflickr.com\/7893\/46636533824_a664aa7479.jpg","datePublished":"2019-03-12T14:42:11+00:00","author":{"@id":"https:\/\/www.noticiasradioreflejos.com.ar\/2021\/#\/schema\/person\/ad82545263dcc5ec0996818884fd5fb1"},"breadcrumb":{"@id":"https:\/\/www.noticiasradioreflejos.com.ar\/2021\/miercoles-13-charla-los-desafios-de-las-mujeres-a-partir-de-los-35-anos\/#breadcrumb"},"inLanguage":"es","potentialAction":[{"@type":"ReadAction","target":["https:\/\/www.noticiasradioreflejos.com.ar\/2021\/miercoles-13-charla-los-desafios-de-las-mujeres-a-partir-de-los-35-anos\/"]}]},{"@type":"ImageObject","inLanguage":"es","@id":"https:\/\/www.noticiasradioreflejos.com.ar\/2021\/miercoles-13-charla-los-desafios-de-las-mujeres-a-partir-de-los-35-anos\/#primaryimage","url":"http:\/\/farm8.staticflickr.com\/7893\/46636533824_a664aa7479.jpg","contentUrl":"http:\/\/farm8.staticflickr.com\/7893\/46636533824_a664aa7479.jpg"},{"@type":"BreadcrumbList","@id":"https:\/\/www.noticiasradioreflejos.com.ar\/2021\/miercoles-13-charla-los-desafios-de-las-mujeres-a-partir-de-los-35-anos\/#breadcrumb","itemListElement":[{"@type":"ListItem","position":1,"name":"Portada","item":"https:\/\/www.noticiasradioreflejos.com.ar\/2021\/"},{"@type":"ListItem","position":2,"name":"Mi\u00e9rcoles 13: charla \u201cLos desaf\u00edos de las mujeres a partir de los 35 a\u00f1os\u201d"}]},{"@type":"WebSite","@id":"https:\/\/www.noticiasradioreflejos.com.ar\/2021\/#website","url":"https:\/\/www.noticiasradioreflejos.com.ar\/2021\/","name":"Noticias Radio Reflejos","description":"Las noticias de mi comarca","potentialAction":[{"@type":"SearchAction","target":{"@type":"EntryPoint","urlTemplate":"https:\/\/www.noticiasradioreflejos.com.ar\/2021\/?s={search_term_string}"},"query-input":{"@type":"PropertyValueSpecification","valueRequired":true,"valueName":"search_term_string"}}],"inLanguage":"es"},{"@type":"Person","@id":"https:\/\/www.noticiasradioreflejos.com.ar\/2021\/#\/schema\/person\/ad82545263dcc5ec0996818884fd5fb1","name":"Arnaldo Botto","image":{"@type":"ImageObject","inLanguage":"es","@id":"https:\/\/www.noticiasradioreflejos.com.ar\/2021\/#\/schema\/person\/image\/","url":"https:\/\/secure.gravatar.com\/avatar\/55cb5e37c1efa326397366e6974cb338056df65cb50e7d64d1cf314e87504837?s=96&d=mm&r=g","contentUrl":"https:\/\/secure.gravatar.com\/avatar\/55cb5e37c1efa326397366e6974cb338056df65cb50e7d64d1cf314e87504837?s=96&d=mm&r=g","caption":"Arnaldo Botto"},"url":"https:\/\/www.noticiasradioreflejos.com.ar\/2021\/author\/arnaldo\/"}]}},"_links":{"self":[{"href":"https:\/\/www.noticiasradioreflejos.com.ar\/2021\/wp-json\/wp\/v2\/posts\/29684","targetHints":{"allow":["GET"]}}],"collection":[{"href":"https:\/\/www.noticiasradioreflejos.com.ar\/2021\/wp-json\/wp\/v2\/posts"}],"about":[{"href":"https:\/\/www.noticiasradioreflejos.com.ar\/2021\/wp-json\/wp\/v2\/types\/post"}],"author":[{"embeddable":true,"href":"https:\/\/www.noticiasradioreflejos.com.ar\/2021\/wp-json\/wp\/v2\/users\/3"}],"replies":[{"embeddable":true,"href":"https:\/\/www.noticiasradioreflejos.com.ar\/2021\/wp-json\/wp\/v2\/comments?post=29684"}],"version-history":[{"count":0,"href":"https:\/\/www.noticiasradioreflejos.com.ar\/2021\/wp-json\/wp\/v2\/posts\/29684\/revisions"}],"wp:attachment":[{"href":"https:\/\/www.noticiasradioreflejos.com.ar\/2021\/wp-json\/wp\/v2\/media?parent=29684"}],"wp:term":[{"taxonomy":"category","embeddable":true,"href":"https:\/\/www.noticiasradioreflejos.com.ar\/2021\/wp-json\/wp\/v2\/categories?post=29684"},{"taxonomy":"post_tag","embeddable":true,"href":"https:\/\/www.noticiasradioreflejos.com.ar\/2021\/wp-json\/wp\/v2\/tags?post=29684"}],"curies":[{"name":"wp","href":"https:\/\/api.w.org\/{rel}","templated":true}]}}