{"id":29673,"date":"2019-03-12T07:41:12","date_gmt":"2019-03-12T10:41:12","guid":{"rendered":"http:\/\/www.noticiasradioreflejos.com.ar\/noticias\/?p=29673"},"modified":"2019-03-12T07:41:12","modified_gmt":"2019-03-12T10:41:12","slug":"la-ucr-se-reunio-en-monte-hermoso","status":"publish","type":"post","link":"https:\/\/www.noticiasradioreflejos.com.ar\/2021\/la-ucr-se-reunio-en-monte-hermoso\/","title":{"rendered":"La UCR se reuni\u00f3 en Monte Hermoso"},"content":{"rendered":"<p>El s\u00e1bado 9 de Marzo se realiz\u00f3 un encuentro en Monte Hermoso, donde representantes de toda la Sexta Secci\u00f3n Electoral se reunieron en el complejo \u201cPuerta del Sol\u201d, ubicado en la costanera de la ciudad bonaerense<!--more--><br \/>\nLa actividad se inici\u00f3 con una disertaci\u00f3n sobre Desarrollo Local, de la mano del Diputado Nacional Fabio Quetglas, moderado por la Dra. Diana Dur\u00e1n. Seguidamente, el Presidente del Comit\u00e9 Provincia, y Vicegobernador, Daniel Salvador, hizo entrega de diplomas y reconocimientos a los presidentes de los Comit\u00e9 de distrito que integran la secci\u00f3n.<br \/>\nEl precandidato a Intendente por Monte Hermoso, Vittorio Dupuy, hizo hincapi\u00e9 en el \u00e9xito de la convocatoria: \u201cLo que m\u00e1s me llena de orgullo es la cantidad de radicales que se han juntado. Obviamente contar con la presencia de Daniel Salvador, y los diputados, funcionarios, concejales e intendentes que se tomaron su s\u00e1bado para poder asistir es movilizante, m\u00e1s teniendo en cuenta la extensi\u00f3n que tiene la Sexta Secci\u00f3n\u201d, explic\u00f3 Dupuy.<br \/>\nLuego de eso, se dio inicio al informe pol\u00edtico, encabezado por Salvador, y que cont\u00f3 con la presencia del Vicepresidente de la UCR Bonaerense y Diputado Nacional Carlos Fern\u00e1ndez, el Secretario de Acci\u00f3n Pol\u00edtica del Comit\u00e9 Provincia y Vicepresidente 1ro del Consejo General de Educaci\u00f3n y Cultura, Diego Mart\u00ednez, adem\u00e1s de autoridades del \u00e1mbito provincial y nacional<br \/>\nMart\u00edn Borraz\u00e1s, Presidente de la Juventud Radical Buenos Aires, agradeci\u00f3 en primera instancia a los miembros del Comit\u00e9 Local por la c\u00e1lida recibida y organizaci\u00f3n, y luego a las autoridades partidarias en el plano provincial por estar cerca y atender las realidades de cada secci\u00f3n.<br \/>\nPor su parte, Carlos Fern\u00e1ndez, en relaci\u00f3n al rol de Comit\u00e9 Provincia, sostuvo: \u201cestamos intentando recuperar la Uni\u00f3n C\u00edvica Radical con una estrategia en conjunto, para impedir que esto sea una federaci\u00f3n de partidos municipales, donde cada cu\u00e1l atend\u00eda su juego\u201d, y continu\u00f3: \u201chay que encontrar un discurso desde una estrategia donde el radicalismo tenga un punto de vista provincial, un punto de vista nacional y que se inserte a los proyectos locales. Si nosotros recuperamos eso, recuperaremos una organizaci\u00f3n pol\u00edtica central para el pa\u00eds y para el conjunto de la sociedad\u201d.<br \/>\nFinalmente fue el turno de Salvador, que hizo un breve balance sobre la gesti\u00f3n de Cambiemos, y con una mirada a futuro: \u201cGobernar bien no es hacer las cosas con leyes que se resuelven porque s\u00ed, es a veces tomar medidas dif\u00edciles, que en ocasiones implican un costo pol\u00edtico\u201d, expres\u00f3 el Vicegobernador de la Provincia de Buenos Aires.<br \/>\n\u201cCualquier problema antes se resolv\u00eda con emisi\u00f3n, o con deudas para pagar deudas, no para hacer obras. \u00bfC\u00f3mo pasamos de ser un pa\u00eds con auto abastecimiento energ\u00e9tico a tener que importar? Se regal\u00f3 la energ\u00eda, no hubo inversi\u00f3n y se la utiliz\u00f3 como herramienta electoral, al tiempo que destru\u00edan al pa\u00eds\u201d, ampli\u00f3 Salvador, y afirm\u00f3: \u201ceso es el populismo, es la mentira que busca sumar votos cuando se acercan las elecciones, es tener rehenes en lugar de ciudadanos, es terminar con la expectativa y convertirla en resignaci\u00f3n\u201d.<br \/>\n\u201cDesde Cambiemos queremos revertir todo eso. En la provincia falta un mont\u00f3n de trabajo, pero estamos hac\u00edendolo. Si uno no empieza, no se puede terminar nunca\u201d, cerr\u00f3 Salvador.<\/p>\n","protected":false},"excerpt":{"rendered":"<p>El s\u00e1bado 9 de Marzo se realiz\u00f3 un encuentro en Monte Hermoso, donde representantes de toda la Sexta Secci\u00f3n Electoral se reunieron en el complejo \u201cPuerta del Sol\u201d, ubicado en la costanera de la ciudad bonaerense<\/p>\n","protected":false},"author":3,"featured_media":0,"comment_status":"closed","ping_status":"open","sticky":false,"template":"","format":"standard","meta":{"footnotes":""},"categories":[24],"tags":[],"class_list":["post-29673","post","type-post","status-publish","format-standard","hentry","category-politica"],"yoast_head":"<!-- This site is optimized with the Yoast SEO plugin v25.9 - https:\/\/yoast.com\/wordpress\/plugins\/seo\/ -->\n<title>La UCR se reuni\u00f3 en Monte Hermoso - Noticias Radio Reflejos<\/title>\n<meta name=\"robots\" content=\"index, follow, max-snippet:-1, max-image-preview:large, max-video-preview:-1\" \/>\n<link rel=\"canonical\" href=\"https:\/\/www.noticiasradioreflejos.com.ar\/2021\/la-ucr-se-reunio-en-monte-hermoso\/\" \/>\n<meta property=\"og:locale\" content=\"es_ES\" \/>\n<meta property=\"og:type\" content=\"article\" \/>\n<meta property=\"og:title\" content=\"La UCR se reuni\u00f3 en Monte Hermoso - Noticias Radio Reflejos\" \/>\n<meta property=\"og:description\" content=\"El s\u00e1bado 9 de Marzo se realiz\u00f3 un encuentro en Monte Hermoso, donde representantes de toda la Sexta Secci\u00f3n Electoral se reunieron en el complejo \u201cPuerta del Sol\u201d, ubicado en la costanera de la ciudad bonaerense\" \/>\n<meta property=\"og:url\" content=\"https:\/\/www.noticiasradioreflejos.com.ar\/2021\/la-ucr-se-reunio-en-monte-hermoso\/\" \/>\n<meta property=\"og:site_name\" content=\"Noticias Radio Reflejos\" \/>\n<meta property=\"article:published_time\" content=\"2019-03-12T10:41:12+00:00\" \/>\n<meta property=\"og:image\" content=\"https:\/\/www.noticiasradioreflejos.com.ar\/2021\/wp-content\/uploads\/2021\/07\/logosol300x200.png\" \/>\n\t<meta property=\"og:image:width\" content=\"300\" \/>\n\t<meta property=\"og:image:height\" content=\"200\" \/>\n\t<meta property=\"og:image:type\" content=\"image\/png\" \/>\n<meta name=\"author\" content=\"Arnaldo Botto\" \/>\n<meta name=\"twitter:card\" content=\"summary_large_image\" \/>\n<script type=\"application\/ld+json\" class=\"yoast-schema-graph\">{\"@context\":\"https:\/\/schema.org\",\"@graph\":[{\"@type\":\"WebPage\",\"@id\":\"https:\/\/www.noticiasradioreflejos.com.ar\/2021\/la-ucr-se-reunio-en-monte-hermoso\/\",\"url\":\"https:\/\/www.noticiasradioreflejos.com.ar\/2021\/la-ucr-se-reunio-en-monte-hermoso\/\",\"name\":\"La UCR se reuni\u00f3 en Monte Hermoso - Noticias Radio Reflejos\",\"isPartOf\":{\"@id\":\"https:\/\/www.noticiasradioreflejos.com.ar\/2021\/#website\"},\"datePublished\":\"2019-03-12T10:41:12+00:00\",\"author\":{\"@id\":\"https:\/\/www.noticiasradioreflejos.com.ar\/2021\/#\/schema\/person\/ad82545263dcc5ec0996818884fd5fb1\"},\"breadcrumb\":{\"@id\":\"https:\/\/www.noticiasradioreflejos.com.ar\/2021\/la-ucr-se-reunio-en-monte-hermoso\/#breadcrumb\"},\"inLanguage\":\"es\",\"potentialAction\":[{\"@type\":\"ReadAction\",\"target\":[\"https:\/\/www.noticiasradioreflejos.com.ar\/2021\/la-ucr-se-reunio-en-monte-hermoso\/\"]}]},{\"@type\":\"BreadcrumbList\",\"@id\":\"https:\/\/www.noticiasradioreflejos.com.ar\/2021\/la-ucr-se-reunio-en-monte-hermoso\/#breadcrumb\",\"itemListElement\":[{\"@type\":\"ListItem\",\"position\":1,\"name\":\"Portada\",\"item\":\"https:\/\/www.noticiasradioreflejos.com.ar\/2021\/\"},{\"@type\":\"ListItem\",\"position\":2,\"name\":\"La UCR se reuni\u00f3 en Monte Hermoso\"}]},{\"@type\":\"WebSite\",\"@id\":\"https:\/\/www.noticiasradioreflejos.com.ar\/2021\/#website\",\"url\":\"https:\/\/www.noticiasradioreflejos.com.ar\/2021\/\",\"name\":\"Noticias Radio Reflejos\",\"description\":\"Las noticias de mi comarca\",\"potentialAction\":[{\"@type\":\"SearchAction\",\"target\":{\"@type\":\"EntryPoint\",\"urlTemplate\":\"https:\/\/www.noticiasradioreflejos.com.ar\/2021\/?s={search_term_string}\"},\"query-input\":{\"@type\":\"PropertyValueSpecification\",\"valueRequired\":true,\"valueName\":\"search_term_string\"}}],\"inLanguage\":\"es\"},{\"@type\":\"Person\",\"@id\":\"https:\/\/www.noticiasradioreflejos.com.ar\/2021\/#\/schema\/person\/ad82545263dcc5ec0996818884fd5fb1\",\"name\":\"Arnaldo Botto\",\"image\":{\"@type\":\"ImageObject\",\"inLanguage\":\"es\",\"@id\":\"https:\/\/www.noticiasradioreflejos.com.ar\/2021\/#\/schema\/person\/image\/\",\"url\":\"https:\/\/secure.gravatar.com\/avatar\/55cb5e37c1efa326397366e6974cb338056df65cb50e7d64d1cf314e87504837?s=96&d=mm&r=g\",\"contentUrl\":\"https:\/\/secure.gravatar.com\/avatar\/55cb5e37c1efa326397366e6974cb338056df65cb50e7d64d1cf314e87504837?s=96&d=mm&r=g\",\"caption\":\"Arnaldo Botto\"},\"url\":\"https:\/\/www.noticiasradioreflejos.com.ar\/2021\/author\/arnaldo\/\"}]}<\/script>\n<!-- \/ Yoast SEO plugin. -->","yoast_head_json":{"title":"La UCR se reuni\u00f3 en Monte Hermoso - Noticias Radio Reflejos","robots":{"index":"index","follow":"follow","max-snippet":"max-snippet:-1","max-image-preview":"max-image-preview:large","max-video-preview":"max-video-preview:-1"},"canonical":"https:\/\/www.noticiasradioreflejos.com.ar\/2021\/la-ucr-se-reunio-en-monte-hermoso\/","og_locale":"es_ES","og_type":"article","og_title":"La UCR se reuni\u00f3 en Monte Hermoso - Noticias Radio Reflejos","og_description":"El s\u00e1bado 9 de Marzo se realiz\u00f3 un encuentro en Monte Hermoso, donde representantes de toda la Sexta Secci\u00f3n Electoral se reunieron en el complejo \u201cPuerta del Sol\u201d, ubicado en la costanera de la ciudad bonaerense","og_url":"https:\/\/www.noticiasradioreflejos.com.ar\/2021\/la-ucr-se-reunio-en-monte-hermoso\/","og_site_name":"Noticias Radio Reflejos","article_published_time":"2019-03-12T10:41:12+00:00","og_image":[{"width":300,"height":200,"url":"https:\/\/www.noticiasradioreflejos.com.ar\/2021\/wp-content\/uploads\/2021\/07\/logosol300x200.png","type":"image\/png"}],"author":"Arnaldo Botto","twitter_card":"summary_large_image","schema":{"@context":"https:\/\/schema.org","@graph":[{"@type":"WebPage","@id":"https:\/\/www.noticiasradioreflejos.com.ar\/2021\/la-ucr-se-reunio-en-monte-hermoso\/","url":"https:\/\/www.noticiasradioreflejos.com.ar\/2021\/la-ucr-se-reunio-en-monte-hermoso\/","name":"La UCR se reuni\u00f3 en Monte Hermoso - Noticias Radio Reflejos","isPartOf":{"@id":"https:\/\/www.noticiasradioreflejos.com.ar\/2021\/#website"},"datePublished":"2019-03-12T10:41:12+00:00","author":{"@id":"https:\/\/www.noticiasradioreflejos.com.ar\/2021\/#\/schema\/person\/ad82545263dcc5ec0996818884fd5fb1"},"breadcrumb":{"@id":"https:\/\/www.noticiasradioreflejos.com.ar\/2021\/la-ucr-se-reunio-en-monte-hermoso\/#breadcrumb"},"inLanguage":"es","potentialAction":[{"@type":"ReadAction","target":["https:\/\/www.noticiasradioreflejos.com.ar\/2021\/la-ucr-se-reunio-en-monte-hermoso\/"]}]},{"@type":"BreadcrumbList","@id":"https:\/\/www.noticiasradioreflejos.com.ar\/2021\/la-ucr-se-reunio-en-monte-hermoso\/#breadcrumb","itemListElement":[{"@type":"ListItem","position":1,"name":"Portada","item":"https:\/\/www.noticiasradioreflejos.com.ar\/2021\/"},{"@type":"ListItem","position":2,"name":"La UCR se reuni\u00f3 en Monte Hermoso"}]},{"@type":"WebSite","@id":"https:\/\/www.noticiasradioreflejos.com.ar\/2021\/#website","url":"https:\/\/www.noticiasradioreflejos.com.ar\/2021\/","name":"Noticias Radio Reflejos","description":"Las noticias de mi comarca","potentialAction":[{"@type":"SearchAction","target":{"@type":"EntryPoint","urlTemplate":"https:\/\/www.noticiasradioreflejos.com.ar\/2021\/?s={search_term_string}"},"query-input":{"@type":"PropertyValueSpecification","valueRequired":true,"valueName":"search_term_string"}}],"inLanguage":"es"},{"@type":"Person","@id":"https:\/\/www.noticiasradioreflejos.com.ar\/2021\/#\/schema\/person\/ad82545263dcc5ec0996818884fd5fb1","name":"Arnaldo Botto","image":{"@type":"ImageObject","inLanguage":"es","@id":"https:\/\/www.noticiasradioreflejos.com.ar\/2021\/#\/schema\/person\/image\/","url":"https:\/\/secure.gravatar.com\/avatar\/55cb5e37c1efa326397366e6974cb338056df65cb50e7d64d1cf314e87504837?s=96&d=mm&r=g","contentUrl":"https:\/\/secure.gravatar.com\/avatar\/55cb5e37c1efa326397366e6974cb338056df65cb50e7d64d1cf314e87504837?s=96&d=mm&r=g","caption":"Arnaldo Botto"},"url":"https:\/\/www.noticiasradioreflejos.com.ar\/2021\/author\/arnaldo\/"}]}},"_links":{"self":[{"href":"https:\/\/www.noticiasradioreflejos.com.ar\/2021\/wp-json\/wp\/v2\/posts\/29673","targetHints":{"allow":["GET"]}}],"collection":[{"href":"https:\/\/www.noticiasradioreflejos.com.ar\/2021\/wp-json\/wp\/v2\/posts"}],"about":[{"href":"https:\/\/www.noticiasradioreflejos.com.ar\/2021\/wp-json\/wp\/v2\/types\/post"}],"author":[{"embeddable":true,"href":"https:\/\/www.noticiasradioreflejos.com.ar\/2021\/wp-json\/wp\/v2\/users\/3"}],"replies":[{"embeddable":true,"href":"https:\/\/www.noticiasradioreflejos.com.ar\/2021\/wp-json\/wp\/v2\/comments?post=29673"}],"version-history":[{"count":0,"href":"https:\/\/www.noticiasradioreflejos.com.ar\/2021\/wp-json\/wp\/v2\/posts\/29673\/revisions"}],"wp:attachment":[{"href":"https:\/\/www.noticiasradioreflejos.com.ar\/2021\/wp-json\/wp\/v2\/media?parent=29673"}],"wp:term":[{"taxonomy":"category","embeddable":true,"href":"https:\/\/www.noticiasradioreflejos.com.ar\/2021\/wp-json\/wp\/v2\/categories?post=29673"},{"taxonomy":"post_tag","embeddable":true,"href":"https:\/\/www.noticiasradioreflejos.com.ar\/2021\/wp-json\/wp\/v2\/tags?post=29673"}],"curies":[{"name":"wp","href":"https:\/\/api.w.org\/{rel}","templated":true}]}}