{"id":29669,"date":"2019-03-11T17:25:17","date_gmt":"2019-03-11T20:25:17","guid":{"rendered":"http:\/\/www.noticiasradioreflejos.com.ar\/noticias\/?p=29669"},"modified":"2019-03-11T17:25:17","modified_gmt":"2019-03-11T20:25:17","slug":"salud-celebro-el-dia-de-la-mujer-con-una-exitosa-jornada-de-donacion-de-cabello-y-actividades-orientadas-al-cuidado-personal","status":"publish","type":"post","link":"https:\/\/www.noticiasradioreflejos.com.ar\/2021\/salud-celebro-el-dia-de-la-mujer-con-una-exitosa-jornada-de-donacion-de-cabello-y-actividades-orientadas-al-cuidado-personal\/","title":{"rendered":"Salud celebr\u00f3 el d\u00eda de la mujer con una exitosa jornada de donaci\u00f3n de cabello y actividades orientadas al cuidado personal"},"content":{"rendered":"<p><a title=\"WhatsApp Image 2019-03-11 at 11.04.31 (1)\" href=\"http:\/\/farm8.staticflickr.com\/7914\/47299742822_dba6a63435.jpg\" rel=\"\"><img loading=\"lazy\" decoding=\"async\" class=\"alignleft\" style=\"float: left;\" title=\"WhatsApp Image 2019-03-11 at 11.04.31 (1)\" src=\"http:\/\/farm8.staticflickr.com\/7914\/47299742822_dba6a63435.jpg\" alt=\"WhatsApp Image 2019-03-11 at 11.04.31 (1)\" width=\"500\" height=\"375\" \/><\/a>Como estaba previsto, el s\u00e1bado 9 se llevaron a cabo diferentes jornadas, organizadas por la cartera de Salud, en el marco del D\u00eda Internacional de la mujer.<!--more--><br \/>\nPor un lado, en el Centro Cultural de Sierra de la Ventana, se vivi\u00f3 una jornada emotiva, en donde 85 personas, en su mayor\u00eda mujeres y ni\u00f1as, aunque tambi\u00e9n ni\u00f1os y hombres, se acercaron a donar cabello. Con lo dado se podr\u00e1n confeccionar alrededor de 23 pelucas que ser\u00e1n destinadas a personas con tratamientos oncol\u00f3gicos y otras patolog\u00edas.<br \/>\nLa iniciativa fue impulsada por el CAPS de Saldungaray, conjuntamente con Peluqueras en Acci\u00f3n y Barber\u00eda La Comarca.<br \/>\nEn Tornquist, la propuesta de Salud, hizo eje en la difusi\u00f3n de la importancia de la alimentaci\u00f3n, la actividad f\u00edsica y los cuidados personales para favorecer el bienestar integral.<br \/>\nEn tal sentido, en la plaza central, se instalaron carpas en donde las personas que se acercaron pudieron disfrutar de una clase de yoga y meditaci\u00f3n, adem\u00e1s de recibir asesoramiento de vestuario, embellecimiento de manos, consejos y asesoramiento en el cuidado del cabello, tips nutricionales, ideas de viandas para llevar al trabajo, colaciones.<br \/>\nAmbas jornadas cumplieron con el objetivo de la Secretar\u00eda de Salud de promocionar h\u00e1bitos positivos.<br \/>\n<a title=\"WhatsApp Image 2019-03-11 at 11.04.35\" href=\"http:\/\/farm8.staticflickr.com\/7816\/47299742662_270230d791_z.jpg\" rel=\"\"><img loading=\"lazy\" decoding=\"async\" class=\"aligncenter\" title=\"WhatsApp Image 2019-03-11 at 11.04.35\" src=\"http:\/\/farm8.staticflickr.com\/7816\/47299742662_270230d791_z.jpg\" alt=\"WhatsApp Image 2019-03-11 at 11.04.35\" width=\"640\" height=\"480\" \/><\/a><br \/>\n<a title=\"WhatsApp Image 2019-03-11 at 11.04.17\" href=\"http:\/\/farm8.staticflickr.com\/7844\/32410584947_423c9753ab_z.jpg\" rel=\"\"><img loading=\"lazy\" decoding=\"async\" class=\"aligncenter\" title=\"WhatsApp Image 2019-03-11 at 11.04.17\" src=\"http:\/\/farm8.staticflickr.com\/7844\/32410584947_423c9753ab_z.jpg\" alt=\"WhatsApp Image 2019-03-11 at 11.04.17\" width=\"640\" height=\"360\" \/><\/a><\/p>\n","protected":false},"excerpt":{"rendered":"<p>Como estaba previsto, el s\u00e1bado 9 se llevaron a cabo diferentes jornadas, organizadas por la cartera de Salud, en el marco del D\u00eda Internacional de la mujer.<\/p>\n","protected":false},"author":3,"featured_media":0,"comment_status":"closed","ping_status":"open","sticky":false,"template":"","format":"standard","meta":{"footnotes":""},"categories":[30],"tags":[],"class_list":["post-29669","post","type-post","status-publish","format-standard","hentry","category-salud"],"yoast_head":"<!-- This site is optimized with the Yoast SEO plugin v25.9 - https:\/\/yoast.com\/wordpress\/plugins\/seo\/ -->\n<title>Salud celebr\u00f3 el d\u00eda de la mujer con una exitosa jornada de donaci\u00f3n de cabello y actividades orientadas al cuidado personal - Noticias Radio Reflejos<\/title>\n<meta name=\"robots\" content=\"index, follow, max-snippet:-1, max-image-preview:large, max-video-preview:-1\" \/>\n<link rel=\"canonical\" href=\"https:\/\/www.noticiasradioreflejos.com.ar\/2021\/salud-celebro-el-dia-de-la-mujer-con-una-exitosa-jornada-de-donacion-de-cabello-y-actividades-orientadas-al-cuidado-personal\/\" \/>\n<meta property=\"og:locale\" content=\"es_ES\" \/>\n<meta property=\"og:type\" content=\"article\" \/>\n<meta property=\"og:title\" content=\"Salud celebr\u00f3 el d\u00eda de la mujer con una exitosa jornada de donaci\u00f3n de cabello y actividades orientadas al cuidado personal - Noticias Radio Reflejos\" \/>\n<meta property=\"og:description\" content=\"Como estaba previsto, el s\u00e1bado 9 se llevaron a cabo diferentes jornadas, organizadas por la cartera de Salud, en el marco del D\u00eda Internacional de la mujer.\" \/>\n<meta property=\"og:url\" content=\"https:\/\/www.noticiasradioreflejos.com.ar\/2021\/salud-celebro-el-dia-de-la-mujer-con-una-exitosa-jornada-de-donacion-de-cabello-y-actividades-orientadas-al-cuidado-personal\/\" \/>\n<meta property=\"og:site_name\" content=\"Noticias Radio Reflejos\" \/>\n<meta property=\"article:published_time\" content=\"2019-03-11T20:25:17+00:00\" \/>\n<meta property=\"og:image\" content=\"http:\/\/farm8.staticflickr.com\/7914\/47299742822_dba6a63435.jpg\" \/>\n<meta name=\"author\" content=\"Arnaldo Botto\" \/>\n<meta name=\"twitter:card\" content=\"summary_large_image\" \/>\n<script type=\"application\/ld+json\" class=\"yoast-schema-graph\">{\"@context\":\"https:\/\/schema.org\",\"@graph\":[{\"@type\":\"WebPage\",\"@id\":\"https:\/\/www.noticiasradioreflejos.com.ar\/2021\/salud-celebro-el-dia-de-la-mujer-con-una-exitosa-jornada-de-donacion-de-cabello-y-actividades-orientadas-al-cuidado-personal\/\",\"url\":\"https:\/\/www.noticiasradioreflejos.com.ar\/2021\/salud-celebro-el-dia-de-la-mujer-con-una-exitosa-jornada-de-donacion-de-cabello-y-actividades-orientadas-al-cuidado-personal\/\",\"name\":\"Salud celebr\u00f3 el d\u00eda de la mujer con una exitosa jornada de donaci\u00f3n de cabello y actividades orientadas al cuidado personal - Noticias Radio Reflejos\",\"isPartOf\":{\"@id\":\"https:\/\/www.noticiasradioreflejos.com.ar\/2021\/#website\"},\"primaryImageOfPage\":{\"@id\":\"https:\/\/www.noticiasradioreflejos.com.ar\/2021\/salud-celebro-el-dia-de-la-mujer-con-una-exitosa-jornada-de-donacion-de-cabello-y-actividades-orientadas-al-cuidado-personal\/#primaryimage\"},\"image\":{\"@id\":\"https:\/\/www.noticiasradioreflejos.com.ar\/2021\/salud-celebro-el-dia-de-la-mujer-con-una-exitosa-jornada-de-donacion-de-cabello-y-actividades-orientadas-al-cuidado-personal\/#primaryimage\"},\"thumbnailUrl\":\"http:\/\/farm8.staticflickr.com\/7914\/47299742822_dba6a63435.jpg\",\"datePublished\":\"2019-03-11T20:25:17+00:00\",\"author\":{\"@id\":\"https:\/\/www.noticiasradioreflejos.com.ar\/2021\/#\/schema\/person\/ad82545263dcc5ec0996818884fd5fb1\"},\"breadcrumb\":{\"@id\":\"https:\/\/www.noticiasradioreflejos.com.ar\/2021\/salud-celebro-el-dia-de-la-mujer-con-una-exitosa-jornada-de-donacion-de-cabello-y-actividades-orientadas-al-cuidado-personal\/#breadcrumb\"},\"inLanguage\":\"es\",\"potentialAction\":[{\"@type\":\"ReadAction\",\"target\":[\"https:\/\/www.noticiasradioreflejos.com.ar\/2021\/salud-celebro-el-dia-de-la-mujer-con-una-exitosa-jornada-de-donacion-de-cabello-y-actividades-orientadas-al-cuidado-personal\/\"]}]},{\"@type\":\"ImageObject\",\"inLanguage\":\"es\",\"@id\":\"https:\/\/www.noticiasradioreflejos.com.ar\/2021\/salud-celebro-el-dia-de-la-mujer-con-una-exitosa-jornada-de-donacion-de-cabello-y-actividades-orientadas-al-cuidado-personal\/#primaryimage\",\"url\":\"http:\/\/farm8.staticflickr.com\/7914\/47299742822_dba6a63435.jpg\",\"contentUrl\":\"http:\/\/farm8.staticflickr.com\/7914\/47299742822_dba6a63435.jpg\"},{\"@type\":\"BreadcrumbList\",\"@id\":\"https:\/\/www.noticiasradioreflejos.com.ar\/2021\/salud-celebro-el-dia-de-la-mujer-con-una-exitosa-jornada-de-donacion-de-cabello-y-actividades-orientadas-al-cuidado-personal\/#breadcrumb\",\"itemListElement\":[{\"@type\":\"ListItem\",\"position\":1,\"name\":\"Portada\",\"item\":\"https:\/\/www.noticiasradioreflejos.com.ar\/2021\/\"},{\"@type\":\"ListItem\",\"position\":2,\"name\":\"Salud celebr\u00f3 el d\u00eda de la mujer con una exitosa jornada de donaci\u00f3n de cabello y actividades orientadas al cuidado personal\"}]},{\"@type\":\"WebSite\",\"@id\":\"https:\/\/www.noticiasradioreflejos.com.ar\/2021\/#website\",\"url\":\"https:\/\/www.noticiasradioreflejos.com.ar\/2021\/\",\"name\":\"Noticias Radio Reflejos\",\"description\":\"Las noticias de mi comarca\",\"potentialAction\":[{\"@type\":\"SearchAction\",\"target\":{\"@type\":\"EntryPoint\",\"urlTemplate\":\"https:\/\/www.noticiasradioreflejos.com.ar\/2021\/?s={search_term_string}\"},\"query-input\":{\"@type\":\"PropertyValueSpecification\",\"valueRequired\":true,\"valueName\":\"search_term_string\"}}],\"inLanguage\":\"es\"},{\"@type\":\"Person\",\"@id\":\"https:\/\/www.noticiasradioreflejos.com.ar\/2021\/#\/schema\/person\/ad82545263dcc5ec0996818884fd5fb1\",\"name\":\"Arnaldo Botto\",\"image\":{\"@type\":\"ImageObject\",\"inLanguage\":\"es\",\"@id\":\"https:\/\/www.noticiasradioreflejos.com.ar\/2021\/#\/schema\/person\/image\/\",\"url\":\"https:\/\/secure.gravatar.com\/avatar\/55cb5e37c1efa326397366e6974cb338056df65cb50e7d64d1cf314e87504837?s=96&d=mm&r=g\",\"contentUrl\":\"https:\/\/secure.gravatar.com\/avatar\/55cb5e37c1efa326397366e6974cb338056df65cb50e7d64d1cf314e87504837?s=96&d=mm&r=g\",\"caption\":\"Arnaldo Botto\"},\"url\":\"https:\/\/www.noticiasradioreflejos.com.ar\/2021\/author\/arnaldo\/\"}]}<\/script>\n<!-- \/ Yoast SEO plugin. -->","yoast_head_json":{"title":"Salud celebr\u00f3 el d\u00eda de la mujer con una exitosa jornada de donaci\u00f3n de cabello y actividades orientadas al cuidado personal - Noticias Radio Reflejos","robots":{"index":"index","follow":"follow","max-snippet":"max-snippet:-1","max-image-preview":"max-image-preview:large","max-video-preview":"max-video-preview:-1"},"canonical":"https:\/\/www.noticiasradioreflejos.com.ar\/2021\/salud-celebro-el-dia-de-la-mujer-con-una-exitosa-jornada-de-donacion-de-cabello-y-actividades-orientadas-al-cuidado-personal\/","og_locale":"es_ES","og_type":"article","og_title":"Salud celebr\u00f3 el d\u00eda de la mujer con una exitosa jornada de donaci\u00f3n de cabello y actividades orientadas al cuidado personal - Noticias Radio Reflejos","og_description":"Como estaba previsto, el s\u00e1bado 9 se llevaron a cabo diferentes jornadas, organizadas por la cartera de Salud, en el marco del D\u00eda Internacional de la mujer.","og_url":"https:\/\/www.noticiasradioreflejos.com.ar\/2021\/salud-celebro-el-dia-de-la-mujer-con-una-exitosa-jornada-de-donacion-de-cabello-y-actividades-orientadas-al-cuidado-personal\/","og_site_name":"Noticias Radio Reflejos","article_published_time":"2019-03-11T20:25:17+00:00","og_image":[{"url":"http:\/\/farm8.staticflickr.com\/7914\/47299742822_dba6a63435.jpg","type":"","width":"","height":""}],"author":"Arnaldo Botto","twitter_card":"summary_large_image","schema":{"@context":"https:\/\/schema.org","@graph":[{"@type":"WebPage","@id":"https:\/\/www.noticiasradioreflejos.com.ar\/2021\/salud-celebro-el-dia-de-la-mujer-con-una-exitosa-jornada-de-donacion-de-cabello-y-actividades-orientadas-al-cuidado-personal\/","url":"https:\/\/www.noticiasradioreflejos.com.ar\/2021\/salud-celebro-el-dia-de-la-mujer-con-una-exitosa-jornada-de-donacion-de-cabello-y-actividades-orientadas-al-cuidado-personal\/","name":"Salud celebr\u00f3 el d\u00eda de la mujer con una exitosa jornada de donaci\u00f3n de cabello y actividades orientadas al cuidado personal - Noticias Radio Reflejos","isPartOf":{"@id":"https:\/\/www.noticiasradioreflejos.com.ar\/2021\/#website"},"primaryImageOfPage":{"@id":"https:\/\/www.noticiasradioreflejos.com.ar\/2021\/salud-celebro-el-dia-de-la-mujer-con-una-exitosa-jornada-de-donacion-de-cabello-y-actividades-orientadas-al-cuidado-personal\/#primaryimage"},"image":{"@id":"https:\/\/www.noticiasradioreflejos.com.ar\/2021\/salud-celebro-el-dia-de-la-mujer-con-una-exitosa-jornada-de-donacion-de-cabello-y-actividades-orientadas-al-cuidado-personal\/#primaryimage"},"thumbnailUrl":"http:\/\/farm8.staticflickr.com\/7914\/47299742822_dba6a63435.jpg","datePublished":"2019-03-11T20:25:17+00:00","author":{"@id":"https:\/\/www.noticiasradioreflejos.com.ar\/2021\/#\/schema\/person\/ad82545263dcc5ec0996818884fd5fb1"},"breadcrumb":{"@id":"https:\/\/www.noticiasradioreflejos.com.ar\/2021\/salud-celebro-el-dia-de-la-mujer-con-una-exitosa-jornada-de-donacion-de-cabello-y-actividades-orientadas-al-cuidado-personal\/#breadcrumb"},"inLanguage":"es","potentialAction":[{"@type":"ReadAction","target":["https:\/\/www.noticiasradioreflejos.com.ar\/2021\/salud-celebro-el-dia-de-la-mujer-con-una-exitosa-jornada-de-donacion-de-cabello-y-actividades-orientadas-al-cuidado-personal\/"]}]},{"@type":"ImageObject","inLanguage":"es","@id":"https:\/\/www.noticiasradioreflejos.com.ar\/2021\/salud-celebro-el-dia-de-la-mujer-con-una-exitosa-jornada-de-donacion-de-cabello-y-actividades-orientadas-al-cuidado-personal\/#primaryimage","url":"http:\/\/farm8.staticflickr.com\/7914\/47299742822_dba6a63435.jpg","contentUrl":"http:\/\/farm8.staticflickr.com\/7914\/47299742822_dba6a63435.jpg"},{"@type":"BreadcrumbList","@id":"https:\/\/www.noticiasradioreflejos.com.ar\/2021\/salud-celebro-el-dia-de-la-mujer-con-una-exitosa-jornada-de-donacion-de-cabello-y-actividades-orientadas-al-cuidado-personal\/#breadcrumb","itemListElement":[{"@type":"ListItem","position":1,"name":"Portada","item":"https:\/\/www.noticiasradioreflejos.com.ar\/2021\/"},{"@type":"ListItem","position":2,"name":"Salud celebr\u00f3 el d\u00eda de la mujer con una exitosa jornada de donaci\u00f3n de cabello y actividades orientadas al cuidado personal"}]},{"@type":"WebSite","@id":"https:\/\/www.noticiasradioreflejos.com.ar\/2021\/#website","url":"https:\/\/www.noticiasradioreflejos.com.ar\/2021\/","name":"Noticias Radio Reflejos","description":"Las noticias de mi comarca","potentialAction":[{"@type":"SearchAction","target":{"@type":"EntryPoint","urlTemplate":"https:\/\/www.noticiasradioreflejos.com.ar\/2021\/?s={search_term_string}"},"query-input":{"@type":"PropertyValueSpecification","valueRequired":true,"valueName":"search_term_string"}}],"inLanguage":"es"},{"@type":"Person","@id":"https:\/\/www.noticiasradioreflejos.com.ar\/2021\/#\/schema\/person\/ad82545263dcc5ec0996818884fd5fb1","name":"Arnaldo Botto","image":{"@type":"ImageObject","inLanguage":"es","@id":"https:\/\/www.noticiasradioreflejos.com.ar\/2021\/#\/schema\/person\/image\/","url":"https:\/\/secure.gravatar.com\/avatar\/55cb5e37c1efa326397366e6974cb338056df65cb50e7d64d1cf314e87504837?s=96&d=mm&r=g","contentUrl":"https:\/\/secure.gravatar.com\/avatar\/55cb5e37c1efa326397366e6974cb338056df65cb50e7d64d1cf314e87504837?s=96&d=mm&r=g","caption":"Arnaldo Botto"},"url":"https:\/\/www.noticiasradioreflejos.com.ar\/2021\/author\/arnaldo\/"}]}},"_links":{"self":[{"href":"https:\/\/www.noticiasradioreflejos.com.ar\/2021\/wp-json\/wp\/v2\/posts\/29669","targetHints":{"allow":["GET"]}}],"collection":[{"href":"https:\/\/www.noticiasradioreflejos.com.ar\/2021\/wp-json\/wp\/v2\/posts"}],"about":[{"href":"https:\/\/www.noticiasradioreflejos.com.ar\/2021\/wp-json\/wp\/v2\/types\/post"}],"author":[{"embeddable":true,"href":"https:\/\/www.noticiasradioreflejos.com.ar\/2021\/wp-json\/wp\/v2\/users\/3"}],"replies":[{"embeddable":true,"href":"https:\/\/www.noticiasradioreflejos.com.ar\/2021\/wp-json\/wp\/v2\/comments?post=29669"}],"version-history":[{"count":0,"href":"https:\/\/www.noticiasradioreflejos.com.ar\/2021\/wp-json\/wp\/v2\/posts\/29669\/revisions"}],"wp:attachment":[{"href":"https:\/\/www.noticiasradioreflejos.com.ar\/2021\/wp-json\/wp\/v2\/media?parent=29669"}],"wp:term":[{"taxonomy":"category","embeddable":true,"href":"https:\/\/www.noticiasradioreflejos.com.ar\/2021\/wp-json\/wp\/v2\/categories?post=29669"},{"taxonomy":"post_tag","embeddable":true,"href":"https:\/\/www.noticiasradioreflejos.com.ar\/2021\/wp-json\/wp\/v2\/tags?post=29669"}],"curies":[{"name":"wp","href":"https:\/\/api.w.org\/{rel}","templated":true}]}}