{"id":29541,"date":"2019-03-08T08:41:43","date_gmt":"2019-03-08T11:41:43","guid":{"rendered":"http:\/\/www.noticiasradioreflejos.com.ar\/noticias\/?p=29541"},"modified":"2019-03-08T08:41:43","modified_gmt":"2019-03-08T11:41:43","slug":"el-hcd-aprobo-el-proyecto-del-municipio-para-la-erradicacion-de-los-basurales-a-cielo-abierto","status":"publish","type":"post","link":"https:\/\/www.noticiasradioreflejos.com.ar\/2021\/el-hcd-aprobo-el-proyecto-del-municipio-para-la-erradicacion-de-los-basurales-a-cielo-abierto\/","title":{"rendered":"El HCD aprob\u00f3 el proyecto del municipio para la erradicaci\u00f3n de los basurales a cielo abierto"},"content":{"rendered":"<p><a title=\"DSC_0001\" href=\"http:\/\/farm8.staticflickr.com\/7891\/46593784434_77cdd22ba2.jpg\" rel=\"\"><img loading=\"lazy\" decoding=\"async\" class=\"alignleft\" style=\"float: left;\" title=\"DSC_0001\" src=\"http:\/\/farm8.staticflickr.com\/7891\/46593784434_77cdd22ba2.jpg\" alt=\"DSC_0001\" width=\"500\" height=\"333\" \/><\/a>En la sesi\u00f3n de este mi\u00e9rcoles, el Honorable Concejo Deliberante aprob\u00f3 por unanimidad la toma de un cr\u00e9dito de m\u00e1s de 11 millones de pesos por parte del municipio para la ejecuci\u00f3n de un proyecto que tiene como fin la erradicaci\u00f3n de los basureros a cielo abierto del distrito.<br \/>\nM\u00e1s all\u00e1 de que todos los ediles acompa\u00f1aron el expediente del Departamento Ejecutivo, desde los bloques Frente para la Victoria y Cumplir objetaron que el proyecto lo hayan recibido media hora antes de la sesi\u00f3n, y no con m\u00e1s tiempo para hacer un mejor an\u00e1lisis del mismo. Tambi\u00e9n pidieron hacer un seguimiento para que los fondos sean efectivamente destinados a la obra.<!--more--><br \/>\n\u201cHoy los concejales tuvimos la oportunidad y la posibilidad de hacer realidad una promesa que hace a\u00f1os venimos escuchando los que padecemos los basureros a cielo abierto; y ponernos de acuerdo todos los ediles me da mucho orgullo y siento que estamos por el camino correcto. Nuestra responsabilidad era esta, votar a favor el proyecto\u201d, manifest\u00f3 desde su banca de Cambiemos Viviana Montibellier.<br \/>\nA su turno, la concejal M\u00f3nica Sagredo (FPV) indic\u00f3 que \u201ceste proyecto se inicia en la gesti\u00f3n anterior, donde se realiz\u00f3 una etapa y se fueron haciendo innumerables acciones tendientes a llegar finalmente a la erradicaci\u00f3n de los basurales\u201d.<br \/>\nSin embargo, objet\u00f3 que \u201clos fondos para concretarlo provienen en su mayor\u00eda de tomar deuda\u201d y consider\u00f3 que \u201clo ideal hubiese sido obtener alg\u00fan subsidio (por ejemplo del Ministerio de Medio Ambiente)\u201d. Tambi\u00e9n sostuvo que \u201cen diciembre el municipio recibi\u00f3 $60 millones en concepto de impuestos de los parques e\u00f3licos y en marzo ya estamos aprobando un endeudamiento que se va a terminar de pagar dentro de cuatro a\u00f1os\u201d. \u201cDe todos modos celebramos y deseamos que esto se concrete, por eso lo aprobamos\u201d, afirm\u00f3.<br \/>\n\u201cEste expediente ingres\u00f3 al HCD el mismo viernes (1 de marzo) que lo anunci\u00f3 el intendente Sergio Bordoni. Despu\u00e9s de esa sesi\u00f3n le solicitamos a la Directora de Medio Ambiente que nos enviara el proyecto para analizarlo y lo recibimos reci\u00e9n hoy a las 19.30 hs; creemos que deber\u00eda haberse tratado con un poco m\u00e1s de tiempo\u201d, agreg\u00f3.<br \/>\n\u201cSe toma un cr\u00e9dito que viene a dar una soluci\u00f3n a un problema de a\u00f1os que hemos padecido todos los que vivimos en Sierra y en Saldungaray\u201d, se\u00f1al\u00f3 m\u00e1s adelante Sebasti\u00e1n Bassi (Cambiemos). \u201cM\u00e1s all\u00e1 de que quedan etapas para la ejecuci\u00f3n del proyecto, la nuestra era cumplir con esto, aprobar los n\u00fameros y el proyecto. Es el comienzo de una soluci\u00f3n que todos la esperamos\u201d, afirm\u00f3.<br \/>\nLuego Guillermo L\u00f6ffler, desde el FPV, celebr\u00f3 que \u201cpodamos ponernos de acuerdo y tomar la eliminaci\u00f3n de los basurales como una pol\u00edtica de estado\u201d, al tiempo que solicit\u00f3 \u201cun compromiso de cada uno de los concejales a poner todo nuestro control para que ese dinero se use para erradicar los basureros y no que se utilice como un anuncio pol\u00edtico y despu\u00e9s se cambie el destino de los recursos, como ha pasado con otras obras\u201d.<br \/>\n\u201cQue se quede tranquilo el concejal L\u00f6ffler que los fondos van a ir a donde tienen que ir, porque es algo prioritario y lo fue siempre para Pino (Sergio Bordoni)\u201d, asegur\u00f3 Pepe Fonfr\u00eda, del oficialismo, y a\u00f1adi\u00f3: \u201ces una problem\u00e1tica que viene de a\u00f1os y a\u00f1os y hoy nosotros estamos dando el primer paso para que la erradicaci\u00f3n de los basureros se logre\u201d.<br \/>\nLA INSEGURIDAD EN EL DISTRITO, OTRO TEMA PRESENTE EN EL RECINTO<br \/>\nTambi\u00e9n durante la sesi\u00f3n se abord\u00f3 el tema inseguridad, luego de varios hechos delictivos ocurridos en el \u00faltimo tiempo en diferentes localidades del distrito.<br \/>\nSagredo plante\u00f3 que \u201cla inseguridad nos preocupa a toda la comunidad, y se est\u00e1 yendo de las manos\u201d. Afirm\u00f3 que desde el FPV y Cumplir, entre 2016 y 2018 efectuaron pedidos de informes al intendente municipal respecto a medidas y acciones en materia de seguridad en el distrito y que nunca recibieron respuesta.<br \/>\n\u201cTuvimos reuniones con el Secretario de Seguridad, Mart\u00edn Cenizo, quien nos atendi\u00f3 siempre amablemente, pero sin poder darnos respuesta y siguen sum\u00e1ndose la cantidad de hechos no esclarecidos\u201d, manifest\u00f3 y consider\u00f3 que \u201clos vecinos est\u00e1n necesitando respuestas urgentes; mi pedido es que nos unamos en esto y recuperemos la seguridad\u201d.<br \/>\n\u201cLa inseguridad nos preocupa a todos y el intendente est\u00e1 tan preocupado como nosotros\u201d, le respondi\u00f3 Fonfr\u00eda. \u201cDe la forma que lo plante\u00f3 Sagredo \u2013continu\u00f3- es como que la inseguridad comenz\u00f3 en 2016, y en Sierra hubo una seguidilla de asaltos a mano armada a casas antes de ese a\u00f1o y que nunca fueron esclarecidos. Hoy la inseguridad la tenemos en todos lados y obvio que cualquier ciudadano de bien quiere que se termine, y estoy totalmente seguro que el Ejecutivo se est\u00e1 encargando de eso\u201d.<br \/>\n<a title=\"DSC_0040\" href=\"http:\/\/farm8.staticflickr.com\/7902\/40352025733_990149e27a.jpg\" rel=\"\"><img loading=\"lazy\" decoding=\"async\" class=\"alignleft\" style=\"float: left;\" title=\"DSC_0040\" src=\"http:\/\/farm8.staticflickr.com\/7902\/40352025733_990149e27a.jpg\" alt=\"DSC_0040\" width=\"500\" height=\"333\" \/><\/a>\u201cFonfr\u00eda habla del a\u00f1o 2016 para atr\u00e1s, el vecino quiere la respuesta ahora, dejemos de hablar del pasado y tomemos conocimiento de lo que est\u00e1 pasando ahora; demos soluci\u00f3n, busquemos acciones y trabajemos en conjunto, estamos a disposici\u00f3n para trabajar y empezar a prevenir los que pueden a llegar a venir\u201d, agreg\u00f3 Skolak y dispar\u00f3: \u201cel responsable es el intendente municipal\u201d.<br \/>\n\u201cEL VECINO QUIERE TENER LA LIBERTAD DE PODER ACUDIR AL HOSPITAL CUANDO LO NECESITE\u201d<br \/>\nPor otro lado, la concejal Mar\u00eda Ofelia Skolak (FPV), rebati\u00f3 los indicado por Bassi respecto al uso de la guardia del hospital municipal: \u201cUn vecino com\u00fan no tiene la posibilidad que tiene el concejal de llegar a la Secretar\u00eda de Salud para que le explique detalladamente las estad\u00edsticas y todo lo que describi\u00f3 en su alocuci\u00f3n; el vecino quiere tener la tranquilidad y la libertad de poder acudir al hospital en el momento que lo necesito. Lo decimos porque muchos vecinos, ante esa nota (publicada en Noticias Tornquist) no saben en qu\u00e9 situaci\u00f3n pueden acercarse al hospital\u201d.<br \/>\nNEGATIVA DEL OFICIALISMO A PROYECTO DE LA OPOSICI\u00d3N SOBRE LOS TERRENOS DE PROCREAR<br \/>\nLos bloques Frente para la Victoria y Cumplir presentaron un proyecto de ordenanza para que los terrenos de la manzana del Procrear tengan como beneficiarios \u00fanicamente a personas residentes en el distrito.<br \/>\nLa propuesta no tuvo el acompa\u00f1amiento de Cambiemos, que es mayor\u00eda en el HCD, y es por eso que desde la oposici\u00f3n emitieron el siguiente comunicado:<br \/>\n\u201cEn la sesi\u00f3n del mi\u00e9rcoles 6 de marzo solicitamos se trate el proyecto de resoluci\u00f3n que presentamos, en el cual le pedimos al intendente Sr. Sergio Bordoni que arbitre los medios necesarios para que los lotes ubicados en la localidad de Tornquist (PROCREAR), que adquiri\u00f3 la gesti\u00f3n anterior, queden a disposici\u00f3n solamente de nuestros vecinos del distrito.<br \/>\nEl bloque Cambiemos no acompa\u00f1\u00f3 el tratamiento inmediato. Esto abre la posibilidad de que personas de otros distritos se anoten y adjudiquen un terreno, habiendo en nuestro distrito muchas familias que a\u00fan no pueden concretar el sue\u00f1o de la casa propia\u201d.<br \/>\n<iframe loading=\"lazy\" src=\"https:\/\/w.soundcloud.com\/player\/?url=https%3A\/\/api.soundcloud.com\/tracks\/586836960&amp;color=%23ff5500&amp;auto_play=false&amp;hide_related=false&amp;show_comments=true&amp;show_user=true&amp;show_reposts=false&amp;show_teaser=true\" width=\"100%\" height=\"166\" frameborder=\"no\" scrolling=\"no\"><\/iframe><br \/>\n<iframe loading=\"lazy\" src=\"https:\/\/w.soundcloud.com\/player\/?url=https%3A\/\/api.soundcloud.com\/tracks\/586838019&amp;color=%23ff5500&amp;auto_play=false&amp;hide_related=false&amp;show_comments=true&amp;show_user=true&amp;show_reposts=false&amp;show_teaser=true\" width=\"100%\" height=\"166\" frameborder=\"no\" scrolling=\"no\"><\/iframe><br \/>\n<iframe loading=\"lazy\" src=\"https:\/\/w.soundcloud.com\/player\/?url=https%3A\/\/api.soundcloud.com\/tracks\/586837464&amp;color=%23ff5500&amp;auto_play=false&amp;hide_related=false&amp;show_comments=true&amp;show_user=true&amp;show_reposts=false&amp;show_teaser=true\" width=\"100%\" height=\"166\" frameborder=\"no\" scrolling=\"no\"><\/iframe><br \/>\n<iframe loading=\"lazy\" src=\"https:\/\/w.soundcloud.com\/player\/?url=https%3A\/\/api.soundcloud.com\/tracks\/586838799&amp;color=%23ff5500&amp;auto_play=false&amp;hide_related=false&amp;show_comments=true&amp;show_user=true&amp;show_reposts=false&amp;show_teaser=true\" width=\"100%\" height=\"166\" frameborder=\"no\" scrolling=\"no\"><\/iframe><br \/>\n<iframe loading=\"lazy\" width=\"100%\" height=\"166\" scrolling=\"no\" frameborder=\"no\" allow=\"autoplay\" src=\"https:\/\/w.soundcloud.com\/player\/?url=https%3A\/\/api.soundcloud.com\/tracks\/586839441&#038;color=%23ff5500&#038;auto_play=false&#038;hide_related=false&#038;show_comments=true&#038;show_user=true&#038;show_reposts=false&#038;show_teaser=true\"><\/iframe><\/p>\n","protected":false},"excerpt":{"rendered":"<p>En la sesi\u00f3n de este mi\u00e9rcoles, el Honorable Concejo Deliberante aprob\u00f3 por unanimidad la toma de un cr\u00e9dito de m\u00e1s de 11 millones de pesos por parte del municipio para la ejecuci\u00f3n de un proyecto que tiene como fin la erradicaci\u00f3n de los basureros a cielo abierto del distrito. M\u00e1s all\u00e1 de que todos los [&hellip;]<\/p>\n","protected":false},"author":3,"featured_media":0,"comment_status":"closed","ping_status":"open","sticky":false,"template":"","format":"standard","meta":{"footnotes":""},"categories":[28],"tags":[],"class_list":["post-29541","post","type-post","status-publish","format-standard","hentry","category-municipales"],"yoast_head":"<!-- This site is optimized with the Yoast SEO plugin v25.9 - https:\/\/yoast.com\/wordpress\/plugins\/seo\/ -->\n<title>El HCD aprob\u00f3 el proyecto del municipio para la erradicaci\u00f3n de los basurales a cielo abierto - Noticias Radio Reflejos<\/title>\n<meta name=\"robots\" content=\"index, follow, max-snippet:-1, max-image-preview:large, max-video-preview:-1\" \/>\n<link rel=\"canonical\" href=\"https:\/\/www.noticiasradioreflejos.com.ar\/2021\/el-hcd-aprobo-el-proyecto-del-municipio-para-la-erradicacion-de-los-basurales-a-cielo-abierto\/\" \/>\n<meta property=\"og:locale\" content=\"es_ES\" \/>\n<meta property=\"og:type\" content=\"article\" \/>\n<meta property=\"og:title\" content=\"El HCD aprob\u00f3 el proyecto del municipio para la erradicaci\u00f3n de los basurales a cielo abierto - Noticias Radio Reflejos\" \/>\n<meta property=\"og:description\" content=\"En la sesi\u00f3n de este mi\u00e9rcoles, el Honorable Concejo Deliberante aprob\u00f3 por unanimidad la toma de un cr\u00e9dito de m\u00e1s de 11 millones de pesos por parte del municipio para la ejecuci\u00f3n de un proyecto que tiene como fin la erradicaci\u00f3n de los basureros a cielo abierto del distrito. M\u00e1s all\u00e1 de que todos los [&hellip;]\" \/>\n<meta property=\"og:url\" content=\"https:\/\/www.noticiasradioreflejos.com.ar\/2021\/el-hcd-aprobo-el-proyecto-del-municipio-para-la-erradicacion-de-los-basurales-a-cielo-abierto\/\" \/>\n<meta property=\"og:site_name\" content=\"Noticias Radio Reflejos\" \/>\n<meta property=\"article:published_time\" content=\"2019-03-08T11:41:43+00:00\" \/>\n<meta property=\"og:image\" content=\"http:\/\/farm8.staticflickr.com\/7891\/46593784434_77cdd22ba2.jpg\" \/>\n<meta name=\"author\" content=\"Arnaldo Botto\" \/>\n<meta name=\"twitter:card\" content=\"summary_large_image\" \/>\n<script type=\"application\/ld+json\" class=\"yoast-schema-graph\">{\"@context\":\"https:\/\/schema.org\",\"@graph\":[{\"@type\":\"WebPage\",\"@id\":\"https:\/\/www.noticiasradioreflejos.com.ar\/2021\/el-hcd-aprobo-el-proyecto-del-municipio-para-la-erradicacion-de-los-basurales-a-cielo-abierto\/\",\"url\":\"https:\/\/www.noticiasradioreflejos.com.ar\/2021\/el-hcd-aprobo-el-proyecto-del-municipio-para-la-erradicacion-de-los-basurales-a-cielo-abierto\/\",\"name\":\"El HCD aprob\u00f3 el proyecto del municipio para la erradicaci\u00f3n de los basurales a cielo abierto - Noticias Radio Reflejos\",\"isPartOf\":{\"@id\":\"https:\/\/www.noticiasradioreflejos.com.ar\/2021\/#website\"},\"primaryImageOfPage\":{\"@id\":\"https:\/\/www.noticiasradioreflejos.com.ar\/2021\/el-hcd-aprobo-el-proyecto-del-municipio-para-la-erradicacion-de-los-basurales-a-cielo-abierto\/#primaryimage\"},\"image\":{\"@id\":\"https:\/\/www.noticiasradioreflejos.com.ar\/2021\/el-hcd-aprobo-el-proyecto-del-municipio-para-la-erradicacion-de-los-basurales-a-cielo-abierto\/#primaryimage\"},\"thumbnailUrl\":\"http:\/\/farm8.staticflickr.com\/7891\/46593784434_77cdd22ba2.jpg\",\"datePublished\":\"2019-03-08T11:41:43+00:00\",\"author\":{\"@id\":\"https:\/\/www.noticiasradioreflejos.com.ar\/2021\/#\/schema\/person\/ad82545263dcc5ec0996818884fd5fb1\"},\"breadcrumb\":{\"@id\":\"https:\/\/www.noticiasradioreflejos.com.ar\/2021\/el-hcd-aprobo-el-proyecto-del-municipio-para-la-erradicacion-de-los-basurales-a-cielo-abierto\/#breadcrumb\"},\"inLanguage\":\"es\",\"potentialAction\":[{\"@type\":\"ReadAction\",\"target\":[\"https:\/\/www.noticiasradioreflejos.com.ar\/2021\/el-hcd-aprobo-el-proyecto-del-municipio-para-la-erradicacion-de-los-basurales-a-cielo-abierto\/\"]}]},{\"@type\":\"ImageObject\",\"inLanguage\":\"es\",\"@id\":\"https:\/\/www.noticiasradioreflejos.com.ar\/2021\/el-hcd-aprobo-el-proyecto-del-municipio-para-la-erradicacion-de-los-basurales-a-cielo-abierto\/#primaryimage\",\"url\":\"http:\/\/farm8.staticflickr.com\/7891\/46593784434_77cdd22ba2.jpg\",\"contentUrl\":\"http:\/\/farm8.staticflickr.com\/7891\/46593784434_77cdd22ba2.jpg\"},{\"@type\":\"BreadcrumbList\",\"@id\":\"https:\/\/www.noticiasradioreflejos.com.ar\/2021\/el-hcd-aprobo-el-proyecto-del-municipio-para-la-erradicacion-de-los-basurales-a-cielo-abierto\/#breadcrumb\",\"itemListElement\":[{\"@type\":\"ListItem\",\"position\":1,\"name\":\"Portada\",\"item\":\"https:\/\/www.noticiasradioreflejos.com.ar\/2021\/\"},{\"@type\":\"ListItem\",\"position\":2,\"name\":\"El HCD aprob\u00f3 el proyecto del municipio para la erradicaci\u00f3n de los basurales a cielo abierto\"}]},{\"@type\":\"WebSite\",\"@id\":\"https:\/\/www.noticiasradioreflejos.com.ar\/2021\/#website\",\"url\":\"https:\/\/www.noticiasradioreflejos.com.ar\/2021\/\",\"name\":\"Noticias Radio Reflejos\",\"description\":\"Las noticias de mi comarca\",\"potentialAction\":[{\"@type\":\"SearchAction\",\"target\":{\"@type\":\"EntryPoint\",\"urlTemplate\":\"https:\/\/www.noticiasradioreflejos.com.ar\/2021\/?s={search_term_string}\"},\"query-input\":{\"@type\":\"PropertyValueSpecification\",\"valueRequired\":true,\"valueName\":\"search_term_string\"}}],\"inLanguage\":\"es\"},{\"@type\":\"Person\",\"@id\":\"https:\/\/www.noticiasradioreflejos.com.ar\/2021\/#\/schema\/person\/ad82545263dcc5ec0996818884fd5fb1\",\"name\":\"Arnaldo Botto\",\"image\":{\"@type\":\"ImageObject\",\"inLanguage\":\"es\",\"@id\":\"https:\/\/www.noticiasradioreflejos.com.ar\/2021\/#\/schema\/person\/image\/\",\"url\":\"https:\/\/secure.gravatar.com\/avatar\/55cb5e37c1efa326397366e6974cb338056df65cb50e7d64d1cf314e87504837?s=96&d=mm&r=g\",\"contentUrl\":\"https:\/\/secure.gravatar.com\/avatar\/55cb5e37c1efa326397366e6974cb338056df65cb50e7d64d1cf314e87504837?s=96&d=mm&r=g\",\"caption\":\"Arnaldo Botto\"},\"url\":\"https:\/\/www.noticiasradioreflejos.com.ar\/2021\/author\/arnaldo\/\"}]}<\/script>\n<!-- \/ Yoast SEO plugin. -->","yoast_head_json":{"title":"El HCD aprob\u00f3 el proyecto del municipio para la erradicaci\u00f3n de los basurales a cielo abierto - Noticias Radio Reflejos","robots":{"index":"index","follow":"follow","max-snippet":"max-snippet:-1","max-image-preview":"max-image-preview:large","max-video-preview":"max-video-preview:-1"},"canonical":"https:\/\/www.noticiasradioreflejos.com.ar\/2021\/el-hcd-aprobo-el-proyecto-del-municipio-para-la-erradicacion-de-los-basurales-a-cielo-abierto\/","og_locale":"es_ES","og_type":"article","og_title":"El HCD aprob\u00f3 el proyecto del municipio para la erradicaci\u00f3n de los basurales a cielo abierto - Noticias Radio Reflejos","og_description":"En la sesi\u00f3n de este mi\u00e9rcoles, el Honorable Concejo Deliberante aprob\u00f3 por unanimidad la toma de un cr\u00e9dito de m\u00e1s de 11 millones de pesos por parte del municipio para la ejecuci\u00f3n de un proyecto que tiene como fin la erradicaci\u00f3n de los basureros a cielo abierto del distrito. M\u00e1s all\u00e1 de que todos los [&hellip;]","og_url":"https:\/\/www.noticiasradioreflejos.com.ar\/2021\/el-hcd-aprobo-el-proyecto-del-municipio-para-la-erradicacion-de-los-basurales-a-cielo-abierto\/","og_site_name":"Noticias Radio Reflejos","article_published_time":"2019-03-08T11:41:43+00:00","og_image":[{"url":"http:\/\/farm8.staticflickr.com\/7891\/46593784434_77cdd22ba2.jpg","type":"","width":"","height":""}],"author":"Arnaldo Botto","twitter_card":"summary_large_image","schema":{"@context":"https:\/\/schema.org","@graph":[{"@type":"WebPage","@id":"https:\/\/www.noticiasradioreflejos.com.ar\/2021\/el-hcd-aprobo-el-proyecto-del-municipio-para-la-erradicacion-de-los-basurales-a-cielo-abierto\/","url":"https:\/\/www.noticiasradioreflejos.com.ar\/2021\/el-hcd-aprobo-el-proyecto-del-municipio-para-la-erradicacion-de-los-basurales-a-cielo-abierto\/","name":"El HCD aprob\u00f3 el proyecto del municipio para la erradicaci\u00f3n de los basurales a cielo abierto - Noticias Radio Reflejos","isPartOf":{"@id":"https:\/\/www.noticiasradioreflejos.com.ar\/2021\/#website"},"primaryImageOfPage":{"@id":"https:\/\/www.noticiasradioreflejos.com.ar\/2021\/el-hcd-aprobo-el-proyecto-del-municipio-para-la-erradicacion-de-los-basurales-a-cielo-abierto\/#primaryimage"},"image":{"@id":"https:\/\/www.noticiasradioreflejos.com.ar\/2021\/el-hcd-aprobo-el-proyecto-del-municipio-para-la-erradicacion-de-los-basurales-a-cielo-abierto\/#primaryimage"},"thumbnailUrl":"http:\/\/farm8.staticflickr.com\/7891\/46593784434_77cdd22ba2.jpg","datePublished":"2019-03-08T11:41:43+00:00","author":{"@id":"https:\/\/www.noticiasradioreflejos.com.ar\/2021\/#\/schema\/person\/ad82545263dcc5ec0996818884fd5fb1"},"breadcrumb":{"@id":"https:\/\/www.noticiasradioreflejos.com.ar\/2021\/el-hcd-aprobo-el-proyecto-del-municipio-para-la-erradicacion-de-los-basurales-a-cielo-abierto\/#breadcrumb"},"inLanguage":"es","potentialAction":[{"@type":"ReadAction","target":["https:\/\/www.noticiasradioreflejos.com.ar\/2021\/el-hcd-aprobo-el-proyecto-del-municipio-para-la-erradicacion-de-los-basurales-a-cielo-abierto\/"]}]},{"@type":"ImageObject","inLanguage":"es","@id":"https:\/\/www.noticiasradioreflejos.com.ar\/2021\/el-hcd-aprobo-el-proyecto-del-municipio-para-la-erradicacion-de-los-basurales-a-cielo-abierto\/#primaryimage","url":"http:\/\/farm8.staticflickr.com\/7891\/46593784434_77cdd22ba2.jpg","contentUrl":"http:\/\/farm8.staticflickr.com\/7891\/46593784434_77cdd22ba2.jpg"},{"@type":"BreadcrumbList","@id":"https:\/\/www.noticiasradioreflejos.com.ar\/2021\/el-hcd-aprobo-el-proyecto-del-municipio-para-la-erradicacion-de-los-basurales-a-cielo-abierto\/#breadcrumb","itemListElement":[{"@type":"ListItem","position":1,"name":"Portada","item":"https:\/\/www.noticiasradioreflejos.com.ar\/2021\/"},{"@type":"ListItem","position":2,"name":"El HCD aprob\u00f3 el proyecto del municipio para la erradicaci\u00f3n de los basurales a cielo abierto"}]},{"@type":"WebSite","@id":"https:\/\/www.noticiasradioreflejos.com.ar\/2021\/#website","url":"https:\/\/www.noticiasradioreflejos.com.ar\/2021\/","name":"Noticias Radio Reflejos","description":"Las noticias de mi comarca","potentialAction":[{"@type":"SearchAction","target":{"@type":"EntryPoint","urlTemplate":"https:\/\/www.noticiasradioreflejos.com.ar\/2021\/?s={search_term_string}"},"query-input":{"@type":"PropertyValueSpecification","valueRequired":true,"valueName":"search_term_string"}}],"inLanguage":"es"},{"@type":"Person","@id":"https:\/\/www.noticiasradioreflejos.com.ar\/2021\/#\/schema\/person\/ad82545263dcc5ec0996818884fd5fb1","name":"Arnaldo Botto","image":{"@type":"ImageObject","inLanguage":"es","@id":"https:\/\/www.noticiasradioreflejos.com.ar\/2021\/#\/schema\/person\/image\/","url":"https:\/\/secure.gravatar.com\/avatar\/55cb5e37c1efa326397366e6974cb338056df65cb50e7d64d1cf314e87504837?s=96&d=mm&r=g","contentUrl":"https:\/\/secure.gravatar.com\/avatar\/55cb5e37c1efa326397366e6974cb338056df65cb50e7d64d1cf314e87504837?s=96&d=mm&r=g","caption":"Arnaldo Botto"},"url":"https:\/\/www.noticiasradioreflejos.com.ar\/2021\/author\/arnaldo\/"}]}},"_links":{"self":[{"href":"https:\/\/www.noticiasradioreflejos.com.ar\/2021\/wp-json\/wp\/v2\/posts\/29541","targetHints":{"allow":["GET"]}}],"collection":[{"href":"https:\/\/www.noticiasradioreflejos.com.ar\/2021\/wp-json\/wp\/v2\/posts"}],"about":[{"href":"https:\/\/www.noticiasradioreflejos.com.ar\/2021\/wp-json\/wp\/v2\/types\/post"}],"author":[{"embeddable":true,"href":"https:\/\/www.noticiasradioreflejos.com.ar\/2021\/wp-json\/wp\/v2\/users\/3"}],"replies":[{"embeddable":true,"href":"https:\/\/www.noticiasradioreflejos.com.ar\/2021\/wp-json\/wp\/v2\/comments?post=29541"}],"version-history":[{"count":0,"href":"https:\/\/www.noticiasradioreflejos.com.ar\/2021\/wp-json\/wp\/v2\/posts\/29541\/revisions"}],"wp:attachment":[{"href":"https:\/\/www.noticiasradioreflejos.com.ar\/2021\/wp-json\/wp\/v2\/media?parent=29541"}],"wp:term":[{"taxonomy":"category","embeddable":true,"href":"https:\/\/www.noticiasradioreflejos.com.ar\/2021\/wp-json\/wp\/v2\/categories?post=29541"},{"taxonomy":"post_tag","embeddable":true,"href":"https:\/\/www.noticiasradioreflejos.com.ar\/2021\/wp-json\/wp\/v2\/tags?post=29541"}],"curies":[{"name":"wp","href":"https:\/\/api.w.org\/{rel}","templated":true}]}}